{"id":807405,"date":"2025-05-21T13:56:48","date_gmt":"2025-05-21T09:56:48","guid":{"rendered":"https:\/\/arantv.az\/?p=807405"},"modified":"2025-05-21T13:56:48","modified_gmt":"2025-05-21T09:56:48","slug":"%c9%99rdogan-martin-21-nin-tdt-y%c9%99-uzv-olk%c9%99l%c9%99rd%c9%99-novruz-bayrami-gunu-kimi-qeyd-olunmasini-t%c9%99klif-edib","status":"publish","type":"post","link":"https:\/\/arantv.az\/?p=807405","title":{"rendered":"\u018frdo\u011fan mart\u0131n 21-nin TDT-y\u0259 \u00fczv \u00f6lk\u0259l\u0259rd\u0259 Novruz Bayram\u0131 G\u00fcn\u00fc kimi qeyd olunmas\u0131n\u0131 t\u0259klif edib"},"content":{"rendered":"<p>Mart\u0131n 21-nin T\u00fcrk D\u00f6vl\u0259tl\u0259ri T\u0259\u015fkilat\u0131na \u00fczv \u00f6lk\u0259l\u0259rd\u0259 Novruz Bayram\u0131 G\u00fcn\u00fc kimi qeyd edilm\u0259si t\u0259klif olunub.<\/p>\n<p>\u201cReport\u201dun Budape\u015ft\u0259 ezam olunmu\u015f \u0259m\u0259kda\u015f\u0131 x\u0259b\u0259r verir ki, bu t\u0259klifl\u0259 T\u00fcrkiy\u0259 Prezidenti R\u0259c\u0259b Tayyib \u018frdo\u011fan may\u0131n 21-d\u0259 Macar\u0131stan\u0131n paytaxt\u0131 Budape\u015ftd\u0259 ke\u00e7iril\u0259n T\u00fcrk D\u00f6vl\u0259tl\u0259ri T\u0259\u015fkilat\u0131n\u0131n (TDT) D\u00f6vl\u0259t Ba\u015f\u00e7\u0131lar\u0131 \u015euras\u0131n\u0131n qeyri-r\u0259smi iclas\u0131nda \u00e7\u0131x\u0131\u015f edib.<\/p>\n<p>Onun s\u00f6zl\u0259rin\u0259 g\u00f6r\u0259, r\u0259smi Ankara Macar\u0131stan\u0131n Beyn\u0259lxalq T\u00fcrk M\u0259d\u0259niyy\u0259ti v\u0259 \u0130rsi Fonduna (T\u00dcRKSOY) m\u00fc\u015fahid\u0259\u00e7i \u00f6lk\u0259 kimi qat\u0131lmas\u0131n\u0131 t\u0259\u015fviq edir:<\/p>\n<p>&#8220;Bu g\u00fcn Macar\u0131stan TDT il\u0259 Avropa \u00f6lk\u0259l\u0259ri aras\u0131nda m\u00fcnasib\u0259tl\u0259rin inki\u015faf\u0131na b\u00f6y\u00fck t\u00f6hf\u0259 verir. Fikrimc\u0259, TDT-nin b\u00fcdc\u0259sini iki d\u0259f\u0259 art\u0131rmaq m\u00fctl\u0259qdir. Eyni zamanda \u00d6zb\u0259kistan\u0131n da T\u00dcRKSOY-a \u00fczv q\u0259bul edilm\u0259si \u00e7ox \u00f6n\u0259mlidir\u201d.<\/p>\n","protected":false},"excerpt":{"rendered":"<p>Mart\u0131n 21-nin T\u00fcrk D\u00f6vl\u0259tl\u0259ri T\u0259\u015fkilat\u0131na \u00fczv \u00f6lk\u0259l\u0259rd\u0259 Novruz Bayram\u0131 G\u00fcn\u00fc kimi qeyd edilm\u0259si t\u0259klif olunub. \u201cReport\u201dun Budape\u015ft\u0259 ezam olunmu\u015f \u0259m\u0259kda\u015f\u0131 x\u0259b\u0259r verir ki, bu t\u0259klifl\u0259 T\u00fcrkiy\u0259 Prezidenti R\u0259c\u0259b Tayyib \u018frdo\u011fan may\u0131n 21-d\u0259 Macar\u0131stan\u0131n paytaxt\u0131 Budape\u015ftd\u0259 ke\u00e7iril\u0259n T\u00fcrk D\u00f6vl\u0259tl\u0259ri T\u0259\u015fkilat\u0131n\u0131n (TDT) D\u00f6vl\u0259t Ba\u015f\u00e7\u0131lar\u0131 \u015euras\u0131n\u0131n qeyri-r\u0259smi iclas\u0131nda \u00e7\u0131x\u0131\u015f edib. Onun s\u00f6zl\u0259rin\u0259 g\u00f6r\u0259, r\u0259smi Ankara Macar\u0131stan\u0131n Beyn\u0259lxalq T\u00fcrk M\u0259d\u0259niyy\u0259ti v\u0259 \u0130rsi Fonduna (T\u00dcRKSOY) m\u00fc\u015fahid\u0259\u00e7i \u00f6lk\u0259 kimi qat\u0131lmas\u0131n\u0131 t\u0259\u015fviq edir: &#8220;Bu g\u00fcn Macar\u0131stan TDT il\u0259 Avropa \u00f6lk\u0259l\u0259ri aras\u0131nda m\u00fcnasib\u0259tl\u0259rin inki\u015faf\u0131na b\u00f6y\u00fck t\u00f6hf\u0259 verir. Fikrimc\u0259, TDT-nin b\u00fcdc\u0259sini iki d\u0259f\u0259 art\u0131rmaq m\u00fctl\u0259qdir. Eyni zamanda \u00d6zb\u0259kistan\u0131n da&hellip;<\/p>\n","protected":false},"author":2,"featured_media":807406,"comment_status":"closed","ping_status":"closed","sticky":false,"template":"","format":"standard","meta":{"om_disable_all_campaigns":false,"_monsterinsights_skip_tracking":false,"_monsterinsights_sitenote_active":false,"_monsterinsights_sitenote_note":"","_monsterinsights_sitenote_category":0},"categories":[19],"tags":[],"aioseo_notices":[],"gutentor_comment":0,"rttpg_featured_image_url":{"full":["https:\/\/arantv.az\/wp-content\/uploads\/2025\/05\/c1212d0b6c6af80b800684a3fbeb598c.jpg",850,500,false],"landscape":["https:\/\/arantv.az\/wp-content\/uploads\/2025\/05\/c1212d0b6c6af80b800684a3fbeb598c.jpg",850,500,false],"portraits":["https:\/\/arantv.az\/wp-content\/uploads\/2025\/05\/c1212d0b6c6af80b800684a3fbeb598c.jpg",850,500,false],"thumbnail":["https:\/\/arantv.az\/wp-content\/uploads\/2025\/05\/c1212d0b6c6af80b800684a3fbeb598c-500x280.jpg",500,280,true],"medium":["https:\/\/arantv.az\/wp-content\/uploads\/2025\/05\/c1212d0b6c6af80b800684a3fbeb598c-621x365.jpg",621,365,true],"large":["https:\/\/arantv.az\/wp-content\/uploads\/2025\/05\/c1212d0b6c6af80b800684a3fbeb598c-840x494.jpg",640,376,true],"1536x1536":["https:\/\/arantv.az\/wp-content\/uploads\/2025\/05\/c1212d0b6c6af80b800684a3fbeb598c.jpg",850,500,false],"2048x2048":["https:\/\/arantv.az\/wp-content\/uploads\/2025\/05\/c1212d0b6c6af80b800684a3fbeb598c.jpg",850,500,false],"post-thumbnail":["https:\/\/arantv.az\/wp-content\/uploads\/2025\/05\/c1212d0b6c6af80b800684a3fbeb598c-240x172.jpg",240,172,true],"advps-thumb-one":["https:\/\/arantv.az\/wp-content\/uploads\/2025\/05\/c1212d0b6c6af80b800684a3fbeb598c.jpg",850,500,false]},"rttpg_author":{"display_name":"V\u00fcsal Rafiqo\u011flu","author_link":"https:\/\/arantv.az\/?author=2"},"rttpg_comment":0,"rttpg_category":"<a href=\"https:\/\/arantv.az\/?cat=19\" rel=\"category\">G\u00fcnd\u0259m<\/a>","rttpg_excerpt":"Mart\u0131n 21-nin T\u00fcrk D\u00f6vl\u0259tl\u0259ri T\u0259\u015fkilat\u0131na \u00fczv \u00f6lk\u0259l\u0259rd\u0259 Novruz Bayram\u0131 G\u00fcn\u00fc kimi qeyd edilm\u0259si t\u0259klif olunub. \u201cReport\u201dun Budape\u015ft\u0259 ezam olunmu\u015f \u0259m\u0259kda\u015f\u0131 x\u0259b\u0259r verir ki, bu t\u0259klifl\u0259 T\u00fcrkiy\u0259 Prezidenti R\u0259c\u0259b Tayyib \u018frdo\u011fan may\u0131n 21-d\u0259 Macar\u0131stan\u0131n paytaxt\u0131 Budape\u015ftd\u0259 ke\u00e7iril\u0259n T\u00fcrk D\u00f6vl\u0259tl\u0259ri T\u0259\u015fkilat\u0131n\u0131n (TDT) D\u00f6vl\u0259t Ba\u015f\u00e7\u0131lar\u0131 \u015euras\u0131n\u0131n qeyri-r\u0259smi iclas\u0131nda \u00e7\u0131x\u0131\u015f edib. Onun s\u00f6zl\u0259rin\u0259 g\u00f6r\u0259, r\u0259smi Ankara Macar\u0131stan\u0131n Beyn\u0259lxalq T\u00fcrk&hellip;","_links":{"self":[{"href":"https:\/\/arantv.az\/index.php?rest_route=\/wp\/v2\/posts\/807405"}],"collection":[{"href":"https:\/\/arantv.az\/index.php?rest_route=\/wp\/v2\/posts"}],"about":[{"href":"https:\/\/arantv.az\/index.php?rest_route=\/wp\/v2\/types\/post"}],"author":[{"embeddable":true,"href":"https:\/\/arantv.az\/index.php?rest_route=\/wp\/v2\/users\/2"}],"replies":[{"embeddable":true,"href":"https:\/\/arantv.az\/index.php?rest_route=%2Fwp%2Fv2%2Fcomments&post=807405"}],"version-history":[{"count":1,"href":"https:\/\/arantv.az\/index.php?rest_route=\/wp\/v2\/posts\/807405\/revisions"}],"predecessor-version":[{"id":807407,"href":"https:\/\/arantv.az\/index.php?rest_route=\/wp\/v2\/posts\/807405\/revisions\/807407"}],"wp:featuredmedia":[{"embeddable":true,"href":"https:\/\/arantv.az\/index.php?rest_route=\/wp\/v2\/media\/807406"}],"wp:attachment":[{"href":"https:\/\/arantv.az\/index.php?rest_route=%2Fwp%2Fv2%2Fmedia&parent=807405"}],"wp:term":[{"taxonomy":"category","embeddable":true,"href":"https:\/\/arantv.az\/index.php?rest_route=%2Fwp%2Fv2%2Fcategories&post=807405"},{"taxonomy":"post_tag","embeddable":true,"href":"https:\/\/arantv.az\/index.php?rest_route=%2Fwp%2Fv2%2Ftags&post=807405"}],"curies":[{"name":"wp","href":"https:\/\/api.w.org\/{rel}","templated":true}]}}