{"id":808590,"date":"2025-05-27T18:15:43","date_gmt":"2025-05-27T14:15:43","guid":{"rendered":"https:\/\/arantv.az\/?p=808590"},"modified":"2025-05-27T18:15:43","modified_gmt":"2025-05-27T14:15:43","slug":"pasinyanin-sonu-yaxinlasir-yerin%c9%99-o-g%c9%99l%c9%99c%c9%99k","status":"publish","type":"post","link":"https:\/\/arantv.az\/?p=808590","title":{"rendered":"Pa\u015finyan\u0131n sonu yax\u0131nla\u015f\u0131r \u2013 Yerin\u0259 O G\u018fL\u018fC\u018fK?!"},"content":{"rendered":"<p><strong>Siyasi ekspertl\u0259rin fikrinc\u0259, Erm\u0259nistan\u0131n sabiq prezidenti Robert K\u00f6\u00e7\u0259ryan\u0131n haz\u0131rk\u0131 c\u0259hdl\u0259ri siyasi manevrd\u0259n, daha d\u0259qiq des\u0259k, blefd\u0259n ibar\u0259tdir. Onun n\u0259 beyn\u0259lxalq al\u0259md\u0259, n\u0259 d\u0259 regionda \u0259vv\u0259lki n\u00fcfuzu qalmay\u0131b. Ekspertl\u0259r bildirirl\u0259r ki, K\u00f6\u00e7\u0259ryan n\u0259inki xarici d\u0259st\u0259kd\u0259n, h\u0259tta \u00f6lk\u0259 daxilind\u0259 d\u0259 ciddi sosial-siyasi dayaqlardan m\u0259hrumdur.<\/strong><\/p>\n<p>Haz\u0131rda K\u00f6\u00e7\u0259ryan\u0131 d\u0259st\u0259kl\u0259y\u0259n yegan\u0259 qruplar \u2013 onun ki\u00e7ik siyasi t\u0259r\u0259fdar qrupu, b\u0259zi kils\u0259 t\u0259msil\u00e7il\u0259ri v\u0259 Rusiyada m\u00fc\u0259yy\u0259n dair\u0259l\u0259rdir. Bu is\u0259 onun Erm\u0259nistan\u0131n m\u00f6vcud siyasi x\u0259ttini d\u0259yi\u015fm\u0259k g\u00fcc\u00fcnd\u0259 olmad\u0131\u011f\u0131n\u0131 g\u00f6st\u0259rir. Ekspertl\u0259r hesab edir ki, Rusiya \u00fc\u00e7\u00fcn d\u0259 bu g\u00fcn K\u00f6\u00e7\u0259ryan kimi n\u00fcfuzunu itirmi\u015f bir fiquru \u00f6n\u0259 \u00e7\u0131xarmaq \u0259v\u0259zin\u0259, yeni siyasi sima yeti\u015fdirm\u0259k daha m\u0259qs\u0259d\u0259uy\u011fundur.<\/p>\n<p>\u201cRusiyan\u0131n b\u00f6lg\u0259d\u0259 maraqlar\u0131 var v\u0259 bu maraqlar\u0131n qorunmas\u0131 \u00fc\u00e7\u00fcn h\u0259min \u0259razid\u0259 az da olsa etimad qazanan bir siyasi fiqura ehtiyac duyulur. K\u00f6\u00e7\u0259ryan is\u0259 art\u0131q erm\u0259ni c\u0259miyy\u0259tind\u0259 \u201cke\u00e7mi\u015fin adam\u201d&#8217;, korrupsiya v\u0259 zorak\u0131l\u0131qla assosiasiya olunan bir simad\u0131r,\u201d \u2013 dey\u0259 siyasi \u015f\u0259rh\u00e7il\u0259r qeyd edirl\u0259r.<\/p>\n<p>Onlar\u0131n fikrinc\u0259, K\u00f6\u00e7\u0259ryan\u0131n \u0259vv\u0259ll\u0259r m\u00fc\u0259yy\u0259n q\u0259d\u0259r t\u0259sir imkan\u0131na sahib olmas\u0131 Qaraba\u011fdak\u0131 i\u015f\u011fal v\u0259ziyy\u0259ti v\u0259 seperatizm dal\u011fas\u0131 il\u0259 \u0259laq\u0259dar idi. O d\u00f6vrd\u0259 Erm\u0259nistan\u0131 \u201cqalib\u201d kimi g\u00f6st\u0259r\u0259n ritorika c\u0259miyy\u0259tin bir hiss\u0259sind\u0259 ona d\u0259st\u0259k qazand\u0131rm\u0131\u015fd\u0131. Lakin bu g\u00fcn regional reall\u0131qlar tamamil\u0259 d\u0259yi\u015fib. Az\u0259rbaycan\u0131n \u0259ld\u0259 etdiyi q\u0259l\u0259b\u0259 fonunda K\u00f6\u00e7\u0259ryan kimi \u015f\u0259xsl\u0259rin siyasi ambisiyalar\u0131 h\u0259m g\u00fcl\u00fcnc, h\u0259m d\u0259 t\u0259hl\u00fck\u0259li g\u00f6r\u00fcn\u00fcr.<\/p>\n<p>Siyasi t\u0259hlil\u00e7il\u0259r bildirirl\u0259r ki, Az\u0259rbaycan bu ill\u0259r \u0259rzind\u0259 s\u00fclh\u0259 sadiq qalmaq m\u00f6vqeyini qoruyub, amma Erm\u0259nistan dialoq qabiliyy\u0259ti olmayan t\u0259r\u0259f kimi davranma\u011fa davam edib. Bu bax\u0131mdan, K\u00f6\u00e7\u0259ryan\u0131n Pa\u015finyan\u0131 devirm\u0259k iddialar\u0131 real siyasi perspektivd\u0259n uzaqd\u0131r v\u0259 daha \u00e7ox daxili auditoriyan\u0131 \u00e7a\u015fd\u0131rmaq \u00fc\u00e7\u00fcn n\u0259z\u0259rd\u0259 tutulan taktik manevrl\u0259rdir.<\/p>\n<p>\u201cBu, sad\u0259c\u0259 siyasi blefdir. Regionda status-kvo d\u0259yi\u015fib v\u0259 bu d\u0259yi\u015fiklikl\u0259rin K\u00f6\u00e7\u0259ryan kimi fiqurlar \u00fc\u00e7\u00fcn yer buraxmad\u0131\u011f\u0131 ayd\u0131nd\u0131r,\u201d\u2013 dey\u0259 ekspertl\u0259r yekunla\u015fd\u0131r\u0131rlar.\/\u201cYeni Sabah\u201d<\/p>\n","protected":false},"excerpt":{"rendered":"<p>Siyasi ekspertl\u0259rin fikrinc\u0259, Erm\u0259nistan\u0131n sabiq prezidenti Robert K\u00f6\u00e7\u0259ryan\u0131n haz\u0131rk\u0131 c\u0259hdl\u0259ri siyasi manevrd\u0259n, daha d\u0259qiq des\u0259k, blefd\u0259n ibar\u0259tdir. Onun n\u0259 beyn\u0259lxalq al\u0259md\u0259, n\u0259 d\u0259 regionda \u0259vv\u0259lki n\u00fcfuzu qalmay\u0131b. Ekspertl\u0259r bildirirl\u0259r ki, K\u00f6\u00e7\u0259ryan n\u0259inki xarici d\u0259st\u0259kd\u0259n, h\u0259tta \u00f6lk\u0259 daxilind\u0259 d\u0259 ciddi sosial-siyasi dayaqlardan m\u0259hrumdur. Haz\u0131rda K\u00f6\u00e7\u0259ryan\u0131 d\u0259st\u0259kl\u0259y\u0259n yegan\u0259 qruplar \u2013 onun ki\u00e7ik siyasi t\u0259r\u0259fdar qrupu, b\u0259zi kils\u0259 t\u0259msil\u00e7il\u0259ri v\u0259 Rusiyada m\u00fc\u0259yy\u0259n dair\u0259l\u0259rdir. Bu is\u0259 onun Erm\u0259nistan\u0131n m\u00f6vcud siyasi x\u0259ttini d\u0259yi\u015fm\u0259k g\u00fcc\u00fcnd\u0259 olmad\u0131\u011f\u0131n\u0131 g\u00f6st\u0259rir. Ekspertl\u0259r hesab edir ki, Rusiya \u00fc\u00e7\u00fcn d\u0259 bu g\u00fcn K\u00f6\u00e7\u0259ryan kimi n\u00fcfuzunu itirmi\u015f bir fiquru \u00f6n\u0259 \u00e7\u0131xarmaq \u0259v\u0259zin\u0259, yeni&hellip;<\/p>\n","protected":false},"author":2,"featured_media":808591,"comment_status":"closed","ping_status":"closed","sticky":false,"template":"","format":"standard","meta":{"om_disable_all_campaigns":false,"_monsterinsights_skip_tracking":false,"_monsterinsights_sitenote_active":false,"_monsterinsights_sitenote_note":"","_monsterinsights_sitenote_category":0},"categories":[19],"tags":[],"aioseo_notices":[],"gutentor_comment":0,"rttpg_featured_image_url":{"full":["https:\/\/arantv.az\/wp-content\/uploads\/2025\/05\/24e427150de27bd7f24a090106a215c9.jpg",750,422,false],"landscape":["https:\/\/arantv.az\/wp-content\/uploads\/2025\/05\/24e427150de27bd7f24a090106a215c9.jpg",750,422,false],"portraits":["https:\/\/arantv.az\/wp-content\/uploads\/2025\/05\/24e427150de27bd7f24a090106a215c9.jpg",750,422,false],"thumbnail":["https:\/\/arantv.az\/wp-content\/uploads\/2025\/05\/24e427150de27bd7f24a090106a215c9-500x280.jpg",500,280,true],"medium":["https:\/\/arantv.az\/wp-content\/uploads\/2025\/05\/24e427150de27bd7f24a090106a215c9-649x365.jpg",649,365,true],"large":["https:\/\/arantv.az\/wp-content\/uploads\/2025\/05\/24e427150de27bd7f24a090106a215c9.jpg",640,360,false],"1536x1536":["https:\/\/arantv.az\/wp-content\/uploads\/2025\/05\/24e427150de27bd7f24a090106a215c9.jpg",750,422,false],"2048x2048":["https:\/\/arantv.az\/wp-content\/uploads\/2025\/05\/24e427150de27bd7f24a090106a215c9.jpg",750,422,false],"post-thumbnail":["https:\/\/arantv.az\/wp-content\/uploads\/2025\/05\/24e427150de27bd7f24a090106a215c9-240x172.jpg",240,172,true],"advps-thumb-one":["https:\/\/arantv.az\/wp-content\/uploads\/2025\/05\/24e427150de27bd7f24a090106a215c9.jpg",750,422,false]},"rttpg_author":{"display_name":"V\u00fcsal Rafiqo\u011flu","author_link":"https:\/\/arantv.az\/?author=2"},"rttpg_comment":0,"rttpg_category":"<a href=\"https:\/\/arantv.az\/?cat=19\" rel=\"category\">G\u00fcnd\u0259m<\/a>","rttpg_excerpt":"Siyasi ekspertl\u0259rin fikrinc\u0259, Erm\u0259nistan\u0131n sabiq prezidenti Robert K\u00f6\u00e7\u0259ryan\u0131n haz\u0131rk\u0131 c\u0259hdl\u0259ri siyasi manevrd\u0259n, daha d\u0259qiq des\u0259k, blefd\u0259n ibar\u0259tdir. Onun n\u0259 beyn\u0259lxalq al\u0259md\u0259, n\u0259 d\u0259 regionda \u0259vv\u0259lki n\u00fcfuzu qalmay\u0131b. Ekspertl\u0259r bildirirl\u0259r ki, K\u00f6\u00e7\u0259ryan n\u0259inki xarici d\u0259st\u0259kd\u0259n, h\u0259tta \u00f6lk\u0259 daxilind\u0259 d\u0259 ciddi sosial-siyasi dayaqlardan m\u0259hrumdur. Haz\u0131rda K\u00f6\u00e7\u0259ryan\u0131 d\u0259st\u0259kl\u0259y\u0259n yegan\u0259 qruplar \u2013 onun ki\u00e7ik siyasi t\u0259r\u0259fdar qrupu, b\u0259zi kils\u0259&hellip;","_links":{"self":[{"href":"https:\/\/arantv.az\/index.php?rest_route=\/wp\/v2\/posts\/808590"}],"collection":[{"href":"https:\/\/arantv.az\/index.php?rest_route=\/wp\/v2\/posts"}],"about":[{"href":"https:\/\/arantv.az\/index.php?rest_route=\/wp\/v2\/types\/post"}],"author":[{"embeddable":true,"href":"https:\/\/arantv.az\/index.php?rest_route=\/wp\/v2\/users\/2"}],"replies":[{"embeddable":true,"href":"https:\/\/arantv.az\/index.php?rest_route=%2Fwp%2Fv2%2Fcomments&post=808590"}],"version-history":[{"count":1,"href":"https:\/\/arantv.az\/index.php?rest_route=\/wp\/v2\/posts\/808590\/revisions"}],"predecessor-version":[{"id":808593,"href":"https:\/\/arantv.az\/index.php?rest_route=\/wp\/v2\/posts\/808590\/revisions\/808593"}],"wp:featuredmedia":[{"embeddable":true,"href":"https:\/\/arantv.az\/index.php?rest_route=\/wp\/v2\/media\/808591"}],"wp:attachment":[{"href":"https:\/\/arantv.az\/index.php?rest_route=%2Fwp%2Fv2%2Fmedia&parent=808590"}],"wp:term":[{"taxonomy":"category","embeddable":true,"href":"https:\/\/arantv.az\/index.php?rest_route=%2Fwp%2Fv2%2Fcategories&post=808590"},{"taxonomy":"post_tag","embeddable":true,"href":"https:\/\/arantv.az\/index.php?rest_route=%2Fwp%2Fv2%2Ftags&post=808590"}],"curies":[{"name":"wp","href":"https:\/\/api.w.org\/{rel}","templated":true}]}}