{"id":808721,"date":"2025-05-28T08:59:39","date_gmt":"2025-05-28T04:59:39","guid":{"rendered":"https:\/\/arantv.az\/?p=808721"},"modified":"2025-05-28T08:59:39","modified_gmt":"2025-05-28T04:59:39","slug":"iqtisadi-v%c9%99-infrastruktur-layih%c9%99l%c9%99ri-boyuk-qayidisi-sur%c9%99tl%c9%99ndirir","status":"publish","type":"post","link":"https:\/\/arantv.az\/?p=808721","title":{"rendered":"\u0130qtisadi v\u0259 infrastruktur layih\u0259l\u0259ri B\u00f6y\u00fck Qay\u0131d\u0131\u015f\u0131 s\u00fcr\u0259tl\u0259ndirir"},"content":{"rendered":"<p><em><strong>2025-ci ilin sonuna kimi tam b\u0259rpas\u0131 v\u0259 \u0259halinin k\u00f6\u00e7\u00fcr\u00fclm\u0259si n\u0259z\u0259rd\u0259 tutulan 24 k\u0259ndin 8-d\u0259 layih\u0259l\u0259ndirm\u0259, 16-da b\u0259rpa-quruculuq i\u015fl\u0259ri h\u0259yata ke\u00e7irilir<\/strong><\/em><\/p>\n<p>Regionlar\u0131n sosial-iqtisadi inki\u015faf\u0131 il\u0259 ba\u011fl\u0131 strategiya haz\u0131rda azad edilmi\u015f \u0259razil\u0259rid\u0259 t\u0259tbiq edilir. Azad \u0259razil\u0259r tamamil\u0259 yenid\u0259n qurulur, burada h\u0259m ya\u015fay\u0131\u015f evl\u0259ri tikilir, h\u0259m m\u00fc\u0259ssis\u0259l\u0259r, fabrikl\u0259r, zavodlar a\u00e7\u0131l\u0131r, sahibkarl\u0131q subyektl\u0259ri yarad\u0131l\u0131r. \u00d6t\u0259n ilin fevral\u0131nda m\u0259tbuatda yer alan m\u0259lumatlarda bildirilirdi ki, i\u015f\u011faldan azad edilmi\u015f rayonlarda 2023-c\u00fc il \u0259rzind\u0259 1 271 yeni i\u015f yeri a\u00e7\u0131l\u0131b. 2022-ci ild\u0259 is\u0259 i\u015f\u011faldan azad edilmi\u015f rayonlarda 797 yeni i\u015f yerl\u0259ri yarad\u0131lm\u0131\u015fd\u0131. 2023-c\u00fc ild\u0259 \u0259n \u00e7ox yeni i\u015f yeri La\u00e7\u0131n v\u0259 \u015eu\u015fada yarad\u0131l\u0131b. La\u00e7\u0131nda 625, \u015eu\u015fada is\u0259 275 yeni i\u015f yeri a\u00e7\u0131l\u0131b. T\u0259bii ki, bu proses 2024-c\u00fc ild\u0259 d\u0259 davam etdirilib. H\u0259min ilin ilin yanvar-sentyabr aylar\u0131 \u0259rzind\u0259 i\u015f\u011faldan azad edilmi\u015f rayonlarda 1532 yeni i\u015f yeri yarad\u0131l\u0131b. G\u00f6r\u00fcnd\u00fcy\u00fc kimi, ke\u00e7\u0259n il d\u0259 xeyli sayda m\u00fc\u0259ssis\u0259 a\u00e7\u0131l\u0131b v\u0259 yerli \u0259hali i\u015fl\u0259 t\u0259min edilib. Azad rayonlarda ya\u015fayan insanlar\u0131n i\u015fl\u0259 t\u0259min olunmas\u0131 onlar\u0131n sosial rifah\u0131n\u0131n g\u00fccl\u0259nm\u0259sin\u0259 \u015f\u0259rait yarad\u0131r.<\/p>\n<p>Azad rayonlar\u0131n b\u0259rpas\u0131, yenid\u0259n qurulmas\u0131, m\u00fcxt\u0259lif t\u0259yinatl\u0131 tikilil\u0259rin in\u015fa edilib istifad\u0259y\u0259 verilm\u0259si, burda yeni parklar\u0131n, ya\u015f\u0131ll\u0131q zolaqlar\u0131n\u0131n sal\u0131nmas\u0131, muzeyl\u0259rin, m\u0259d\u0259niyy\u0259t m\u00fc\u0259ssis\u0259l\u0259rinin, t\u0259hsil, s\u0259hiyy\u0259 ocaqlar\u0131n\u0131n, m\u00fcxt\u0259lif kurslar\u0131n f\u0259aliyy\u0259t g\u00f6st\u0259rm\u0259si ciddi bir n\u00fcmun\u0259 kimi diqq\u0259ti c\u0259lb edir. Bu g\u00fcn La\u00e7\u0131nda, K\u0259lb\u0259c\u0259rd\u0259, \u015eu\u015fada, Xank\u0259ndid\u0259, Z\u0259ngilanda v\u0259 ba\u015fqa azad \u0259razil\u0259rimizd\u0259 apar\u0131lan tikinti-quruculuq i\u015fl\u0259ri, yeni i\u015f yerl\u0259rinin a\u00e7\u0131lmas\u0131 prosesi, \u0259halinin m\u0259skunla\u015fmas\u0131 kimi amill\u0259r bu torpaqlarin nec\u0259 b\u00f6y\u00fck \u0259h\u0259miyy\u0259t\u0259 malik oldu\u011funun g\u00f6st\u0259ricisdir. Xank\u0259ndi \u015f\u0259h\u0259rind\u0259, Xocal\u0131 v\u0259 A\u011fd\u0259r\u0259 rayonlar\u0131nda Az\u0259rbaycan Prezidentinin x\u00fcsusi n\u00fcmay\u0259nd\u0259si El\u00e7in Yusubov Qaraba\u011f Universitetind\u0259 diplomatik korpus n\u00fcmay\u0259nd\u0259l\u0259rinin Xank\u0259ndiy\u0259 s\u0259f\u0259ri \u00e7\u0259r\u00e7iv\u0259sind\u0259 \u00e7\u0131x\u0131\u015f\u0131 zaman\u0131 bildirib ki, haz\u0131rda yerli v\u0259 xarici investorlar \u00fc\u00e7\u00fcn m\u00fcnbit \u015f\u0259rait yarad\u0131l\u0131r: &#8220;Bu \u0259razil\u0259rd\u0259 3 mind\u0259n art\u0131q \u015f\u0259xs il sonuna kimi i\u015fl\u0259 t\u0259min olunacaq&#8221;. X\u00fcsusi n\u00fcmay\u0259nd\u0259 \u0259lav\u0259 edib ki, eyni zamanda, Xank\u0259ndi Hava Liman\u0131n\u0131n in\u015fas\u0131 davam edir: &#8220;H\u0259m\u00e7inin burada yeni m\u00fcasir avtomobil, d\u0259mir yolu \u00e7\u0259kilir, m\u00fcasir SES istismara verilir, ya\u015f\u0131l enerji prinsipi \u0259sas g\u00f6t\u00fcr\u00fcl\u0259r\u0259k alternativ enerjid\u0259n istifad\u0259 geni\u015fl\u0259ndirilir, i\u015f\u011fal d\u00f6vr\u00fcnd\u0259 q\u0131r\u0131lm\u0131\u015f me\u015f\u0259l\u0259rin b\u0259rpas\u0131 istiqam\u0259tind\u0259 i\u015fl\u0259r apar\u0131l\u0131r&#8221;. O qeyd edib ki, Xank\u0259ndinin yeni ba\u015f plan\u0131 da haz\u0131rlan\u0131r: &#8220;Bu \u0259razil\u0259rd\u0259 m\u00fcasir infrastruktur i\u015fl\u0259ri h\u0259yata ke\u00e7iril\u0259c\u0259k. Minat\u0259mizl\u0259m\u0259 i\u015fl\u0259ri d\u0259 s\u00fcr\u0259tl\u0259 sistemli \u015f\u0259kild\u0259 davam etdirilir. \u0130\u015f\u011fal d\u00f6vr\u00fcnd\u0259 da\u011f\u0131d\u0131lm\u0131\u015f k\u0259ndl\u0259rimiz b\u0259rpa olunur. Xank\u0259ndi, A\u011fd\u0259r\u0259 v\u0259 Xocal\u0131da 7 ya\u015fay\u0131\u015f m\u0259nt\u0259q\u0259sind\u0259 12 min insan\u0131n m\u0259skunla\u015fmas\u0131 t\u0259min edilib. Ball\u0131ca k\u0259ndin\u0259 136 ail\u0259, A\u011fd\u0259r\u0259 rayonunun H\u0259s\u0259nriz k\u0259ndin\u0259 70 ail\u0259 olmaqla 238 sakin, Suqovu\u015fan k\u0259ndin\u0259 180 ail\u0259 olmaqla 592 sakin k\u00f6\u00e7\u00fcr\u00fcl\u00fcb. 2025-ci ilin sonuna kimi tam b\u0259rpas\u0131 v\u0259 \u0259halinin k\u00f6\u00e7\u00fcr\u00fclm\u0259si n\u0259z\u0259rd\u0259 tutulan 24 k\u0259ndin 8-d\u0259 layih\u0259l\u0259ndirm\u0259, 16-da b\u0259rpa-quruculuq i\u015fl\u0259ri h\u0259yata ke\u00e7irilir&#8221;.<\/p>\n<p>B\u00fct\u00fcn bu prosesl\u0259r Prezident \u0130lham \u018fliyevin \u015f\u0259xsi tap\u015f\u0131r\u0131\u011f\u0131 \u0259sas\u0131nda h\u0259yata ke\u00e7irilir v\u0259 bu b\u00f6y\u00fck tarixi hadis\u0259y\u0259 \u00f6lk\u0259 ba\u015f\u00e7\u0131s\u0131 r\u0259hb\u0259rlik edir. Prezident azad rayonlara tez-tez s\u0259f\u0259rl\u0259r edir v\u0259 s\u0259f\u0259rl\u0259r \u00e7\u0259r\u00e7iv\u0259sind\u0259 k\u0259ndl\u0259rin, yeni m\u00fc\u0259ssis\u0259l\u0259rin, t\u0259hsil, s\u0259hiyy\u0259 ocaqlar\u0131n\u0131n, fabkrik v\u0259 zavodlar\u0131n, parklar\u0131n \u0259sas\u0131n\u0131 qoyur. Bunun \u00fc\u00e7\u00fcn t\u0259kc\u0259 \u00f6t\u0259n il bu istiqam\u0259td\u0259 at\u0131lan add\u0131mlar\u0131n miqyas\u0131na diqq\u0259t yetirm\u0259k kifay\u0259tdir. \u00d6t\u0259n ilin 28 May &#8211; M\u00fcst\u0259qillik G\u00fcn\u00fcnd\u0259 d\u00f6vl\u0259timizin ba\u015f\u00e7\u0131s\u0131 \u0130lham \u018fliyev Xocal\u0131da bu \u015f\u0259h\u0259r\u0259 k\u00f6\u00e7\u0259n ilk sakinl\u0259rl\u0259 g\u00f6r\u00fc\u015fd\u00fc v\u0259 onlara evl\u0259rin a\u00e7arlar\u0131n\u0131 t\u0259qdim etdi. Bu, q\u00fcrurverici hadis\u0259 q\u0131sa m\u00fcdd\u0259td\u0259 Xocal\u0131 \u015f\u0259h\u0259rind\u0259 g\u00f6r\u00fcl\u0259n geni\u015fmiqyasl\u0131 b\u0259rpa i\u015fl\u0259rinin t\u0259qdimat\u0131 oldu. Bunu qeyd etm\u0259kd\u0259 m\u0259qs\u0259dimiz budur ki, Az\u0259rbaycan 30 il i\u015f\u011fal alt\u0131nda qalan torpaqlar\u0131n\u0131n q\u0131sa m\u00fcdd\u0259td\u0259 dir\u00e7\u0259ldilm\u0259sin\u0259, sakinl\u0259rin do\u011fma yurd-yuvalar\u0131na qay\u0131d\u0131\u015f\u0131na s\u0259y g\u00f6st\u0259rir. Bu s\u0131rada Z\u0259ngilan rayonunun A\u011fal\u0131 k\u0259ndinin ilk pilot layih\u0259nin-\u00aba\u011f\u0131ll\u0131 k\u0259nd\u00bbin i\u015ftirak\u00e7\u0131s\u0131 olmas\u0131n\u0131, q\u0131sa m\u00fcdd\u0259td\u0259 sakinl\u0259rin\u0259 qovu\u015fmas\u0131n\u0131, F\u00fczulinin v\u0259 Z\u0259ngilan\u0131n q\u0131sa zamanda hava qap\u0131lar\u0131n\u0131 d\u00fcnyaya a\u00e7mas\u0131n\u0131 da b\u00f6y\u00fck q\u00fcrur hissi il\u0259 qeyd ed\u0259 bil\u0259rik.<\/p>\n<p>Bu g\u00fcn i\u015f\u011faldan azad edilmi\u015f \u0259razil\u0259rd\u0259 \u015f\u0259h\u0259rl\u0259rin v\u0259 k\u0259ndl\u0259rin b\u0259rpas\u0131 s\u00fcr\u0259tl\u0259 davam etdirilir. N\u0259h\u0259ng v\u0259sait v\u0259 q\u00fcvv\u0259 t\u0259l\u0259b ed\u0259n bu i\u015fl\u0259ri Az\u0259rbaycan \u00f6z imkanlar\u0131 hesab\u0131na h\u0259yata ke\u00e7irir. B\u00f6y\u00fck Qay\u0131d\u0131\u015fa dair I D\u00f6vl\u0259t Proqram\u0131 \u00e7\u0259r\u00e7iv\u0259sind\u0259 Qaraba\u011fa v\u0259 \u015e\u0259rqi Z\u0259ng\u0259zura 140 min insan\u0131n k\u00f6\u00e7\u00fcr\u00fclm\u0259si planla\u015fd\u0131r\u0131l\u0131r. Bu fakt \u00f6lk\u0259mizin ild\u0259n-il\u0259 artan iqtisadi g\u00fcc\u00fcn\u00fcn daha bir \u0259yani g\u00f6st\u0259ricisidir. \u018fminlikl\u0259 dey\u0259 bil\u0259rik ki, \u0259vv\u0259lki ill\u0259rd\u0259 oldu\u011fu kimi, bu ild\u0259 d\u0259 Prezident \u0130lham \u018fliyevin r\u0259hb\u0259rliyi alt\u0131nda Az\u0259rbaycan\u0131n u\u011furlar\u0131 artmaqda davam edir. Yuxar\u0131da da qeyd etdiyimiz kimi, bu il sakinl\u0259rin\u0259 qovu\u015facaq \u015f\u0259h\u0259rl\u0259r s\u0131ras\u0131nda A\u011fdam da var. Haz\u0131rda Sar\u0131cal\u0131 k\u0259ndind\u0259 203, K\u0259ng\u0259rli k\u0259ndind\u0259 292, X\u0131d\u0131rl\u0131 k\u0259ndind\u0259 is\u0259 719 f\u0259rdi ya\u015fay\u0131\u015f evi in\u015fa edilir. Qeyd edil\u0259n h\u0259r 3 k\u0259ndd\u0259 f\u0259rdi ya\u015fay\u0131\u015f evl\u0259ri il\u0259 yana\u015f\u0131, m\u0259kt\u0259bl\u0259r, u\u015faq ba\u011f\u00e7alar\u0131, klub icma m\u0259rk\u0259zl\u0259ri, bayraq meydan\u0131, bazar kompleksl\u0259ri, m\u0259i\u015f\u0259t xidm\u0259ti obyektl\u0259ri, Ail\u0259 Sa\u011flaml\u0131q m\u0259rk\u0259zl\u0259ri, emalatxanalar, \u00e7oxfunksiyal\u0131 binalar v\u0259 dig\u0259r ia\u015f\u0259 obyektl\u0259ri d\u0259 tikilir. Bu 3 k\u0259nd\u0259 yax\u0131n vaxtlarda ilk k\u00f6\u00e7 planla\u015fd\u0131r\u0131l\u0131r.<\/p>\n<p>D\u00f6vl\u0259timizin ba\u015f\u00e7\u0131s\u0131 \u0130lham \u018fliyevin \u00e7\u0131x\u0131\u015flar\u0131nda qeyd etdiyi kimi, bu g\u00fcn Az\u0259rbaycan xalq\u0131n\u0131n \u0259yilm\u0259z ruhunu Qaraba\u011fa v\u0259 \u015e\u0259rqi Z\u0259ng\u0259zura qay\u0131dan soyda\u015flar\u0131m\u0131z\u0131n timsal\u0131nda g\u00f6r\u00fcr\u00fck. O torpaqlar\u0131 he\u00e7 vaxt g\u00f6rm\u0259y\u0259n Qaraba\u011fdan, \u015e\u0259rqi Z\u0259ng\u0259zurdan olan soyda\u015flar\u0131m\u0131z h\u0259v\u0259sl\u0259, s\u0259birsizlikl\u0259 o qay\u0131d\u0131\u015f g\u00fcn\u00fcn\u00fc, B\u00f6y\u00fck Qay\u0131d\u0131\u015f Proqram\u0131n\u0131n icras\u0131n\u0131\u00a0 g\u00f6zl\u0259yirl\u0259r. \u018fslind\u0259, bu proqram art\u0131q icra edilir. He\u00e7 vaxt o torpaqlarda ya\u015famam\u0131\u015f, amma o torpaqlara qay\u0131tmaq e\u015fqi il\u0259 ya\u015fam\u0131\u015f qaraba\u011fl\u0131lar bu g\u00fcn Qaraba\u011fa qay\u0131d\u0131rlar. Prezident \u0130lham \u018fliyev bug\u00fcn\u00fcm\u00fcz\u00fcn reall\u0131qlar\u0131 fonunda bu ger\u00e7\u0259kliyi d\u0259 diqq\u0259t\u0259 \u00e7atd\u0131r\u0131r ki,\u00a0 h\u0259r \u015fey bizim \u0259limizd\u0259dir. H\u0259m \u0130kinci Qaraba\u011f m\u00fcharib\u0259si, h\u0259m antiterror \u0259m\u0259liyyat\u0131 v\u0259 ondan sonrak\u0131 d\u00f6vr g\u00f6st\u0259rdi ki, g\u00fccl\u00fc irad\u0259, xalq-iqtidar birliyi, xalq\u0131m\u0131z\u0131n \u0259yilm\u0259z ruhu olan yerd\u0259 he\u00e7 bir q\u00fcvv\u0259, he\u00e7 bir t\u0259\u015fkilat bu irad\u0259nin qaba\u011f\u0131nda dura bilm\u0259z. Biz h\u0259r d\u0259f\u0259 qar\u015f\u0131ya h\u0259d\u0259fl\u0259r qoymal\u0131y\u0131q. Bu h\u0259d\u0259fl\u0259r h\u0259m stratejidir, h\u0259m taktikidir, h\u0259m q\u0131sam\u00fcdd\u0259tlidir, h\u0259m uzunm\u00fcdd\u0259tlidir. Amma h\u0259d\u0259fl\u0259r d\u00fczg\u00fcn se\u00e7ilm\u0259s\u0259, he\u00e7 bir n\u0259tic\u0259y\u0259 nail olmaq m\u00fcmk\u00fcn olmayacaq. H\u0259d\u0259fl\u0259r h\u0259m h\u0259qiq\u0259ti, \u0259dal\u0259ti v\u0259 h\u0259m d\u0259 real v\u0259ziyy\u0259ti, real g\u00fcc\u00fcm\u00fcz\u00fc \u0259ks etdirm\u0259lidir. N\u0259 q\u0259d\u0259r g\u00fccl\u00fc olsaq, o q\u0259d\u0259r d\u0259 bizim s\u0259simiz e\u015fidil\u0259c\u0259k.<\/p>\n<p><strong>Sevinc Azadi, \u201c\u0130ki sahil\u201d<\/strong><\/p>\n","protected":false},"excerpt":{"rendered":"<p>2025-ci ilin sonuna kimi tam b\u0259rpas\u0131 v\u0259 \u0259halinin k\u00f6\u00e7\u00fcr\u00fclm\u0259si n\u0259z\u0259rd\u0259 tutulan 24 k\u0259ndin 8-d\u0259 layih\u0259l\u0259ndirm\u0259, 16-da b\u0259rpa-quruculuq i\u015fl\u0259ri h\u0259yata ke\u00e7irilir Regionlar\u0131n sosial-iqtisadi inki\u015faf\u0131 il\u0259 ba\u011fl\u0131 strategiya haz\u0131rda azad edilmi\u015f \u0259razil\u0259rid\u0259 t\u0259tbiq edilir. Azad \u0259razil\u0259r tamamil\u0259 yenid\u0259n qurulur, burada h\u0259m ya\u015fay\u0131\u015f evl\u0259ri tikilir, h\u0259m m\u00fc\u0259ssis\u0259l\u0259r, fabrikl\u0259r, zavodlar a\u00e7\u0131l\u0131r, sahibkarl\u0131q subyektl\u0259ri yarad\u0131l\u0131r. \u00d6t\u0259n ilin fevral\u0131nda m\u0259tbuatda yer alan m\u0259lumatlarda bildirilirdi ki, i\u015f\u011faldan azad edilmi\u015f rayonlarda 2023-c\u00fc il \u0259rzind\u0259 1 271 yeni i\u015f yeri a\u00e7\u0131l\u0131b. 2022-ci ild\u0259 is\u0259 i\u015f\u011faldan azad edilmi\u015f rayonlarda 797 yeni i\u015f yerl\u0259ri yarad\u0131lm\u0131\u015fd\u0131. 2023-c\u00fc ild\u0259 \u0259n \u00e7ox yeni i\u015f&hellip;<\/p>\n","protected":false},"author":2,"featured_media":808722,"comment_status":"closed","ping_status":"closed","sticky":false,"template":"","format":"standard","meta":{"om_disable_all_campaigns":false,"_monsterinsights_skip_tracking":false,"_monsterinsights_sitenote_active":false,"_monsterinsights_sitenote_note":"","_monsterinsights_sitenote_category":0},"categories":[19],"tags":[],"aioseo_notices":[],"gutentor_comment":0,"rttpg_featured_image_url":{"full":["https:\/\/arantv.az\/wp-content\/uploads\/2025\/05\/8a3363ab174835296065788165010429117.jpg",975,540,false],"landscape":["https:\/\/arantv.az\/wp-content\/uploads\/2025\/05\/8a3363ab174835296065788165010429117.jpg",975,540,false],"portraits":["https:\/\/arantv.az\/wp-content\/uploads\/2025\/05\/8a3363ab174835296065788165010429117.jpg",975,540,false],"thumbnail":["https:\/\/arantv.az\/wp-content\/uploads\/2025\/05\/8a3363ab174835296065788165010429117-500x280.jpg",500,280,true],"medium":["https:\/\/arantv.az\/wp-content\/uploads\/2025\/05\/8a3363ab174835296065788165010429117-660x365.jpg",660,365,true],"large":["https:\/\/arantv.az\/wp-content\/uploads\/2025\/05\/8a3363ab174835296065788165010429117-840x465.jpg",640,354,true],"1536x1536":["https:\/\/arantv.az\/wp-content\/uploads\/2025\/05\/8a3363ab174835296065788165010429117.jpg",975,540,false],"2048x2048":["https:\/\/arantv.az\/wp-content\/uploads\/2025\/05\/8a3363ab174835296065788165010429117.jpg",975,540,false],"post-thumbnail":["https:\/\/arantv.az\/wp-content\/uploads\/2025\/05\/8a3363ab174835296065788165010429117-240x172.jpg",240,172,true],"advps-thumb-one":["https:\/\/arantv.az\/wp-content\/uploads\/2025\/05\/8a3363ab174835296065788165010429117.jpg",975,540,false]},"rttpg_author":{"display_name":"V\u00fcsal Rafiqo\u011flu","author_link":"https:\/\/arantv.az\/?author=2"},"rttpg_comment":0,"rttpg_category":"<a href=\"https:\/\/arantv.az\/?cat=19\" rel=\"category\">G\u00fcnd\u0259m<\/a>","rttpg_excerpt":"2025-ci ilin sonuna kimi tam b\u0259rpas\u0131 v\u0259 \u0259halinin k\u00f6\u00e7\u00fcr\u00fclm\u0259si n\u0259z\u0259rd\u0259 tutulan 24 k\u0259ndin 8-d\u0259 layih\u0259l\u0259ndirm\u0259, 16-da b\u0259rpa-quruculuq i\u015fl\u0259ri h\u0259yata ke\u00e7irilir Regionlar\u0131n sosial-iqtisadi inki\u015faf\u0131 il\u0259 ba\u011fl\u0131 strategiya haz\u0131rda azad edilmi\u015f \u0259razil\u0259rid\u0259 t\u0259tbiq edilir. Azad \u0259razil\u0259r tamamil\u0259 yenid\u0259n qurulur, burada h\u0259m ya\u015fay\u0131\u015f evl\u0259ri tikilir, h\u0259m m\u00fc\u0259ssis\u0259l\u0259r, fabrikl\u0259r, zavodlar a\u00e7\u0131l\u0131r, sahibkarl\u0131q subyektl\u0259ri yarad\u0131l\u0131r. \u00d6t\u0259n ilin fevral\u0131nda m\u0259tbuatda yer&hellip;","_links":{"self":[{"href":"https:\/\/arantv.az\/index.php?rest_route=\/wp\/v2\/posts\/808721"}],"collection":[{"href":"https:\/\/arantv.az\/index.php?rest_route=\/wp\/v2\/posts"}],"about":[{"href":"https:\/\/arantv.az\/index.php?rest_route=\/wp\/v2\/types\/post"}],"author":[{"embeddable":true,"href":"https:\/\/arantv.az\/index.php?rest_route=\/wp\/v2\/users\/2"}],"replies":[{"embeddable":true,"href":"https:\/\/arantv.az\/index.php?rest_route=%2Fwp%2Fv2%2Fcomments&post=808721"}],"version-history":[{"count":1,"href":"https:\/\/arantv.az\/index.php?rest_route=\/wp\/v2\/posts\/808721\/revisions"}],"predecessor-version":[{"id":808723,"href":"https:\/\/arantv.az\/index.php?rest_route=\/wp\/v2\/posts\/808721\/revisions\/808723"}],"wp:featuredmedia":[{"embeddable":true,"href":"https:\/\/arantv.az\/index.php?rest_route=\/wp\/v2\/media\/808722"}],"wp:attachment":[{"href":"https:\/\/arantv.az\/index.php?rest_route=%2Fwp%2Fv2%2Fmedia&parent=808721"}],"wp:term":[{"taxonomy":"category","embeddable":true,"href":"https:\/\/arantv.az\/index.php?rest_route=%2Fwp%2Fv2%2Fcategories&post=808721"},{"taxonomy":"post_tag","embeddable":true,"href":"https:\/\/arantv.az\/index.php?rest_route=%2Fwp%2Fv2%2Ftags&post=808721"}],"curies":[{"name":"wp","href":"https:\/\/api.w.org\/{rel}","templated":true}]}}