{"id":808735,"date":"2025-05-28T09:52:20","date_gmt":"2025-05-28T05:52:20","guid":{"rendered":"https:\/\/arantv.az\/?p=808735"},"modified":"2025-05-28T09:52:20","modified_gmt":"2025-05-28T05:52:20","slug":"mehriban-%c9%99liyevadan-must%c9%99qillik-gunu-t%c9%99briki-foto","status":"publish","type":"post","link":"https:\/\/arantv.az\/?p=808735","title":{"rendered":"Mehriban \u018fliyevadan M\u00fcst\u0259qillik G\u00fcn\u00fc t\u0259briki- Foto"},"content":{"rendered":"<p><strong>Az\u0259rbaycan\u0131n Birinci vitse-prezidenti Mehriban \u018fliyeva 28 May &#8211; Az\u0259rbaycan\u0131n M\u00fcst\u0259qillik G\u00fcn\u00fc il\u0259 ba\u011fl\u0131 payla\u015f\u0131m edib.<\/strong><\/p>\n<p><strong>ARANTV.AZ <\/strong>\u00a0x\u0259b\u0259r verir ki, payla\u015f\u0131mda deyilir:<\/p>\n<p>\u201c\u018fziz h\u0259mv\u0259t\u0259nla\u0259r!<\/p>\n<p>M\u00fcst\u0259qillik G\u00fcn\u00fc m\u00fcnasib\u0259til\u0259 sizi t\u0259brik edir, h\u0259r biriniz\u0259 cansa\u011fl\u0131\u011f\u0131 v\u0259 xo\u015fb\u0259xtlik, \u00f6lk\u0259miz\u0259 s\u00fclh, \u0259min-amanl\u0131q v\u0259 t\u0259r\u0259qqi arzulay\u0131ram! Qoy Az\u0259rbaycan\u0131n d\u00f6vl\u0259t m\u00fcst\u0259qilliyi \u0259b\u0259di v\u0259 sars\u0131lmaz olsun!<\/p>\n<p>Uca Tanr\u0131 V\u0259t\u0259nimizi qorusun!\u201d<\/p>\n<div><img class=\"img-responsive\" title=\"\" src=\"https:\/\/qafqazinfo.az\/uploads\/1748410272\/Ekran_%C5%9F%C9%99kli_2025-05-28_092920.png\" alt=\"\" \/><\/div>\n","protected":false},"excerpt":{"rendered":"<p>Az\u0259rbaycan\u0131n Birinci vitse-prezidenti Mehriban \u018fliyeva 28 May &#8211; Az\u0259rbaycan\u0131n M\u00fcst\u0259qillik G\u00fcn\u00fc il\u0259 ba\u011fl\u0131 payla\u015f\u0131m edib. ARANTV.AZ \u00a0x\u0259b\u0259r verir ki, payla\u015f\u0131mda deyilir: \u201c\u018fziz h\u0259mv\u0259t\u0259nla\u0259r! M\u00fcst\u0259qillik G\u00fcn\u00fc m\u00fcnasib\u0259til\u0259 sizi t\u0259brik edir, h\u0259r biriniz\u0259 cansa\u011fl\u0131\u011f\u0131 v\u0259 xo\u015fb\u0259xtlik, \u00f6lk\u0259miz\u0259 s\u00fclh, \u0259min-amanl\u0131q v\u0259 t\u0259r\u0259qqi arzulay\u0131ram! Qoy Az\u0259rbaycan\u0131n d\u00f6vl\u0259t m\u00fcst\u0259qilliyi \u0259b\u0259di v\u0259 sars\u0131lmaz olsun! Uca Tanr\u0131 V\u0259t\u0259nimizi qorusun!\u201d<\/p>\n","protected":false},"author":2,"featured_media":808736,"comment_status":"closed","ping_status":"closed","sticky":false,"template":"","format":"standard","meta":{"om_disable_all_campaigns":false,"_monsterinsights_skip_tracking":false,"_monsterinsights_sitenote_active":false,"_monsterinsights_sitenote_note":"","_monsterinsights_sitenote_category":0},"categories":[4],"tags":[],"aioseo_notices":[],"gutentor_comment":0,"rttpg_featured_image_url":{"full":["https:\/\/arantv.az\/wp-content\/uploads\/2025\/05\/05a41da814c68c88a03c1a9638221ce0.jpg",637,400,false],"landscape":["https:\/\/arantv.az\/wp-content\/uploads\/2025\/05\/05a41da814c68c88a03c1a9638221ce0.jpg",637,400,false],"portraits":["https:\/\/arantv.az\/wp-content\/uploads\/2025\/05\/05a41da814c68c88a03c1a9638221ce0.jpg",637,400,false],"thumbnail":["https:\/\/arantv.az\/wp-content\/uploads\/2025\/05\/05a41da814c68c88a03c1a9638221ce0-500x280.jpg",500,280,true],"medium":["https:\/\/arantv.az\/wp-content\/uploads\/2025\/05\/05a41da814c68c88a03c1a9638221ce0-581x365.jpg",581,365,true],"large":["https:\/\/arantv.az\/wp-content\/uploads\/2025\/05\/05a41da814c68c88a03c1a9638221ce0.jpg",637,400,false],"1536x1536":["https:\/\/arantv.az\/wp-content\/uploads\/2025\/05\/05a41da814c68c88a03c1a9638221ce0.jpg",637,400,false],"2048x2048":["https:\/\/arantv.az\/wp-content\/uploads\/2025\/05\/05a41da814c68c88a03c1a9638221ce0.jpg",637,400,false],"post-thumbnail":["https:\/\/arantv.az\/wp-content\/uploads\/2025\/05\/05a41da814c68c88a03c1a9638221ce0-240x172.jpg",240,172,true],"advps-thumb-one":["https:\/\/arantv.az\/wp-content\/uploads\/2025\/05\/05a41da814c68c88a03c1a9638221ce0.jpg",637,400,false]},"rttpg_author":{"display_name":"V\u00fcsal Rafiqo\u011flu","author_link":"https:\/\/arantv.az\/?author=2"},"rttpg_comment":0,"rttpg_category":"<a href=\"https:\/\/arantv.az\/?cat=4\" rel=\"category\">Siyas\u0259t<\/a>","rttpg_excerpt":"Az\u0259rbaycan\u0131n Birinci vitse-prezidenti Mehriban \u018fliyeva 28 May &#8211; Az\u0259rbaycan\u0131n M\u00fcst\u0259qillik G\u00fcn\u00fc il\u0259 ba\u011fl\u0131 payla\u015f\u0131m edib. ARANTV.AZ \u00a0x\u0259b\u0259r verir ki, payla\u015f\u0131mda deyilir: \u201c\u018fziz h\u0259mv\u0259t\u0259nla\u0259r! M\u00fcst\u0259qillik G\u00fcn\u00fc m\u00fcnasib\u0259til\u0259 sizi t\u0259brik edir, h\u0259r biriniz\u0259 cansa\u011fl\u0131\u011f\u0131 v\u0259 xo\u015fb\u0259xtlik, \u00f6lk\u0259miz\u0259 s\u00fclh, \u0259min-amanl\u0131q v\u0259 t\u0259r\u0259qqi arzulay\u0131ram! Qoy Az\u0259rbaycan\u0131n d\u00f6vl\u0259t m\u00fcst\u0259qilliyi \u0259b\u0259di v\u0259 sars\u0131lmaz olsun! Uca Tanr\u0131 V\u0259t\u0259nimizi qorusun!\u201d","_links":{"self":[{"href":"https:\/\/arantv.az\/index.php?rest_route=\/wp\/v2\/posts\/808735"}],"collection":[{"href":"https:\/\/arantv.az\/index.php?rest_route=\/wp\/v2\/posts"}],"about":[{"href":"https:\/\/arantv.az\/index.php?rest_route=\/wp\/v2\/types\/post"}],"author":[{"embeddable":true,"href":"https:\/\/arantv.az\/index.php?rest_route=\/wp\/v2\/users\/2"}],"replies":[{"embeddable":true,"href":"https:\/\/arantv.az\/index.php?rest_route=%2Fwp%2Fv2%2Fcomments&post=808735"}],"version-history":[{"count":2,"href":"https:\/\/arantv.az\/index.php?rest_route=\/wp\/v2\/posts\/808735\/revisions"}],"predecessor-version":[{"id":808738,"href":"https:\/\/arantv.az\/index.php?rest_route=\/wp\/v2\/posts\/808735\/revisions\/808738"}],"wp:featuredmedia":[{"embeddable":true,"href":"https:\/\/arantv.az\/index.php?rest_route=\/wp\/v2\/media\/808736"}],"wp:attachment":[{"href":"https:\/\/arantv.az\/index.php?rest_route=%2Fwp%2Fv2%2Fmedia&parent=808735"}],"wp:term":[{"taxonomy":"category","embeddable":true,"href":"https:\/\/arantv.az\/index.php?rest_route=%2Fwp%2Fv2%2Fcategories&post=808735"},{"taxonomy":"post_tag","embeddable":true,"href":"https:\/\/arantv.az\/index.php?rest_route=%2Fwp%2Fv2%2Ftags&post=808735"}],"curies":[{"name":"wp","href":"https:\/\/api.w.org\/{rel}","templated":true}]}}