{"id":808739,"date":"2025-05-28T09:53:09","date_gmt":"2025-05-28T05:53:09","guid":{"rendered":"https:\/\/arantv.az\/?p=808739"},"modified":"2025-05-28T09:53:09","modified_gmt":"2025-05-28T05:53:09","slug":"msk-secici-siyahilarini-d%c9%99qiql%c9%99sdirdi-payiz-hazirligi","status":"publish","type":"post","link":"https:\/\/arantv.az\/?p=808739","title":{"rendered":"MSK se\u00e7ici siyah\u0131lar\u0131n\u0131 d\u0259qiql\u0259\u015fdirdi &#8211; pay\u0131z haz\u0131rl\u0131\u011f\u0131?"},"content":{"rendered":"<p><strong>H\u00fcquq\u015f\u00fcnasa g\u00f6r\u0259, konstitusiya d\u0259yi\u015fikliyi \u00fc\u00e7\u00fcn s\u0259b\u0259bl\u0259r var, amma son q\u0259rar\u0131&#8230;<\/strong><\/p>\n<p><em>M\u0259zahir P\u0259nahovun s\u0259drliyi il\u0259 may\u0131n 22-d\u0259 v\u0259 26-da M\u0259rk\u0259zi Se\u00e7ki Komissiyas\u0131n\u0131n iclaslar\u0131 ke\u00e7irilib. 22 may iclas\u0131nda b\u0259zi se\u00e7ki dair\u0259l\u0259ri \u00fczr\u0259 dair\u0259 se\u00e7ki komissiyalar\u0131n\u0131n t\u0259rkibind\u0259 d\u0259yi\u015fiklik edilm\u0259si m\u0259s\u0259l\u0259sin\u0259 bax\u0131l\u0131b. M\u0259rk\u0259zi Se\u00e7ki Komissiyas\u0131 apar\u0131lan m\u00fczakir\u0259l\u0259rin ard\u0131nca 42 sayl\u0131 Sumqay\u0131t birinci, 47 sayl\u0131 Sumqay\u0131t &#8211; Ab\u015feron &#8211; Qarada\u011f, 58 sayl\u0131 Xa\u00e7maz k\u0259nd, 62 sayl\u0131 K\u00fcrd\u0259mir, 100 sayl\u0131 G\u00f6yg\u00f6l &#8211; Da\u015fk\u0259s\u0259n &#8211; K\u0259lb\u0259c\u0259r v\u0259 108 sayl\u0131 A\u011fstafa se\u00e7ki dair\u0259l\u0259ri dair\u0259 se\u00e7ki komissiyalar\u0131n\u0131n t\u0259rkibind\u0259 d\u0259yi\u015fiklik olunmas\u0131na q\u0259rar verib.<\/em><\/p>\n<p>May\u0131n 26-da ke\u00e7iril\u0259n iclasda is\u0259 2025-ci ilin daimi se\u00e7ici siyah\u0131lar\u0131n\u0131n yenid\u0259n t\u0259rtib edilm\u0259si, t\u0259sdiq olunmas\u0131 v\u0259 ictimail\u0259\u015fdirilm\u0259si m\u0259s\u0259l\u0259sin\u0259 bax\u0131l\u0131b. Komissiya s\u0259dri t\u0259qrib\u0259n be\u015f ay\u0131 \u0259hat\u0259 ed\u0259n irimiqyasl\u0131 f\u0259aliyy\u0259tin ba\u015fl\u0131ca m\u0259rh\u0259l\u0259l\u0259ri bar\u0259d\u0259 dan\u0131\u015f\u0131b, m\u00fch\u00fcm m\u0259qamlar\u0131 diqq\u0259t\u0259 \u00e7atd\u0131r\u0131b.<\/p>\n<p>\u0130clasda 2025-ci ilin daimi se\u00e7ici siyah\u0131lar\u0131n\u0131n t\u0259rtib edilm\u0259si v\u0259 d\u0259qiql\u0259\u015fdirilm\u0259si i\u015fi ba\u015fa \u00e7atm\u0131\u015f hesab edil\u0259r\u0259k, siyah\u0131lar\u0131n m\u0259nt\u0259q\u0259 v\u0259 dair\u0259 se\u00e7ki komissiyalar\u0131 t\u0259r\u0259find\u0259n t\u0259sdiq olunmas\u0131 \u00fc\u00e7\u00fcn m\u00fcvafiq dair\u0259 se\u00e7ki komissiyalar\u0131na g\u00f6nd\u0259rilm\u0259si, Az\u0259rbaycan Respublikas\u0131 \u00fczr\u0259 se\u00e7icil\u0259rin daimi siyah\u0131s\u0131n\u0131n d\u00f6vl\u0259t avtomatla\u015fd\u0131r\u0131lm\u0131\u015f informasiya sistemi vasit\u0259sil\u0259 t\u0259rtib edil\u0259r\u0259k, Se\u00e7ki M\u0259c\u0259ll\u0259sinin t\u0259l\u0259bl\u0259ri n\u0259z\u0259r\u0259 al\u0131nmaqla t\u0259sdiq olunduqdan sonra komissiyan\u0131n internet sayt\u0131nda yerl\u0259\u015fdirilm\u0259kl\u0259 ictimail\u0259\u015fdirilm\u0259si q\u0259rara al\u0131n\u0131b. Qeyd etm\u0259k laz\u0131md\u0131r ki, d\u0259qiql\u0259\u015fdirm\u0259 prosesinin sonunda \u00f6lk\u0259 \u00fczr\u0259 vahid se\u00e7ici siyah\u0131s\u0131na 6302093 se\u00e7ici daxil edilib ki, onlar\u0131n 47,57 faizi ki\u015fi, 52,43 faizi is\u0259 qad\u0131nlard\u0131r.<\/p>\n<p><strong>Qeyd ed\u0259k ki, Se\u00e7ki M\u0259c\u0259ll\u0259sin\u0259 \u0259sas\u0259n, h\u0259r il yanvar\u0131n \u0259vv\u0259ll\u0259rind\u0259n etibar\u0259n \u00f6lk\u0259 \u00fczr\u0259 vahid se\u00e7ici siyah\u0131s\u0131n\u0131n t\u0259rtib edil\u0259r\u0259k d\u0259qiql\u0259\u015fdirilm\u0259sin\u0259 ba\u015flan\u0131l\u0131r. Prezident \u0130lham \u018fliyev 2025-ci ili \u201cKonstitusiya v\u0259 Suverenlik \u0130li\u201d elan etdi. D\u00f6vl\u0259t ba\u015f\u00e7\u0131s\u0131n\u0131n imzalad\u0131\u011f\u0131 s\u0259r\u0259ncamda bu, 2025-ci ild\u0259 \u00f6lk\u0259 konstitusiyas\u0131n\u0131n q\u0259bul edilm\u0259sinin 30-cu v\u0259 V\u0259t\u0259n (\u0130kinci Qaraba\u011f) m\u00fcharib\u0259sind\u0259 q\u0259l\u0259b\u0259nin be\u015finci ild\u00f6n\u00fcm\u00fc il\u0259 \u0259sasland\u0131r\u0131l\u0131r.<\/strong><\/p>\n<p>B\u0259zi ekspertl\u0259r\u0259 g\u00f6r\u0259, bu il konstitusiyaya n\u00f6vb\u0259ti d\u0259yi\u015fiklikl\u0259ri d\u0259 g\u00f6zl\u0259m\u0259k olar. 1991-ci il oktyabr\u0131n 18-d\u0259 \u201cAz\u0259rbaycan Respublikas\u0131n\u0131n d\u00f6vl\u0259t m\u00fcst\u0259qilliyi haqq\u0131nda\u201d Konstitusiya Akt\u0131, 1995-ci il noyabr\u0131n 12-d\u0259 is\u0259 Az\u0259rbaycan Respublikas\u0131n\u0131n ilk Konstitusiyas\u0131 q\u0259bul olunub. 2002, 2009 v\u0259 2016-c\u0131 ill\u0259rd\u0259 konstitusiyan\u0131n ayr\u0131-ayr\u0131 madd\u0259l\u0259rin\u0259 \u0259lav\u0259 v\u0259 d\u0259yi\u015fiklikl\u0259r bar\u0259d\u0259 referendum ke\u00e7irilib.\u00c7a\u011f\u0131r\u0131\u015flar aras\u0131nda yeni referendumun ke\u00e7irilm\u0259si d\u0259 var, bu anlamda Z\u0259f\u0259r Konstitusiyas\u0131n\u0131n q\u0259bul olunmas\u0131 da m\u00fcmk\u00fcnd\u00fcr.<\/p>\n<p><img src=\"https:\/\/demokrat.az\/cdn\/uploadedfiles\/custom\/2023\/4\/4\/1\/00bef5a3-7cce-444b-8609-29be686cfc14\/cingiz.jpg\" alt=\"\u00c7ingiz Q\u0259nizad\u0259: Aprel d\u00f6y\u00fc\u015fl\u0259ri tarixi Q\u0259l\u0259b\u0259y\u0259 aparan yolun ba\u015flan\u011f\u0131c\u0131d\u0131r\" \/><\/p>\n<p><strong>\u00c7ingiz Q\u0259nizad\u0259\u00a0<\/strong><\/p>\n<p><strong>Demokratiya v\u0259 \u0130nsan H\u00fcquqlar\u0131 Komit\u0259sinin s\u0259dri \u00c7ingiz Q\u0259nizad\u0259 \u201cYeni M\u00fcsavat\u201da bildirdi ki, MSK-n\u0131n t\u0259sdiql\u0259diyi \u00f6lk\u0259 \u00fczr\u0259 vahid se\u00e7ici siyah\u0131s\u0131ndan g\u00f6r\u00fcnd\u00fcy\u00fc kimi, se\u00e7icil\u0259rin say\u0131 ilb\u0259il art\u0131r:<\/strong>\u00a0\u201cH\u0259m bu amil, h\u0259m d\u0259 torpaqlar\u0131m\u0131z\u0131n azad olunmas\u0131, suverenliyimizin b\u00fct\u00fcn \u00f6lk\u0259 \u0259razisind\u0259 b\u0259rpa edilm\u0259sinin yaratd\u0131\u011f\u0131 yeni reall\u0131qlar, h\u0259m d\u0259 yerli idar\u0259etm\u0259d\u0259 t\u0259dric\u0259n yenilikl\u0259r\u0259 gedilm\u0259si konstitusiyada d\u0259yi\u015fiklik z\u0259rur\u0259tini meydana g\u0259tirir. N\u0259z\u0259r\u0259 alaq ki, bu il h\u0259m d\u0259 &#8220;Konstitusiya v\u0259 Suverenlik \u0130li&#8221;dir. \u00d6lk\u0259mizin haz\u0131rk\u0131 konstitusiyas\u0131 30 il \u00f6nc\u0259 q\u0259bul edil\u0259rk\u0259n Az\u0259rbaycan \u0259halisinin say\u0131 c\u0259mi 7 milyon idi. \u0130ndi is\u0259 Az\u0259rbaycan \u0259halisinin say\u0131 10 milyon n\u0259f\u0259rd\u0259n yuxar\u0131, se\u00e7icil\u0259rin say\u0131 is\u0259 6 milyon 300 min n\u0259f\u0259rd\u0259n yuxar\u0131d\u0131r. Y\u0259ni 30 il \u00f6nc\u0259 konstitusiya q\u0259bul edildiyi d\u00f6vrd\u0259 \u0259halimizin say\u0131 q\u0259d\u0259r indi se\u00e7ici var. V\u0259 bu d\u00f6vrd\u0259 q\u0259bul olunan konstitusiyan\u0131n 82-ci madd\u0259sind\u0259 qeyd olunur ki, Az\u0259rbaycan Milli M\u0259clisinin deputatlar\u0131n\u0131n say\u0131 125 n\u0259f\u0259rd\u0259n ibar\u0259tdir. \u0130ndi \u0259halinin say\u0131 10 milyon n\u0259f\u0259rd\u0259n \u00e7oxdursa, m\u0259nc\u0259, bu r\u0259q\u0259ml\u0259r\u0259 bax\u0131lmal\u0131d\u0131r. Bunun \u00fc\u00e7\u00fcn is\u0259 konstitusiya d\u0259yi\u015fikliyi olmal\u0131d\u0131r. Konstitusiyada d\u0259yi\u015fiklikl\u0259r is\u0259 b\u0259llidir ki, referendumla h\u0259yata ke\u00e7ir.<\/p>\n<p>\u0130dar\u0259etm\u0259 modell\u0259rind\u0259 yenilikl\u0259rin t\u0259tbiqinin d\u0259 konstitusiyada t\u0259sbit olunmas\u0131 konstitusiya d\u0259yi\u015fikliyini z\u0259ruri edir. N\u0259z\u0259r\u0259 alsaq ki, bu il h\u0259m d\u0259 &#8220;Konstitusiya v\u0259 Suverenlik \u0130li&#8221;dir, m\u0259nc\u0259, el\u0259 bu ilin sonuna yax\u0131n konstitusiya d\u0259yi\u015fiklikl\u0259ri il\u0259 ba\u011fl\u0131 qanun layih\u0259sinin g\u00fcnd\u0259m\u0259 \u00e7\u0131xar\u0131lmas\u0131n\u0131n \u015fahidi ola bil\u0259rik. Bunun ard\u0131nca is\u0259 referendum ke\u00e7iril\u0259 bil\u0259r. Amma \u015f\u00fcbh\u0259siz ki, b\u00fct\u00fcn bunlar bizim d\u00fc\u015f\u00fcnc\u0259l\u0259rimiz, ehtimallar\u0131m\u0131zd\u0131r. Bu m\u0259s\u0259l\u0259d\u0259 son q\u0259rar daha y\u00fcks\u0259k, ali instansiyalarda q\u0259bul olunacaq. Bizim bir h\u00fcquq\u015f\u00fcnas olaraq g\u00f6rd\u00fcy\u00fcm\u00fcz v\u0259 bildiyimiz budur ki, konstitusiya d\u0259yi\u015fikliyin\u0259 \u00f6lk\u0259d\u0259 z\u0259rur\u0259t yaranm\u0131\u015fd\u0131r&#8221;.<\/p>\n<p><strong>Etibar SEY\u0130DA\u011eA,<\/strong><br \/>\n<strong>\u201cYeni M\u00fcsavat\u201d<\/strong><\/p>\n","protected":false},"excerpt":{"rendered":"<p>H\u00fcquq\u015f\u00fcnasa g\u00f6r\u0259, konstitusiya d\u0259yi\u015fikliyi \u00fc\u00e7\u00fcn s\u0259b\u0259bl\u0259r var, amma son q\u0259rar\u0131&#8230; M\u0259zahir P\u0259nahovun s\u0259drliyi il\u0259 may\u0131n 22-d\u0259 v\u0259 26-da M\u0259rk\u0259zi Se\u00e7ki Komissiyas\u0131n\u0131n iclaslar\u0131 ke\u00e7irilib. 22 may iclas\u0131nda b\u0259zi se\u00e7ki dair\u0259l\u0259ri \u00fczr\u0259 dair\u0259 se\u00e7ki komissiyalar\u0131n\u0131n t\u0259rkibind\u0259 d\u0259yi\u015fiklik edilm\u0259si m\u0259s\u0259l\u0259sin\u0259 bax\u0131l\u0131b. M\u0259rk\u0259zi Se\u00e7ki Komissiyas\u0131 apar\u0131lan m\u00fczakir\u0259l\u0259rin ard\u0131nca 42 sayl\u0131 Sumqay\u0131t birinci, 47 sayl\u0131 Sumqay\u0131t &#8211; Ab\u015feron &#8211; Qarada\u011f, 58 sayl\u0131 Xa\u00e7maz k\u0259nd, 62 sayl\u0131 K\u00fcrd\u0259mir, 100 sayl\u0131 G\u00f6yg\u00f6l &#8211; Da\u015fk\u0259s\u0259n &#8211; K\u0259lb\u0259c\u0259r v\u0259 108 sayl\u0131 A\u011fstafa se\u00e7ki dair\u0259l\u0259ri dair\u0259 se\u00e7ki komissiyalar\u0131n\u0131n t\u0259rkibind\u0259 d\u0259yi\u015fiklik olunmas\u0131na q\u0259rar verib. May\u0131n 26-da ke\u00e7iril\u0259n iclasda is\u0259 2025-ci ilin&hellip;<\/p>\n","protected":false},"author":2,"featured_media":808740,"comment_status":"closed","ping_status":"closed","sticky":false,"template":"","format":"standard","meta":{"om_disable_all_campaigns":false,"_monsterinsights_skip_tracking":false,"_monsterinsights_sitenote_active":false,"_monsterinsights_sitenote_note":"","_monsterinsights_sitenote_category":0},"categories":[19],"tags":[],"aioseo_notices":[],"gutentor_comment":0,"rttpg_featured_image_url":{"full":["https:\/\/arantv.az\/wp-content\/uploads\/2025\/05\/af4cd6e6efe4dbb1791a5237487ea3d7.jpg",660,414,false],"landscape":["https:\/\/arantv.az\/wp-content\/uploads\/2025\/05\/af4cd6e6efe4dbb1791a5237487ea3d7.jpg",660,414,false],"portraits":["https:\/\/arantv.az\/wp-content\/uploads\/2025\/05\/af4cd6e6efe4dbb1791a5237487ea3d7.jpg",660,414,false],"thumbnail":["https:\/\/arantv.az\/wp-content\/uploads\/2025\/05\/af4cd6e6efe4dbb1791a5237487ea3d7-500x280.jpg",500,280,true],"medium":["https:\/\/arantv.az\/wp-content\/uploads\/2025\/05\/af4cd6e6efe4dbb1791a5237487ea3d7-582x365.jpg",582,365,true],"large":["https:\/\/arantv.az\/wp-content\/uploads\/2025\/05\/af4cd6e6efe4dbb1791a5237487ea3d7.jpg",640,401,false],"1536x1536":["https:\/\/arantv.az\/wp-content\/uploads\/2025\/05\/af4cd6e6efe4dbb1791a5237487ea3d7.jpg",660,414,false],"2048x2048":["https:\/\/arantv.az\/wp-content\/uploads\/2025\/05\/af4cd6e6efe4dbb1791a5237487ea3d7.jpg",660,414,false],"post-thumbnail":["https:\/\/arantv.az\/wp-content\/uploads\/2025\/05\/af4cd6e6efe4dbb1791a5237487ea3d7-240x172.jpg",240,172,true],"advps-thumb-one":["https:\/\/arantv.az\/wp-content\/uploads\/2025\/05\/af4cd6e6efe4dbb1791a5237487ea3d7.jpg",660,414,false]},"rttpg_author":{"display_name":"V\u00fcsal Rafiqo\u011flu","author_link":"https:\/\/arantv.az\/?author=2"},"rttpg_comment":0,"rttpg_category":"<a href=\"https:\/\/arantv.az\/?cat=19\" rel=\"category\">G\u00fcnd\u0259m<\/a>","rttpg_excerpt":"H\u00fcquq\u015f\u00fcnasa g\u00f6r\u0259, konstitusiya d\u0259yi\u015fikliyi \u00fc\u00e7\u00fcn s\u0259b\u0259bl\u0259r var, amma son q\u0259rar\u0131&#8230; M\u0259zahir P\u0259nahovun s\u0259drliyi il\u0259 may\u0131n 22-d\u0259 v\u0259 26-da M\u0259rk\u0259zi Se\u00e7ki Komissiyas\u0131n\u0131n iclaslar\u0131 ke\u00e7irilib. 22 may iclas\u0131nda b\u0259zi se\u00e7ki dair\u0259l\u0259ri \u00fczr\u0259 dair\u0259 se\u00e7ki komissiyalar\u0131n\u0131n t\u0259rkibind\u0259 d\u0259yi\u015fiklik edilm\u0259si m\u0259s\u0259l\u0259sin\u0259 bax\u0131l\u0131b. M\u0259rk\u0259zi Se\u00e7ki Komissiyas\u0131 apar\u0131lan m\u00fczakir\u0259l\u0259rin ard\u0131nca 42 sayl\u0131 Sumqay\u0131t birinci, 47 sayl\u0131 Sumqay\u0131t &#8211; Ab\u015feron &#8211; Qarada\u011f,&hellip;","_links":{"self":[{"href":"https:\/\/arantv.az\/index.php?rest_route=\/wp\/v2\/posts\/808739"}],"collection":[{"href":"https:\/\/arantv.az\/index.php?rest_route=\/wp\/v2\/posts"}],"about":[{"href":"https:\/\/arantv.az\/index.php?rest_route=\/wp\/v2\/types\/post"}],"author":[{"embeddable":true,"href":"https:\/\/arantv.az\/index.php?rest_route=\/wp\/v2\/users\/2"}],"replies":[{"embeddable":true,"href":"https:\/\/arantv.az\/index.php?rest_route=%2Fwp%2Fv2%2Fcomments&post=808739"}],"version-history":[{"count":1,"href":"https:\/\/arantv.az\/index.php?rest_route=\/wp\/v2\/posts\/808739\/revisions"}],"predecessor-version":[{"id":808741,"href":"https:\/\/arantv.az\/index.php?rest_route=\/wp\/v2\/posts\/808739\/revisions\/808741"}],"wp:featuredmedia":[{"embeddable":true,"href":"https:\/\/arantv.az\/index.php?rest_route=\/wp\/v2\/media\/808740"}],"wp:attachment":[{"href":"https:\/\/arantv.az\/index.php?rest_route=%2Fwp%2Fv2%2Fmedia&parent=808739"}],"wp:term":[{"taxonomy":"category","embeddable":true,"href":"https:\/\/arantv.az\/index.php?rest_route=%2Fwp%2Fv2%2Fcategories&post=808739"},{"taxonomy":"post_tag","embeddable":true,"href":"https:\/\/arantv.az\/index.php?rest_route=%2Fwp%2Fv2%2Ftags&post=808739"}],"curies":[{"name":"wp","href":"https:\/\/api.w.org\/{rel}","templated":true}]}}