{"id":808742,"date":"2025-05-28T09:54:14","date_gmt":"2025-05-28T05:54:14","guid":{"rendered":"https:\/\/arantv.az\/?p=808742"},"modified":"2025-05-28T09:54:14","modified_gmt":"2025-05-28T05:54:14","slug":"az%c9%99rbaycan-bu-gun-butun-%c9%99razisind%c9%99-oz-suverenliyini-b%c9%99rpa-edib","status":"publish","type":"post","link":"https:\/\/arantv.az\/?p=808742","title":{"rendered":"Az\u0259rbaycan bu g\u00fcn b\u00fct\u00fcn \u0259razisind\u0259 \u00f6z suverenliyini b\u0259rpa edib"},"content":{"rendered":"<p><em><strong>D\u00f6vl\u0259t ba\u015f\u00e7\u0131s\u0131 \u0130lham \u018fliyev La\u00e7\u0131n rayonuna s\u0259f\u0259ri \u00e7\u0259r\u00e7iv\u0259sind\u0259 B\u0259ylik k\u0259ndin\u0259 k\u00f6\u00e7\u0259n sakinl\u0259rl\u0259 g\u00f6r\u00fc\u015f\u00fcb onlara evl\u0259rin a\u00e7arlar\u0131n\u0131 t\u0259qdim ed\u0259rk\u0259n bu m\u0259qam\u0131 x\u00fcsusi qeyd etdi ki, v\u0259t\u0259nda\u015flar\u0131m\u0131z\u0131n tezlikl\u0259 \u00f6z torpaqlar\u0131na qay\u0131tmalar\u0131 \u00fc\u00e7\u00fcn azad edilmi\u015f b\u00fct\u00fcn \u0259razil\u0259rd\u0259 geni\u015fmiqyasl\u0131 i\u015fl\u0259r gedir<\/strong><\/em><\/p>\n<p>\u00ab\u0130ndi bizim g\u00f6z\u0259l tarixl\u0259rimiz var, g\u00f6z\u0259l bayramlar\u0131m\u0131z var. 18 may &#8211; La\u00e7\u0131n\u0131n i\u015f\u011fal g\u00fcn\u00fc, 8 may &#8211; \u015eu\u015fan\u0131n i\u015f\u011fal g\u00fcn\u00fc, onlar art\u0131q tarixd\u0259 qald\u0131. Siz yax\u015f\u0131 bilirsiniz ki, i\u015f\u011fal d\u00f6vr\u00fcnd\u0259 la\u00e7\u0131nl\u0131lar, \u015fu\u015fal\u0131lar, dig\u0259r rayonlardan olan insanlar h\u0259r il i\u015f\u011fal g\u00fcn\u00fcn\u00fc mat\u0259m kimi qeyd edirdil\u0259r. Bu, h\u0259r il onlar\u0131n d\u0259rdin\u0259 d\u0259rd \u0259lav\u0259 edirdi, amma art\u0131q o g\u00fcnl\u0259r yoxdur. Bizim indi 8 Noyabr g\u00fcn\u00fcm\u00fcz var &#8211; Z\u0259f\u0259r G\u00fcn\u00fc, bizim 26 Avqust g\u00fcn\u00fcm\u00fcz var &#8211; La\u00e7\u0131n\u0131n azad olunmas\u0131 g\u00fcn\u00fc v\u0259 La\u00e7\u0131n\u0131n G\u00fcn\u00fc kimi qeyd olunur. 23 Aprel var &#8211; o vaxt ki, La\u00e7\u0131n istiqam\u0259tind\u0259 biz \u00f6z s\u0259rh\u0259dimiz\u0259 sahib \u00e7\u0131xd\u0131q v\u0259 bizim s\u0259rh\u0259dimizd\u0259 yerl\u0259\u015f\u0259nl\u0259ri k\u0259narla\u015fd\u0131raraq art\u0131q m\u0259nfur La\u00e7\u0131n d\u0259hlizini d\u0259 n\u0259zar\u0259t\u0259 g\u00f6t\u00fcrd\u00fck. T\u0259bii ki, 20 Sentyabr &#8211; bu da bizim b\u00f6y\u00fck Z\u0259f\u0259r g\u00fcn\u00fcm\u00fczd\u00fcr. Birg\u00fcnl\u00fck antiterror \u0259m\u0259liyyat\u0131 n\u0259tic\u0259sind\u0259 separatizmin k\u00f6k\u00fc k\u0259sildi, Erm\u0259nistan ordusu tam t\u0259slim oldu.\u00bb D\u00f6vl\u0259t ba\u015f\u00e7\u0131s\u0131 \u0130lham \u018fliyev La\u00e7\u0131n rayonuna s\u0259f\u0259ri zaman\u0131 rayonun B\u0259ylik k\u0259ndin\u0259 k\u00f6\u00e7\u0259n sakinl\u0259rl\u0259 g\u00f6r\u00fc\u015f\u00fcb onlara evl\u0259rin a\u00e7arlar\u0131n\u0131 t\u0259qdim ed\u0259rk\u0259n onu da bildirdi ki, art\u0131q yeni d\u00f6vr ba\u015flam\u0131\u015fd\u0131r v\u0259 b\u00fct\u00fcn d\u00fcnya bununla hesabla\u015fma\u011fa m\u0259cbur oldu. Baxmayaraq ki, h\u0259l\u0259 h\u0259m \u0130kinci Qaraba\u011f m\u00fcharib\u0259si zaman\u0131 v\u0259 m\u00fcharib\u0259d\u0259n sonra, 2023-c\u00fc ilin sentyabr ay\u0131na q\u0259d\u0259r m\u00fcxt\u0259lif xarici dair\u0259l\u0259rd\u0259n m\u00fcxt\u0259lif m\u0259krli t\u0259\u015f\u0259bb\u00fcsl\u0259r ir\u0259li s\u00fcr\u00fcl\u00fcrd\u00fc. He\u00e7 birinin \u0259h\u0259miyy\u0259ti olmad\u0131. \u00c7\u00fcnki dediyiniz kimi, \u201cD\u0259mir yumruq\u201d yerind\u0259dir.<\/p>\n<p>44 g\u00fcnl\u00fck \u0130kinci Qaraba\u011f m\u00fcharib\u0259sind\u0259 tarixi Z\u0259f\u0259rimiz, onun ard\u0131nca 2023-c\u00fc ilin sentyabr\u0131nda h\u0259yata ke\u00e7iril\u0259n bir g\u00fcnl\u00fck antiterror t\u0259dbirl\u0259ri n\u0259tic\u0259sind\u0259 suverenliyimizin tam b\u0259rpa edilm\u0259si il\u0259 yeni reall\u0131qlar yaradan Az\u0259rbaycan haz\u0131rda azad edilmi\u015f \u0259razil\u0259rimizd\u0259 geni\u015f miqyas alan b\u0259rpa-quruluculq i\u015fl\u0259ri il\u0259 d\u00fcnyan\u0131n diqq\u0259tind\u0259dir. \u015eanl\u0131 Q\u0259l\u0259b\u0259mizd\u0259n d\u0259rhal sonra ba\u015flanan b\u0259rpa i\u015fl\u0259rinin \u00f6z daxili imkanlar\u0131 hesab\u0131na h\u0259yata ke\u00e7ir\u0259n \u00f6lk\u0259mizin iqtisadi imkanlar\u0131 g\u00f6z \u00f6n\u00fcnd\u0259dir. Bu ilin yanvar\u0131nda yerli televiziya kanallar\u0131na m\u00fcsahib\u0259sind\u0259 \u00abQaraba\u011f\u0131n v\u0259 \u015e\u0259rqi Z\u0259ng\u0259zurun b\u0259rpas\u0131 bizim \u00fc\u00e7\u00fcn h\u0259rbi m\u0259s\u0259l\u0259l\u0259rl\u0259 b\u0259rab\u0259r \u0259n vacib prioritetl\u0259rd\u0259n biridir. Bu il \u0259n az\u0131 4 milyard manat ayr\u0131lacaq. Amma m\u0259n hesab edir\u0259m ki, biz daha \u00e7ox v\u0259saiti s\u0259f\u0259rb\u0259r ed\u0259 bil\u0259rik. Biz \u00fc\u00e7 il \u0259rzind\u0259 10 ya\u015fay\u0131\u015f m\u0259nt\u0259q\u0259sin\u0259 ke\u00e7mi\u015f k\u00f6\u00e7k\u00fcnl\u0259ri qaytara bilmi\u015fik v\u0259 art\u0131q m\u0259tbuatda da bu gedib. On mind\u0259n \u00e7ox k\u00f6\u00e7k\u00fcn art\u0131q evl\u0259rl\u0259 t\u0259min edilib v\u0259 orada ya\u015fay\u0131r. B\u00fct\u00f6vl\u00fckd\u0259 30 min\u0259 yax\u0131n insan orada ya\u015fay\u0131r, m\u00fcxt\u0259lif v\u0259zif\u0259l\u0259rd\u0259 \u00e7al\u0131\u015f\u0131rlar, in\u015faatda, d\u00f6vl\u0259t i\u015fl\u0259rind\u0259 v\u0259 dig\u0259r sah\u0259l\u0259rd\u0259\u00bb s\u00f6yl\u0259y\u0259n d\u00f6vl\u0259t ba\u015f\u00e7\u0131s\u0131 \u0130lham \u018fliyev bu h\u0259d\u0259fi d\u0259 a\u00e7\u0131qlad\u0131 ki, bu il \u00fc\u00e7\u00fcn bizim planlar\u0131m\u0131zda daha 20-y\u0259 yax\u0131n ya\u015fay\u0131\u015f m\u0259nt\u0259q\u0259sin\u0259 ke\u00e7mi\u015f k\u00f6\u00e7k\u00fcnl\u0259ri qaytarmaqd\u0131r. O \u015f\u0259h\u0259r v\u0259 k\u0259ndl\u0259rin adlar\u0131 art\u0131q se\u00e7ilib, layih\u0259l\u0259r icra edilir.<\/p>\n<p>\u00d6t\u0259n il \u015eu\u015fa, Xocal\u0131 v\u0259 C\u0259bray\u0131l \u015f\u0259h\u0259rl\u0259ri sakinl\u0259rin\u0259 qovu\u015fan \u00fcnvanlar s\u0131ras\u0131na daxil oldu. \u015eu\u015fa sakinl\u0259ri \u00f6t\u0259n ilin 10 may tarixind\u0259 \u00dcmummilli Lider Heyd\u0259r \u018fliyevin andan olmas\u0131n\u0131n 101-ci ild\u00f6n\u00fcm\u00fcnd\u0259, xocal\u0131lar 28 May-M\u00fcst\u0259qillik G\u00fcn\u00fcnd\u0259, c\u0259bray\u0131ll\u0131lar 4 Oktyabr- C\u0259bray\u0131l \u015e\u0259h\u0259ri G\u00fcn\u00fcnd\u0259 do\u011fma yurd-yuvalar\u0131na qay\u0131td\u0131lar. Onu da qeyd ed\u0259k ki, bu il 10 may tarixind\u0259 d\u00f6vl\u0259t ba\u015f\u00e7\u0131s\u0131 \u0130lham \u018fliyev A\u011fdam rayonunun K\u0259ng\u0259rli k\u0259ndin\u0259 k\u00f6\u00e7\u0259n sakinl\u0259rl\u0259 g\u00f6r\u00fc\u015f\u00fcnd\u0259 bildirdi ki, K\u0259ng\u0259rli k\u0259ndi b\u0259rpa etdiyimiz sayca 14-c\u00fc ya\u015fay\u0131\u015f m\u0259nt\u0259q\u0259sidir. Birinci Sar\u0131cal\u0131, indi K\u0259ng\u0259rli k\u0259ndi. X\u0131d\u0131rl\u0131 k\u0259ndi d\u0259 a\u00e7\u0131l\u0131\u015fa haz\u0131rd\u0131r. Yax\u0131n aylarda orada da h\u0259yat qaynayacaq. Y\u0259ni, ham\u0131n\u0131z birlikd\u0259 bu b\u00f6lg\u0259ni &#8211; Qaraba\u011f\u0131 quraca\u011f\u0131q.<\/p>\n<p>Prezident \u0130lham \u018fliyevin Qaraba\u011fa v\u0259 \u015e\u0259rqi Z\u0259ng\u0259zura m\u00fct\u0259madi s\u0259f\u0259rl\u0259ri b\u0259rpa-quruculuq i\u015fl\u0259ri il\u0259 tan\u0131\u015fl\u0131qla b\u0259rab\u0259r, yeni sosial obyektl\u0259rin a\u00e7\u0131l\u0131\u015f\u0131 v\u0259 t\u0259ml\u0259qoyma m\u0259rasiml\u0259rinin ke\u00e7irilm\u0259si il\u0259 yadda qal\u0131r. D\u00f6vl\u0259t ba\u015f\u00e7\u0131s\u0131 \u0130lham \u018fliyev may\u0131n 27-d\u0259 La\u00e7\u0131n rayonuna s\u0259f\u0259r etdi. Prezident \u0130lham \u018fliyev \u201cLATIFA\u201d La\u00e7\u0131n tiki\u015f fabrikinin, PIRSHAGHI\u201d ayaqqab\u0131 fabrikinin La\u00e7\u0131n filial\u0131n\u0131n, La\u00e7\u0131n Elektrik \u015e\u0259b\u0259k\u0259si R\u0259q\u0259msal \u0130dar\u0259etm\u0259 M\u0259rk\u0259zinin,\u00a0\u201cA\u015fa\u011f\u0131 Mal\u0131b\u0259yli\u201d v\u0259 \u201cMirik\u201d\u00a0su elektrik stansiyalar\u0131n\u0131n, \u00abLa\u00e7\u0131n\u00bb \u0130stirah\u0259t Kompleksinin a\u00e7\u0131l\u0131\u015f\u0131nda i\u015ftirak etdi. La\u00e7\u0131n kanat yolunun t\u0259m\u0259lini qoydu. La\u00e7\u0131n rayonunun B\u0259ylik k\u0259ndinin a\u00e7\u0131l\u0131\u015f\u0131nda i\u015ftirak etdi, bura k\u00f6\u00e7\u0259n sakinl\u0259rl\u0259 g\u00f6r\u00fc\u015fd\u00fc, onlara evl\u0259rin a\u00e7arlar\u0131n\u0131 t\u0259qdim etdi.<\/p>\n<p>Uzun ill\u0259r Erm\u0259nistan t\u0259r\u0259find\u0259n i\u015f\u011fala m\u0259ruz qalm\u0131\u015f Qaraba\u011f\u0131n v\u0259 \u015e\u0259rqi Z\u0259ng\u0259zurun dir\u00e7\u0259ldilm\u0259si istiqam\u0259tind\u0259 h\u0259yata ke\u00e7iril\u0259n geni\u015fmiqyasl\u0131 layih\u0259l\u0259r regionun iqtisadi potensial\u0131n\u0131n realla\u015fd\u0131r\u0131lmas\u0131 il\u0259 paralel \u015f\u0259kild\u0259 davam etdirilir. Yeni istehsal v\u0259 xidm\u0259t m\u00fc\u0259ssis\u0259l\u0259rinin istifad\u0259y\u0259 verilm\u0259si \u0259halinin dayan\u0131ql\u0131 m\u0259skunla\u015fmas\u0131na v\u0259 m\u0259\u015f\u011fullu\u011fun t\u0259minin\u0259 geni\u015f \u015f\u0259rait yarad\u0131r. Eyni zamanda, La\u00e7\u0131n S\u0259naye Park\u0131nda istehsal m\u00fc\u0259ssis\u0259l\u0259rinin qurulmas\u0131 innovativ texnologiyalar\u0131n t\u0259tbiqi v\u0259 ixracy\u00f6n\u00fcml\u00fc m\u0259hsul haz\u0131rlanmas\u0131 bax\u0131m\u0131ndan b\u00f6y\u00fck \u0259h\u0259miyy\u0259t da\u015f\u0131y\u0131r. B\u00fct\u00fcn bu add\u0131mlar Qaraba\u011f\u0131 v\u0259 \u015e\u0259rqi Z\u0259ng\u0259zuru \u00f6lk\u0259nin iqtisadi inki\u015faf\u0131n\u0131n m\u00fch\u00fcm komponentl\u0259rind\u0259n birin\u0259 \u00e7evirir, b\u00f6lg\u0259nin \u00fcmumilikd\u0259 \u00f6lk\u0259 iqtisadiyyat\u0131na inteqrasiyas\u0131n\u0131 s\u00fcr\u0259tl\u0259ndirir.<\/p>\n<p>Qeyd ed\u0259k ki, Prezident \u0130lham \u018fliyev v\u0259 birinci xan\u0131m Mehriban \u018fliyevan\u0131n i\u015ftirak\u0131 il\u0259 2023-c\u00fc il avqustun 26-da a\u00e7\u0131l\u0131\u015f\u0131 olmu\u015f \u201cLa\u00e7\u0131n Aqro-S\u0259naye Park\u0131\u201d f\u0259aliyy\u0259tini geni\u015fl\u0259ndirir. Rayonun Zerti k\u0259ndind\u0259 yerl\u0259\u015f\u0259n Parkda art\u0131q 12 m\u00fc\u0259ssis\u0259 f\u0259aliyy\u0259t g\u00f6st\u0259rir. \u018fliyev \u201cLATIFA\u201d La\u00e7\u0131n tiki\u015f fabrikinin a\u00e7\u0131l\u0131\u015f m\u0259rasimind\u0259 qeyd edildi ki, s\u0259naye park\u0131nda daha iki m\u00fc\u0259ssis\u0259nin i\u015f\u0259 ba\u015flamas\u0131 n\u0259z\u0259rd\u0259 tutulur. Bunlardan biri \u201cLATIFA\u201d La\u00e7\u0131n tiki\u015f fabrikidir. \u00dcmumi d\u0259y\u0259ri 1,2 milyon manat olan m\u00fc\u0259ssis\u0259d\u0259 30 yeni i\u015f yeri yarad\u0131lacaq. Fabrikd\u0259 g\u00fcnd\u0259 2 min \u0259d\u0259d tekstil m\u0259hsulu istehsal olunacaq. Buraya ev tekstili, idman d\u0259stl\u0259ri, ekskl\u00fcziv geyiml\u0259r v\u0259 dig\u0259r m\u0259hsullar daxildir.<\/p>\n<p>\u201cLa\u00e7\u0131n Aqro-S\u0259naye Park\u0131\u201dnda ba\u015flayan m\u00fc\u0259ssis\u0259l\u0259rd\u0259n biri d\u0259 \u201cPIRSHAGHI\u201d ayaqqab\u0131 fabrikinin La\u00e7\u0131n filial\u0131d\u0131r. \u00dcmumi d\u0259y\u0259ri 367,9 min manat olan m\u00fc\u0259ssis\u0259d\u0259 \u0259sas\u0259n La\u00e7\u0131n sakinl\u0259ri olmaqla 15 n\u0259f\u0259r i\u015fl\u0259 t\u0259min edil\u0259c\u0259k. M\u00fc\u0259ssis\u0259 ki\u015fi, qad\u0131n v\u0259 u\u015faqlar \u00fc\u00e7\u00fcn ayda 1500 c\u00fct ayaqqab\u0131 istehsal etm\u0259k g\u00fcc\u00fcnd\u0259dir. M\u00fcasir avadanl\u0131qlarla t\u0259chiz olunmu\u015f fabrikd\u0259 idman v\u0259 klassik \u00fcslubda ayaqqab\u0131lar istehsal edil\u0259c\u0259k. M\u00fc\u0259ssis\u0259 daxili bazarda sat\u0131\u015f h\u0259yata ke\u00e7irm\u0259kl\u0259 yana\u015f\u0131, istehsal etdiyi m\u0259hsullar\u0131 Avropa \u00f6lk\u0259l\u0259rin\u0259 ixrac etm\u0259yi d\u0259 planla\u015fd\u0131r\u0131r. \u201cLa\u00e7\u0131n Aqro-S\u0259naye Park\u0131\u201dnda \u00fcmumilikd\u0259 46 m\u00fc\u0259ssis\u0259nin f\u0259aliyy\u0259t g\u00f6st\u0259rm\u0259si n\u0259z\u0259rd\u0259 tutulub. Burada mebel fabrikl\u0259ri, bal\u0131q t\u0259s\u0259rr\u00fcfat\u0131, yeyinti s\u0259nayesi, y\u00fcng\u00fcl s\u0259naye, ekoloji c\u0259h\u0259td\u0259n t\u0259miz emal m\u00fc\u0259ssis\u0259l\u0259ri, ki\u00e7ikbuynuzlu heyvanlar \u00fczr\u0259 elmi-t\u0259cr\u00fcb\u0259 m\u0259rk\u0259zi v\u0259 dig\u0259r m\u00fc\u0259ssis\u0259l\u0259r yarad\u0131lacaq. Regionda yeni i\u015f yerl\u0259rinin yarad\u0131lmas\u0131, infrastrukturun b\u0259rpas\u0131 v\u0259 sahibkarl\u0131q f\u0259aliyy\u0259tin\u0259 d\u0259st\u0259k iqtisadi f\u0259all\u0131\u011f\u0131n canlanmas\u0131na s\u0259b\u0259b olur. \u201cLa\u00e7\u0131n Aqro-S\u0259naye Park\u0131\u201d bu x\u00fcsusda olduqca m\u00fch\u00fcm rol oynay\u0131r.<\/p>\n<p>La\u00e7\u0131n rayonunun B\u0259ylik k\u0259ndinin a\u00e7\u0131l\u0131\u015f\u0131nda m\u0259lumat \u00fc\u00e7\u00fcn bildirlidi ki, \u201cAz\u0259rbaycan Respublikas\u0131n\u0131n i\u015f\u011faldan azad edilmi\u015f \u0259razil\u0259rin\u0259 B\u00f6y\u00fck Qay\u0131d\u0131\u015fa dair I D\u00f6vl\u0259t Proqram\u0131\u201dna uy\u011fun olaraq La\u00e7\u0131n rayonunda, o c\u00fcml\u0259d\u0259n B\u0259ylik k\u0259ndind\u0259 geni\u015fmiqyasl\u0131 quruculuq i\u015fl\u0259ri apar\u0131l\u0131r. Prezident \u0130lham \u018fliyev La\u00e7\u0131n rayonunun B\u0259ylik k\u0259ndind\u0259 klub-icma m\u0259rk\u0259zind\u0259 yarad\u0131lan \u015f\u0259raitl\u0259 d\u0259 tan\u0131\u015f oldu. Buradak\u0131 otaqlarda r\u0259qs v\u0259 dig\u0259r d\u0259rn\u0259kl\u0259r f\u0259aliyy\u0259t g\u00f6st\u0259r\u0259c\u0259k. Binadak\u0131 zalda \u0259lam\u0259tdar g\u00fcnl\u0259rl\u0259 ba\u011fl\u0131 m\u00fcxt\u0259lif t\u0259dbirl\u0259rin, eyni zamanda, g\u0259ncl\u0259rin toplant\u0131 v\u0259 g\u00f6r\u00fc\u015fl\u0259rinin ke\u00e7irilm\u0259si \u00fc\u00e7\u00fcn h\u0259rt\u0259r\u0259fli \u015f\u0259rait var. B\u0259ylik k\u0259ndind\u0259 evl\u0259rin, sosial obyektl\u0259rin, k\u00fc\u00e7\u0259l\u0259rin i\u015f\u0131qland\u0131r\u0131lmas\u0131nda ya\u015f\u0131l enerjid\u0259n istifad\u0259 edilir. Bu m\u0259qs\u0259dl\u0259 dig\u0259r obyektl\u0259r kimi klub-icma m\u0259rk\u0259zinin binas\u0131n\u0131n dam\u0131nda da g\u00fcn\u0259\u015f panell\u0259ri qura\u015fd\u0131r\u0131l\u0131b.<\/p>\n<p>Sonra Prezident \u0130lham \u018fliyev B\u0259ylik k\u0259ndind\u0259 yeni in\u015fa edilmi\u015f f\u0259rdi evl\u0259rd\u0259 yarad\u0131lan \u015f\u0259raitl\u0259 tan\u0131\u015f oldu. Tamamil\u0259 yenid\u0259n tikil\u0259n k\u0259nd\u0259 \u00fcmumilikd\u0259 90 ail\u0259 &#8211; 360 n\u0259f\u0259rin k\u00f6\u00e7\u00fcr\u00fclm\u0259si n\u0259z\u0259rd\u0259 tutulur. \u018frazisi 29,6 hektar olan k\u0259ndd\u0259 91 f\u0259rdi ev in\u015fa olunub. Evl\u0259rd\u0259n 13-\u00fc iki, 50-si \u00fc\u00e7, 15-i d\u00f6rd, 13-\u00fc is\u0259 be\u015fotaql\u0131d\u0131r. B\u0259ylik k\u0259ndind\u0259 \u0259halinin m\u0259\u015f\u011fullu\u011funun t\u0259min edilm\u0259si \u00fc\u00e7\u00fcn h\u0259r c\u00fcr \u015f\u0259rait yarad\u0131l\u0131b, iqtisadi, sosial v\u0259 m\u0259i\u015f\u0259t t\u0259yinatl\u0131 m\u00fcxt\u0259lif m\u00fc\u0259ssis\u0259l\u0259r tikilib, k\u0259nddaxili yollar, elektrik, rabit\u0259, su x\u0259tl\u0259ri \u00e7\u0259kilib, qaz t\u0259chizat\u0131 t\u0259min olunub.<\/p>\n<p>C\u0259nab \u0130lham \u018fliyev B\u0259ylik k\u0259ndin\u0259 k\u00f6\u00e7\u0259n sakinl\u0259rl\u0259 g\u00f6r\u00fc\u015f\u00fcb onlara evl\u0259rin a\u00e7arlar\u0131n\u0131 t\u0259qdim ed\u0259rk\u0259n azad edilmi\u015f \u0259razil\u0259rimizd\u0259 geni\u015f miqyas alan b\u0259rpa-quruculuq i\u015fl\u0259rind\u0259n geni\u015f b\u0259hs ed\u0259r\u0259k onu da \u0259lav\u0259 etdi ki, g\u00f6z\u0259l evl\u0259r, yollar, elektrik enerjisi, t\u0259bii qaz, su, h\u0259y\u0259tyan\u0131 sah\u0259, y\u0259ni, ya\u015famaq \u00fc\u00e7\u00fcn, \u00e7al\u0131\u015fmaq \u00fc\u00e7\u00fcn b\u00fct\u00fcn imkanlar var. Bel\u0259 g\u00f6z\u0259l, t\u0259bii \u015f\u0259raitd\u0259 ya\u015famaq, \u00f6z\u00fc d\u0259 \u00f6z torpa\u011f\u0131nda ya\u015famaq, \u0259lb\u0259tt\u0259, \u0259min\u0259m ki, sizin \u00fc\u00e7\u00fcn \u00e7ox xo\u015fdur. Bu, b\u00f6y\u00fck xo\u015fb\u0259xtlikdir. Biz 30 illik erm\u0259ni i\u015f\u011fal\u0131na son qoyandan sonra d\u0259rhal b\u00fct\u00fcn rayonlarda b\u0259rpa-quruculuq i\u015fl\u0259rin\u0259 start verildi, erm\u0259ni vandall\u0131\u011f\u0131na m\u0259ruz qalm\u0131\u015f k\u0259ndl\u0259r yenid\u0259n quruldu. B\u0259ylik k\u0259ndi d\u0259 erm\u0259nil\u0259r t\u0259r\u0259find\u0259n yerl\u0259-yeksan edilmi\u015fdi. \u0130ndi g\u00f6z\u0259l ya\u015fay\u0131\u015f m\u0259nt\u0259q\u0259si yarad\u0131lm\u0131\u015fd\u0131r: \u00abBuna yax\u0131n, sizin qon\u015fu k\u0259ndiniz vaxtil\u0259 bir k\u0259nd olub, Sus k\u0259ndi, o t\u0259r\u0259fd\u0259 Zabux, La\u00e7\u0131n \u015f\u0259h\u0259ri. \u0130ndi La\u00e7\u0131n rayonunda art\u0131q d\u00f6rd ya\u015fay\u0131\u015f m\u0259nt\u0259q\u0259si b\u0259rpa edilib. Amma, \u00fcmumiyy\u0259tl\u0259, b\u0259rpa edilmi\u015f \u015f\u0259h\u0259r v\u0259 k\u0259ndl\u0259rimizin say\u0131 15-\u0259 \u00e7at\u0131b. B\u00fct\u00fcn bunlar\u0131 q\u0131sa m\u00fcdd\u0259t \u0259rzind\u0259 etmi\u015fik v\u0259 i\u015fl\u0259r davam etdirilir. Azad edilmi\u015f b\u00fct\u00fcn \u0259razil\u0259rd\u0259 geni\u015fmiqyasl\u0131 i\u015fl\u0259r gedir ki, tezlikl\u0259 bizim v\u0259t\u0259nda\u015flar\u0131m\u0131z \u00f6z torpaqlar\u0131na qay\u0131ts\u0131nlar.\u201d D\u00f6vl\u0259t ba\u015f\u00e7\u0131s\u0131 bu reall\u0131\u011f\u0131 da diqq\u0259t\u0259 \u00e7atd\u0131rd\u0131 ki, may ay\u0131 sizin \u00fc\u00e7\u00fcn ikiqat bayram ay\u0131 olacaq &#8211; h\u0259m m\u00fcst\u0259qillik bayram\u0131, h\u0259m d\u0259 B\u0259yliy\u0259 qay\u0131td\u0131\u011f\u0131n\u0131z g\u00fcn. Amma may ay\u0131 la\u00e7\u0131nl\u0131lar \u00fc\u00e7\u00fcn faci\u0259vi ay olmu\u015fdur. M\u0259hz may ay\u0131nda La\u00e7\u0131n i\u015f\u011fala m\u0259ruz qald\u0131. Bu, b\u00f6y\u00fck bir faci\u0259, b\u00f6y\u00fck bir b\u0259la idi. \u00c7\u00fcnki m\u0259hz La\u00e7\u0131n\u0131n i\u015f\u011fal alt\u0131na d\u00fc\u015fm\u0259si m\u00fcharib\u0259d\u0259 ondan sonrak\u0131 u\u011fursuzluqlar\u0131m\u0131z\u0131n t\u0259m\u0259lini qoydu. \u00c7\u00fcnki ovaxtk\u0131 Da\u011fl\u0131q Qaraba\u011f b\u00f6lg\u0259si co\u011frafi n\u00f6qteyi-n\u0259z\u0259rd\u0259n Erm\u0259nistanla birl\u0259\u015fdi. M\u0259nfur La\u00e7\u0131n d\u0259hlizi a\u00e7\u0131ld\u0131, hans\u0131 ki, indi yoxdur. Art\u0131q uzun ill\u0259rin La\u00e7\u0131n-Xank\u0259ndi yolu var. La\u00e7\u0131n d\u0259hlizi tarixd\u0259 qald\u0131.<\/p>\n<p>H\u0259min d\u00f6vr\u00fcn bu reall\u0131\u011f\u0131na da diqq\u0259t y\u00f6n\u0259ldildi ki, Az\u0259rbaycanda hakimiyy\u0259t u\u011frunda m\u00fcbariz\u0259 gedirdi. O vaxt hakimiyy\u0259t\u0259 can atan AXC-M\u00fcsavat c\u00fctl\u00fcy\u00fc x\u0259yan\u0259t, satq\u0131nl\u0131q etmi\u015fdir v\u0259 torpaqlar\u0131m\u0131z\u0131n i\u015f\u011fal alt\u0131na d\u00fc\u015fm\u0259sind\u0259 onlar\u0131n b\u00f6y\u00fck m\u0259nfur pay\u0131 var. M\u0259hz La\u00e7\u0131n i\u015f\u011fala m\u0259ruz qalandan bir ay sonra onlar \u00f6z ist\u0259kl\u0259rin\u0259 nail olub hakimiyy\u0259t\u0259 g\u0259ldil\u0259r. O da \u00f6lk\u0259miz \u00fc\u00e7\u00fcn b\u00f6y\u00fck b\u0259laya g\u0259tirib \u00e7\u0131xarm\u0131\u015fd\u0131r. Hakimiyy\u0259t\u0259 g\u0259lm\u0259k \u00fc\u00e7\u00fcn torpaqlar\u0131 satmaq, d\u00fc\u015fm\u0259n\u0259 t\u0259hvil verm\u0259k b\u00f6y\u00fck cinay\u0259tdir, b\u00f6y\u00fck x\u0259yan\u0259tdir, satq\u0131nl\u0131qd\u0131r, qorxaql\u0131qd\u0131r. Amma o, art\u0131q tarixd\u0259 qald\u0131. O tariximizin qara s\u0259hif\u0259si \u00e7oxdan ba\u011fland\u0131. Az\u0259rbaycan bu g\u00fcn b\u00fct\u00fcn \u0259razisind\u0259 \u00f6z suverenliyini b\u0259rpa edib.<\/p>\n<p>D\u00f6vl\u0259timizin ba\u015f\u00e7\u0131s\u0131 \u0130lham \u018fliyev daim \u00e7\u0131x\u0131\u015flar\u0131nda bildirir ki, Qaraba\u011f v\u0259 \u015e\u0259rqi Z\u0259ng\u0259zur b\u00f6lg\u0259l\u0259ri n\u0259inki Az\u0259rbaycan\u0131n, Qafqaz\u0131n, d\u00fcnyan\u0131n \u0259n g\u00f6z\u0259l yerl\u0259rind\u0259n biri olacaq. Buran\u0131n t\u0259bi\u0259ti, g\u00f6z\u0259l m\u0259nz\u0259r\u0259l\u0259ri, ya\u015f\u0131ll\u0131qlar, bulaqlar m\u00fcasir v\u0259 eyni zamanda, \u0259n\u0259n\u0259vi \u00fcslubda in\u015fa edil\u0259n binalarla tamamlan\u0131r. El\u0259 bir g\u00f6z\u0259l \u015f\u0259h\u0259r yarad\u0131l\u0131r ki, h\u0259r birimiz, h\u0259r bir az\u0259rbaycanl\u0131 bununla f\u0259xr ed\u0259c\u0259k. \u00dcmumiyy\u0259tl\u0259, ilin el\u0259 bir ay\u0131 yoxdur ki, d\u00f6vl\u0259t ba\u015f\u00e7\u0131s\u0131 \u0130lham \u018fliyevin i\u015f\u011faldan azad edilmi\u015f \u0259razil\u0259r\u0259 s\u0259f\u0259ri olmas\u0131n. Bu s\u0259f\u0259rl\u0259r B\u00f6y\u00fck Qay\u0131d\u0131\u015f Proqram\u0131n\u0131n u\u011furlu icras\u0131na xidm\u0259t edir. Az\u0259rbaycan\u0131n \u0259sas h\u0259d\u0259fi B\u00f6y\u00fck Qay\u0131d\u0131\u015f Proqram\u0131n\u0131n icras\u0131n\u0131n birinci m\u0259rh\u0259l\u0259si ba\u015fa \u00e7atanad\u0259k 140 min ke\u00e7mi\u015f m\u0259cburi k\u00f6\u00e7k\u00fcn\u00fcn qay\u0131d\u0131\u015f\u0131na nail olmaqd\u0131r. Bu fakt \u00f6lk\u0259mizin ild\u0259n-il\u0259 artan iqtisadi g\u00fcc\u00fcn\u00fcn daha bir g\u00f6st\u0259ricisidir.<\/p>\n<p>B\u00f6y\u00fck Qay\u0131d\u0131\u015fdan b\u0259hs ed\u0259rk\u0259n bu m\u00fch\u00fcm m\u0259qam\u0131 x\u00fcsusi qeyd etm\u0259liyik ki, bu qay\u0131d\u0131\u015f Cocuq M\u0259rcanl\u0131dan ba\u015flad\u0131. M\u0259hz Ulu \u00d6nd\u0259r Heyd\u0259r \u018fliyevin q\u0259tiyy\u0259ti v\u0259 siyasi irad\u0259si say\u0259sind\u0259 1993-c\u00fc ilin dekabr\u0131ndan 1994-c\u00fc ilin yanvar\u0131na q\u0259d\u0259r davam ed\u0259n v\u0259 Az\u0259rbaycan\u0131n h\u0259rb tarixin\u0259 q\u0131z\u0131l h\u0259rfl\u0259rl\u0259 yaz\u0131lm\u0131\u015f u\u011furlu Horadiz \u0259m\u0259liyyat\u0131 n\u0259tic\u0259sind\u0259 F\u00fczuli rayonunun bu q\u0259s\u0259b\u0259si il\u0259 yana\u015f\u0131, 20 k\u0259ndi, h\u0259m\u00e7inin C\u0259bray\u0131l rayonunun Cocuq M\u0259rcanl\u0131 k\u0259ndi i\u015f\u011faldan azad edildi. Lakin t\u0259hl\u00fck\u0259sizlik bax\u0131m\u0131ndan uzun m\u00fcdd\u0259t m\u0259skunla\u015fman\u0131n qeyri-m\u00fcmk\u00fcn oldu\u011fu bu k\u0259nd 2016-c\u0131 ild\u0259 Prezident \u0130lham \u018fliyevin tarixi xidm\u0259tl\u0259ri say\u0259sind\u0259 ikinci h\u0259yat\u0131n\u0131 ya\u015fama\u011fa ba\u015flad\u0131. Buna 2016-c\u0131 ilin aprelind\u0259 q\u0259hr\u0259man Az\u0259rbaycan Ordusunun d\u00fc\u015fm\u0259nin t\u0259xribat\u0131na layiqli cavab verm\u0259si v\u0259 strateji \u0259h\u0259miyy\u0259tli L\u0259l\u0259t\u0259p\u0259 y\u00fcks\u0259kliyini azad etm\u0259si n\u0259tic\u0259sind\u0259 nail olundu. A\u011fd\u0259r\u0259nin, C\u0259bray\u0131l\u0131n, F\u00fczulinin i\u015f\u011faldan azad olunmu\u015f \u0259razil\u0259rind\u0259 Az\u0259rbaycan Bayra\u011f\u0131 dal\u011faland\u0131. Aprel d\u00f6y\u00fc\u015fl\u0259rind\u0259 qazan\u0131lan q\u0259l\u0259b\u0259d\u0259n sonra Cocuq M\u0259rcanl\u0131 k\u0259ndind\u0259 t\u0259hl\u00fck\u0259siz ya\u015fay\u0131\u015f\u0131n b\u0259rpa edilm\u0259sin\u0259, m\u0259cburi k\u00f6\u00e7k\u00fcnl\u0259rin \u00f6z ata-baba yurdlar\u0131na qaytar\u0131lmas\u0131na \u0259lveri\u015fli \u015f\u0259rait yarand\u0131.<\/p>\n<p>Art\u0131q be\u015f ildir B\u00f6y\u00fck Qay\u0131d\u0131\u015fdan q\u00fcrurla b\u0259hs edirik. H\u0259d\u0259f\u0259 do\u011fru at\u0131lan add\u0131mlar\u0131n u\u011furlu n\u0259tic\u0259si g\u00f6z \u00f6n\u00fcnd\u0259dir. Bu \u0259razil\u0259rin b\u0259rpas\u0131, yenid\u0259n qurulmas\u0131 m\u00fcasir t\u0259l\u0259bl\u0259r s\u0259viyy\u0259sind\u0259 h\u0259yata ke\u00e7irilir, soyda\u015flar\u0131m\u0131z\u0131n g\u0259l\u0259c\u0259kd\u0259 burada y\u00fcks\u0259k rifah \u015f\u0259raitind\u0259 ya\u015fay\u0131\u015f\u0131 \u00fc\u00e7\u00fcn b\u00fct\u00fcn z\u0259ruri add\u0131mlar at\u0131l\u0131r. D\u00f6vl\u0259t ba\u015f\u00e7\u0131s\u0131 \u0130lham \u018fliyev h\u0259r zaman h\u0259d\u0259fl\u0259rd\u0259n b\u0259hs ed\u0259rk\u0259n bildirir ki, bu \u0259razil\u0259rd\u0259 y\u00fcks\u0259k ya\u015fay\u0131\u015f\u0131n t\u0259min edilm\u0259si \u00fc\u00e7\u00fcn b\u00fct\u00fcn z\u0259ruri olan add\u0131mlar at\u0131lacaq. Bu g\u00fcn\u0259d\u0259k i\u015f\u011faldan azad olunmu\u015f \u0259razil\u0259rimiz\u0259 9 min\u0259 yax\u0131n ke\u00e7mi\u015f m\u0259cburi k\u00f6\u00e7k\u00fcn k\u00f6\u00e7\u00fcr\u00fcl\u00fcb. Prezident \u0130lham \u018fliyev Az\u0259rbaycan a\u015f\u0131q s\u0259n\u0259tinin g\u00f6rk\u0259mli n\u00fcmay\u0259nd\u0259si A\u015f\u0131q \u018fl\u0259sg\u0259rin abid\u0259sinin a\u00e7\u0131l\u0131\u015f m\u0259rasimind\u0259 \u00e7\u0131x\u0131\u015f\u0131 zaman\u0131 xalq\u0131m\u0131z\u0131n \u0259yilm\u0259z ruhunu bel\u0259 ifad\u0259 etmi\u015fdir: \u00abBu g\u00fcn biz Az\u0259rbaycan xalq\u0131n\u0131n \u0259yilm\u0259z ruhunu Qaraba\u011fa v\u0259 \u015e\u0259rqi Z\u0259ng\u0259zura qay\u0131dan soyda\u015flar\u0131m\u0131z\u0131n timsal\u0131nda g\u00f6r\u00fcr\u00fck. O torpaqlar\u0131 he\u00e7 vaxt g\u00f6rm\u0259y\u0259n Qaraba\u011fdan, \u015e\u0259rqi Z\u0259ng\u0259zurdan olan soyda\u015flar\u0131m\u0131z h\u0259v\u0259sl\u0259, s\u0259birsizlikl\u0259 o qay\u0131d\u0131\u015f g\u00fcn\u00fcn\u00fc g\u00f6zl\u0259yirl\u0259r, B\u00f6y\u00fck Qay\u0131d\u0131\u015f proqram\u0131n\u0131n icras\u0131n\u0131 s\u0259birsizlikl\u0259 g\u00f6zl\u0259yirl\u0259r. \u018fslind\u0259, bu proqram art\u0131q icra edilir. He\u00e7 vaxt o torpaqlarda ya\u015famam\u0131\u015f, amma o torpaqlara qay\u0131tmaq e\u015fqi il\u0259 ya\u015fam\u0131\u015f qaraba\u011fl\u0131lar bu g\u00fcn Qaraba\u011fa qay\u0131d\u0131rlar.\u00bb<\/p>\n<p>Azad edilmi\u015f \u0259razil\u0259rimiz\u0259 qay\u0131d\u0131\u015f\u0131n miqyas\u0131 geni\u015fl\u0259ndikc\u0259 bu torpaqlar\u0131n malik oldu\u011fu iqtisadi imkanlardan s\u0259m\u0259r\u0259li istifad\u0259nin prioritetliyi m\u0259s\u0259l\u0259si daha da aktualla\u015f\u0131r. Sakinl\u0259rin m\u0259\u015f\u011fulluq probleml\u0259rinin h\u0259lli \u0259sas h\u0259d\u0259fl\u0259r s\u0131ras\u0131ndad\u0131r. N\u0259z\u0259r\u0259 alaq ki, tarixi Z\u0259f\u0259rimizd\u0259n sonra ilk olaraq sakinl\u0259rin\u0259 qovu\u015fan \u00aba\u011f\u0131ll\u0131 k\u0259nd\u00bb layih\u0259sinin ilk i\u015ftirak\u00e7\u0131s\u0131 A\u011fal\u0131 k\u0259ndi oldu. Bu n\u00f6qteyi-n\u0259z\u0259rd\u0259n i\u015f\u011faldan azad edilmi\u015f rayonlarda torpaqlar\u0131n istifad\u0259y\u0259 verilm\u0259si prosesin\u0259 ilk d\u0259f\u0259 Z\u0259ngilan rayonunun A\u011fal\u0131 k\u0259ndind\u0259n d\u0259 start veril\u0259c\u0259k. A\u011fal\u0131da k\u0259nd t\u0259s\u0259rr\u00fcfat\u0131 t\u0259yinatl\u0131 torpaqlar\u0131n \u0259kin m\u0259qs\u0259dil\u0259 istifad\u0259y\u0259 verilm\u0259si yerli \u0259halinin m\u0259\u015f\u011fulluq s\u0259viyy\u0259sini art\u0131racaq. Bu, h\u0259m\u00e7inin k\u0259nd t\u0259s\u0259rr\u00fcfat\u0131 m\u0259hsullar\u0131n\u0131n istehsal\u0131n\u0131 art\u0131raraq, yerli iqtisadiyyat\u0131 canland\u0131racaq. \u018fkin\u00e7ilik f\u0259aliyy\u0259ti torpaqlar\u0131n daha m\u0259hsuldar istifad\u0259sini t\u0259min etm\u0259kl\u0259, \u0259kin sah\u0259l\u0259rinin geni\u015fl\u0259nm\u0259sin\u0259 v\u0259 m\u0259hsul istehsal\u0131n\u0131n art\u0131r\u0131lmas\u0131na s\u0259b\u0259b olur. \u018fkin m\u0259qs\u0259dli torpaqlar\u0131n istifad\u0259y\u0259 verilm\u0259si qida t\u0259hl\u00fck\u0259sizliyini t\u0259min etm\u0259k bax\u0131m\u0131ndan \u0259h\u0259miyy\u0259tlidir. Yax\u015f\u0131 idar\u0259 olunan k\u0259nd t\u0259s\u0259rr\u00fcfat\u0131 f\u0259aliyy\u0259tl\u0259ri yerli qida istehsal\u0131n\u0131 art\u0131r\u0131r v\u0259 xaricd\u0259n as\u0131l\u0131l\u0131\u011f\u0131 azald\u0131r. Bu, \u00f6lk\u0259 daxilind\u0259 istehsal olunan qida m\u0259hsullar\u0131n\u0131n t\u0259klifini art\u0131raraq, daha keyfiyy\u0259tli v\u0259 \u0259lveri\u015fli qiym\u0259tl\u0259rl\u0259 yerli \u0259haliy\u0259 t\u0259qdim edilm\u0259sini t\u0259min edir.<\/p>\n<p>Azad edilmi\u015f \u0259razil\u0259rimizin h\u0259r biri \u00f6z\u00fcn\u0259m\u0259xsus imkanlara malikdir. Onlardan s\u0259m\u0259r\u0259li istifad\u0259 etm\u0259kl\u0259 h\u0259m bu \u0259razil\u0259rd\u0259 ya\u015fayan soyda\u015flar\u0131m\u0131z\u0131n sosial m\u00fcdafi\u0259sini g\u00fccl\u0259ndirm\u0259k m\u00fcmk\u00fcnd\u00fcr, eyni zamanda, Az\u0259rbaycan\u0131n dayan\u0131ql\u0131 inki\u015faf\u0131na davaml\u0131 t\u00f6hf\u0259l\u0259rin veril\u0259c\u0259yi qa\u00e7\u0131lmazd\u0131r. Tarixi Z\u0259f\u0259rimizd\u0259n d\u0259rhal sonra iqtisadi rayonlar\u0131n b\u00f6lg\u00fcs\u00fcn\u00fcn yenid\u0259n apar\u0131lmas\u0131 il\u0259 ba\u011fl\u0131 F\u0259rman imzalanmas\u0131nda, \u00abAz\u0259rbaycan 2030: sosial-iqtisadi inki\u015fafa dair Milli Prioritetl\u0259r\u00bbin t\u0259sdiql\u0259nm\u0259si v\u0259 sair kimi biri-birind\u0259n m\u00fch\u00fcm add\u0131mlar\u0131n at\u0131lmas\u0131nda da m\u0259qs\u0259d bu b\u00f6lg\u0259nin imkanlar\u0131ndan s\u0259m\u0259r\u0259li istifad\u0259 etm\u0259kdir. Art\u0131q ne\u00e7\u0259 ill\u0259rdir d\u00f6vl\u0259t ba\u015f\u00e7\u0131s\u0131 \u0130lham \u018fliyev \u0259n\u0259n\u0259vi k\u0259nd t\u0259s\u0259rr\u00fcfat\u0131 sah\u0259l\u0259rinin inki\u015faf etdirilm\u0259sini qar\u015f\u0131ya prioritet m\u0259s\u0259l\u0259 kimi qoyub. Bununla ba\u011fl\u0131 rayonlara g\u00f6r\u0259 ixtisasla\u015fma h\u0259yata ke\u00e7irilib. Azad edilmi\u015f \u0259razil\u0259rimizi d\u0259 bu ixisasla\u015fm\u0131\u015f \u0259razil\u0259rimiz s\u0131ras\u0131nda qeyd ed\u0259 bil\u0259rik. 30 ilik i\u015f\u011fal d\u00f6vrd\u00fcnd\u0259 Erm\u0259nistan bu torpaqlar\u0131m\u0131z\u0131n m\u00f6vcud imkanlar\u0131ndan b\u0259hr\u0259l\u0259n\u0259r\u0259k \u00f6z\u00fcn\u00fcn iqtisadi v\u0259ziyy\u0259tini yax\u015f\u0131la\u015fd\u0131rma\u011fa \u00e7al\u0131\u015fm\u0131\u015fd\u0131.<\/p>\n<p>D\u00f6vl\u0259timizin h\u0259yata ke\u00e7iridyi iqtisadi siyas\u0259tin \u0259sas\u0131nda azad edilmi\u015f \u0259razil\u0259rimizin b\u0259rpas\u0131, soyda\u015flar\u0131m\u0131z\u0131n bu torpaqlara qay\u0131d\u0131\u015f\u0131 v\u0259 yeni h\u0259yat\u0131n ba\u015flanmas\u0131 dayan\u0131r. Q\u0131sa m\u00fcdd\u0259td\u0259 bu torpaqlara qay\u0131d\u0131\u015f\u0131 reall\u0131\u015fd\u0131rmaq b\u00f6y\u00fck iqtisadi g\u00fcc\u00fcn, xalq\u0131m\u0131z\u0131n yenilm\u0259zliyinin t\u0259qdimat\u0131d\u0131r. D\u00f6vl\u0259t ba\u015f\u00e7\u0131s\u0131 \u0130lham \u018fliyevin yeni d\u00f6vr\u0259 q\u0259d\u0259m qoyan Az\u0259rbaycan\u0131n reall\u0131qlar\u0131ndan b\u0259hs ed\u0259rk\u0259n b\u00f6y\u00fck q\u00fcrur hissi il\u0259 qeyd etdiyi kimi, biz bu g\u00fcn A\u011fdamday\u0131q, F\u00fczulid\u0259yik, La\u00e7\u0131nday\u0131q, C\u0259bray\u0131lday\u0131q, Z\u0259ngilanday\u0131q, Qubadl\u0131day\u0131q, K\u0259lb\u0259c\u0259rd\u0259yik, \u015eu\u015faday\u0131q, Hadrutday\u0131q, Xocal\u0131day\u0131q, A\u011fd\u0259r\u0259d\u0259yik, \u018fsg\u0259randay\u0131q, Xank\u0259ndid\u0259yik!<\/p>\n<p>\u00abM\u0259n m\u00fcharib\u0259 ba\u015fa \u00e7atandan d\u0259rhal sonra demi\u015f\u0259m ki, biz Qaraba\u011f\u0131 c\u0259nn\u0259t\u0259 \u00e7evir\u0259c\u0259yik\u00bb s\u00f6yl\u0259y\u0259n Prezident \u0130lham \u018fliyev onu da bildirir ki, \u0259slind\u0259, onsuz da bura \u00f6z t\u0259bii qurulu\u015funa, g\u00f6z\u0259lliyin\u0259 g\u00f6r\u0259 c\u0259nn\u0259tdir. Amma m\u00fcasir infrastruktur, ya\u015fay\u0131\u015f yerl\u0259ri, i\u015f yerl\u0259ri, rahatl\u0131q &#8211; bura do\u011frudan da d\u00fcnyan\u0131n \u0259n g\u00f6z\u0259l yerl\u0259rind\u0259n birin\u0259 \u00e7evril\u0259c\u0259k. Bura \u00e7ox b\u00f6y\u00fck co\u011frafiyad\u0131r. Qaraba\u011f v\u0259 \u015e\u0259rqi Z\u0259ng\u0259zurdak\u0131 b\u00fct\u00fcn ya\u015fay\u0131\u015f m\u0259nt\u0259q\u0259l\u0259ri vahid Ba\u015f plan \u0259sas\u0131nda qurulur. Bu, bir n\u00fcmun\u0259 olacaq. Sonra biz bunu \u00f6lk\u0259mizin dig\u0259r b\u00f6lg\u0259l\u0259rin\u0259 d\u0259 t\u0259tbiq ed\u0259c\u0259yik. Y\u0259ni, orada h\u0259m idar\u0259etm\u0259, h\u0259m infrastruktur, h\u0259m d\u0259 ya\u015f\u0131l enerji layih\u0259l\u0259ri b\u00fct\u00fcn \u00f6lk\u0259ni \u0259hat\u0259 ed\u0259c\u0259k. Bax, bizim planlar\u0131m\u0131z bundan ibar\u0259tdir.<\/p>\n<p>Son be\u015f ild\u0259 diqq\u0259t \u00e7\u0259k\u0259n m\u00fch\u00fcm m\u0259qamlardan biri d\u0259 d\u00f6vl\u0259t ba\u015f\u00e7\u0131s\u0131 \u0130lham \u018fliyevin bayram g\u00fcnl\u0259rind\u0259 azad edilmi\u015f \u0259razil\u0259rimiz\u0259 s\u0259f\u0259r etm\u0259si, bu m\u0259kanlardan xalqa t\u0259brikl\u0259rini \u00e7atd\u0131rmas\u0131d\u0131r. C\u0259nab \u0130lham \u018fliyevin h\u0259r bir \u00e7\u0131x\u0131\u015f\u0131 g\u0259l\u0259c\u0259kl\u0259 ba\u011fl\u0131 h\u0259d\u0259fl\u0259rin a\u00e7\u0131qlanmas\u0131, d\u00fcnyaya m\u00fch\u00fcm \u00e7a\u011f\u0131r\u0131\u015flard\u0131r. D\u00f6vl\u0259t ba\u015f\u00e7\u0131s\u0131 La\u00e7\u0131n \u015f\u0259h\u0259rind\u0259 sakinl\u0259rl\u0259 g\u00f6r\u00fc\u015f\u00fcnd\u0259 bu m\u0259qam x\u00fcsusi qeyd edildi ki, Prezidentl\u0259 \u00fc\u00e7\u00fcnc\u00fc d\u0259f\u0259dir g\u00f6r\u00fc\u015f\u00fcrl\u0259r. Sakinl\u0259rin bu g\u00f6r\u00fc\u015fl\u0259rd\u0259n ke\u00e7irdikl\u0259ri xo\u015fb\u0259xtlik hissi onlar\u0131n n\u0259inki simalar\u0131nda, s\u0259sl\u0259ndirdikl\u0259ri fikirl\u0259rd\u0259 \u00f6z\u00fcn\u00fcn ayd\u0131n ifad\u0259sini tapd\u0131. 30 ild\u0259n sonra do\u011fma yurd-yuvalar\u0131na qay\u0131d\u0131\u015f\u0131n sevincini s\u00f6zl\u0259 bel\u0259 ifad\u0259 etm\u0259k m\u00fcmk\u00fcn deyil. Sakinl\u0259r bu torpaqlara qay\u0131daraq b\u00f6y\u00fck b\u0259rpa-quruculuq i\u015fl\u0259rini, onlara ya\u015fay\u0131\u015flar\u0131 \u00fc\u00e7\u00fcn \u00e7ox g\u00f6z\u0259l \u015f\u0259raitin yarad\u0131ld\u0131\u011f\u0131n\u0131 g\u00f6r\u00fcr v\u0259 bundan b\u00f6y\u00fck q\u00fcrur hissi ke\u00e7irirl\u0259r. D\u00f6vl\u0259t ba\u015f\u00e7\u0131s\u0131 \u0130lham \u018fliyev il\u0259 s\u00f6hb\u0259t zaman\u0131 sakinl\u0259rin do\u011fma yurd-yuvalar\u0131 il\u0259 ba\u011fl\u0131 s\u0259sl\u0259ndirdikl\u0259ri \u00abH\u0259r \u015fey yax\u015f\u0131d\u0131r. G\u00f6z\u0259l havas\u0131, g\u00f6z\u0259l suyu\u00bb fikirl\u0259r onlar\u0131n 30 ilik torpaq h\u0259sr\u0259tin\u0259 i\u015f\u0131q sal\u0131r. Bu g\u00fcn soyda\u015flar\u0131m\u0131z qay\u0131d\u0131\u015f\u0131n sevincini ya\u015famaqla yana\u015f\u0131, bu g\u00fcn\u00fc onlara ya\u015fadan d\u00f6vl\u0259t ba\u015f\u00e7\u0131s\u0131, M\u00fcz\u0259ff\u0259r Ali Ba\u015f Komandan \u0130lham \u018fliyev\u0259, r\u0259\u015fad\u0259tli ordumuza minn\u0259tdarl\u0131qlar\u0131n\u0131 ifad\u0259 edirl\u0259r.<\/p>\n<p>D\u00f6vl\u0259t ba\u015f\u00e7\u0131s\u0131 \u0130lham \u018fliyevin La\u00e7\u0131na s\u0259f\u0259rini bu g\u00fcn diqq\u0259td\u0259 saxlayan m\u00fch\u00fcm m\u0259qamlardan biri m\u0259hz 28 May-M\u00fcst\u0259qillik G\u00fcn\u00fcnd\u0259 La\u00e7\u0131n Beyn\u0259lxalq Hava Liman\u0131n\u0131n istifad\u0259y\u0259 verilm\u0259si olacaq. Bu m\u0259rasimd\u0259 i\u015ftirak etm\u0259k \u00fc\u00e7\u00fcn art\u0131q Pakistan \u0130slam Respublikas\u0131n\u0131n Ba\u015f naziri M\u0259h\u0259mm\u0259d \u015eahbaz \u015e\u0259rif \u00f6lk\u0259mizd\u0259dir. Ali qonaq La\u00e7\u0131n Beyn\u0259lxalq Hava liman\u0131nda qar\u015f\u0131land\u0131. May\u0131n 28-d\u0259 is\u0259 biz\u0259 dost, qarda\u015f, m\u00fctt\u0259fiq \u00f6lk\u0259 olan T\u00fcrkiy\u0259nin Prezidenti R\u0259c\u0259b Tayyib \u018frdo\u011fan \u00f6lk\u0259miz\u0259 s\u0259f\u0259r ed\u0259c\u0259k. 28 mayda b\u00f6y\u00fck tarixi g\u00fcn ya\u015fanacaq. 44 g\u00fcnl\u00fck \u0130kinci Qaraba\u011f m\u00fcharib\u0259sinin ba\u015fland\u0131\u011f\u0131 g\u00fcnd\u0259n beyn\u0259lxalq al\u0259min diqq\u0259tind\u0259 olan bu birlik, h\u0259mr\u0259ylik bir daha La\u00e7\u0131ndan b\u00fct\u00fcn d\u00fcnyaya n\u00fcmayi\u015f etdiril\u0259c\u0259k. Bu m\u00fch\u00fcm hadis\u0259 \u00f6lk\u0259l\u0259r aras\u0131nda \u0259laq\u0259l\u0259rin inki\u015faf\u0131nda liderl\u0259rin dostluq, qarda\u015fl\u0131q m\u00fcnasib\u0259tl\u0259rinin b\u00f6y\u00fck rol oynamas\u0131na bir daha i\u015f\u0131q sal\u0131r. Bu g\u00fcn Az\u0259rbaycan, T\u00fcrkiy\u0259 v\u0259 Pakistan bir-birin\u0259 yax\u0131n dost v\u0259 qarda\u015f \u00f6lk\u0259l\u0259r kimi beyn\u0259lxalq m\u00fcnasib\u0259tl\u0259r tarixind\u0259 x\u00fcsusi yer tuturlar. Bu \u0259laq\u0259l\u0259rin \u0259sas\u0131n\u0131 xalqlar\u0131m\u0131z\u0131n ortaq tarixi, dini-m\u0259n\u0259vi d\u0259y\u0259rl\u0259ri v\u0259 bir-birin\u0259 olan sars\u0131lmaz ba\u011fl\u0131l\u0131\u011f\u0131 t\u0259\u015fkil edir. Tarixi k\u00f6kl\u0259r\u0259 dayanan bu m\u00fcnasib\u0259tl\u0259r zaman\u0131n s\u0131naqlar\u0131ndan ke\u00e7\u0259r\u0259k daim g\u00fccl\u0259nib v\u0259 m\u00fcasir d\u00f6vrd\u0259 strateji t\u0259r\u0259fda\u015fl\u0131q s\u0259viyy\u0259sin\u0259 y\u00fcks\u0259lib. Qarda\u015fl\u0131qdan strateji m\u00fctt\u0259fiqliy\u0259 uzanan yol Az\u0259rbaycan-T\u00fcrkiy\u0259 m\u00fcnasib\u0259tl\u0259rinin ayd\u0131n m\u0259nz\u0259r\u0259sini t\u0259qdim edir. 2021-ci il iyunun 15-d\u0259 imzalanan \u015eu\u015fa B\u0259yannam\u0259si Az\u0259rbaycan il\u0259 T\u00fcrkiy\u0259 aras\u0131nda m\u00fcnasib\u0259tl\u0259ri r\u0259smi m\u00fctt\u0259fiqlik s\u0259viyy\u0259sin\u0259 \u00e7atd\u0131rd\u0131. Az\u0259rbaycan v\u0259 Pakistan aras\u0131ndak\u0131 m\u00fcnasib\u0259tl\u0259r d\u0259 yaln\u0131z diplomatik \u0259laq\u0259l\u0259rd\u0259n ibar\u0259t deyil. Bu iki \u00f6lk\u0259 aras\u0131nda \u00e7ox\u0259srlik qarda\u015fl\u0131q v\u0259 d\u0259rin m\u0259n\u0259vi ba\u011fl\u0131l\u0131q m\u00f6vcuddur ki, bu da onlar\u0131n beyn\u0259lxalq s\u0259viyy\u0259d\u0259 bir-birin\u0259 d\u0259st\u0259yini daha da g\u00fccl\u0259ndirir. Pakistan Az\u0259rbaycan\u0131n m\u00fcst\u0259qilliyini ilk tan\u0131yan \u00f6lk\u0259l\u0259rd\u0259n biri olmaqla yana\u015f\u0131, h\u0259m d\u0259 ke\u00e7mi\u015f Qaraba\u011f m\u00fcnaqi\u015f\u0259sind\u0259 Az\u0259rbaycan\u0131n haqq s\u0259sini d\u00fcnyaya \u00e7atd\u0131ran \u00f6n\u0259mli t\u0259r\u0259fda\u015fd\u0131r. 2020-ci il V\u0259t\u0259n m\u00fcharib\u0259sind\u0259 Pakistan\u0131n Az\u0259rbaycan\u0131n yan\u0131nda olmas\u0131, siyasi d\u0259st\u0259k verm\u0259si qarda\u015fl\u0131q \u0259laq\u0259l\u0259rinin \u0259n parlaq n\u00fcmun\u0259sidir. Bu hadis\u0259 h\u0259m d\u0259 iki \u00f6lk\u0259nin strateji t\u0259r\u0259fda\u015fl\u0131q bax\u0131m\u0131ndan bir-birin\u0259 n\u0259 q\u0259d\u0259r m\u00f6hk\u0259m ba\u011fland\u0131\u011f\u0131n\u0131 n\u00fcmayi\u015f etdirdi. Prezident \u0130lham \u018fliyev Pakistanla \u0259laq\u0259l\u0259rimizi bel\u0259 xarakteriz\u0259 edib: \u201c\u00d6lk\u0259l\u0259rimiz aras\u0131nda m\u00fcnasib\u0259tl\u0259r birg\u0259 tarix, m\u0259d\u0259niyy\u0259t, din, h\u0259mr\u0259ylik v\u0259 qar\u015f\u0131l\u0131ql\u0131 d\u0259st\u0259k \u00fcz\u0259rind\u0259 qurulub. Biz Pakistana minn\u0259tdar\u0131q ki, i\u015f\u011fal d\u00f6vr\u00fcnd\u0259 Az\u0259rbaycana d\u0259st\u0259k verib v\u0259 44 g\u00fcnl\u00fck V\u0259t\u0259n m\u00fcharib\u0259si zaman\u0131 da biz\u0259 g\u00fccl\u00fc d\u0259st\u0259k g\u00f6st\u0259rib. &#8230; Az\u0259rbaycan Pakistan\u0131 K\u0259\u015fmir m\u0259s\u0259l\u0259sind\u0259 h\u0259r zaman d\u0259st\u0259kl\u0259yib, bu d\u0259st\u0259k davam ed\u0259c\u0259kdir. Biz b\u00fct\u00fcn beyn\u0259lxalq t\u0259\u015fkilatlarda bu d\u0259st\u0259yi v\u0259 h\u0259mr\u0259yliyi n\u00fcmayi\u015f etdiririk. \u018flb\u0259tt\u0259 ki, qar\u015f\u0131l\u0131ql\u0131 d\u0259st\u0259k bizim \u00f6lk\u0259l\u0259ri v\u0259 xalqlar\u0131 daha da yax\u0131nla\u015fd\u0131r\u0131r\u201d. Az\u0259rbaycan, T\u00fcrkiy\u0259 v\u0259 Pakistan aras\u0131nda \u00fc\u00e7t\u0259r\u0259fli \u0259m\u0259kda\u015fl\u0131q son ill\u0259rd\u0259 yeni keyfiyy\u0259t m\u0259rh\u0259l\u0259sin\u0259 q\u0259d\u0259m qoyaraq strateji t\u0259r\u0259fda\u015fl\u0131q s\u0259viyy\u0259sin\u0259 y\u00fcks\u0259lib. Bu \u0259laq\u0259l\u0259r yaln\u0131z ikit\u0259r\u0259fli m\u00fcnasib\u0259tl\u0259r \u00e7\u0259r\u00e7iv\u0259sind\u0259 deyil, h\u0259m d\u0259 \u00fc\u00e7t\u0259r\u0259fli formatda \u00e7ox\u015fax\u0259li \u0259m\u0259kda\u015fl\u0131q modelin\u0259 \u00e7evrilib. \u00dc\u00e7 d\u00f6vl\u0259t aras\u0131nda d\u0259rin tarixi, dini v\u0259 m\u0259n\u0259vi k\u00f6kl\u0259r\u0259 \u0259saslanan m\u00fcnasib\u0259tl\u0259r son d\u00f6vrl\u0259rd\u0259 intensiv siyasi dialoq, iqtisadi t\u0259\u015f\u0259bb\u00fcsl\u0259r v\u0259 t\u0259hl\u00fck\u0259sizlik sah\u0259sind\u0259 qar\u015f\u0131l\u0131ql\u0131 f\u0259aliyy\u0259tl\u0259 daha da m\u00f6hk\u0259ml\u0259nib. Az\u0259rbaycan, T\u00fcrkiy\u0259 v\u0259 Pakistan liderl\u0259ri aras\u0131nda y\u00fcks\u0259k s\u0259viyy\u0259li g\u00f6r\u00fc\u015fl\u0259rin t\u0259\u015fkil olunmas\u0131 bu \u0259m\u0259kda\u015fl\u0131\u011f\u0131n strateji xarakterini t\u0259sdiql\u0259yir.<\/p>\n<p>28 May-M\u00fcst\u0259qillik G\u00fcn\u00fcnd\u0259 Az\u0259rbaycan-T\u00fcrkiy\u0259-Pakistan dostlu\u011funun, qarda\u015fl\u0131\u011f\u0131n\u0131n n\u00f6vb\u0259ti s\u0259hif\u0259si yaz\u0131lacaq. Bu tarixd\u0259 Az\u0259rbaycanda sayca 9-cu hava liman\u0131-La\u00e7\u0131n Beyn\u0259lxalq Hava Liman\u0131 istifad\u0259y\u0259 verilm\u0259kl\u0259 bir daha bu torpaqlar\u0131n sahibinin Az\u0259rbaycan xalq\u0131 oldu\u011funu t\u0259sdiql\u0259y\u0259c\u0259k. Erm\u0259nil\u0259rin 30 ild\u0259 da\u011f\u0131td\u0131qlar\u0131 torpaqlar\u0131m\u0131z bu g\u00fcn m\u00fcasir t\u0259l\u0259bl\u0259r s\u0259viyy\u0259sind\u0259 qurulur, beyn\u0259lxalq s\u0259viyy\u0259li hava limanlar\u0131n\u0131n tikilib istifad\u0259y\u0259 verilm\u0259si il\u0259 diqq\u0259td\u0259dir. B\u00fct\u00fcn i\u015fl\u0259rin ard\u0131c\u0131ll\u0131qla v\u0259 zaman\u0131nda g\u00f6r\u00fclm\u0259si B\u00f6y\u00fck Qay\u0131d\u0131\u015f\u0131 daha da s\u00fcr\u0259tl\u0259ndirir. D\u00f6vl\u0259t ba\u015f\u00e7\u0131s\u0131 \u0130lham \u018fliyev daim \u00e7\u0131x\u0131\u015flar\u0131nda La\u00e7\u0131n Beyn\u0259lxalq Hava Liman\u0131n\u0131n 2025-ci ild\u0259 istifad\u0259y\u0259 veril\u0259c\u0259yini bildirirdi. Art\u0131q o g\u00fcn g\u0259ldi. La\u00e7\u0131n Beyn\u0259lxalq Hava Liman\u0131 qonaqlar\u0131n\u0131 qar\u015f\u0131lay\u0131r. Bu g\u00fcn h\u0259r bir az\u0259rbaycanl\u0131 xo\u015fb\u0259xtdir ki, art\u0131q t\u0259kc\u0259 paytaxt Bak\u0131m\u0131z deyil, azad edilmi\u015f \u0259razil\u0259rimiz d\u0259 dost, qarda\u015f \u00f6lk\u0259l\u0259rin liderl\u0259rini bir araya g\u0259tirir, m\u00fcnasib\u0259tl\u0259rin g\u0259l\u0259c\u0259k yol x\u0259rit\u0259si bu m\u0259kanlardan t\u0259qdim olunur.<\/p>\n<p><strong>Yegan\u0259 \u018fliyeva, \u00ab\u0130ki sahil\u00bb<\/strong><\/p>\n","protected":false},"excerpt":{"rendered":"<p>D\u00f6vl\u0259t ba\u015f\u00e7\u0131s\u0131 \u0130lham \u018fliyev La\u00e7\u0131n rayonuna s\u0259f\u0259ri \u00e7\u0259r\u00e7iv\u0259sind\u0259 B\u0259ylik k\u0259ndin\u0259 k\u00f6\u00e7\u0259n sakinl\u0259rl\u0259 g\u00f6r\u00fc\u015f\u00fcb onlara evl\u0259rin a\u00e7arlar\u0131n\u0131 t\u0259qdim ed\u0259rk\u0259n bu m\u0259qam\u0131 x\u00fcsusi qeyd etdi ki, v\u0259t\u0259nda\u015flar\u0131m\u0131z\u0131n tezlikl\u0259 \u00f6z torpaqlar\u0131na qay\u0131tmalar\u0131 \u00fc\u00e7\u00fcn azad edilmi\u015f b\u00fct\u00fcn \u0259razil\u0259rd\u0259 geni\u015fmiqyasl\u0131 i\u015fl\u0259r gedir \u00ab\u0130ndi bizim g\u00f6z\u0259l tarixl\u0259rimiz var, g\u00f6z\u0259l bayramlar\u0131m\u0131z var. 18 may &#8211; La\u00e7\u0131n\u0131n i\u015f\u011fal g\u00fcn\u00fc, 8 may &#8211; \u015eu\u015fan\u0131n i\u015f\u011fal g\u00fcn\u00fc, onlar art\u0131q tarixd\u0259 qald\u0131. Siz yax\u015f\u0131 bilirsiniz ki, i\u015f\u011fal d\u00f6vr\u00fcnd\u0259 la\u00e7\u0131nl\u0131lar, \u015fu\u015fal\u0131lar, dig\u0259r rayonlardan olan insanlar h\u0259r il i\u015f\u011fal g\u00fcn\u00fcn\u00fc mat\u0259m kimi qeyd edirdil\u0259r. Bu, h\u0259r il onlar\u0131n d\u0259rdin\u0259 d\u0259rd \u0259lav\u0259 edirdi, amma&hellip;<\/p>\n","protected":false},"author":2,"featured_media":808743,"comment_status":"closed","ping_status":"closed","sticky":false,"template":"","format":"standard","meta":{"om_disable_all_campaigns":false,"_monsterinsights_skip_tracking":false,"_monsterinsights_sitenote_active":false,"_monsterinsights_sitenote_note":"","_monsterinsights_sitenote_category":0},"categories":[4],"tags":[],"aioseo_notices":[],"gutentor_comment":0,"rttpg_featured_image_url":{"full":["https:\/\/arantv.az\/wp-content\/uploads\/2025\/05\/8dd291cb17483608879730622501085620.jpg",975,540,false],"landscape":["https:\/\/arantv.az\/wp-content\/uploads\/2025\/05\/8dd291cb17483608879730622501085620.jpg",975,540,false],"portraits":["https:\/\/arantv.az\/wp-content\/uploads\/2025\/05\/8dd291cb17483608879730622501085620.jpg",975,540,false],"thumbnail":["https:\/\/arantv.az\/wp-content\/uploads\/2025\/05\/8dd291cb17483608879730622501085620-500x280.jpg",500,280,true],"medium":["https:\/\/arantv.az\/wp-content\/uploads\/2025\/05\/8dd291cb17483608879730622501085620-660x365.jpg",660,365,true],"large":["https:\/\/arantv.az\/wp-content\/uploads\/2025\/05\/8dd291cb17483608879730622501085620-840x465.jpg",640,354,true],"1536x1536":["https:\/\/arantv.az\/wp-content\/uploads\/2025\/05\/8dd291cb17483608879730622501085620.jpg",975,540,false],"2048x2048":["https:\/\/arantv.az\/wp-content\/uploads\/2025\/05\/8dd291cb17483608879730622501085620.jpg",975,540,false],"post-thumbnail":["https:\/\/arantv.az\/wp-content\/uploads\/2025\/05\/8dd291cb17483608879730622501085620-240x172.jpg",240,172,true],"advps-thumb-one":["https:\/\/arantv.az\/wp-content\/uploads\/2025\/05\/8dd291cb17483608879730622501085620.jpg",975,540,false]},"rttpg_author":{"display_name":"V\u00fcsal Rafiqo\u011flu","author_link":"https:\/\/arantv.az\/?author=2"},"rttpg_comment":0,"rttpg_category":"<a href=\"https:\/\/arantv.az\/?cat=4\" rel=\"category\">Siyas\u0259t<\/a>","rttpg_excerpt":"D\u00f6vl\u0259t ba\u015f\u00e7\u0131s\u0131 \u0130lham \u018fliyev La\u00e7\u0131n rayonuna s\u0259f\u0259ri \u00e7\u0259r\u00e7iv\u0259sind\u0259 B\u0259ylik k\u0259ndin\u0259 k\u00f6\u00e7\u0259n sakinl\u0259rl\u0259 g\u00f6r\u00fc\u015f\u00fcb onlara evl\u0259rin a\u00e7arlar\u0131n\u0131 t\u0259qdim ed\u0259rk\u0259n bu m\u0259qam\u0131 x\u00fcsusi qeyd etdi ki, v\u0259t\u0259nda\u015flar\u0131m\u0131z\u0131n tezlikl\u0259 \u00f6z torpaqlar\u0131na qay\u0131tmalar\u0131 \u00fc\u00e7\u00fcn azad edilmi\u015f b\u00fct\u00fcn \u0259razil\u0259rd\u0259 geni\u015fmiqyasl\u0131 i\u015fl\u0259r gedir \u00ab\u0130ndi bizim g\u00f6z\u0259l tarixl\u0259rimiz var, g\u00f6z\u0259l bayramlar\u0131m\u0131z var. 18 may &#8211; La\u00e7\u0131n\u0131n i\u015f\u011fal g\u00fcn\u00fc, 8 may &#8211; \u015eu\u015fan\u0131n&hellip;","_links":{"self":[{"href":"https:\/\/arantv.az\/index.php?rest_route=\/wp\/v2\/posts\/808742"}],"collection":[{"href":"https:\/\/arantv.az\/index.php?rest_route=\/wp\/v2\/posts"}],"about":[{"href":"https:\/\/arantv.az\/index.php?rest_route=\/wp\/v2\/types\/post"}],"author":[{"embeddable":true,"href":"https:\/\/arantv.az\/index.php?rest_route=\/wp\/v2\/users\/2"}],"replies":[{"embeddable":true,"href":"https:\/\/arantv.az\/index.php?rest_route=%2Fwp%2Fv2%2Fcomments&post=808742"}],"version-history":[{"count":1,"href":"https:\/\/arantv.az\/index.php?rest_route=\/wp\/v2\/posts\/808742\/revisions"}],"predecessor-version":[{"id":808745,"href":"https:\/\/arantv.az\/index.php?rest_route=\/wp\/v2\/posts\/808742\/revisions\/808745"}],"wp:featuredmedia":[{"embeddable":true,"href":"https:\/\/arantv.az\/index.php?rest_route=\/wp\/v2\/media\/808743"}],"wp:attachment":[{"href":"https:\/\/arantv.az\/index.php?rest_route=%2Fwp%2Fv2%2Fmedia&parent=808742"}],"wp:term":[{"taxonomy":"category","embeddable":true,"href":"https:\/\/arantv.az\/index.php?rest_route=%2Fwp%2Fv2%2Fcategories&post=808742"},{"taxonomy":"post_tag","embeddable":true,"href":"https:\/\/arantv.az\/index.php?rest_route=%2Fwp%2Fv2%2Ftags&post=808742"}],"curies":[{"name":"wp","href":"https:\/\/api.w.org\/{rel}","templated":true}]}}