{"id":808746,"date":"2025-05-28T09:59:19","date_gmt":"2025-05-28T05:59:19","guid":{"rendered":"https:\/\/arantv.az\/?p=808746"},"modified":"2025-05-28T09:59:19","modified_gmt":"2025-05-28T05:59:19","slug":"az%c9%99rbaycanin-must%c9%99qilliyi-tarixi-nailiyy%c9%99t-h%c9%99r-bir-v%c9%99t%c9%99ndasin-qurur-m%c9%99nb%c9%99yidir","status":"publish","type":"post","link":"https:\/\/arantv.az\/?p=808746","title":{"rendered":"Az\u0259rbaycan\u0131n m\u00fcst\u0259qilliyi tarixi nailiyy\u0259t, h\u0259r bir v\u0259t\u0259nda\u015f\u0131n q\u00fcrur m\u0259nb\u0259yidir"},"content":{"rendered":"<p><u><strong>28 May-Milli M\u00fcst\u0259qillik G\u00fcn\u00fc<\/strong><\/u><\/p>\n<p><em><strong>\u015e\u0259rqin ilk demokratik, h\u00fcquqi, d\u00fcny\u0259vi parlament respublikas\u0131 m\u00fccahidl\u0259rinin m\u00fcst\u0259qillik \u00e7a\u011f\u0131r\u0131\u015f\u0131: \u00ab\u0130stiqlal B\u0259yannam\u0259si\u00bb<\/strong><\/em><\/p>\n<p>\u00abMilli azadl\u0131\u011fa nail olmaq \u00fc\u00e7\u00fcn milli oyan\u0131\u015f, milli dir\u00e7\u0259li\u015f, milli ruhun oyanmas\u0131 laz\u0131md\u0131r\u00bb s\u00f6yl\u0259y\u0259n Ulu \u00d6nd\u0259r Heyd\u0259r \u018fliyev azadl\u0131q v\u0259 istiqlaliyy\u0259timizi xalq\u0131m\u0131z\u0131n milli s\u0259rv\u0259ti hesab ed\u0259nl\u0259rin xatir\u0259sini h\u0259mi\u015f\u0259 \u0259ziz tutub, y\u00fcks\u0259k d\u0259y\u0259rl\u0259ndirib. XX \u0259srin \u0259vv\u0259lind\u0259 m\u00fcst\u0259qilliyin \u015firinliyini q\u0131sa m\u00fcdd\u0259td\u0259 d\u0259 olsa xalq\u0131m\u0131za n\u0259sib ed\u0259n Az\u0259rbaycan Xalq C\u00fcmhuriyy\u0259ti (AXC) f\u0259dail\u0259rinin misilsiz xidm\u0259tl\u0259ri say\u0259sind\u0259 m\u00fcs\u0259lman al\u0259mind\u0259 ilk demokratik respublika kimi tan\u0131nan Az\u0259rbaycan, eyni zamanda qad\u0131nlara s\u0259sverm\u0259 h\u00fcquq qazand\u0131ran yegan\u0259 \u00f6lk\u0259 idi. \u015e\u0259rqd\u0259 ilk olaraq \u00f6lk\u0259mizd\u0259 Xalq C\u00fcmhuriyy\u0259tinin yarad\u0131lmas\u0131 bir daha onu g\u00f6st\u0259rdi ki, Az\u0259rbaycan xalq\u0131 \u00e7ox istedadl\u0131, v\u0259t\u0259np\u0259rv\u0259r v\u0259 m\u00fct\u0259r\u0259qqi fikirl\u0259rl\u0259 formala\u015fan, b\u0259\u015f\u0259ri d\u0259y\u0259rl\u0259r\u0259 h\u00f6rm\u0259tl\u0259 yana\u015fan ziyal\u0131lar diyar\u0131d\u0131r. M\u0259hz o d\u00f6vrd\u0259 d\u00f6vl\u0259t quruculu\u011fu istiqam\u0259tind\u0259 ilkin add\u0131mlar at\u0131lm\u0131\u015f, demokratik institutlar t\u0259sis edilmi\u015f, siyasi islahatlar aparlm\u0131\u015fd\u0131r. \u015e\u0259rqd\u0259 v\u0259 m\u00fcs\u0259lman al\u0259mind\u0259 ilk demokratik d\u00f6vl\u0259t qurulu\u015funu yaratm\u0131\u015f Az\u0259rbaycan Xalq C\u00fcmhuriyy\u0259ti istiqlaliyy\u0259timizi elan ed\u0259r\u0259k, xalq\u0131m\u0131z\u0131n m\u00fcst\u0259qillik \u0259zmini n\u00fcmayi\u015f etdirmi\u015fdi. 1918-ci il may\u0131n 28-d\u0259 \u015e\u0259rqin ilk demokratik, h\u00fcquqi, d\u00fcny\u0259vi parlament respublikas\u0131n\u0131 yaratmaqla varl\u0131\u011f\u0131n\u0131 t\u0259sdiql\u0259y\u0259n AXC-nin Milli \u015euras\u0131 \u00ab\u0130stiqlal B\u0259yannam\u0259si\u00bbni imzalamaqla, Az\u0259rbaycan\u0131n m\u00fcst\u0259qilliyini b\u0259yan etm\u0259kl\u0259, xalq\u0131m\u0131z\u0131n \u00e7ox\u0259srlik d\u00f6vl\u0259t\u00e7ilik \u0259n\u0259n\u0259l\u0259rin\u0259 sadiqliyini g\u00f6st\u0259rdi. D\u00f6vl\u0259t quruculu\u011fu sah\u0259sind\u0259 m\u00fch\u00fcm t\u0259dbirl\u0259r m\u00fc\u0259yy\u0259nl\u0259\u015fdirildi. C\u00fcmhuriyy\u0259tin beyn\u0259lxalq m\u00fcnasib\u0259tl\u0259r sistemind\u0259 tan\u0131nmas\u0131, diplomatik m\u00fcst\u0259vid\u0259 milli maraqlar\u0131n qorunmas\u0131 istiqam\u0259tind\u0259 m\u00fch\u00fcm add\u0131mlar at\u0131ld\u0131. M\u0259lum s\u0259b\u0259bl\u0259r \u00fcz\u00fcnd\u0259n c\u0259mi 23 ay ya\u015fasa da, \u0259n\u0259n\u0259l\u0259ri m\u0259nfur sovet ideologiyas\u0131na uy\u011fun t\u0259hrif olunmu\u015f \u015f\u0259kild\u0259 sonrak\u0131 n\u0259sill\u0259r\u0259 t\u0259qdim edils\u0259 d\u0259 sonrak\u0131 ill\u0259rd\u0259 qaranl\u0131q m\u0259qamlara ayd\u0131nl\u0131q g\u0259tirildi.<\/p>\n<p><em><strong>AXC q\u0131sa m\u00fcdd\u0259td\u0259 olsa da xalq\u0131m\u0131za milli m\u00fcst\u0259qilliyin sevincini ya\u015fatd\u0131<\/strong><\/em><\/p>\n<p>Rusiyada \u00e7arizmin s\u00fcqutundan sonra hakimiyy\u0259ti \u0259l\u0259 alan bol\u015fevikl\u0259r imperiya \u0259razisind\u0259 yaranan m\u00fcr\u0259kk\u0259b geosiyasi v\u0259ziyy\u0259td\u0259n istifad\u0259 ed\u0259r\u0259k Bak\u0131 neftini \u00f6z m\u0259nafel\u0259ri namin\u0259 z\u0259bt etdil\u0259r. Bel\u0259 g\u0259rgin bir d\u00f6vrd\u0259 m\u00fcst\u0259qilliyini \u00abBu g\u00fcnd\u0259n etibar\u0259n Az\u0259rbaycan xalqlar\u0131 suveren h\u00fcquqlara malikdirl\u0259r, \u015e\u0259rqi v\u0259 C\u0259nubi Zaqafqaziyadan ibar\u0259t olan Az\u0259rbaycan tamh\u00fcquqlu m\u00fcst\u0259qil d\u00f6vl\u0259tdir\u00bb s\u00f6zl\u0259ri yaz\u0131lm\u0131\u015f \u00ab\u0130stiqlal B\u0259yannam\u0259si\u00bb il\u0259 bildir\u0259n C\u00fcmhuriyy\u0259t f\u0259dail\u0259ri Az\u0259rbaycan\u0131n m\u00fcst\u0259qil d\u00f6vl\u0259t kimi m\u00f6vcudlu\u011funun ilk g\u00fcnl\u0259rind\u0259n b\u00fct\u00fcn \u00f6lk\u0259 v\u0259t\u0259nda\u015flar\u0131na b\u0259rab\u0259rlik prinsipl\u0259rin\u0259 \u0259saslanan eyni h\u00fcquqlar ver\u0259r\u0259k irqi, milli, dini, sinfi b\u0259rab\u0259rsizliyi l\u0259\u011fv etdi. Daim s\u00fclhsev\u0259r siyas\u0259t apararaq b\u00fct\u00fcn d\u00f6vl\u0259tl\u0259rl\u0259 qar\u015f\u0131l\u0131ql\u0131 \u0259m\u0259kda\u015fl\u0131q \u0259laq\u0259l\u0259ri yaratmaq istiqam\u0259tind\u0259 add\u0131mlar at\u0131ld\u0131. \u00ab\u0130stiqlal B\u0259yannam\u0259si\u00bbnd\u0259 g\u00f6st\u0259ril\u0259n s\u0259rh\u0259dl\u0259rin m\u00fc\u0259yy\u0259nl\u0259\u015fdirilm\u0259si, daxili \u0259ks inqilab v\u0259 xarici irticaya qar\u015f\u0131 m\u00fcbariz\u0259, milli ordunun yarad\u0131lmas\u0131, diplomatik m\u00fcnasib\u0259tl\u0259rin formala\u015fmas\u0131 istiqam\u0259tind\u0259 \u00f6n\u0259mli islahatlar apar\u0131ld\u0131. H\u00f6kum\u0259tin xarici siyas\u0259ti m\u00fc\u0259yy\u0259nl\u0259\u015fdirildi. V\u0259t\u0259nda\u015flar aras\u0131nda siyasi b\u0259rab\u0259rlik b\u0259rq\u0259rar olundu, sosial \u0259dal\u0259tsizliyin z\u0259r\u0259rli n\u0259tic\u0259l\u0259ri aradan qald\u0131r\u0131ld\u0131. Ba\u015fda S\u0259m\u0259d b\u0259y Mehmandarov olmaqla z\u0259ngin h\u0259rbi t\u0259cr\u00fcb\u0259si olan Az\u0259rbaycan zabitl\u0259rinin s\u0259yi il\u0259 \u00e7ox \u00e7\u0259tinlikl\u0259 d\u0259 olsa az m\u00fcdd\u0259td\u0259 25 min\u0259 q\u0259d\u0259r m\u00fcxt\u0259lif silah-sursata malik piyada, suvari, top\u00e7u hiss\u0259l\u0259rind\u0259n ibar\u0259t ordu yarad\u0131ld\u0131. Bir ne\u00e7\u0259 ay \u0259rzind\u0259 X\u0259z\u0259r d\u0259nizi \u00fcz\u0259rind\u0259 s\u0259lahiyy\u0259tl\u0259rini formala\u015fd\u0131ran 7 g\u0259milik donanma yarad\u0131ld\u0131. T\u0259hsil\u0259, s\u0259hiyy\u0259y\u0259, d\u0259mir yolunun f\u0259aliyy\u0259tin\u0259, da\u011f\u0131d\u0131l\u0131b s\u0131radan \u00e7\u0131xar\u0131lm\u0131\u015f yollar\u0131n b\u0259rpas\u0131na diqq\u0259t art\u0131r\u0131ld\u0131. AXC varl\u0131\u011f\u0131n\u0131 yaln\u0131z \u00f6z i\u00e7ind\u0259 deyil, s\u0259rh\u0259dl\u0259rind\u0259n k\u0259narda da hiss etdirirdi. D\u00fcnyan\u0131n h\u0259r yerind\u0259n yeni yaranm\u0131\u015f m\u00fcs\u0259lman \u00f6lk\u0259sin\u0259 hey\u0259tl\u0259r, s\u0259firl\u0259r g\u0259lir, buradak\u0131 h\u00fcriyy\u0259ti g\u00f6rd\u00fckd\u0259n sonra siyasi, iqtisadi, m\u0259d\u0259ni, ticari \u0259laq\u0259l\u0259rin yaranmas\u0131na t\u0259\u015f\u0259bb\u00fcs g\u00f6st\u0259rilirdi. \u0130.V.Stalinin \u00ab\u0130ki il\u0259 yax\u0131n bir m\u00fcdd\u0259td\u0259 siz xalq\u0131n\u0131z \u00fc\u00e7\u00fcn n\u0259 ed\u0259 bilmisiniz\u00bb sual\u0131na M.\u018f.R\u0259sulzad\u0259 cavab\u0131nda bildirmi\u015fdir: \u00abBiz \u00e7ox \u015fey ed\u0259 bilm\u0259dik\u2026 Lakin biz milli azad\u0131l\u011f\u0131n n\u0259 oldu\u011funu xalqa ba\u015fa sald\u0131q. Biz xalqa imkan yaratd\u0131q ki, milli m\u00fcst\u0259qilliyin dad\u0131n\u0131 azac\u0131q da olsa bilsin.\u00bb O ill\u0259rd\u0259 Az\u0259rbaycan v\u0259t\u0259nda\u015fl\u0131\u011f\u0131 institutunun t\u0259sis edilm\u0259si, milli ordunun yarad\u0131lmas\u0131 kimi faktlar da t\u0259sdiql\u0259yir ki, AXC d\u00f6vl\u0259t\u00e7ilik \u0259n\u0259n\u0259l\u0259rimizin formala\u015fmas\u0131nda m\u00fch\u00fcm rol oynay\u0131b. D\u00f6vl\u0259t bayra\u011f\u0131, Az\u0259rbaycan v\u0259t\u0259nda\u015fl\u0131\u011f\u0131 t\u0259sis olundu. K\u00f6vr\u0259k add\u0131mlar\u0131n\u0131 atan Milli Ordu Qafqaz \u0130slam Ordusu il\u0259 birlikd\u0259 Bak\u0131n\u0131 i\u015f\u011fal\u00e7\u0131lardan azad etdi. Q\u0131sa m\u00fcdd\u0259t \u0259rzind\u0259 olduqca m\u00fct\u0259r\u0259qqi say\u0131lan m\u00fcdd\u0259alar\u0131 \u00f6z\u00fcnd\u0259 \u0259ks etdir\u0259n \u00e7oxsayl\u0131 qanunlar q\u0259bul olundu.<\/p>\n<p><em><strong>\u00ab23 ay\u00bb\u0131n xalq\u0131n h\u0259yat\u0131na g\u0259tirdiyi yenilikl\u0259r<\/strong><\/em><\/p>\n<p>1918-ci ilin avqustunda q\u0259bul olunmu\u015f \u00abXalq maarifinin, m\u0259kt\u0259bl\u0259rin millil\u0259\u015fdirilm\u0259si haqq\u0131nda\u00bb\u201d q\u0259rarla t\u0259dris m\u00fc\u0259ssis\u0259l\u0259rind\u0259 t\u0259hsilin ana dilind\u0259 apar\u0131lmas\u0131 prosesin\u0259 ba\u015flan\u0131ld\u0131. 1919-cu ild\u0259 Bak\u0131 D\u00f6vl\u0259t Universitetinin Nizamnam\u0259sinin q\u0259bul edilm\u0259si v\u0259 onun f\u0259aliyy\u0259t\u0259 ba\u015flamas\u0131 milli v\u0259 pe\u015f\u0259kar kadrlar\u0131n haz\u0131rlanmas\u0131 istiqam\u0259tind\u0259 at\u0131lm\u0131\u015f m\u00fch\u00fcm add\u0131m oldu . Xalq C\u00fcmhuriyy\u0259tinin d\u00f6vr\u00fcnd\u0259 universitet il\u0259 yana\u015f\u0131, dig\u0259r ali v\u0259 orta t\u0259hsil m\u00fc\u0259ssis\u0259l\u0259rinin, habel\u0259 m\u0259d\u0259niyy\u0259t ocaqlar\u0131n\u0131n a\u00e7\u0131lmas\u0131 \u00fc\u00e7\u00fcn haz\u0131rl\u0131qlar g\u00f6r\u00fcld\u00fc. H\u00f6kum\u0259t quruculu\u011funda aparalan islahatlar\u0131n t\u0259rkib hiss\u0259si olaraq yaranan \u018fdliyy\u0259 Nazirliyinin, m\u0259hk\u0259m\u0259l\u0259rin f\u0259aliyy\u0259tini t\u0259nziml\u0259y\u0259n bir s\u0131ra q\u0259rarlar q\u0259bul olundu.<\/p>\n<p><em><strong>Sonda qalib tarixin s\u00f6z\u00fc, zaman\u0131n h\u00f6km\u00fc oldu<\/strong><\/em><\/p>\n<p>Art\u0131q m\u00fcst\u0259qil d\u00f6vl\u0259t kimi d\u00fcnyaya a\u00e7\u0131q olan Az\u0259rbaycan\u0131n v\u0259t\u0259nda\u015flar\u0131 \u0130r\u0259van\u0131n Erm\u0259nistana verilm\u0259si d\u0259 daxil olmaqla imperiyan\u0131n xalq\u0131m\u0131za qar\u015f\u0131 apard\u0131\u011f\u0131 m\u0259krli siyas\u0259t\u0259 qar\u015f\u0131 \u00e7\u0131xan C\u00fcmhuriyy\u0259t f\u0259dail\u0259rinin xidm\u0259tl\u0259rini unutmur. \u00abBizim d\u00f6vl\u0259t atributlar\u0131m\u0131z q\u0259bul edilmi\u015fdi &#8211; d\u00f6vl\u0259t himnimiz, milli bayra\u011f\u0131m\u0131z t\u0259sdiq edilmi\u015fdi. Qad\u0131nlara s\u0259sverm\u0259 h\u00fcququ verilmi\u015fdi. Onu da qeyd etm\u0259liy\u0259m ki, Az\u0259rbaycan Xalq C\u00fcmhuriyy\u0259ti bunu b\u0259zi Avropa \u00f6lk\u0259l\u0259rind\u0259n daha da \u0259vv\u0259l etmi\u015fdi. Bir s\u00f6zl\u0259, Az\u0259rbaycan Xalq C\u00fcmhuriyy\u0259tinin f\u0259aliyy\u0259ti \u00e7ox m\u00fcsb\u0259t, u\u011furlu idi. Baxmayaraq ki, Xalq C\u00fcmhuriyy\u0259ti bunu \u00e7ox a\u011f\u0131r geosiyasi \u015f\u0259raitd\u0259 edirdi\u00bb s\u00f6yl\u0259y\u0259n d\u00f6vl\u0259t ba\u015f\u00e7\u0131m\u0131z \u0130lham \u018fliyevin S\u0259r\u0259ncam\u0131na \u0259sas\u0259n, Bak\u0131n\u0131n m\u0259rk\u0259zind\u0259 Az\u0259rbaycan Xalq C\u00fcmhuriyy\u0259tinin \u015f\u0259r\u0259fin\u0259 abid\u0259 ucald\u0131lmas\u0131 \u00e7\u0259tin \u015f\u0259raitd\u0259 demokratik d\u00f6vl\u0259t qurma\u011fa c\u0259hd ed\u0259n, f\u0259dakarl\u0131q g\u00f6st\u0259r\u0259nl\u0259r\u0259 h\u00f6rm\u0259t v\u0259 etiram\u0131n ifad\u0259sidir. Prezident \u0130lham \u018fliyevin Az\u0259rbaycan Xalq C\u00fcmhuriyy\u0259tinin 90 , h\u0259m\u00e7inin C\u00fcmhuriyy\u0259tin 100 illik yubileyl\u0259rinin ke\u00e7irilm\u0259si haqq\u0131nda s\u0259r\u0259ncamlar\u0131 milli yadda\u015f\u0131n formala\u015fmas\u0131 prosesind\u0259 m\u00fch\u00fcm \u0259h\u0259miyy\u0259t k\u0259sb edir.Tarixi h\u0259qiq\u0259tl\u0259rin xalqa, m\u00fcasir g\u0259ncliy\u0259 \u00e7atd\u0131r\u0131lmas\u0131n\u0131n \u0259h\u0259miyy\u0259tini vur\u011fulayan d\u00f6vl\u0259t ba\u015f\u00e7\u0131m\u0131z \u0130lham \u018fliyev haql\u0131 olaraq bildirir ki, AXC s\u00fcqut etm\u0259s\u0259ydi, b\u0259lk\u0259 d\u0259 bu g\u00fcn Az\u0259rbaycan d\u00fcnya miqyas\u0131nda \u0259n inki\u015faf etmi\u015f \u00f6lk\u0259 ola bil\u0259rdi. Amma tarixi susdurmaq, \u00fcst\u00fcnd\u0259n q\u0259l\u0259m \u00e7\u0259km\u0259k m\u00fcmk\u00fcn deyilmi\u015f. Sovet imperiyas\u0131 t\u0259r\u0259find\u0259n s\u00fcquta u\u011frad\u0131lan Xalq C\u00fcmhuriyy\u0259tinin m\u0259hvi il\u0259 ba\u015flanan sovet d\u00f6vr\u00fcn\u00fcn h\u0259yat\u0131m\u0131zda h\u0259m m\u00fcsb\u0259t, h\u0259m m\u0259nfi t\u0259r\u0259fl\u0259ri olsa da m\u00fcst\u0259qilliyimiz 1993-c\u00fc ild\u0259n, Ulu \u00d6nd\u0259r Heyd\u0259r \u018fliyevin hakimiyy\u0259t\u0259 qayd\u0131\u015f\u0131ndan sonra \u0259b\u0259dil\u0259\u015fdi.<\/p>\n<p><em><strong>Heyd\u0259r \u018fliyev: Xalq\u0131m\u0131z\u0131n xilaskar\u0131, m\u00fcst\u0259qilliyimizin \u0259b\u0259di qarant\u0131<\/strong><\/em><\/p>\n<p>\u00abM\u00fcst\u0259qillik yolu q\u0259d\u0259r \u00e7\u0259tin yol yoxdur\u2026 M\u00fcst\u0259qilliyin \u0259ld\u0259 olunmas\u0131 n\u0259 q\u0259d\u0259r \u00e7\u0259tindirs\u0259, onun saxaln\u0131lmas\u0131, daimi, \u0259b\u0259di olmas\u0131 bundan da \u00e7\u0259tindir\u00bb s\u00f6yl\u0259y\u0259n Ulu \u00d6nd\u0259r Heyd\u0259r \u018fliyevin xidm\u0259tl\u0259rini , z\u0259hm\u0259tini Az\u0259rbaycan\u0131n g\u0259l\u0259c\u0259yi namin\u0259 f\u0259dakarl\u0131q adland\u0131ran Prezident \u0130lham \u018fliyev o ill\u0259ri bir daha xat\u0131rlayaraq ke\u00e7il\u0259n yola n\u0259z\u0259r sal\u0131r: \u00abH\u0259l\u0259 Nax\u00e7\u0131vanda ik\u0259n Xalq C\u00fcmhuriyy\u0259tinin \u00fc\u00e7r\u0259ngli bayra\u011f\u0131 d\u00f6vl\u0259t bayra\u011f\u0131 kimi t\u0259sis edildi. Nax\u00e7\u0131van Muxtar Respublikas\u0131n\u0131n ad\u0131ndan \u00absovet, sosialist\u00bb s\u00f6zl\u0259ri \u00e7\u0131xar\u0131ld\u0131. Sovet ittifaq\u0131n\u0131n saxlan\u0131lmas\u0131na dair referendum Nax\u00e7\u0131vanda ke\u00e7irilm\u0259mi\u015fdi. B\u00fct\u00fcn bu add\u0131mlar \u0259slind\u0259 m\u00fcst\u0259qilliy\u0259 y\u00f6n\u0259ldilmi\u015f add\u0131mlar idi.\u00bb<\/p>\n<p>M\u0259hz o ill\u0259rd\u0259 D\u00fcnya az\u0259rbaycanl\u0131lar\u0131n\u0131n birlik v\u0259 h\u0259mr\u0259yliyi namin\u0259 \u00f6n\u0259mli q\u0259rar q\u0259bul olundu. SSR\u0130-nin da\u011f\u0131lmas\u0131 il\u0259 d\u00f6vl\u0259t m\u00fcst\u0259qilliyini Konstitusiya Akt\u0131 il\u0259 elan ed\u0259n Az\u0259rbaycan suveren d\u00f6vl\u0259t kimi tan\u0131nd\u0131qdan sonra perspektivl\u0259r m\u00fc\u0259yy\u0259nl\u0259\u015fdirildi. 1991-ci il oktyabr\u0131n 18-d\u0259 \u00abAz\u0259rbaycan Respublikas\u0131n\u0131n d\u00f6vl\u0259t m\u00fcst\u0259qilliyi haqq\u0131nda\u00bb\u201d Konstitusiya Akt\u0131 q\u0259bul olundu. Konstitusiya Akt\u0131nda 1918-ci il 28 may tarixli \u00ab\u0130stiqlal B\u0259yannam\u0259si\u00bbn\u0259 v\u0259 \u00abAz\u0259rbaycan Respublikas\u0131n\u0131n d\u00f6vl\u0259t m\u00fcst\u0259qilliyini b\u0259rpa etm\u0259k haqq\u0131nda\u00bb\u201d Az\u0259rbaycan Respublikas\u0131 Ali Sovetinin 1991-ci il 30 avqust tarixli B\u0259yannam\u0259sin\u0259 istinad olundu. Az\u0259rbaycan Respublikas\u0131n\u0131n Az\u0259rbaycan Xalq C\u00fcmhuriyy\u0259tinin varisi oldu\u011fu t\u0259sbit edildi. Bel\u0259likl\u0259, \u00abAz\u0259rbaycan Respublikas\u0131n\u0131n d\u00f6vl\u0259t m\u00fcst\u0259qilliyi haqq\u0131nda\u201d Konstitusiya Akt\u0131\u00bbna \u0259sas\u0259n Az\u0259rbaycan xalq\u0131 1991-ci il oktyabr\u0131n 18-d\u0259 \u00f6z m\u00fcst\u0259qilliyini b\u0259rpa etdi. Xalq\u0131n t\u0259l\u0259bin\u0259 s\u0259s ver\u0259r\u0259k Az\u0259rbaycan\u0131 daxili v\u0259 xarici dair\u0259l\u0259rin, m\u0259nfur q\u00fcvv\u0259l\u0259rin t\u0259sirind\u0259n qurtarmaq \u00fc\u00e7\u00fcn Bak\u0131ya, hakimiyy\u0259t\u0259 qay\u0131dan \u00dcmummilli Lider Heyd\u0259r \u018fliyev m\u00fcst\u0259qilliyimizin \u0259b\u0259di qarant\u0131, X\u0130LASKARI oldu\u011funu sonrak\u0131 ill\u0259rd\u0259 davam etdirdiyi siyas\u0259ti il\u0259 t\u0259sdiql\u0259di. Sovet \u0130ttifaq\u0131n\u0131n da\u011f\u0131lmas\u0131ndan sonra Az\u0259rbaycan \u00f6z m\u00fcst\u0259qilliyini Konstitusiya Akt\u0131, sonra is\u0259 \u00fcmumxalq s\u0259sverm\u0259si il\u0259 h\u00fcquqi bax\u0131mdan elan ets\u0259 d\u0259 h\u0259l\u0259 d\u0259 t\u0259hl\u00fck\u0259d\u0259 olan suverenliyin qorunmas\u0131 \u00fc\u00e7\u00fcn h\u0259qiqi m\u0259nada insanlara dayaq olub onlar\u0131 arxas\u0131nca aparmaq g\u00fcc\u00fcn\u0259 malik bir lider\u0259 ehtiyac var idi. O lideri tarix \u00f6z\u00fc yeti\u015fdirdi. Bu, Lider Az\u0259rbaycan var olduqca xalq\u0131n q\u0259lbind\u0259 \u0259b\u0259di ya\u015famaq h\u00fcququ qazanan Ulu \u00d6nd\u0259r Heyd\u0259r \u018fliyev oldu. 1991-1993-c\u00fc ill\u0259r b\u0259rpa olunan m\u00fcst\u0259qillik d\u00f6vr\u00fcn\u00fcn ba\u015flan\u011f\u0131c\u0131 olsa da \u00e7ox k\u00f6vr\u0259k, h\u0259r an itiril\u0259 bil\u0259c\u0259k t\u0259hl\u00fck\u0259 il\u0259 \u00fcz- \u00fcz\u0259 idi. H\u0259min ill\u0259rd\u0259 m\u00fcst\u0259qilliyin qorunub saxlan\u0131lmas\u0131n\u0131n onun \u0259ld\u0259 olunmas\u0131ndan qat-qat \u00e7\u0259tin oldu\u011funu m\u00fcdrikc\u0259sin\u0259 d\u0259rk ed\u0259n \u00dcmummilli Lider Heyd\u0259r \u018fliyevin xilaskarl\u0131q missiyas\u0131n\u0131 yerin\u0259 yetirm\u0259kl\u0259 varl\u0131\u011f\u0131m\u0131z\u0131n \u0259b\u0259diliyini t\u0259min etdi. Az\u0259rbaycan xalq\u0131 bu nadir tarixi f\u00fcrs\u0259td\u0259n istifad\u0259 ed\u0259r\u0259k \u00dcmummilli Lider Heyd\u0259r \u018fliyevin r\u0259hb\u0259rliyi alt\u0131nda m\u00fcst\u0259qil d\u00f6vl\u0259tini qurdu, siyasi varislik prinsipin\u0259 birm\u0259nal\u0131 d\u0259st\u0259k verm\u0259kl\u0259 onu inki\u015faf etdirdi, d\u00fcnyan\u0131n n\u00fcfuzlu d\u00f6vl\u0259tl\u0259rind\u0259n birin\u0259 \u00e7evirdi. Az\u0259rbaycan xalq\u0131na \u0259b\u0259di m\u00fcst\u0259qilliy\u0259 qovu\u015fmaq s\u0259ad\u0259tini, g\u00fcc\u00fcn\u00fc xalq\u0131n xilaskar\u0131 Heyd\u0259r \u018fliyev ba\u011f\u0131\u015flad\u0131. X\u0259rit\u0259d\u0259 o q\u0259d\u0259r d\u0259 b\u00f6y\u00fck \u0259razini \u0259hat\u0259 etm\u0259y\u0259n Az\u0259rbaycan\u0131n ad\u0131 haz\u0131rda bu siyas\u0259t n\u0259tic\u0259sind\u0259 b\u00f6y\u00fck v\u0259 q\u00fcdr\u0259tli \u00f6lk\u0259l\u0259rl\u0259 eyni s\u0131rada \u00e7\u0259kilir. \u00dcmummilli Lider Heyd\u0259r \u018fliyevin \u015f\u0259xs\u0259n i\u015ftirak\u0131 il\u0259 haz\u0131rlanan, 1995-ci ilin noyabr\u0131nda \u00fcmumxalq s\u0259sverm\u0259si \u2013referendum yolu il\u0259 q\u0259bul edil\u0259n ilk Milli Konstitusiyan\u0131n q\u00fcvv\u0259y\u0259 minm\u0259si il\u0259 yeni bir m\u0259rh\u0259l\u0259 ba\u015fland\u0131. Zaman da g\u00f6st\u0259rdi ki, ad\u0131 h\u0259mi\u015f\u0259 Az\u0259rbaycanla bir \u00e7\u0259kil\u0259n, tarixi \u015f\u0259xsiyy\u0259tl\u0259r aras\u0131nda \u0259n b\u00f6y\u00fck h\u00f6rm\u0259t\u0259 layiq olanlardan birincisi, m\u00fcst\u0259qilliyimizin \u0259b\u0259di qarant\u0131 el\u0259 Heyd\u0259r \u018fliyevdir. Az\u0259rbaycan d\u00f6vl\u0259t\u00e7iliyi \u015f\u0259xsi m\u0259nafel\u0259rini \u00fcmumxalq mara\u011f\u0131ndan \u00fcst\u00fcn tutanlar\u0131n s\u0259ri\u015ft\u0259sizliyi ucbat\u0131ndan m\u00fc\u0259yy\u0259n m\u0259rhumiyy\u0259tl\u0259rl\u0259 d\u0259 \u00fczl\u0259\u015fdi. 1994-1995-ci ill\u0259rd\u0259 d\u00f6vl\u0259t \u00e7evrili\u015fl\u0259rin\u0259 c\u0259hd hallar\u0131 n\u0259tic\u0259sind\u0259 \u00f6lk\u0259d\u0259 sabitliyi pozma\u011fa \u00e7al\u0131\u015fan q\u00fcvv\u0259l\u0259r Heyd\u0259r \u018fliyev -xalq birliyi say\u0259sind\u0259 bir daha g\u00fccs\u00fczl\u00fckl\u0259rini hiss etdil\u0259r. Azadl\u0131\u011f\u0131 ifrat d\u0259r\u0259c\u0259d\u0259 \u00ab\u015fi\u015fird\u0259r\u0259k\u00bb \u00f6zba\u015f\u0131nal\u0131q kimi ba\u015fa d\u00fc\u015f\u0259n, \u015f\u0259xsi m\u0259nafel\u0259rini \u00fcmumxalq mara\u011f\u0131ndan \u00fcst\u00fcn tutanlar\u0131n s\u0259ri\u015ft\u0259sizliyi ucbat\u0131ndan da\u011f\u0131lmaq t\u0259hl\u00fck\u0259sind\u0259 olan Az\u0259rbaycan\u0131n , xalq\u0131n haray\u0131na yeti\u015f\u0259n Ulu \u00d6nd\u0259r Heyd\u0259r \u018fliyev xilaskar kimi b\u00fct\u00fcn mane\u0259l\u0259ri aradan qald\u0131rd\u0131. Nax\u00e7\u0131van Muxtar Respublikas\u0131 Ali M\u0259clisinin S\u0259dri i\u015fl\u0259diyi m\u00fcdd\u0259td\u0259 h\u0259yata ke\u00e7irdiy islahatlar, q\u0259bul etdiyi q\u0259rarlar b\u00fct\u00fcnl\u00fckd\u0259 Az\u0259rbaycan\u0131n \u0259b\u0259di m\u00fcst\u0259qilliynin ilk add\u0131mlar\u0131 kimi tarix\u0259 yaz\u0131ld\u0131.<\/p>\n<p><em><strong>Varislik \u0259n\u0259n\u0259l\u0259rin\u0259 sadiqlik v\u0259 m\u00fcasir Az\u0259rbaycan\u0131n reall\u0131qlar\u0131<\/strong><\/em><\/p>\n<p>Xarici siyas\u0259ti il\u0259 d\u00fcnya birliyin\u0259 inteqrasiya ed\u0259n Az\u0259rbaycan\u0131n \u0259n m\u00f6t\u0259b\u0259r beyn\u0259lxalq sammit , konfrans v\u0259 forumlarda i\u015ftirak\u0131, etibarl\u0131 t\u0259r\u0259fda\u015f adland\u0131r\u0131lmas\u0131 Ulu \u00d6nd\u0259rin d\u00f6vl\u0259t\u00e7ilik \u0259n\u0259n\u0259sin\u0259 sadiq qalaraq \u00f6lk\u0259mizi inki\u015faf etmi\u015f d\u00f6vl\u0259tl\u0259r s\u0259viyy\u0259sin\u0259 qald\u0131ran Prezident \u0130lham \u018fliyevin liderlik q\u0259tiyy\u0259tinin ifad\u0259sidir. 44 g\u00fcn davam ed\u0259n \u0130kinci Qaraba\u011f m\u00fcharib\u0259sind\u0259 qazand\u0131\u011f\u0131m\u0131z Z\u0259f\u0259r il\u0259 torpaqlar\u0131m\u0131z\u0131 Erm\u0259nistan\u0131n i\u015f\u011fal\u0131ndan azad ed\u0259n Silahl\u0131 Q\u00fcvv\u0259l\u0259rimizin Ali Ba\u015f Komandan\u0131 \u0130lham \u018fliyev \u00abM\u00fcst\u0259qillik G\u00fcn\u00fc haqq\u0131nda\u00bb Qanunu imzalamaqla suverenliyimizin tam q\u0259l\u0259b\u0259sin\u0259 yol a\u00e7d\u0131. Qanuna \u0259sas\u0259n may\u0131n 28-i M\u00fcst\u0259qillik G\u00fcn\u00fc, oktyabr\u0131n 18-i is\u0259 M\u00fcst\u0259qilliyin B\u0259rpas\u0131 G\u00fcn\u00fc elan edildi. 2023-ci ilin sentyabr\u0131nda bir g\u00fcnl\u00fck lokal xarakterli antiterror \u0259m\u0259liyyat\u0131 n\u0259tic\u0259sind\u0259 \u015eu\u015fada, Xoca\u00adl\u0131da, Xocav\u0259ndd\u0259, A\u011fd\u0259r\u0259d\u0259, \u018fsg\u0259randa v\u0259 n\u0259hay\u0259t, Xank\u0259ndid\u0259 d\u0259 \u00fc\u00e7r\u0259ngli Bayra\u011f\u0131m\u0131z dal\u011faland\u0131. V\u0259t\u0259n m\u00fcharib\u0259sind\u0259 30 ild\u0259 Erm\u0259nistan\u0131n guya m\u00f6hk\u0259ml\u0259n\u0259n fiziki istehkamlar\u0131n\u0131, siyasi mane\u0259l\u0259rini d\u0259f edil\u0259r\u0259k 44 g\u00fcnd\u0259 qazand\u0131\u011f\u0131 Z\u0259f\u0259ri il\u0259 b\u00f6lg\u0259d\u0259 yeni reall\u0131qlar yaradan Az\u0259rbaycan Qaraba\u011fda apar\u0131lan 23 saatl\u0131q antiterror \u0259m\u0259liyyat\u0131 il\u0259 105 illik separatizm yuvas\u0131n\u0131 darmada\u011f\u0131n etdi. B\u00f6lg\u0259d\u0259 yeni m\u0259nz\u0259r\u0259 yarand\u0131. Xank\u0259ndid\u0259 D\u00f6vl\u0259t Bayra\u011f\u0131m\u0131z\u0131n dal\u011falanmas\u0131 is\u0259 art\u0131q prosesl\u0259rin m\u0259ntiqi sonu oldu. Bel\u0259likl\u0259, Heyd\u0259r \u018fliyev siyasi kursuna sadiq qalmaqla c\u0259nab \u0130lham \u018fliyev 20 il \u00f6nc\u0259 andi\u00e7m\u0259 m\u0259rasimind\u0259 verdiyi v\u0259d\u0259 sadiq qalaraq m\u00fc\u0259yy\u0259n etdiyi v\u0259zif\u0259l\u0259rin icras\u0131n\u0131 ba\u015fa \u00e7atd\u0131rd\u0131. Prezident , Ali ba\u015f Komandan kimi 2023-c\u00fc ilin oktyabr\u0131n 15-d\u0259 Xank\u0259ndi \u015f\u0259h\u0259rind\u0259 D\u00f6vl\u0259t Bayra\u011f\u0131m\u0131z\u0131 dal\u011faland\u0131ran c\u0259nab ilham \u018fliyev d\u00fcnyaya mesaj verdi ki, n\u0259 Az\u0259rbaycan \u0259vv\u0259lki Az\u0259rbaycan deyil, n\u0259 Erm\u0259nistan, n\u0259 d\u0259 ki, geosiyasi situasiya.<\/p>\n<p>Qaraba\u011fda apar\u0131lan 23 saatl\u0131q antiteror t\u0259dbirl\u0259ri n\u0259tic\u0259sind\u0259 tam suverenliyinin t\u0259min edilm\u0259sind\u0259n sonra Prezident \u0130lham \u018fliyevin S\u0259r\u0259ncam\u0131 il\u0259 \u00abAz\u0259rbaycan Respublikas\u0131nda D\u00f6vl\u0259t Suverenliyi G\u00fcn\u00fcn\u00fcn t\u0259sis edilm\u0259si\u00bb, d\u00f6vl\u0259t ba\u015f\u00e7\u0131m\u0131z\u0131n dig\u0259r S\u0259r\u0259ncam\u0131 il\u0259 2025-ci ilin \u00f6lk\u0259mizd\u0259 \u00abKonstitusiya v\u0259 Suverenlik \u0130li\u00bb\u201d elan edilm\u0259si, \u00f6lk\u0259mizin h\u0259r yerind\u0259 \u00fc\u00e7r\u0259ngli Bayra\u011f\u0131m\u0131z\u0131n dal\u011falanmas\u0131 xalq\u0131m\u0131z\u0131n taleyin\u0259 yaz\u0131lm\u0131\u015f \u0259n \u00f6n\u0259mli hadis\u0259l\u0259rdir. B\u00fct\u00fcn d\u00fcnya ictimaiy\u0259tin\u0259 b\u0259yan edildi ki, xalq\u0131m\u0131z \u00f6z m\u00fcst\u0259qil d\u00f6vl\u0259tin\u0259 sahib \u00e7\u0131xmaq q\u00fcdr\u0259tind\u0259dir. Bu g\u00fcn Az\u0259rbaycan xalq\u0131m\u0131z\u0131n milli maraqlar\u0131n\u0131 r\u0259hb\u0259r tutaraq, yeni reall\u0131qlar \u015f\u0259raitind\u0259 m\u00fcst\u0259qil siyas\u0259tini daha c\u0259sar\u0259tl\u0259, prinsipiall\u0131qla davam etdirir, Konstitusiyan\u0131n t\u0259l\u0259bl\u0259rin\u0259 v\u0259 \u00f6z suveren h\u00fcquqlar\u0131na \u0259saslanaraq, qar\u015f\u0131da duran strateji h\u0259d\u0259fl\u0259r\u0259 do\u011fru inamla ir\u0259lil\u0259yir.Az\u0259rbaycan Xalq C\u00fcmhuriyy\u0259tinin yadigar\u0131 kimi Az\u0259rbaycan Bayra\u011f\u0131n\u0131n bu g\u00fcn art\u0131q i\u015f\u011faldan azad olunmu\u015f \u0259razil\u0259rd\u0259 dal\u011falanmas\u0131 Az\u0259rbaycan Prezidenti \u0130lham \u018fliyevin g\u0259l\u0259c\u0259k n\u0259sill\u0259r\u0259 unudulmaz d\u00f6vl\u0259t\u00e7ilik \u0259man\u0259tidir. 28 may 2023-c\u00fc ild\u0259 La\u00e7\u0131n \u015f\u0259h\u0259rin\u0259 qay\u0131dan sakinl\u0259rl\u0259 g\u00f6r\u00fc\u015f\u00fcnd\u0259 \u00abBu g\u00fcn ikiqat bayramd\u0131r. \u00c7\u00fcnki bu g\u00fcn La\u00e7\u0131n \u015f\u0259h\u0259rinin sakinl\u0259ri uzun fasil\u0259d\u0259n sonra \u00f6z do\u011fma \u015f\u0259h\u0259rin\u0259 qay\u0131d\u0131blar v\u0259 bu m\u00fcnasib\u0259tl\u0259 h\u0259m sizi, h\u0259m d\u0259 b\u00fct\u00fcn Az\u0259rbaycan xalq\u0131n\u0131 t\u0259brik etm\u0259k ist\u0259yir\u0259m. Bu g\u00f6r\u00fc\u015f\u00fc m\u0259hz 28 May tarixind\u0259 t\u0259\u015fkil etm\u0259yimizin b\u00f6y\u00fck r\u0259mzi m\u0259nas\u0131 var. Bu g\u00fcn m\u00fcst\u0259qil Az\u0259rbaycan d\u00f6vl\u0259ti h\u0259m d\u00fcnya miqyas\u0131nda \u00f6z m\u00f6vqel\u0259rini kifay\u0259t q\u0259d\u0259r m\u00f6hk\u0259ml\u0259ndirib, eyni zamanda, bu g\u00fcn m\u00fcst\u0259qil Az\u0259rbaycan d\u00f6vl\u0259ti ist\u0259nil\u0259n n\u0259tic\u0259ni \u0259ld\u0259 etm\u0259y\u0259 qadirdir\u00bb s\u00f6zl\u0259ri il\u0259 m\u00fcst\u0259qilliyimizin \u0259b\u0259diliyini \u0259minlikl\u0259 bildir\u0259n Prezident \u0130lham \u018fliyev varisliy\u0259 sadiqliyini d\u0259 ifad\u0259 edir.<\/p>\n<p><strong>Xuraman \u0130smay\u0131lq\u0131z\u0131, \u00ab\u0130ki sahil\u00bb<\/strong><\/p>\n","protected":false},"excerpt":{"rendered":"<p>28 May-Milli M\u00fcst\u0259qillik G\u00fcn\u00fc \u015e\u0259rqin ilk demokratik, h\u00fcquqi, d\u00fcny\u0259vi parlament respublikas\u0131 m\u00fccahidl\u0259rinin m\u00fcst\u0259qillik \u00e7a\u011f\u0131r\u0131\u015f\u0131: \u00ab\u0130stiqlal B\u0259yannam\u0259si\u00bb \u00abMilli azadl\u0131\u011fa nail olmaq \u00fc\u00e7\u00fcn milli oyan\u0131\u015f, milli dir\u00e7\u0259li\u015f, milli ruhun oyanmas\u0131 laz\u0131md\u0131r\u00bb s\u00f6yl\u0259y\u0259n Ulu \u00d6nd\u0259r Heyd\u0259r \u018fliyev azadl\u0131q v\u0259 istiqlaliyy\u0259timizi xalq\u0131m\u0131z\u0131n milli s\u0259rv\u0259ti hesab ed\u0259nl\u0259rin xatir\u0259sini h\u0259mi\u015f\u0259 \u0259ziz tutub, y\u00fcks\u0259k d\u0259y\u0259rl\u0259ndirib. XX \u0259srin \u0259vv\u0259lind\u0259 m\u00fcst\u0259qilliyin \u015firinliyini q\u0131sa m\u00fcdd\u0259td\u0259 d\u0259 olsa xalq\u0131m\u0131za n\u0259sib ed\u0259n Az\u0259rbaycan Xalq C\u00fcmhuriyy\u0259ti (AXC) f\u0259dail\u0259rinin misilsiz xidm\u0259tl\u0259ri say\u0259sind\u0259 m\u00fcs\u0259lman al\u0259mind\u0259 ilk demokratik respublika kimi tan\u0131nan Az\u0259rbaycan, eyni zamanda qad\u0131nlara s\u0259sverm\u0259 h\u00fcquq qazand\u0131ran yegan\u0259 \u00f6lk\u0259 idi. \u015e\u0259rqd\u0259 ilk olaraq \u00f6lk\u0259mizd\u0259 Xalq&hellip;<\/p>\n","protected":false},"author":2,"featured_media":808747,"comment_status":"closed","ping_status":"closed","sticky":false,"template":"","format":"standard","meta":{"om_disable_all_campaigns":false,"_monsterinsights_skip_tracking":false,"_monsterinsights_sitenote_active":false,"_monsterinsights_sitenote_note":"","_monsterinsights_sitenote_category":0},"categories":[19],"tags":[],"aioseo_notices":[],"gutentor_comment":0,"rttpg_featured_image_url":{"full":["https:\/\/arantv.az\/wp-content\/uploads\/2025\/05\/709d00f2174533489973413417311019681-1.jpg",975,540,false],"landscape":["https:\/\/arantv.az\/wp-content\/uploads\/2025\/05\/709d00f2174533489973413417311019681-1.jpg",975,540,false],"portraits":["https:\/\/arantv.az\/wp-content\/uploads\/2025\/05\/709d00f2174533489973413417311019681-1.jpg",975,540,false],"thumbnail":["https:\/\/arantv.az\/wp-content\/uploads\/2025\/05\/709d00f2174533489973413417311019681-1-500x280.jpg",500,280,true],"medium":["https:\/\/arantv.az\/wp-content\/uploads\/2025\/05\/709d00f2174533489973413417311019681-1-660x365.jpg",660,365,true],"large":["https:\/\/arantv.az\/wp-content\/uploads\/2025\/05\/709d00f2174533489973413417311019681-1-840x465.jpg",640,354,true],"1536x1536":["https:\/\/arantv.az\/wp-content\/uploads\/2025\/05\/709d00f2174533489973413417311019681-1.jpg",975,540,false],"2048x2048":["https:\/\/arantv.az\/wp-content\/uploads\/2025\/05\/709d00f2174533489973413417311019681-1.jpg",975,540,false],"post-thumbnail":["https:\/\/arantv.az\/wp-content\/uploads\/2025\/05\/709d00f2174533489973413417311019681-1-240x172.jpg",240,172,true],"advps-thumb-one":["https:\/\/arantv.az\/wp-content\/uploads\/2025\/05\/709d00f2174533489973413417311019681-1.jpg",975,540,false]},"rttpg_author":{"display_name":"V\u00fcsal Rafiqo\u011flu","author_link":"https:\/\/arantv.az\/?author=2"},"rttpg_comment":0,"rttpg_category":"<a href=\"https:\/\/arantv.az\/?cat=19\" rel=\"category\">G\u00fcnd\u0259m<\/a>","rttpg_excerpt":"28 May-Milli M\u00fcst\u0259qillik G\u00fcn\u00fc \u015e\u0259rqin ilk demokratik, h\u00fcquqi, d\u00fcny\u0259vi parlament respublikas\u0131 m\u00fccahidl\u0259rinin m\u00fcst\u0259qillik \u00e7a\u011f\u0131r\u0131\u015f\u0131: \u00ab\u0130stiqlal B\u0259yannam\u0259si\u00bb \u00abMilli azadl\u0131\u011fa nail olmaq \u00fc\u00e7\u00fcn milli oyan\u0131\u015f, milli dir\u00e7\u0259li\u015f, milli ruhun oyanmas\u0131 laz\u0131md\u0131r\u00bb s\u00f6yl\u0259y\u0259n Ulu \u00d6nd\u0259r Heyd\u0259r \u018fliyev azadl\u0131q v\u0259 istiqlaliyy\u0259timizi xalq\u0131m\u0131z\u0131n milli s\u0259rv\u0259ti hesab ed\u0259nl\u0259rin xatir\u0259sini h\u0259mi\u015f\u0259 \u0259ziz tutub, y\u00fcks\u0259k d\u0259y\u0259rl\u0259ndirib. XX \u0259srin \u0259vv\u0259lind\u0259 m\u00fcst\u0259qilliyin \u015firinliyini q\u0131sa m\u00fcdd\u0259td\u0259&hellip;","_links":{"self":[{"href":"https:\/\/arantv.az\/index.php?rest_route=\/wp\/v2\/posts\/808746"}],"collection":[{"href":"https:\/\/arantv.az\/index.php?rest_route=\/wp\/v2\/posts"}],"about":[{"href":"https:\/\/arantv.az\/index.php?rest_route=\/wp\/v2\/types\/post"}],"author":[{"embeddable":true,"href":"https:\/\/arantv.az\/index.php?rest_route=\/wp\/v2\/users\/2"}],"replies":[{"embeddable":true,"href":"https:\/\/arantv.az\/index.php?rest_route=%2Fwp%2Fv2%2Fcomments&post=808746"}],"version-history":[{"count":2,"href":"https:\/\/arantv.az\/index.php?rest_route=\/wp\/v2\/posts\/808746\/revisions"}],"predecessor-version":[{"id":808749,"href":"https:\/\/arantv.az\/index.php?rest_route=\/wp\/v2\/posts\/808746\/revisions\/808749"}],"wp:featuredmedia":[{"embeddable":true,"href":"https:\/\/arantv.az\/index.php?rest_route=\/wp\/v2\/media\/808747"}],"wp:attachment":[{"href":"https:\/\/arantv.az\/index.php?rest_route=%2Fwp%2Fv2%2Fmedia&parent=808746"}],"wp:term":[{"taxonomy":"category","embeddable":true,"href":"https:\/\/arantv.az\/index.php?rest_route=%2Fwp%2Fv2%2Fcategories&post=808746"},{"taxonomy":"post_tag","embeddable":true,"href":"https:\/\/arantv.az\/index.php?rest_route=%2Fwp%2Fv2%2Ftags&post=808746"}],"curies":[{"name":"wp","href":"https:\/\/api.w.org\/{rel}","templated":true}]}}