{"id":808750,"date":"2025-05-28T09:59:53","date_gmt":"2025-05-28T05:59:53","guid":{"rendered":"https:\/\/arantv.az\/?p=808750"},"modified":"2025-05-28T09:59:53","modified_gmt":"2025-05-28T05:59:53","slug":"%c9%99rdogan-az%c9%99rbaycana-yola-dusub","status":"publish","type":"post","link":"https:\/\/arantv.az\/?p=808750","title":{"rendered":"\u018frdo\u011fan Az\u0259rbaycana yola d\u00fc\u015f\u00fcb"},"content":{"rendered":"<p>T\u00fcrkiy\u0259 Prezidenti R\u0259c\u0259b Tayyib \u018frdo\u011fan Az\u0259rbaycana yola d\u00fc\u015f\u00fcb.<\/p>\n<p>Bu bar\u0259d\u0259 &#8220;TRT Haber&#8221; m\u0259lumat yay\u0131b.<\/p>\n<p>Qeyd ed\u0259k ki, bu g\u00fcn T\u00fcrkiy\u0259-Az\u0259rbaycan-Pakistan \u00dc\u00e7t\u0259r\u0259fli Zirv\u0259sinin II iclas\u0131 ke\u00e7iril\u0259c\u0259k. Az\u0259rbaycan Prezidenti \u0130lham \u018fliyev, T\u00fcrkiy\u0259 Prezidenti v\u0259 Pakistan\u0131n Ba\u015f naziri M\u0259h\u0259mm\u0259d \u015eahbaz \u015e\u0259rif La\u00e7\u0131n Beyn\u0259lxalq Hava Liman\u0131n\u0131n a\u00e7\u0131l\u0131\u015f m\u0259rasimind\u0259 d\u0259 i\u015ftirak ed\u0259c\u0259k.<\/p>\n","protected":false},"excerpt":{"rendered":"<p>T\u00fcrkiy\u0259 Prezidenti R\u0259c\u0259b Tayyib \u018frdo\u011fan Az\u0259rbaycana yola d\u00fc\u015f\u00fcb. Bu bar\u0259d\u0259 &#8220;TRT Haber&#8221; m\u0259lumat yay\u0131b. Qeyd ed\u0259k ki, bu g\u00fcn T\u00fcrkiy\u0259-Az\u0259rbaycan-Pakistan \u00dc\u00e7t\u0259r\u0259fli Zirv\u0259sinin II iclas\u0131 ke\u00e7iril\u0259c\u0259k. Az\u0259rbaycan Prezidenti \u0130lham \u018fliyev, T\u00fcrkiy\u0259 Prezidenti v\u0259 Pakistan\u0131n Ba\u015f naziri M\u0259h\u0259mm\u0259d \u015eahbaz \u015e\u0259rif La\u00e7\u0131n Beyn\u0259lxalq Hava Liman\u0131n\u0131n a\u00e7\u0131l\u0131\u015f m\u0259rasimind\u0259 d\u0259 i\u015ftirak ed\u0259c\u0259k.<\/p>\n","protected":false},"author":2,"featured_media":808751,"comment_status":"closed","ping_status":"closed","sticky":false,"template":"","format":"standard","meta":{"om_disable_all_campaigns":false,"_monsterinsights_skip_tracking":false,"_monsterinsights_sitenote_active":false,"_monsterinsights_sitenote_note":"","_monsterinsights_sitenote_category":0},"categories":[19],"tags":[],"aioseo_notices":[],"gutentor_comment":0,"rttpg_featured_image_url":{"full":["https:\/\/arantv.az\/wp-content\/uploads\/2025\/05\/79b2ef16996aebe21d30e37d6fce6e93.jpg",850,500,false],"landscape":["https:\/\/arantv.az\/wp-content\/uploads\/2025\/05\/79b2ef16996aebe21d30e37d6fce6e93.jpg",850,500,false],"portraits":["https:\/\/arantv.az\/wp-content\/uploads\/2025\/05\/79b2ef16996aebe21d30e37d6fce6e93.jpg",850,500,false],"thumbnail":["https:\/\/arantv.az\/wp-content\/uploads\/2025\/05\/79b2ef16996aebe21d30e37d6fce6e93-500x280.jpg",500,280,true],"medium":["https:\/\/arantv.az\/wp-content\/uploads\/2025\/05\/79b2ef16996aebe21d30e37d6fce6e93-621x365.jpg",621,365,true],"large":["https:\/\/arantv.az\/wp-content\/uploads\/2025\/05\/79b2ef16996aebe21d30e37d6fce6e93-840x494.jpg",640,376,true],"1536x1536":["https:\/\/arantv.az\/wp-content\/uploads\/2025\/05\/79b2ef16996aebe21d30e37d6fce6e93.jpg",850,500,false],"2048x2048":["https:\/\/arantv.az\/wp-content\/uploads\/2025\/05\/79b2ef16996aebe21d30e37d6fce6e93.jpg",850,500,false],"post-thumbnail":["https:\/\/arantv.az\/wp-content\/uploads\/2025\/05\/79b2ef16996aebe21d30e37d6fce6e93-240x172.jpg",240,172,true],"advps-thumb-one":["https:\/\/arantv.az\/wp-content\/uploads\/2025\/05\/79b2ef16996aebe21d30e37d6fce6e93.jpg",850,500,false]},"rttpg_author":{"display_name":"V\u00fcsal Rafiqo\u011flu","author_link":"https:\/\/arantv.az\/?author=2"},"rttpg_comment":0,"rttpg_category":"<a href=\"https:\/\/arantv.az\/?cat=19\" rel=\"category\">G\u00fcnd\u0259m<\/a>","rttpg_excerpt":"T\u00fcrkiy\u0259 Prezidenti R\u0259c\u0259b Tayyib \u018frdo\u011fan Az\u0259rbaycana yola d\u00fc\u015f\u00fcb. Bu bar\u0259d\u0259 &#8220;TRT Haber&#8221; m\u0259lumat yay\u0131b. Qeyd ed\u0259k ki, bu g\u00fcn T\u00fcrkiy\u0259-Az\u0259rbaycan-Pakistan \u00dc\u00e7t\u0259r\u0259fli Zirv\u0259sinin II iclas\u0131 ke\u00e7iril\u0259c\u0259k. Az\u0259rbaycan Prezidenti \u0130lham \u018fliyev, T\u00fcrkiy\u0259 Prezidenti v\u0259 Pakistan\u0131n Ba\u015f naziri M\u0259h\u0259mm\u0259d \u015eahbaz \u015e\u0259rif La\u00e7\u0131n Beyn\u0259lxalq Hava Liman\u0131n\u0131n a\u00e7\u0131l\u0131\u015f m\u0259rasimind\u0259 d\u0259 i\u015ftirak ed\u0259c\u0259k.","_links":{"self":[{"href":"https:\/\/arantv.az\/index.php?rest_route=\/wp\/v2\/posts\/808750"}],"collection":[{"href":"https:\/\/arantv.az\/index.php?rest_route=\/wp\/v2\/posts"}],"about":[{"href":"https:\/\/arantv.az\/index.php?rest_route=\/wp\/v2\/types\/post"}],"author":[{"embeddable":true,"href":"https:\/\/arantv.az\/index.php?rest_route=\/wp\/v2\/users\/2"}],"replies":[{"embeddable":true,"href":"https:\/\/arantv.az\/index.php?rest_route=%2Fwp%2Fv2%2Fcomments&post=808750"}],"version-history":[{"count":1,"href":"https:\/\/arantv.az\/index.php?rest_route=\/wp\/v2\/posts\/808750\/revisions"}],"predecessor-version":[{"id":808752,"href":"https:\/\/arantv.az\/index.php?rest_route=\/wp\/v2\/posts\/808750\/revisions\/808752"}],"wp:featuredmedia":[{"embeddable":true,"href":"https:\/\/arantv.az\/index.php?rest_route=\/wp\/v2\/media\/808751"}],"wp:attachment":[{"href":"https:\/\/arantv.az\/index.php?rest_route=%2Fwp%2Fv2%2Fmedia&parent=808750"}],"wp:term":[{"taxonomy":"category","embeddable":true,"href":"https:\/\/arantv.az\/index.php?rest_route=%2Fwp%2Fv2%2Fcategories&post=808750"},{"taxonomy":"post_tag","embeddable":true,"href":"https:\/\/arantv.az\/index.php?rest_route=%2Fwp%2Fv2%2Ftags&post=808750"}],"curies":[{"name":"wp","href":"https:\/\/api.w.org\/{rel}","templated":true}]}}