{"id":808760,"date":"2025-05-28T12:14:31","date_gmt":"2025-05-28T08:14:31","guid":{"rendered":"https:\/\/arantv.az\/?p=808760"},"modified":"2025-05-28T12:14:31","modified_gmt":"2025-05-28T08:14:31","slug":"sibiqanin-s%c9%99f%c9%99ri-%c9%99trafinda-st%c9%99kanda-firtina-c%c9%99hdi","status":"publish","type":"post","link":"https:\/\/arantv.az\/?p=808760","title":{"rendered":"Sibiqan\u0131n s\u0259f\u0259ri \u0259traf\u0131nda \u201cst\u0259kanda f\u0131rt\u0131na\u201d c\u0259hdi"},"content":{"rendered":"<p><strong>Az\u0259rbaycan-Ukrayna m\u00fcnasib\u0259tl\u0259ri, Ukrayna xarici i\u015fl\u0259r nazirinin Bak\u0131ya s\u0259f\u0259ri \u00fc\u00e7\u00fcnc\u00fc \u00f6lk\u0259y\u0259 qar\u015f\u0131 deyil<\/strong><\/p>\n<p>Ukraynan\u0131n xarici i\u015fl\u0259r naziri Andrey Sibiqan\u0131n Bak\u0131ya s\u0259f\u0259ri, g\u00f6zl\u0259nildiyi kimi, Rusiyan\u0131n bir s\u0131ra dair\u0259l\u0259rind\u0259 q\u0131c\u0131q v\u0259 narahatl\u0131q do\u011furub. Bu m\u0259s\u0259l\u0259d\u0259 yen\u0259 \u0259sas canf\u0259\u015fanl\u0131\u011f\u0131 anti-Az\u0259rbaycan m\u00f6vqeyi il\u0259 tan\u0131nan, art\u0131q \u00f6lk\u0259mizd\u0259 giri\u015fi bloklanan \u201ctsargrad.tv\u201d edirdi. Sibiqan\u0131n s\u0259f\u0259ri haqda yazanda da \u00f6nc\u0259 qeyd olunurdu ki, Az\u0259rbaycan Kiyev\u0259 indiy\u0259d\u0259k 40 milyon dollara yax\u0131n v\u0259sait ay\u0131r\u0131b v\u0259 Ukraynan\u0131n enerji infrastrukturunun b\u0259rpas\u0131na f\u0259al k\u00f6m\u0259k edir. \u0130ddia olunur ki, guya bu s\u0259f\u0259r Rusiya xarici i\u015fl\u0259r naziri Sergey Lavrovun \u0130r\u0259vana getm\u0259sin\u0259 \u201ccavabd\u0131r\u201d. Ukrayna X\u0130N r\u0259hb\u0259rl\u0259rinin m\u00fcharib\u0259nin ba\u015flad\u0131\u011f\u0131 3 ild\u0259 C\u0259nubi Qafqaza ilk d\u0259f\u0259 olaraq s\u0259f\u0259r etm\u0259si v\u0259 Az\u0259rbaycan\u0131 se\u00e7m\u0259si \u015fimal qon\u015fumzun qarn\u0131n\u0131n sanc\u0131s\u0131n\u0131 art\u0131r\u0131b. Vur\u011fulan\u0131r ki, guya Az\u0259rbaycan hakimiyy\u0259ti m\u0259lum t\u0259yyar\u0259 q\u0259zas\u0131ndan sonra Rusiyaya qar\u015f\u0131 \u00e7\u0131x\u0131r v\u0259 bu s\u0259f\u0259ri d\u0259 Q\u0259rb\u0259 mesaj kimi q\u0259bul etm\u0259k laz\u0131md\u0131r v\u0259 s.<\/p>\n<p>\u0130ki \u00f6lk\u0259 aras\u0131nda m\u00fcnasib\u0259tl\u0259rin tarixi yeni deyil v\u0259 h\u0259r zaman y\u00fcks\u0259k s\u0259viyy\u0259d\u0259 olub. Burada h\u0259r iki \u00f6lk\u0259nin ke\u00e7mi\u015f SSR\u0130 respublikas\u0131 olmas\u0131 v\u0259 ke\u00e7mi\u015fd\u0259n g\u0259l\u0259n siyasi, iqtisadi, m\u0259d\u0259ni ba\u011flar x\u00fcsusil\u0259 \u00f6n\u0259mlidir. Eyni zamanda h\u0259r iki \u00f6lk\u0259 \u0259razi b\u00fct\u00f6vl\u00fcy\u00fcn\u00fcn pozulmas\u0131ndan \u0259ziyy\u0259t \u00e7\u0259kib v\u0259 bir-birini qar\u015f\u0131l\u0131ql\u0131 \u015f\u0259kild\u0259 d\u0259st\u0259kl\u0259yib. Bu m\u0259qam, el\u0259c\u0259 d\u0259 ikit\u0259r\u0259fli m\u00fcnasib\u0259tl\u0259r v\u0259 m\u00fcxt\u0259lif sferalarda \u0259m\u0259kda\u015fl\u0131\u011f\u0131n inki\u015faf\u0131 Sibiqan\u0131n Bak\u0131 s\u0259f\u0259ri zaman\u0131 m\u00fczakir\u0259 olundu. Ukraynan\u0131n xarici i\u015fl\u0259r nazirinin Az\u0259rbaycan Prezidenti \u0130lham \u018fliyev t\u0259r\u0259find\u0259n q\u0259bulu zaman\u0131 da yaln\u0131z ikit\u0259r\u0259fli m\u0259s\u0259l\u0259l\u0259r g\u00fcnd\u0259md\u0259 idi. Bu o dem\u0259kdir ki, Bak\u0131-Kiyev m\u00fcnasib\u0259tl\u0259ri yaln\u0131z ikit\u0259r\u0259fli xarakter da\u015f\u0131y\u0131r v\u0259 burada hans\u0131sa \u00fc\u00e7\u00fcnc\u00fc \u00f6lk\u0259 il\u0259 ba\u011fl\u0131 m\u0259s\u0259l\u0259l\u0259r m\u00fczakir\u0259 m\u00f6vzusu deyil.<\/p>\n<p>Az\u0259rbaycan h\u0259r hans\u0131 bir d\u00f6vl\u0259tl\u0259 m\u00fcnasib\u0259tl\u0259rini m\u00fcst\u0259qil \u015f\u0259kild\u0259 qurur v\u0259 bu, onun h\u00fcququdur. Eyni zamanda Ukrayna il\u0259 davam ed\u0259n m\u00fcharib\u0259d\u0259 \u00f6lk\u0259miz neytral m\u00f6vqe n\u00fcmayi\u015f etdirib. Nazirin s\u0259f\u0259ri zaman\u0131 da s\u0259sl\u0259n\u0259n fikirl\u0259r\u0259 baxsaq, burada \u00fc\u00e7\u00fcnc\u00fc \u00f6lk\u0259y\u0259 y\u00f6n\u0259lik h\u0259r hans\u0131 b\u0259yanat s\u0259sl\u0259nm\u0259yib. \u018fksin\u0259, postsovet m\u0259kan\u0131nda s\u00fclh v\u0259 \u0259min-amanl\u0131\u011f\u0131n qurulmas\u0131 diqq\u0259t m\u0259rk\u0259zind\u0259 olub.<\/p>\n<p>Sibiqa Haqq\u0131n.az-a m\u00fcsahib\u0259sind\u0259 Ukraynaya d\u0259st\u0259y\u0259 g\u00f6r\u0259 Az\u0259rbaycan xalq\u0131na, humanitar yard\u0131ma g\u00f6r\u0259 Prezident \u0130lham \u018fliyev\u0259 minn\u0259tdar olduqlar\u0131n\u0131 deyib: \u201cBizim \u00fc\u00e7\u00fcn \u0259n \u00e7\u0259tin vaxtda, s\u0259rt q\u0131\u015f d\u00f6vr\u00fcnd\u0259 Az\u0259rbaycan qarda\u015f k\u00f6m\u0259k \u0259lini uzad\u0131b. Bizi elektrik avadanl\u0131qlar\u0131 il\u0259 t\u0259min etdil\u0259r. Az\u0259rbaycan minalar\u0131n t\u0259mizl\u0259nm\u0259si prosesind\u0259, ukraynal\u0131 u\u015faqlar\u0131n sa\u011flaml\u0131\u011f\u0131nda v\u0259 reabilitasiyas\u0131nda b\u00f6y\u00fck rol oynay\u0131b. Biz \u00e7ox \u00fcmid edirik ki, Az\u0259rbaycan g\u0259l\u0259c\u0259kd\u0259 Ukraynan\u0131n b\u0259rpas\u0131nda \u0259n f\u0259al i\u015ftirak ed\u0259c\u0259k\u201d.<\/p>\n<p><strong>Nazir deyib ki, Bak\u0131da Prezident \u0130lham \u018fliyevl\u0259 ilk d\u0259f\u0259 nazir kimi g\u00f6r\u00fc\u015f\u00fcb, bundan \u0259vv\u0259l iki d\u00f6vl\u0259t ba\u015f\u00e7\u0131s\u0131 aras\u0131nda apar\u0131lan dan\u0131\u015f\u0131qlarda i\u015ftirak edib.\u00a0 \u201cSiz Zelenskid\u0259n \u018fliyev\u0259 hans\u0131sa \u015f\u0259xsi v\u0259 ya x\u00fcsusi mesajla g\u0259lmisiniz\u201d sual\u0131na nazir bel\u0259 cavab verib:<\/strong>\u00a0\u201cT\u0259bii ki, b\u0259zi siqnallar\u0131 \u00e7atd\u0131rma\u011fa g\u0259lmi\u015f\u0259m. Prezident Zelenskinin g\u00f6st\u0259ri\u015fi il\u0259. Bak\u0131ya getm\u0259zd\u0259n \u0259vv\u0259l bu s\u0259f\u0259rin x\u00fcsusi \u0259h\u0259miyy\u0259tini n\u0259z\u0259r\u0259 alaraq, prezident Zelenski il\u0259 uzun s\u00f6hb\u0259t oldu. M\u0259n laz\u0131m olan h\u0259r \u015feyi birba\u015fa prezident \u018fliyev\u0259 \u00e7atd\u0131rd\u0131m. \u0130lham \u018fliyevin m\u00fcdrik m\u0259sl\u0259h\u0259tl\u0259rin\u0259, geosiyasi v\u0259ziyy\u0259t\u0259, regionda v\u0259 d\u00fcnyada v\u0259ziyy\u0259t\u0259 verdiyi qiym\u0259t\u0259 qulaq asmaq bizim \u00fc\u00e7\u00fcn \u00e7ox vacib idi. Bir daha deyir\u0259m, bu, \u00e7ox vacib g\u00f6r\u00fc\u015f idi\u201d.<\/p>\n<p><img src=\"https:\/\/www.scara.gov.az\/storage\/postImage\/9baf957f8d743e8f3e96ae8073f25ba7.jpg\" alt=\"Hikm\u0259t Babao\u011flu: Az\u0259rbaycan\u00e7\u0131l\u0131q ideologiyas\u0131 Az\u0259rbaycan xalq\u0131n\u0131n milli  neokonservatizmidir | Dini Qurumlarla \u0130\u015f \u00dczr\u0259 D\u00f6vl\u0259t Komit\u0259si\" \/><\/p>\n<p><strong>\u00a0Hikm\u0259t Babao\u011flu<\/strong><\/p>\n<p><strong>Milli M\u0259clisin deputat\u0131 Hikm\u0259t Babao\u011flu \u201cYeni M\u00fcsavat\u201da bildirdi ki, Az\u0259rbaycan\u0131n xarici siyas\u0259tind\u0259 m\u0259ntiq siyasi m\u00fcnasib\u0259tl\u0259rin \u00fc\u00e7\u00fcnc\u00fc t\u0259r\u0259f\u0259 \u015famil olunmamas\u0131na hesablan\u0131b:<\/strong>\u00a0\u201cY\u0259ni h\u0259r hans\u0131 ba\u015fqa bir d\u00f6vl\u0259tl\u0259 \u0259laq\u0259l\u0259r, \u0259m\u0259kda\u015fl\u0131\u011f\u0131n inki\u015faf\u0131 he\u00e7 vaxt \u00fc\u00e7\u00fcnc\u00fc d\u00f6vl\u0259t\u0259 qar\u015f\u0131 y\u00f6n\u0259lmir. Tam \u0259ksin\u0259, ikit\u0259r\u0259fli m\u00fcnasib\u0259tl\u0259rin \u00fc\u00e7t\u0259r\u0259fli-d\u00f6rdt\u0259r\u0259fli formatlara ke\u00e7m\u0259si hadis\u0259si Az\u0259rbaycan\u0131n xarici siyas\u0259tind\u0259 m\u00f6vcuddur. Amma ikit\u0259r\u0259fli m\u00fcnasib\u0259tl\u0259rd\u0259n \u00fc\u00e7\u00fcnc\u00fc d\u00f6vl\u0259t\u0259 qar\u015f\u0131 aqressiya v\u0259 ya cavab kimi t\u0259qdim olunmas\u0131 tamamil\u0259 yanl\u0131\u015fd\u0131r. Ona g\u00f6r\u0259 d\u0259 Ukrayna xarici i\u015fl\u0259r nazirinin Az\u0259rbaycana s\u0259f\u0259rinin he\u00e7 bir \u015f\u0259kild\u0259 ba\u015fqa istiqam\u0259td\u0259 yozulmas\u0131 m\u00fcmk\u00fcn deyil. \u00c7\u00fcnki Az\u0259rbaycan\u0131n diplomatik t\u0259cr\u00fcb\u0259sind\u0259 bel\u0259 bir hadis\u0259 yoxdur. D\u00fc\u015f\u00fcn\u00fcr\u0259m ki, sad\u0259c\u0259, Az\u0259rbaycan\u0131n beyn\u0259lxalq h\u00fcquqa s\u00f6yk\u0259n\u0259n v\u0259 beyn\u0259lxalq h\u00fcququn \u0259sas prinsipi olan \u0259razi b\u00fct\u00f6vl\u00fcy\u00fcn\u0259 s\u00f6yk\u0259n\u0259n xarici siyas\u0259t kursunu b\u0259zi aqressiv \u00f6lk\u0259l\u0259r \u00f6z maraqlar\u0131 kontekstind\u0259 \u015f\u0259rh ed\u0259r\u0259k bel\u0259 n\u0259tic\u0259y\u0259 g\u0259lirl\u0259r. Kimin nec\u0259 d\u00fc\u015f\u00fcnm\u0259sind\u0259n v\u0259 ya kimin bunu nec\u0259 qar\u015f\u0131lamas\u0131ndan as\u0131l\u0131 olmayaraq Az\u0259rbaycan m\u00fcst\u0259qil d\u00f6vl\u0259tdir. \u0130st\u0259nil\u0259n \u00fc\u00e7\u00fcnc\u00fc \u00f6lk\u0259 il\u0259 m\u00fcnasib\u0259tl\u0259ri qurmaq da Az\u0259rbaycan\u0131n h\u00fcququdur. Ukrayna xarici i\u015fl\u0259r nazirinin Az\u0259rbaycana s\u0259f\u0259rinin ba\u015fqa kontekst\u0259 yozulmas\u0131 regiona qar\u015f\u0131 siyasi iddialar\u0131 olan m\u0259rk\u0259zl\u0259rin i\u015fidir. Ukrayna-Az\u0259rbaycan m\u00fcnasib\u0259tl\u0259rinin yax\u0131nla\u015fmas\u0131 regionda s\u00fclh\u0259 xidm\u0259t edir\u201d.<\/p>\n<p><img src=\"https:\/\/hurriyyet.az\/frontend\/uploads\/miles\/mehemmed%20esedullazadeee.jpg\" alt=\"Art\u0131q Tehranda s\u0259firliyimizin a\u00e7\u0131lmas\u0131 g\u00f6zl\u0259nilmir&quot; - M\u018fH\u018fMM\u018fD \u018fS\u018fDULLAZAD\u018f\" \/><\/p>\n<p><strong>M\u0259h\u0259mm\u0259d \u018fs\u0259dullazad\u0259<\/strong><\/p>\n<p><strong>Politoloq M\u0259h\u0259mm\u0259d \u018fs\u0259dullazad\u0259 bildirdi ki, Rusiyadak\u0131 anti-Az\u0259rbaycan q\u00fcvv\u0259l\u0259r v\u0259 onlara ba\u011fl\u0131 media Az\u0259rbaycan-Rusiya m\u00fcnasib\u0259tl\u0259rini tamam pozmaq \u00fc\u00e7\u00fcn \u00e7al\u0131\u015f\u0131rlar:<\/strong>\u00a0\u201cRusiya Prezidenti Vladimir Putin 28 May M\u00fcst\u0259qillik G\u00fcn\u00fc m\u00fcnasib\u0259til\u0259 Az\u0259rbaycan Prezidenti \u0130lham \u018fliyev\u0259 \u00fcnvanland\u0131\u011f\u0131 t\u0259brik m\u0259ktubunda Rusiya-Az\u0259rbaycan m\u00fcnasib\u0259tl\u0259rinin dostluq, m\u00fctt\u0259fiqlik xarakteri da\u015f\u0131d\u0131\u011f\u0131n\u0131 qeyd edib. Vladimir Putin \u0259minliyini ifad\u0259 edib ki, konstruktiv ikit\u0259r\u0259fli \u0259m\u0259kda\u015fl\u0131\u011f\u0131n, beyn\u0259lxalq m\u0259s\u0259l\u0259l\u0259rd\u0259 t\u0259r\u0259fda\u015fl\u0131q \u00fczr\u0259 qar\u015f\u0131l\u0131ql\u0131 f\u0259aliyy\u0259tin bundan sonra da birg\u0259 s\u0259yl\u0259rl\u0259 g\u00fccl\u0259ndirilm\u0259sini t\u0259min ed\u0259 bil\u0259c\u0259yik. Rusiya lideri h\u0259m\u00e7inin vur\u011fulay\u0131b ki, bu, xalqlar\u0131m\u0131z\u0131n maraqlar\u0131na tamamil\u0259 uy\u011fundur &#8211; C\u0259nubi Qafqazda v\u0259 X\u0259z\u0259r regionunda t\u0259hl\u00fck\u0259sizliyin v\u0259 sabitliyin m\u00f6hk\u0259ml\u0259ndirilm\u0259si m\u0259cras\u0131nda davam edir. Rusiya Prezidentinin bu fikirl\u0259ri m\u00fcsb\u0259tdir. Ancaq Rusiya medias\u0131n\u0131n v\u0259 bir s\u0131ra siyas\u0259t\u00e7il\u0259rinin, deputatlar\u0131n\u0131n Az\u0259rbaycanla ba\u011fl\u0131 isterikas\u0131 il\u0259 bu yaz\u0131lanlar t\u0259zad t\u0259\u015fkil edir. Bel\u0259 \u00e7\u0131x\u0131r ki, Az\u0259rbaycana qar\u015f\u0131 olan dair\u0259l\u0259r prezident Putinin m\u00f6vqeyini bel\u0259 n\u0259z\u0259r\u0259 alm\u0131rlar. Onlar b\u00fct\u00fcn imkanlar\u0131n\u0131 s\u0259f\u0259rb\u0259r edibl\u0259r ki, Az\u0259rbaycan-Rusiya m\u00fcnasib\u0259tl\u0259ri pozulsun. Ukrayna xarici i\u015fl\u0259r nazirinin Az\u0259rbaycana s\u0259f\u0259rinin guya Rusiya xarici i\u015fl\u0259r nazirinin Erm\u0259nistan s\u0259f\u0259rin\u0259 cavab olaraq t\u0259\u015fkil edildiyini iddia el\u0259m\u0259l\u0259ri d\u0259 m\u00fcnasib\u0259tl\u0259r\u0259 z\u0259rb\u0259 vurma\u011fa hesablan\u0131b. Ona g\u00f6r\u0259 d\u0259 \u0259g\u0259r Prezident Putin t\u0259brik m\u0259ktubundak\u0131 fikirl\u0259rind\u0259 s\u0259mimidirs\u0259, h\u0259m\u00e7inin Rusiya il\u0259 Az\u0259rbaycan aras\u0131nda m\u00fctt\u0259fiqlik m\u00fcnasib\u0259tl\u0259ri haqda 2022-ci ild\u0259 imzalanm\u0131\u015f s\u0259n\u0259d\u0259 sadiqdirl\u0259rs\u0259, Rusiyada anti-Az\u0259rbaycan t\u0259bli\u011fat\u0131n\u0131 alovland\u0131ran q\u00fcvv\u0259l\u0259r susdurulmal\u0131d\u0131r\u201d.<\/p>\n<p><img src=\"https:\/\/konkret.az\/cloud\/uploads\/2021\/04\/elxansahinoglu.jpg\" alt=\"Elxan \u015eahino\u011flu son \u00e7\u0131x\u0131\u015f\u0131 il\u0259 \u00f6z\u00fcn\u00fc v\u0259 \u201ca\u011falar\u0131n\u0131\u201d bel\u0259 \u0259l\u0259 verdi -  \u018fTRAFLI | KONKRET\" \/><\/p>\n<p><strong>Elxan \u015eahino\u011flu<\/strong><\/p>\n<p><strong>Politoloq Elxan \u015eahino\u011flu is\u0259 deyib ki, Az\u0259rbaycan-Ukrayna m\u00fcnasib\u0259tl\u0259ri, Ukrayna xarici i\u015fl\u0259r nazirinin Bak\u0131ya s\u0259f\u0259ri \u00fc\u00e7\u00fcnc\u00fc \u00f6lk\u0259y\u0259 qar\u015f\u0131 deyil:<\/strong>\u00a0\u201cAz\u0259rbaycan Prezidenti \u0130lham \u018fliyev may\u0131n 25-d\u0259 Ukraynan\u0131n xarici i\u015fl\u0259r naziri Andrey Sibiqan\u0131 q\u0259bul edib. Sibiqa Ukrayna Prezidenti Volodimir Zelenskinin salamlar\u0131n\u0131 \u0130lham \u018fliyev\u0259 \u00e7atd\u0131r\u0131b. Az\u0259rbaycan Prezidenti beyn\u0259lxalq konfranslarda f\u00fcrs\u0259t d\u00fc\u015f\u0259n kimi Volodimir Zelenski il\u0259 ikit\u0259r\u0259fli g\u00f6r\u00fc\u015f ke\u00e7irir. Xat\u0131rlatmaq yerin\u0259 d\u00fc\u015f\u0259r ki, Volodimir Zelenski prezident se\u00e7ildikd\u0259n sonra C\u0259nubi Qafqaz \u00f6lk\u0259l\u0259ri aras\u0131nda yaln\u0131z Az\u0259rbaycana s\u0259f\u0259r edib. Bu, Zelenskinin Az\u0259rbaycanla \u0259m\u0259kda\u015fl\u0131\u011fa verdiyi \u0259h\u0259miyy\u0259td\u0259n ir\u0259li g\u0259lir.<\/p>\n<p>\u0130lham \u018fliyev Ukraynan\u0131n \u0259razi b\u00fct\u00f6vl\u00fcy\u00fcn\u00fc d\u0259st\u0259kl\u0259diyini d\u0259f\u0259l\u0259rl\u0259 vur\u011fulay\u0131b. D\u00f6vl\u0259t ba\u015f\u00e7\u0131s\u0131 aprel ay\u0131nda ADA Universitetind\u0259 \u201cYeni d\u00fcnya nizam\u0131na do\u011fru\u201d m\u00f6vzusunda ke\u00e7iril\u0259n beyn\u0259lxalq forumda \u00e7\u0131x\u0131\u015f\u0131 zaman\u0131 da \u201cbiz h\u0259r zaman Ukraynan\u0131n \u0259razi b\u00fct\u00f6vl\u00fcy\u00fcn\u00fc v\u0259 suverenliyini d\u0259st\u0259kl\u0259mi\u015fik, d\u0259st\u0259kl\u0259yirik v\u0259 d\u0259st\u0259kl\u0259m\u0259kd\u0259 davam ed\u0259c\u0259yik\u201d ifad\u0259sini i\u015fl\u0259dib. Ukrayna il\u0259 m\u00fcnasib\u0259tl\u0259r Rusiyaya v\u0259 ya ba\u015fqa hans\u0131sa \u00f6lk\u0259y\u0259 qar\u015f\u0131 deyil&#8221;.<\/p>\n<p><strong>Etibar SEY\u0130DA\u011eA,<\/strong><br \/>\n<strong>\u201cYeni M\u00fcsavat\u201d\u00a0<\/strong><\/p>\n","protected":false},"excerpt":{"rendered":"<p>Az\u0259rbaycan-Ukrayna m\u00fcnasib\u0259tl\u0259ri, Ukrayna xarici i\u015fl\u0259r nazirinin Bak\u0131ya s\u0259f\u0259ri \u00fc\u00e7\u00fcnc\u00fc \u00f6lk\u0259y\u0259 qar\u015f\u0131 deyil Ukraynan\u0131n xarici i\u015fl\u0259r naziri Andrey Sibiqan\u0131n Bak\u0131ya s\u0259f\u0259ri, g\u00f6zl\u0259nildiyi kimi, Rusiyan\u0131n bir s\u0131ra dair\u0259l\u0259rind\u0259 q\u0131c\u0131q v\u0259 narahatl\u0131q do\u011furub. Bu m\u0259s\u0259l\u0259d\u0259 yen\u0259 \u0259sas canf\u0259\u015fanl\u0131\u011f\u0131 anti-Az\u0259rbaycan m\u00f6vqeyi il\u0259 tan\u0131nan, art\u0131q \u00f6lk\u0259mizd\u0259 giri\u015fi bloklanan \u201ctsargrad.tv\u201d edirdi. Sibiqan\u0131n s\u0259f\u0259ri haqda yazanda da \u00f6nc\u0259 qeyd olunurdu ki, Az\u0259rbaycan Kiyev\u0259 indiy\u0259d\u0259k 40 milyon dollara yax\u0131n v\u0259sait ay\u0131r\u0131b v\u0259 Ukraynan\u0131n enerji infrastrukturunun b\u0259rpas\u0131na f\u0259al k\u00f6m\u0259k edir. \u0130ddia olunur ki, guya bu s\u0259f\u0259r Rusiya xarici i\u015fl\u0259r naziri Sergey Lavrovun \u0130r\u0259vana getm\u0259sin\u0259 \u201ccavabd\u0131r\u201d. Ukrayna X\u0130N r\u0259hb\u0259rl\u0259rinin m\u00fcharib\u0259nin&hellip;<\/p>\n","protected":false},"author":2,"featured_media":808761,"comment_status":"closed","ping_status":"closed","sticky":false,"template":"","format":"standard","meta":{"om_disable_all_campaigns":false,"_monsterinsights_skip_tracking":false,"_monsterinsights_sitenote_active":false,"_monsterinsights_sitenote_note":"","_monsterinsights_sitenote_category":0},"categories":[4],"tags":[],"aioseo_notices":[],"gutentor_comment":0,"rttpg_featured_image_url":{"full":["https:\/\/arantv.az\/wp-content\/uploads\/2025\/05\/1145c3a3c4fdc02bacc85a77e6d917d2.jpg",870,500,false],"landscape":["https:\/\/arantv.az\/wp-content\/uploads\/2025\/05\/1145c3a3c4fdc02bacc85a77e6d917d2.jpg",870,500,false],"portraits":["https:\/\/arantv.az\/wp-content\/uploads\/2025\/05\/1145c3a3c4fdc02bacc85a77e6d917d2.jpg",870,500,false],"thumbnail":["https:\/\/arantv.az\/wp-content\/uploads\/2025\/05\/1145c3a3c4fdc02bacc85a77e6d917d2-500x280.jpg",500,280,true],"medium":["https:\/\/arantv.az\/wp-content\/uploads\/2025\/05\/1145c3a3c4fdc02bacc85a77e6d917d2-635x365.jpg",635,365,true],"large":["https:\/\/arantv.az\/wp-content\/uploads\/2025\/05\/1145c3a3c4fdc02bacc85a77e6d917d2-840x483.jpg",640,368,true],"1536x1536":["https:\/\/arantv.az\/wp-content\/uploads\/2025\/05\/1145c3a3c4fdc02bacc85a77e6d917d2.jpg",870,500,false],"2048x2048":["https:\/\/arantv.az\/wp-content\/uploads\/2025\/05\/1145c3a3c4fdc02bacc85a77e6d917d2.jpg",870,500,false],"post-thumbnail":["https:\/\/arantv.az\/wp-content\/uploads\/2025\/05\/1145c3a3c4fdc02bacc85a77e6d917d2-240x172.jpg",240,172,true],"advps-thumb-one":["https:\/\/arantv.az\/wp-content\/uploads\/2025\/05\/1145c3a3c4fdc02bacc85a77e6d917d2.jpg",870,500,false]},"rttpg_author":{"display_name":"V\u00fcsal Rafiqo\u011flu","author_link":"https:\/\/arantv.az\/?author=2"},"rttpg_comment":0,"rttpg_category":"<a href=\"https:\/\/arantv.az\/?cat=4\" rel=\"category\">Siyas\u0259t<\/a>","rttpg_excerpt":"Az\u0259rbaycan-Ukrayna m\u00fcnasib\u0259tl\u0259ri, Ukrayna xarici i\u015fl\u0259r nazirinin Bak\u0131ya s\u0259f\u0259ri \u00fc\u00e7\u00fcnc\u00fc \u00f6lk\u0259y\u0259 qar\u015f\u0131 deyil Ukraynan\u0131n xarici i\u015fl\u0259r naziri Andrey Sibiqan\u0131n Bak\u0131ya s\u0259f\u0259ri, g\u00f6zl\u0259nildiyi kimi, Rusiyan\u0131n bir s\u0131ra dair\u0259l\u0259rind\u0259 q\u0131c\u0131q v\u0259 narahatl\u0131q do\u011furub. Bu m\u0259s\u0259l\u0259d\u0259 yen\u0259 \u0259sas canf\u0259\u015fanl\u0131\u011f\u0131 anti-Az\u0259rbaycan m\u00f6vqeyi il\u0259 tan\u0131nan, art\u0131q \u00f6lk\u0259mizd\u0259 giri\u015fi bloklanan \u201ctsargrad.tv\u201d edirdi. Sibiqan\u0131n s\u0259f\u0259ri haqda yazanda da \u00f6nc\u0259 qeyd olunurdu ki, Az\u0259rbaycan&hellip;","_links":{"self":[{"href":"https:\/\/arantv.az\/index.php?rest_route=\/wp\/v2\/posts\/808760"}],"collection":[{"href":"https:\/\/arantv.az\/index.php?rest_route=\/wp\/v2\/posts"}],"about":[{"href":"https:\/\/arantv.az\/index.php?rest_route=\/wp\/v2\/types\/post"}],"author":[{"embeddable":true,"href":"https:\/\/arantv.az\/index.php?rest_route=\/wp\/v2\/users\/2"}],"replies":[{"embeddable":true,"href":"https:\/\/arantv.az\/index.php?rest_route=%2Fwp%2Fv2%2Fcomments&post=808760"}],"version-history":[{"count":1,"href":"https:\/\/arantv.az\/index.php?rest_route=\/wp\/v2\/posts\/808760\/revisions"}],"predecessor-version":[{"id":808762,"href":"https:\/\/arantv.az\/index.php?rest_route=\/wp\/v2\/posts\/808760\/revisions\/808762"}],"wp:featuredmedia":[{"embeddable":true,"href":"https:\/\/arantv.az\/index.php?rest_route=\/wp\/v2\/media\/808761"}],"wp:attachment":[{"href":"https:\/\/arantv.az\/index.php?rest_route=%2Fwp%2Fv2%2Fmedia&parent=808760"}],"wp:term":[{"taxonomy":"category","embeddable":true,"href":"https:\/\/arantv.az\/index.php?rest_route=%2Fwp%2Fv2%2Fcategories&post=808760"},{"taxonomy":"post_tag","embeddable":true,"href":"https:\/\/arantv.az\/index.php?rest_route=%2Fwp%2Fv2%2Ftags&post=808760"}],"curies":[{"name":"wp","href":"https:\/\/api.w.org\/{rel}","templated":true}]}}