{"id":808798,"date":"2025-05-29T10:22:14","date_gmt":"2025-05-29T06:22:14","guid":{"rendered":"https:\/\/arantv.az\/?p=808798"},"modified":"2025-05-29T10:22:14","modified_gmt":"2025-05-29T06:22:14","slug":"11-il-%c9%99vv%c9%99lki-cinay%c9%99tin-ustu-acildi-video","status":"publish","type":"post","link":"https:\/\/arantv.az\/?p=808798","title":{"rendered":"11 il \u0259vv\u0259lki cinay\u0259tin \u00fcst\u00fc A\u00c7ILDI -V\u0130DEO"},"content":{"rendered":"<p><strong>O\u011fuz Rayon Polis \u015e\u00f6b\u0259sinin \u0259m\u0259kda\u015flar\u0131n\u0131n h\u0259yata ke\u00e7irdikl\u0259ri t\u0259dbirl\u0259rl\u0259 2014-c\u00fc ild\u0259 quldurluq hadis\u0259si t\u00f6r\u0259d\u0259n 37 ya\u015fl\u0131 Aqil \u015eir\u0259liyev m\u00fc\u0259yy\u0259n edil\u0259r\u0259k m\u0259suliyy\u0259t\u0259 c\u0259lb olunub.<\/strong><\/p>\n<p>D\u0130N-in M\u0259tbuat Xidm\u0259tinin \u015e\u0259ki regional qrupundan\u00a0<strong>Musavat.com<\/strong>-a bildirilib ki, \u0259vv\u0259ll\u0259r d\u0259 d\u0259f\u0259l\u0259rl\u0259 m\u0259hkum edilmi\u015f v\u0259 haz\u0131rda h\u0259bsd\u0259 olan Aqil \u015eir\u0259liyev h\u0259min vaxt \u015f\u0259xsiyy\u0259tini gizl\u0259tm\u0259k \u00fc\u00e7\u00fcn maska il\u0259 kamuflyaj olunaraq gec\u0259 saatlar\u0131nda rayon sakinin\u0259 m\u0259xsus ev\u0259 daxil olub.<\/p>\n<p>O, ev sahibin\u0259 fiziki zor t\u0259tbiq ed\u0259r\u0259k soyuq silahla h\u0259d\u0259-qorxu g\u0259lib v\u0259 z\u0259r\u0259r\u00e7\u0259kmi\u015fin pul v\u0259saitl\u0259rini \u0259l\u0259 ke\u00e7irib. Polis \u0259m\u0259kda\u015flar\u0131n\u0131n ke\u00e7irdikl\u0259ri \u0259m\u0259liyyat-istintaq t\u0259dbirl\u0259ri v\u0259 m\u00fcvafiq ekspertizalarla cinay\u0259tin A.\u015eir\u0259liyev t\u0259r\u0259find\u0259n t\u00f6r\u0259dildiyi m\u00fc\u0259yy\u0259n edilib.<\/p>\n<p>Fakla ba\u011fl\u0131 ara\u015fd\u0131rmalar davam etdirilir.<\/p>\n","protected":false},"excerpt":{"rendered":"<p>O\u011fuz Rayon Polis \u015e\u00f6b\u0259sinin \u0259m\u0259kda\u015flar\u0131n\u0131n h\u0259yata ke\u00e7irdikl\u0259ri t\u0259dbirl\u0259rl\u0259 2014-c\u00fc ild\u0259 quldurluq hadis\u0259si t\u00f6r\u0259d\u0259n 37 ya\u015fl\u0131 Aqil \u015eir\u0259liyev m\u00fc\u0259yy\u0259n edil\u0259r\u0259k m\u0259suliyy\u0259t\u0259 c\u0259lb olunub. D\u0130N-in M\u0259tbuat Xidm\u0259tinin \u015e\u0259ki regional qrupundan\u00a0Musavat.com-a bildirilib ki, \u0259vv\u0259ll\u0259r d\u0259 d\u0259f\u0259l\u0259rl\u0259 m\u0259hkum edilmi\u015f v\u0259 haz\u0131rda h\u0259bsd\u0259 olan Aqil \u015eir\u0259liyev h\u0259min vaxt \u015f\u0259xsiyy\u0259tini gizl\u0259tm\u0259k \u00fc\u00e7\u00fcn maska il\u0259 kamuflyaj olunaraq gec\u0259 saatlar\u0131nda rayon sakinin\u0259 m\u0259xsus ev\u0259 daxil olub. O, ev sahibin\u0259 fiziki zor t\u0259tbiq ed\u0259r\u0259k soyuq silahla h\u0259d\u0259-qorxu g\u0259lib v\u0259 z\u0259r\u0259r\u00e7\u0259kmi\u015fin pul v\u0259saitl\u0259rini \u0259l\u0259 ke\u00e7irib. Polis \u0259m\u0259kda\u015flar\u0131n\u0131n ke\u00e7irdikl\u0259ri \u0259m\u0259liyyat-istintaq t\u0259dbirl\u0259ri v\u0259 m\u00fcvafiq ekspertizalarla cinay\u0259tin A.\u015eir\u0259liyev t\u0259r\u0259find\u0259n t\u00f6r\u0259dildiyi m\u00fc\u0259yy\u0259n edilib. Fakla&hellip;<\/p>\n","protected":false},"author":2,"featured_media":808799,"comment_status":"closed","ping_status":"closed","sticky":false,"template":"","format":"standard","meta":{"om_disable_all_campaigns":false,"_monsterinsights_skip_tracking":false,"_monsterinsights_sitenote_active":false,"_monsterinsights_sitenote_note":"","_monsterinsights_sitenote_category":0},"categories":[5],"tags":[],"aioseo_notices":[],"gutentor_comment":0,"rttpg_featured_image_url":{"full":["https:\/\/arantv.az\/wp-content\/uploads\/2025\/05\/ec03966012a9934e99d58fb932dce608.jpg",870,500,false],"landscape":["https:\/\/arantv.az\/wp-content\/uploads\/2025\/05\/ec03966012a9934e99d58fb932dce608.jpg",870,500,false],"portraits":["https:\/\/arantv.az\/wp-content\/uploads\/2025\/05\/ec03966012a9934e99d58fb932dce608.jpg",870,500,false],"thumbnail":["https:\/\/arantv.az\/wp-content\/uploads\/2025\/05\/ec03966012a9934e99d58fb932dce608-500x280.jpg",500,280,true],"medium":["https:\/\/arantv.az\/wp-content\/uploads\/2025\/05\/ec03966012a9934e99d58fb932dce608-635x365.jpg",635,365,true],"large":["https:\/\/arantv.az\/wp-content\/uploads\/2025\/05\/ec03966012a9934e99d58fb932dce608-840x483.jpg",640,368,true],"1536x1536":["https:\/\/arantv.az\/wp-content\/uploads\/2025\/05\/ec03966012a9934e99d58fb932dce608.jpg",870,500,false],"2048x2048":["https:\/\/arantv.az\/wp-content\/uploads\/2025\/05\/ec03966012a9934e99d58fb932dce608.jpg",870,500,false],"post-thumbnail":["https:\/\/arantv.az\/wp-content\/uploads\/2025\/05\/ec03966012a9934e99d58fb932dce608-240x172.jpg",240,172,true],"advps-thumb-one":["https:\/\/arantv.az\/wp-content\/uploads\/2025\/05\/ec03966012a9934e99d58fb932dce608.jpg",870,500,false]},"rttpg_author":{"display_name":"V\u00fcsal Rafiqo\u011flu","author_link":"https:\/\/arantv.az\/?author=2"},"rttpg_comment":0,"rttpg_category":"<a href=\"https:\/\/arantv.az\/?cat=5\" rel=\"category\">Hadis\u0259<\/a>","rttpg_excerpt":"O\u011fuz Rayon Polis \u015e\u00f6b\u0259sinin \u0259m\u0259kda\u015flar\u0131n\u0131n h\u0259yata ke\u00e7irdikl\u0259ri t\u0259dbirl\u0259rl\u0259 2014-c\u00fc ild\u0259 quldurluq hadis\u0259si t\u00f6r\u0259d\u0259n 37 ya\u015fl\u0131 Aqil \u015eir\u0259liyev m\u00fc\u0259yy\u0259n edil\u0259r\u0259k m\u0259suliyy\u0259t\u0259 c\u0259lb olunub. D\u0130N-in M\u0259tbuat Xidm\u0259tinin \u015e\u0259ki regional qrupundan\u00a0Musavat.com-a bildirilib ki, \u0259vv\u0259ll\u0259r d\u0259 d\u0259f\u0259l\u0259rl\u0259 m\u0259hkum edilmi\u015f v\u0259 haz\u0131rda h\u0259bsd\u0259 olan Aqil \u015eir\u0259liyev h\u0259min vaxt \u015f\u0259xsiyy\u0259tini gizl\u0259tm\u0259k \u00fc\u00e7\u00fcn maska il\u0259 kamuflyaj olunaraq gec\u0259 saatlar\u0131nda rayon sakinin\u0259 m\u0259xsus&hellip;","_links":{"self":[{"href":"https:\/\/arantv.az\/index.php?rest_route=\/wp\/v2\/posts\/808798"}],"collection":[{"href":"https:\/\/arantv.az\/index.php?rest_route=\/wp\/v2\/posts"}],"about":[{"href":"https:\/\/arantv.az\/index.php?rest_route=\/wp\/v2\/types\/post"}],"author":[{"embeddable":true,"href":"https:\/\/arantv.az\/index.php?rest_route=\/wp\/v2\/users\/2"}],"replies":[{"embeddable":true,"href":"https:\/\/arantv.az\/index.php?rest_route=%2Fwp%2Fv2%2Fcomments&post=808798"}],"version-history":[{"count":1,"href":"https:\/\/arantv.az\/index.php?rest_route=\/wp\/v2\/posts\/808798\/revisions"}],"predecessor-version":[{"id":808800,"href":"https:\/\/arantv.az\/index.php?rest_route=\/wp\/v2\/posts\/808798\/revisions\/808800"}],"wp:featuredmedia":[{"embeddable":true,"href":"https:\/\/arantv.az\/index.php?rest_route=\/wp\/v2\/media\/808799"}],"wp:attachment":[{"href":"https:\/\/arantv.az\/index.php?rest_route=%2Fwp%2Fv2%2Fmedia&parent=808798"}],"wp:term":[{"taxonomy":"category","embeddable":true,"href":"https:\/\/arantv.az\/index.php?rest_route=%2Fwp%2Fv2%2Fcategories&post=808798"},{"taxonomy":"post_tag","embeddable":true,"href":"https:\/\/arantv.az\/index.php?rest_route=%2Fwp%2Fv2%2Ftags&post=808798"}],"curies":[{"name":"wp","href":"https:\/\/api.w.org\/{rel}","templated":true}]}}