{"id":809323,"date":"2025-06-02T09:57:28","date_gmt":"2025-06-02T05:57:28","guid":{"rendered":"https:\/\/arantv.az\/?p=809323"},"modified":"2025-06-02T09:57:28","modified_gmt":"2025-06-02T05:57:28","slug":"prezident-ilham-%c9%99liyevin-28-may-2025-ci-il-tarixind%c9%99-lacin-s%c9%99h%c9%99rin%c9%99-s%c9%99f%c9%99ri-must%c9%99qilliyin-v%c9%99-q%c9%99l%c9%99b%c9%99nin-r%c9%99mzi","status":"publish","type":"post","link":"https:\/\/arantv.az\/?p=809323","title":{"rendered":"Prezident \u0130lham \u018fliyevin 28 May 2025-ci il tarixind\u0259 La\u00e7\u0131n \u015f\u0259h\u0259rin\u0259 s\u0259f\u0259ri \u2013 M\u00fcst\u0259qilliyin v\u0259 Q\u0259l\u0259b\u0259nin r\u0259mzi"},"content":{"rendered":"<div class=\"x11i5rnm xat24cr x1mh8g0r x1vvkbs xtlvy1s x126k92a\">\n<div dir=\"auto\">28 May 2025-ci il tarixind\u0259, Az\u0259rbaycan Xalq C\u00fcmhuriyy\u0259tinin yarad\u0131lmas\u0131n\u0131n 107-ci ild\u00f6n\u00fcm\u00fcnd\u0259, Prezident \u0130lham \u018fliyev La\u00e7\u0131n \u015f\u0259h\u0259rin\u0259 s\u0259f\u0259r etmi\u015fdir. Bu s\u0259f\u0259r, Az\u0259rbaycan\u0131n \u0259razi b\u00fct\u00f6vl\u00fcy\u00fcn\u00fcn b\u0259rpas\u0131 v\u0259 i\u015f\u011faldan azad olunmu\u015f \u0259razil\u0259rd\u0259 h\u0259yata ke\u00e7iril\u0259n yenid\u0259nqurma i\u015fl\u0259rinin \u0259h\u0259miyy\u0259tli bir m\u0259rh\u0259l\u0259sini \u0259ks etdirir.<\/div>\n<div dir=\"auto\">S\u0259f\u0259r \u00e7\u0259r\u00e7iv\u0259sind\u0259, Prezident \u0130lham \u018fliyev La\u00e7\u0131n Beyn\u0259lxalq Hava Liman\u0131n\u0131n a\u00e7\u0131l\u0131\u015f\u0131nda i\u015ftirak etmi\u015fdir. Bu hava liman\u0131, Az\u0259rbaycan\u0131n i\u015f\u011faldan azad olunmu\u015f \u0259razil\u0259rind\u0259 in\u015fa edil\u0259n \u00fc\u00e7\u00fcnc\u00fc beyn\u0259lxalq hava liman\u0131d\u0131r v\u0259 d\u0259niz s\u0259viyy\u0259sind\u0259n 1,700-1,800 metr y\u00fcks\u0259klikd\u0259 yerl\u0259\u015f\u0259r\u0259k \u00f6lk\u0259nin \u0259n y\u00fcks\u0259kd\u0259 yerl\u0259\u015f\u0259n hava liman\u0131 statusunu qazanm\u0131\u015fd\u0131r. Hava liman\u0131n\u0131n a\u00e7\u0131l\u0131\u015f m\u0259rasimind\u0259 T\u00fcrkiy\u0259 Prezidenti R\u0259c\u0259b Tayyib \u018frdo\u011fan v\u0259 Pakistan Ba\u015f naziri \u015eahbaz \u015e\u0259rif d\u0259 i\u015ftirak etmi\u015fdir.<\/div>\n<div dir=\"auto\">Az\u0259rbaycan, T\u00fcrkiy\u0259 v\u0259 Pakistan \u2014 \u00fc\u00e7 d\u00f6vl\u0259t, \u00fc\u00e7 f\u0259rqli co\u011frafiyada yerl\u0259\u015fs\u0259 d\u0259, bir \u00fcr\u0259k, bir m\u0259ram v\u0259 birg\u0259 strateji h\u0259d\u0259fl\u0259rl\u0259 ir\u0259lil\u0259yir. Bu \u00fc\u00e7 qarda\u015f \u00f6lk\u0259 aras\u0131nda m\u00fcnasib\u0259tl\u0259r tarixi k\u00f6kl\u0259r\u0259, ortaq dini, m\u0259d\u0259ni v\u0259 m\u0259n\u0259vi d\u0259y\u0259rl\u0259r\u0259 s\u00f6yk\u0259nir. Son ill\u0259r is\u0259 bu \u0259m\u0259kda\u015fl\u0131q yaln\u0131z dostluq \u00e7\u0259r\u00e7iv\u0259sind\u0259 deyil, regional v\u0259 qlobal miqyasda strateji t\u0259r\u0259fda\u015fl\u0131q s\u0259viyy\u0259sin\u0259 y\u00fcks\u0259lib.<\/div>\n<div dir=\"auto\">Az\u0259rbaycan, T\u00fcrkiy\u0259 v\u0259 Pakistan aras\u0131nda iqtisadi \u0259m\u0259kda\u015fl\u0131q da geni\u015fl\u0259nm\u0259kd\u0259dir. Orta D\u0259hliz, Bak\u0131-Tbilisi-Qars d\u0259mir yolu, Z\u0259ng\u0259zur d\u0259hlizi v\u0259 enerji layih\u0259l\u0259ri say\u0259sind\u0259 bu \u00f6lk\u0259l\u0259r aras\u0131nda logistika, enerji v\u0259 ticar\u0259t sah\u0259l\u0259rind\u0259 s\u0131x inteqrasiya formala\u015f\u0131r.<\/div>\n<div dir=\"auto\">Pakistan, Az\u0259rbaycan\u0131n qeyri-neft ixracat\u0131 \u00fc\u00e7\u00fcn yeni bazar ola bil\u0259r. Eyni zamanda, T\u00fcrkiy\u0259 vasit\u0259sil\u0259 h\u0259yata ke\u00e7iril\u0259n tranzit mar\u015frutlar Az\u0259rbaycan\u0131n Asiya il\u0259 Avropa aras\u0131nda strateji k\u00f6rp\u00fc m\u00f6vqeyini daha da m\u00f6hk\u0259ml\u0259ndirir.<\/div>\n<div dir=\"auto\">T\u00fcrk-\u0130slam m\u0259d\u0259ni irsini payla\u015fan bu \u00fc\u00e7 xalq aras\u0131nda m\u0259d\u0259niyy\u0259t, t\u0259hsil v\u0259 g\u0259ncl\u0259r sah\u0259sind\u0259 \u0259m\u0259kda\u015fl\u0131q s\u00fcr\u0259tl\u0259 inki\u015faf edir. Ortaq festivallar, m\u00fcbadil\u0259 proqramlar\u0131, t\u0259l\u0259b\u0259 layih\u0259l\u0259ri xalqlar aras\u0131nda yax\u0131nl\u0131\u011f\u0131 daha da art\u0131r\u0131r.<\/div>\n<div dir=\"auto\">Az\u0259rbaycan, T\u00fcrkiy\u0259 v\u0259 Pakistan birliyi regionda s\u00fclh\u00fcn, sabitliyin v\u0259 inki\u015faf\u0131n \u0259sas daya\u011f\u0131d\u0131r. Bu \u0259m\u0259kda\u015fl\u0131q t\u0259kc\u0259 \u00fc\u00e7 d\u00f6vl\u0259tin deyil, \u00fcmumilikd\u0259 \u0130slam d\u00fcnyas\u0131n\u0131n v\u0259 t\u00fcrkdilli xalqlar\u0131n da maraqlar\u0131na xidm\u0259t edir.<\/div>\n<\/div>\n<div class=\"x11i5rnm xat24cr x1mh8g0r x1vvkbs xtlvy1s x126k92a\">\n<div dir=\"auto\">Prezident \u0130lham \u018fliyev, La\u00e7\u0131n \u015f\u0259h\u0259rind\u0259 Heyd\u0259r \u018fliyev, Z\u0259f\u0259r v\u0259 28 May k\u00fc\u00e7\u0259l\u0259rinin k\u0259si\u015fm\u0259sind\u0259 yerl\u0259\u015f\u0259n l\u00f6vh\u0259l\u0259rin a\u00e7\u0131l\u0131\u015f\u0131n\u0131 etmi\u015fdir. Bu k\u00fc\u00e7\u0259l\u0259r, \u015f\u0259h\u0259rin memarl\u0131q \u00fcslubuna uy\u011fun \u015f\u0259kild\u0259 yenid\u0259n qurularaq m\u00fcasir infrastrukturla t\u0259chiz olunmu\u015fdur. Heyd\u0259r \u018fliyev k\u00fc\u00e7\u0259sinin uzunlu\u011fu 6,967 metr, Z\u0259f\u0259r k\u00fc\u00e7\u0259sinin uzunlu\u011fu 5,239 metr, 28 May k\u00fc\u00e7\u0259sinin is\u0259 uzunlu\u011fu 1,703 metr t\u0259\u015fkil edir.<\/div>\n<div dir=\"auto\">Prezident \u0130lham \u018fliyevin La\u00e7\u0131n \u015f\u0259h\u0259rin\u0259 s\u0259f\u0259ri, Az\u0259rbaycan\u0131n i\u015f\u011faldan azad olunmu\u015f \u0259razil\u0259rind\u0259 h\u0259yata ke\u00e7iril\u0259n geni\u015fmiqyasl\u0131 b\u0259rpa v\u0259 yenid\u0259nqurma i\u015fl\u0259rinin bariz n\u00fcmun\u0259sidir. Bu s\u0259f\u0259r, h\u0259m d\u0259 Az\u0259rbaycan\u0131n beyn\u0259lxalq s\u0259viyy\u0259d\u0259 artan n\u00fcfuzunun v\u0259 regional \u0259m\u0259kda\u015fl\u0131\u011f\u0131n g\u00fccl\u0259ndirilm\u0259sinin g\u00f6st\u0259ricisidir.<\/div>\n<\/div>\n<div class=\"x11i5rnm xat24cr x1mh8g0r x1vvkbs xtlvy1s x126k92a\">\n<div dir=\"auto\">Prezidentin La\u00e7\u0131n \u015f\u0259h\u0259rin\u0259 s\u0259f\u0259ri v\u0259 h\u0259yata ke\u00e7iril\u0259n layih\u0259l\u0259r, Az\u0259rbaycan\u0131n \u0259razi b\u00fct\u00f6vl\u00fcy\u00fcn\u00fcn b\u0259rpas\u0131 v\u0259 regionun inki\u015faf\u0131 istiqam\u0259tind\u0259 at\u0131lan m\u00fch\u00fcm add\u0131mlardan biridir.<\/div>\n<div dir=\"auto\">Prezident \u00e7\u0131x\u0131\u015f\u0131nda qeyd etmi\u015fdir:<\/div>\n<div dir=\"auto\">&#8220;28 May tarixind\u0259, M\u00fcst\u0259qillik G\u00fcn\u00fcnd\u0259, La\u00e7\u0131n sakinl\u0259rin\u0259 evl\u0259rinin a\u00e7arlar\u0131n\u0131 t\u0259qdim etdim v\u0259 bununla da La\u00e7\u0131n\u0131n dir\u00e7\u0259li\u015fi ba\u015fland\u0131. O vaxtdan b\u0259ri t\u0259xmin\u0259n 1000 sakin \u015f\u0259h\u0259r\u0259 k\u00f6\u00e7\u00fcb. \u0130lin sonuna q\u0259d\u0259r 900 ail\u0259 \u00fc\u00e7\u00fcn evl\u0259r haz\u0131r olacaq v\u0259 bir ne\u00e7\u0259 min \u015f\u0259h\u0259r v\u0259 k\u0259nd sakini La\u00e7\u0131na k\u00f6\u00e7\u0259c\u0259k. Bu, b\u00f6y\u00fck xo\u015fb\u0259xtlikdir. Bu xo\u015fb\u0259xtliyi biz\u0259 Q\u0259l\u0259b\u0259 qazand\u0131ran Silahl\u0131 Q\u00fcvv\u0259l\u0259rimiz b\u0259x\u015f etdi. Bu f\u00fcrs\u0259td\u0259n istifad\u0259 ed\u0259r\u0259k, b\u00fct\u00fcn \u015f\u0259hidl\u0259rimizin xatir\u0259sini ehtiramla yad edir v\u0259 onlara Allahdan r\u0259hm\u0259t dil\u0259yirik. Onlar\u0131n qan\u0131 v\u0259 can\u0131 bahas\u0131na, q\u0259hr\u0259man \u00f6vladlar\u0131m\u0131z\u0131n c\u0259sar\u0259ti say\u0259sind\u0259 bu g\u00fcn buraday\u0131q. Bu g\u00fcn biz do\u011fma torpa\u011f\u0131m\u0131zda bayram edirik. Bundan b\u00f6y\u00fck xo\u015fb\u0259xtlik ola bilm\u0259z.&#8221;<\/div>\n<\/div>\n<div class=\"x11i5rnm xat24cr x1mh8g0r x1vvkbs xtlvy1s x126k92a\">\n<div dir=\"auto\">Bu \u00e7\u0131x\u0131\u015f, La\u00e7\u0131n\u0131n b\u0259rpas\u0131 v\u0259 sakinl\u0259rin do\u011fma yurdlar\u0131na qay\u0131d\u0131\u015f\u0131n\u0131n \u0259h\u0259miyy\u0259tini vur\u011fulay\u0131r.<\/div>\n<\/div>\n<div class=\"x11i5rnm xat24cr x1mh8g0r x1vvkbs xtlvy1s x126k92a\">\n<div dir=\"auto\">N\u0259rgiz H\u0259s\u0259nova-B\u0259rd\u0259 rayon E.\u018fs\u0259dov ad\u0131na T\u00fcrkm\u0259n k\u0259nd tam orta m\u0259kt\u0259bin direktoru,<\/div>\n<div dir=\"auto\">Az\u0259rbaycan Respublikas\u0131n\u0131n \u018fm\u0259kdar m\u00fc\u0259llimi<\/div>\n<\/div>\n","protected":false},"excerpt":{"rendered":"<p>28 May 2025-ci il tarixind\u0259, Az\u0259rbaycan Xalq C\u00fcmhuriyy\u0259tinin yarad\u0131lmas\u0131n\u0131n 107-ci ild\u00f6n\u00fcm\u00fcnd\u0259, Prezident \u0130lham \u018fliyev La\u00e7\u0131n \u015f\u0259h\u0259rin\u0259 s\u0259f\u0259r etmi\u015fdir. Bu s\u0259f\u0259r, Az\u0259rbaycan\u0131n \u0259razi b\u00fct\u00f6vl\u00fcy\u00fcn\u00fcn b\u0259rpas\u0131 v\u0259 i\u015f\u011faldan azad olunmu\u015f \u0259razil\u0259rd\u0259 h\u0259yata ke\u00e7iril\u0259n yenid\u0259nqurma i\u015fl\u0259rinin \u0259h\u0259miyy\u0259tli bir m\u0259rh\u0259l\u0259sini \u0259ks etdirir. S\u0259f\u0259r \u00e7\u0259r\u00e7iv\u0259sind\u0259, Prezident \u0130lham \u018fliyev La\u00e7\u0131n Beyn\u0259lxalq Hava Liman\u0131n\u0131n a\u00e7\u0131l\u0131\u015f\u0131nda i\u015ftirak etmi\u015fdir. Bu hava liman\u0131, Az\u0259rbaycan\u0131n i\u015f\u011faldan azad olunmu\u015f \u0259razil\u0259rind\u0259 in\u015fa edil\u0259n \u00fc\u00e7\u00fcnc\u00fc beyn\u0259lxalq hava liman\u0131d\u0131r v\u0259 d\u0259niz s\u0259viyy\u0259sind\u0259n 1,700-1,800 metr y\u00fcks\u0259klikd\u0259 yerl\u0259\u015f\u0259r\u0259k \u00f6lk\u0259nin \u0259n y\u00fcks\u0259kd\u0259 yerl\u0259\u015f\u0259n hava liman\u0131 statusunu qazanm\u0131\u015fd\u0131r. Hava liman\u0131n\u0131n a\u00e7\u0131l\u0131\u015f m\u0259rasimind\u0259 T\u00fcrkiy\u0259 Prezidenti R\u0259c\u0259b Tayyib \u018frdo\u011fan v\u0259 Pakistan&hellip;<\/p>\n","protected":false},"author":2,"featured_media":809324,"comment_status":"closed","ping_status":"closed","sticky":false,"template":"","format":"standard","meta":{"om_disable_all_campaigns":false,"_monsterinsights_skip_tracking":false,"_monsterinsights_sitenote_active":false,"_monsterinsights_sitenote_note":"","_monsterinsights_sitenote_category":0},"categories":[2],"tags":[],"aioseo_notices":[],"gutentor_comment":0,"rttpg_featured_image_url":{"full":["https:\/\/arantv.az\/wp-content\/uploads\/2025\/06\/495950402_661687806825903_598735108093205287_n.jpg",1080,734,false],"landscape":["https:\/\/arantv.az\/wp-content\/uploads\/2025\/06\/495950402_661687806825903_598735108093205287_n.jpg",1080,734,false],"portraits":["https:\/\/arantv.az\/wp-content\/uploads\/2025\/06\/495950402_661687806825903_598735108093205287_n.jpg",1080,734,false],"thumbnail":["https:\/\/arantv.az\/wp-content\/uploads\/2025\/06\/495950402_661687806825903_598735108093205287_n-500x280.jpg",500,280,true],"medium":["https:\/\/arantv.az\/wp-content\/uploads\/2025\/06\/495950402_661687806825903_598735108093205287_n-537x365.jpg",537,365,true],"large":["https:\/\/arantv.az\/wp-content\/uploads\/2025\/06\/495950402_661687806825903_598735108093205287_n-840x571.jpg",640,435,true],"1536x1536":["https:\/\/arantv.az\/wp-content\/uploads\/2025\/06\/495950402_661687806825903_598735108093205287_n.jpg",1080,734,false],"2048x2048":["https:\/\/arantv.az\/wp-content\/uploads\/2025\/06\/495950402_661687806825903_598735108093205287_n.jpg",1080,734,false],"post-thumbnail":["https:\/\/arantv.az\/wp-content\/uploads\/2025\/06\/495950402_661687806825903_598735108093205287_n-240x172.jpg",240,172,true],"advps-thumb-one":["https:\/\/arantv.az\/wp-content\/uploads\/2025\/06\/495950402_661687806825903_598735108093205287_n-1080x620.jpg",1080,620,true]},"rttpg_author":{"display_name":"V\u00fcsal Rafiqo\u011flu","author_link":"https:\/\/arantv.az\/?author=2"},"rttpg_comment":0,"rttpg_category":"<a href=\"https:\/\/arantv.az\/?cat=2\" rel=\"category\">Region X\u0259b\u0259rl\u0259ri<\/a>","rttpg_excerpt":"28 May 2025-ci il tarixind\u0259, Az\u0259rbaycan Xalq C\u00fcmhuriyy\u0259tinin yarad\u0131lmas\u0131n\u0131n 107-ci ild\u00f6n\u00fcm\u00fcnd\u0259, Prezident \u0130lham \u018fliyev La\u00e7\u0131n \u015f\u0259h\u0259rin\u0259 s\u0259f\u0259r etmi\u015fdir. Bu s\u0259f\u0259r, Az\u0259rbaycan\u0131n \u0259razi b\u00fct\u00f6vl\u00fcy\u00fcn\u00fcn b\u0259rpas\u0131 v\u0259 i\u015f\u011faldan azad olunmu\u015f \u0259razil\u0259rd\u0259 h\u0259yata ke\u00e7iril\u0259n yenid\u0259nqurma i\u015fl\u0259rinin \u0259h\u0259miyy\u0259tli bir m\u0259rh\u0259l\u0259sini \u0259ks etdirir. S\u0259f\u0259r \u00e7\u0259r\u00e7iv\u0259sind\u0259, Prezident \u0130lham \u018fliyev La\u00e7\u0131n Beyn\u0259lxalq Hava Liman\u0131n\u0131n a\u00e7\u0131l\u0131\u015f\u0131nda i\u015ftirak etmi\u015fdir. Bu hava liman\u0131, Az\u0259rbaycan\u0131n i\u015f\u011faldan&hellip;","_links":{"self":[{"href":"https:\/\/arantv.az\/index.php?rest_route=\/wp\/v2\/posts\/809323"}],"collection":[{"href":"https:\/\/arantv.az\/index.php?rest_route=\/wp\/v2\/posts"}],"about":[{"href":"https:\/\/arantv.az\/index.php?rest_route=\/wp\/v2\/types\/post"}],"author":[{"embeddable":true,"href":"https:\/\/arantv.az\/index.php?rest_route=\/wp\/v2\/users\/2"}],"replies":[{"embeddable":true,"href":"https:\/\/arantv.az\/index.php?rest_route=%2Fwp%2Fv2%2Fcomments&post=809323"}],"version-history":[{"count":1,"href":"https:\/\/arantv.az\/index.php?rest_route=\/wp\/v2\/posts\/809323\/revisions"}],"predecessor-version":[{"id":809325,"href":"https:\/\/arantv.az\/index.php?rest_route=\/wp\/v2\/posts\/809323\/revisions\/809325"}],"wp:featuredmedia":[{"embeddable":true,"href":"https:\/\/arantv.az\/index.php?rest_route=\/wp\/v2\/media\/809324"}],"wp:attachment":[{"href":"https:\/\/arantv.az\/index.php?rest_route=%2Fwp%2Fv2%2Fmedia&parent=809323"}],"wp:term":[{"taxonomy":"category","embeddable":true,"href":"https:\/\/arantv.az\/index.php?rest_route=%2Fwp%2Fv2%2Fcategories&post=809323"},{"taxonomy":"post_tag","embeddable":true,"href":"https:\/\/arantv.az\/index.php?rest_route=%2Fwp%2Fv2%2Ftags&post=809323"}],"curies":[{"name":"wp","href":"https:\/\/api.w.org\/{rel}","templated":true}]}}