{"id":809345,"date":"2025-06-02T10:52:30","date_gmt":"2025-06-02T06:52:30","guid":{"rendered":"https:\/\/arantv.az\/?p=809345"},"modified":"2025-06-02T10:52:30","modified_gmt":"2025-06-02T06:52:30","slug":"2025-ci-ilin-qeyri-is-gunl%c9%99ri-aciqlandi","status":"publish","type":"post","link":"https:\/\/arantv.az\/?p=809345","title":{"rendered":"2025-ci ilin qeyri-i\u015f g\u00fcnl\u0259ri A\u00c7IQLANDI"},"content":{"rendered":"<p><strong>2025-ci il \u00fc\u00e7\u00fcn i\u015f vaxt\u0131 normas\u0131 v\u0259 istehsalat t\u0259qvimi t\u0259sdiq edilib.<\/strong><\/p>\n<p><strong>ARANTV.AZ <\/strong>\u00a0x\u0259b\u0259r verir ki, bu bar\u0259d\u0259 \u018fm\u0259k v\u0259 \u018fhalinin Sosial M\u00fcdafi\u0259si Nazirliyi (\u018f\u018fSMN) m\u0259lumat yay\u0131b.<\/p>\n<p>Bildirilib ki, 2025-ci il \u00fc\u00e7\u00fcn i\u015f vaxt\u0131 normas\u0131na \u0259sas\u0259n, g\u0259l\u0259n ilin a\u015fa\u011f\u0131dak\u0131 g\u00fcnl\u0259ri i\u015f g\u00fcn\u00fc hesab edilmir:<\/p>\n<p>1, 2 yanvar &#8211; Yeni il bayram\u0131;<\/p>\n<p>20 Yanvar &#8211; \u00dcmumxalq H\u00fczn G\u00fcn\u00fc;<\/p>\n<p>8 Mart &#8211; Qad\u0131nlar G\u00fcn\u00fc;<\/p>\n<p>20, 21, 22, 23, 24 mart &#8211; Novruz bayram\u0131;<\/p>\n<p>30, 31 mart &#8211; Ramazan bayram\u0131;<\/p>\n<p>9 May &#8211; Fa\u015fizm \u00fcz\u0259rind\u0259 Q\u0259l\u0259b\u0259 g\u00fcn\u00fc;<\/p>\n<p>28 May &#8211; M\u00fcst\u0259qillik G\u00fcn\u00fc;<\/p>\n<p>6, 7 iyun &#8211; Qurban bayram\u0131;<\/p>\n<p>15 \u0130yun &#8211; Az\u0259rbaycan xalq\u0131n\u0131n Milli Qurtulu\u015f G\u00fcn\u00fc;<\/p>\n<p>26 \u0130yun &#8211; Az\u0259rbaycan Respublikas\u0131n\u0131n Silahl\u0131 Q\u00fcvv\u0259l\u0259ri G\u00fcn\u00fc;<\/p>\n<p>8 Noyabr &#8211; Z\u0259f\u0259r G\u00fcn\u00fc;<\/p>\n<p>9 Noyabr &#8211; Az\u0259rbaycan Respublikas\u0131n\u0131n D\u00f6vl\u0259t Bayra\u011f\u0131 G\u00fcn\u00fc;<\/p>\n<p>31 Dekabr &#8211; D\u00fcnya Az\u0259rbaycanl\u0131lar\u0131n\u0131n H\u0259mr\u0259yliyi G\u00fcn\u00fc.<\/p>\n<p>\u018fm\u0259k M\u0259c\u0259ll\u0259sin\u0259 v\u0259 Nazirl\u0259r Kabinetinin q\u0259rarlar\u0131na uy\u011fun olaraq, 2025-ci ild\u0259 be\u015fg\u00fcnl\u00fck i\u015f h\u0259ft\u0259sind\u0259 3 yanvar, 10, 25 v\u0259 26 mart, 1 aprel, 9, 16 iyun, 10 v\u0259 11 noyabr tarixl\u0259ri, alt\u0131g\u00fcnl\u00fck i\u015f h\u0259ft\u0259sind\u0259 25 mart, 1 aprel, 16 iyun v\u0259 10 noyabr tarixl\u0259ri istirah\u0259t g\u00fcnl\u0259ridir. 2025-ci ilin fevral ay\u0131 28 t\u0259qvim g\u00fcn\u00fcnd\u0259n, il is\u0259 365 t\u0259qvim g\u00fcn\u00fcnd\u0259n ibar\u0259tdir.<\/p>\n<p>2025-ci ild\u0259 be\u015fg\u00fcnl\u00fck i\u015f h\u0259ft\u0259sind\u0259 239 i\u015f g\u00fcn\u00fc (onlardan, 8-i bayramqaba\u011f\u0131 v\u0259 1-b\u0259l\u0259diyy\u0259 se\u00e7kil\u0259ri g\u00fcn\u00fc qaba\u011f\u0131), i\u015f g\u00fcn\u00fc hesab edilm\u0259y\u0259n 105 istirah\u0259t g\u00fcn\u00fc (onlardan, 8-i i\u015f g\u00fcn\u00fc hesab edilm\u0259y\u0259n bayram g\u00fcnl\u0259ri il\u0259 \u00fcst-\u00fcst\u0259 d\u00fc\u015fm\u0259sin\u0259 g\u00f6r\u0259 m\u00fc\u0259yy\u0259n edil\u0259n, 1-i 2024-c\u00fc ild\u0259n yerd\u0259yi\u015fm\u0259 il\u0259 ke\u00e7iril\u0259n), i\u015f g\u00fcn\u00fc hesab edilm\u0259y\u0259n 19 bayram, 1 B\u0259l\u0259diyy\u0259 se\u00e7kil\u0259ri g\u00fcn\u00fc v\u0259 1 \u00dcmumxalq H\u00fczn G\u00fcn\u00fc var.<\/p>\n<p>\u00d6lk\u0259mizd\u0259 g\u00fcnd\u0259lik normal i\u015f vaxt\u0131n\u0131n m\u00fcdd\u0259ti 8 saatdan, g\u00fcnd\u0259lik normal i\u015f vaxt\u0131na uy\u011fun olan h\u0259ft\u0259lik normal i\u015f vaxt\u0131n\u0131n m\u00fcdd\u0259ti is\u0259 40 saatdan art\u0131q ola bilm\u0259z. Bir qayda olaraq, iki istirah\u0259t g\u00fcn\u00fc olan be\u015fg\u00fcnl\u00fck i\u015f h\u0259ft\u0259si m\u00fc\u0259yy\u0259n edilir.<\/p>\n<p>2025-ci ilin i\u015f vaxt\u0131 normas\u0131 40 saatl\u0131q be\u015fg\u00fcnl\u00fck i\u015f h\u0259ft\u0259si \u00fczr\u0259 8 saatl\u0131q i\u015f g\u00fcn\u00fc hesab\u0131ndan m\u00fc\u0259yy\u0259n edilir v\u0259 bu zaman i\u015f g\u00fcn\u00fc hesab edilm\u0259y\u0259n bayramqaba\u011f\u0131, s\u0259sverm\u0259, habel\u0259 \u00dcmumxalq H\u00fczn G\u00fcn\u00fc qaba\u011f\u0131 i\u015f g\u00fcnl\u0259rind\u0259 h\u0259ft\u0259lik i\u015f g\u00fcnl\u0259rinin m\u00fcdd\u0259ti bir saat q\u0131sald\u0131l\u0131r.<\/p>\n<p>2025-ci il \u00fc\u00e7\u00fcn 40 saatl\u0131q i\u015f h\u0259ft\u0259sind\u0259 i\u015f vaxt\u0131n\u0131n illik normas\u0131 1903 saatd\u0131r.<\/p>\n<p>Alt\u0131g\u00fcnl\u00fck i\u015f h\u0259ft\u0259si olan i\u015f yerl\u0259rind\u0259 40 saatl\u0131q i\u015f h\u0259ft\u0259sind\u0259 \u00e7al\u0131\u015fan i\u015f\u00e7il\u0259r \u00fc\u00e7\u00fcn 2025-ci ild\u0259 be\u015fg\u00fcnl\u00fck i\u015f h\u0259ft\u0259si \u00fczr\u0259 hesablanm\u0131\u015f 1903 saatl\u0131q illik i\u015f vaxt\u0131 normas\u0131 t\u0259tbiq edilm\u0259lidir.<\/p>\n","protected":false},"excerpt":{"rendered":"<p>2025-ci il \u00fc\u00e7\u00fcn i\u015f vaxt\u0131 normas\u0131 v\u0259 istehsalat t\u0259qvimi t\u0259sdiq edilib. ARANTV.AZ \u00a0x\u0259b\u0259r verir ki, bu bar\u0259d\u0259 \u018fm\u0259k v\u0259 \u018fhalinin Sosial M\u00fcdafi\u0259si Nazirliyi (\u018f\u018fSMN) m\u0259lumat yay\u0131b. Bildirilib ki, 2025-ci il \u00fc\u00e7\u00fcn i\u015f vaxt\u0131 normas\u0131na \u0259sas\u0259n, g\u0259l\u0259n ilin a\u015fa\u011f\u0131dak\u0131 g\u00fcnl\u0259ri i\u015f g\u00fcn\u00fc hesab edilmir: 1, 2 yanvar &#8211; Yeni il bayram\u0131; 20 Yanvar &#8211; \u00dcmumxalq H\u00fczn G\u00fcn\u00fc; 8 Mart &#8211; Qad\u0131nlar G\u00fcn\u00fc; 20, 21, 22, 23, 24 mart &#8211; Novruz bayram\u0131; 30, 31 mart &#8211; Ramazan bayram\u0131; 9 May &#8211; Fa\u015fizm \u00fcz\u0259rind\u0259 Q\u0259l\u0259b\u0259 g\u00fcn\u00fc; 28 May &#8211; M\u00fcst\u0259qillik G\u00fcn\u00fc; 6, 7&hellip;<\/p>\n","protected":false},"author":2,"featured_media":809346,"comment_status":"closed","ping_status":"closed","sticky":false,"template":"","format":"standard","meta":{"om_disable_all_campaigns":false,"_monsterinsights_skip_tracking":false,"_monsterinsights_sitenote_active":false,"_monsterinsights_sitenote_note":"","_monsterinsights_sitenote_category":0},"categories":[1],"tags":[],"aioseo_notices":[],"gutentor_comment":0,"rttpg_featured_image_url":{"full":["https:\/\/arantv.az\/wp-content\/uploads\/2025\/06\/c34a42f1968c2eed26e0984b4a2b5cb3.jpg",870,500,false],"landscape":["https:\/\/arantv.az\/wp-content\/uploads\/2025\/06\/c34a42f1968c2eed26e0984b4a2b5cb3.jpg",870,500,false],"portraits":["https:\/\/arantv.az\/wp-content\/uploads\/2025\/06\/c34a42f1968c2eed26e0984b4a2b5cb3.jpg",870,500,false],"thumbnail":["https:\/\/arantv.az\/wp-content\/uploads\/2025\/06\/c34a42f1968c2eed26e0984b4a2b5cb3-500x280.jpg",500,280,true],"medium":["https:\/\/arantv.az\/wp-content\/uploads\/2025\/06\/c34a42f1968c2eed26e0984b4a2b5cb3-635x365.jpg",635,365,true],"large":["https:\/\/arantv.az\/wp-content\/uploads\/2025\/06\/c34a42f1968c2eed26e0984b4a2b5cb3-840x483.jpg",640,368,true],"1536x1536":["https:\/\/arantv.az\/wp-content\/uploads\/2025\/06\/c34a42f1968c2eed26e0984b4a2b5cb3.jpg",870,500,false],"2048x2048":["https:\/\/arantv.az\/wp-content\/uploads\/2025\/06\/c34a42f1968c2eed26e0984b4a2b5cb3.jpg",870,500,false],"post-thumbnail":["https:\/\/arantv.az\/wp-content\/uploads\/2025\/06\/c34a42f1968c2eed26e0984b4a2b5cb3-240x172.jpg",240,172,true],"advps-thumb-one":["https:\/\/arantv.az\/wp-content\/uploads\/2025\/06\/c34a42f1968c2eed26e0984b4a2b5cb3.jpg",870,500,false]},"rttpg_author":{"display_name":"V\u00fcsal Rafiqo\u011flu","author_link":"https:\/\/arantv.az\/?author=2"},"rttpg_comment":0,"rttpg_category":"<a href=\"https:\/\/arantv.az\/?cat=1\" rel=\"category\">C\u0259miyy\u0259t<\/a>","rttpg_excerpt":"2025-ci il \u00fc\u00e7\u00fcn i\u015f vaxt\u0131 normas\u0131 v\u0259 istehsalat t\u0259qvimi t\u0259sdiq edilib. ARANTV.AZ \u00a0x\u0259b\u0259r verir ki, bu bar\u0259d\u0259 \u018fm\u0259k v\u0259 \u018fhalinin Sosial M\u00fcdafi\u0259si Nazirliyi (\u018f\u018fSMN) m\u0259lumat yay\u0131b. Bildirilib ki, 2025-ci il \u00fc\u00e7\u00fcn i\u015f vaxt\u0131 normas\u0131na \u0259sas\u0259n, g\u0259l\u0259n ilin a\u015fa\u011f\u0131dak\u0131 g\u00fcnl\u0259ri i\u015f g\u00fcn\u00fc hesab edilmir: 1, 2 yanvar &#8211; Yeni il bayram\u0131; 20 Yanvar &#8211; \u00dcmumxalq H\u00fczn&hellip;","_links":{"self":[{"href":"https:\/\/arantv.az\/index.php?rest_route=\/wp\/v2\/posts\/809345"}],"collection":[{"href":"https:\/\/arantv.az\/index.php?rest_route=\/wp\/v2\/posts"}],"about":[{"href":"https:\/\/arantv.az\/index.php?rest_route=\/wp\/v2\/types\/post"}],"author":[{"embeddable":true,"href":"https:\/\/arantv.az\/index.php?rest_route=\/wp\/v2\/users\/2"}],"replies":[{"embeddable":true,"href":"https:\/\/arantv.az\/index.php?rest_route=%2Fwp%2Fv2%2Fcomments&post=809345"}],"version-history":[{"count":1,"href":"https:\/\/arantv.az\/index.php?rest_route=\/wp\/v2\/posts\/809345\/revisions"}],"predecessor-version":[{"id":809347,"href":"https:\/\/arantv.az\/index.php?rest_route=\/wp\/v2\/posts\/809345\/revisions\/809347"}],"wp:featuredmedia":[{"embeddable":true,"href":"https:\/\/arantv.az\/index.php?rest_route=\/wp\/v2\/media\/809346"}],"wp:attachment":[{"href":"https:\/\/arantv.az\/index.php?rest_route=%2Fwp%2Fv2%2Fmedia&parent=809345"}],"wp:term":[{"taxonomy":"category","embeddable":true,"href":"https:\/\/arantv.az\/index.php?rest_route=%2Fwp%2Fv2%2Fcategories&post=809345"},{"taxonomy":"post_tag","embeddable":true,"href":"https:\/\/arantv.az\/index.php?rest_route=%2Fwp%2Fv2%2Ftags&post=809345"}],"curies":[{"name":"wp","href":"https:\/\/api.w.org\/{rel}","templated":true}]}}