{"id":809355,"date":"2025-06-02T12:07:53","date_gmt":"2025-06-02T08:07:53","guid":{"rendered":"https:\/\/arantv.az\/?p=809355"},"modified":"2025-06-02T12:07:53","modified_gmt":"2025-06-02T08:07:53","slug":"ilham-%c9%99liyev-italiya-az%c9%99rbaycan-universiteti-%c9%99m%c9%99kdasligimizin-sax%c9%99l%c9%99ndirilm%c9%99sinin-goz%c9%99l-numun%c9%99sidir","status":"publish","type":"post","link":"https:\/\/arantv.az\/?p=809355","title":{"rendered":"\u0130lham \u018fliyev: \u0130taliya-Az\u0259rbaycan Universiteti \u0259m\u0259kda\u015fl\u0131\u011f\u0131m\u0131z\u0131n \u015fax\u0259l\u0259ndirilm\u0259sinin g\u00f6z\u0259l n\u00fcmun\u0259sidir"},"content":{"rendered":"<p><strong>Prezident \u0130lham \u018fliyev \u0130taliya-Az\u0259rbaycan Universitetinin iki \u00f6lk\u0259 artas\u0131nda \u0259m\u0259kda\u015fl\u0131\u011f\u0131n \u015fax\u0259l\u0259ndirilm\u0259sinin g\u00f6z\u0259l n\u00fcmun\u0259si oldu\u011funu deyib.<\/strong><\/p>\n<p><strong>Musavat.com<\/strong>-un m\u0259lunat\u0131na g\u00f6r\u0259, bu bar\u0259d\u0259 Prezident \u0130lham \u018fliyevin \u0130taliya prezidenti Sercio Mattarellaya bu \u00f6lk\u0259nin Respublika G\u00fcn\u00fc m\u00fcnasib\u0259til\u0259 g\u00f6nd\u0259rdiyi t\u0259brik m\u0259ktubunda deyilir:<\/p>\n<p>\u201c\u018fn iri ticar\u0259t t\u0259r\u0259fda\u015f\u0131m\u0131z olan \u0130taliyan\u0131 t\u0259msil ed\u0259n \u015firk\u0259tl\u0259r Az\u0259rbaycanda uzun ill\u0259rd\u0259n b\u0259ri u\u011furla f\u0259aliyy\u0259t g\u00f6st\u0259rir v\u0259 ikit\u0259r\u0259fli m\u00fcnasib\u0259tl\u0259rimizin d\u0259rinl\u0259\u015fm\u0259sind\u0259 x\u00fcsusi rol oynay\u0131r. \u0130\u015f\u011faldan azad olunmu\u015f \u0259razil\u0259rin b\u0259rpas\u0131 v\u0259 yenid\u0259n qurulmas\u0131 i\u015fl\u0259rind\u0259 \u00f6lk\u0259nizin \u015firk\u0259tl\u0259rinin yer almas\u0131 t\u0259r\u0259fda\u015fl\u0131\u011f\u0131m\u0131z\u0131n y\u00fcks\u0259k s\u0259viyy\u0259sind\u0259n x\u0259b\u0259r verir\u201d.<\/p>\n<p>D\u00f6vl\u0259t ba\u015f\u00e7\u0131s\u0131 qeyd edib ki, enerji sektorunda \u0259m\u0259kda\u015fl\u0131q Az\u0259rbaycan-\u0130taliya m\u00fcnasib\u0259tl\u0259rinin apar\u0131c\u0131 istiqam\u0259tl\u0259rind\u0259n biridir:<\/p>\n<p>\u201cBu sah\u0259d\u0259 geni\u015f g\u00fcnd\u0259liy\u0259 malik s\u0259m\u0259r\u0259li i\u015fbirliyimiz, C\u0259nub Qaz D\u0259hlizi \u00e7\u0259r\u00e7iv\u0259sind\u0259 birg\u0259 f\u0259aliyy\u0259timiz Avropan\u0131n enerji t\u0259hl\u00fck\u0259sizliyinin t\u0259minat\u0131na b\u00f6y\u00fck t\u00f6hf\u0259 verir.<\/p>\n<p>Humanitar \u0259laq\u0259l\u0259rimizin d\u0259 y\u00fcks\u0259l\u0259n x\u0259tt \u00fczr\u0259 inki\u015faf\u0131 m\u0259mnunluq do\u011furur. \u0130taliyan\u0131n be\u015f apar\u0131c\u0131 universiteti il\u0259 birg\u0259 layih\u0259 \u00e7\u0259r\u00e7iv\u0259sind\u0259 yarad\u0131lan \u0130taliya-Az\u0259rbaycan Universiteti \u0259m\u0259kda\u015fl\u0131\u011f\u0131m\u0131z\u0131n \u015fax\u0259l\u0259ndirilm\u0259sinin g\u00f6z\u0259l n\u00fcmun\u0259sidir\u201d.<\/p>\n","protected":false},"excerpt":{"rendered":"<p>Prezident \u0130lham \u018fliyev \u0130taliya-Az\u0259rbaycan Universitetinin iki \u00f6lk\u0259 artas\u0131nda \u0259m\u0259kda\u015fl\u0131\u011f\u0131n \u015fax\u0259l\u0259ndirilm\u0259sinin g\u00f6z\u0259l n\u00fcmun\u0259si oldu\u011funu deyib. Musavat.com-un m\u0259lunat\u0131na g\u00f6r\u0259, bu bar\u0259d\u0259 Prezident \u0130lham \u018fliyevin \u0130taliya prezidenti Sercio Mattarellaya bu \u00f6lk\u0259nin Respublika G\u00fcn\u00fc m\u00fcnasib\u0259til\u0259 g\u00f6nd\u0259rdiyi t\u0259brik m\u0259ktubunda deyilir: \u201c\u018fn iri ticar\u0259t t\u0259r\u0259fda\u015f\u0131m\u0131z olan \u0130taliyan\u0131 t\u0259msil ed\u0259n \u015firk\u0259tl\u0259r Az\u0259rbaycanda uzun ill\u0259rd\u0259n b\u0259ri u\u011furla f\u0259aliyy\u0259t g\u00f6st\u0259rir v\u0259 ikit\u0259r\u0259fli m\u00fcnasib\u0259tl\u0259rimizin d\u0259rinl\u0259\u015fm\u0259sind\u0259 x\u00fcsusi rol oynay\u0131r. \u0130\u015f\u011faldan azad olunmu\u015f \u0259razil\u0259rin b\u0259rpas\u0131 v\u0259 yenid\u0259n qurulmas\u0131 i\u015fl\u0259rind\u0259 \u00f6lk\u0259nizin \u015firk\u0259tl\u0259rinin yer almas\u0131 t\u0259r\u0259fda\u015fl\u0131\u011f\u0131m\u0131z\u0131n y\u00fcks\u0259k s\u0259viyy\u0259sind\u0259n x\u0259b\u0259r verir\u201d. D\u00f6vl\u0259t ba\u015f\u00e7\u0131s\u0131 qeyd edib ki, enerji sektorunda \u0259m\u0259kda\u015fl\u0131q Az\u0259rbaycan-\u0130taliya m\u00fcnasib\u0259tl\u0259rinin apar\u0131c\u0131 istiqam\u0259tl\u0259rind\u0259n biridir: \u201cBu&hellip;<\/p>\n","protected":false},"author":2,"featured_media":809356,"comment_status":"closed","ping_status":"closed","sticky":false,"template":"","format":"standard","meta":{"om_disable_all_campaigns":false,"_monsterinsights_skip_tracking":false,"_monsterinsights_sitenote_active":false,"_monsterinsights_sitenote_note":"","_monsterinsights_sitenote_category":0},"categories":[4],"tags":[],"aioseo_notices":[],"gutentor_comment":0,"rttpg_featured_image_url":{"full":["https:\/\/arantv.az\/wp-content\/uploads\/2025\/06\/79d2ea089ba97b449aa0ee36a7fbc2eb.jpg",850,500,false],"landscape":["https:\/\/arantv.az\/wp-content\/uploads\/2025\/06\/79d2ea089ba97b449aa0ee36a7fbc2eb.jpg",850,500,false],"portraits":["https:\/\/arantv.az\/wp-content\/uploads\/2025\/06\/79d2ea089ba97b449aa0ee36a7fbc2eb.jpg",850,500,false],"thumbnail":["https:\/\/arantv.az\/wp-content\/uploads\/2025\/06\/79d2ea089ba97b449aa0ee36a7fbc2eb-500x280.jpg",500,280,true],"medium":["https:\/\/arantv.az\/wp-content\/uploads\/2025\/06\/79d2ea089ba97b449aa0ee36a7fbc2eb-621x365.jpg",621,365,true],"large":["https:\/\/arantv.az\/wp-content\/uploads\/2025\/06\/79d2ea089ba97b449aa0ee36a7fbc2eb-840x494.jpg",640,376,true],"1536x1536":["https:\/\/arantv.az\/wp-content\/uploads\/2025\/06\/79d2ea089ba97b449aa0ee36a7fbc2eb.jpg",850,500,false],"2048x2048":["https:\/\/arantv.az\/wp-content\/uploads\/2025\/06\/79d2ea089ba97b449aa0ee36a7fbc2eb.jpg",850,500,false],"post-thumbnail":["https:\/\/arantv.az\/wp-content\/uploads\/2025\/06\/79d2ea089ba97b449aa0ee36a7fbc2eb-240x172.jpg",240,172,true],"advps-thumb-one":["https:\/\/arantv.az\/wp-content\/uploads\/2025\/06\/79d2ea089ba97b449aa0ee36a7fbc2eb.jpg",850,500,false]},"rttpg_author":{"display_name":"V\u00fcsal Rafiqo\u011flu","author_link":"https:\/\/arantv.az\/?author=2"},"rttpg_comment":0,"rttpg_category":"<a href=\"https:\/\/arantv.az\/?cat=4\" rel=\"category\">Siyas\u0259t<\/a>","rttpg_excerpt":"Prezident \u0130lham \u018fliyev \u0130taliya-Az\u0259rbaycan Universitetinin iki \u00f6lk\u0259 artas\u0131nda \u0259m\u0259kda\u015fl\u0131\u011f\u0131n \u015fax\u0259l\u0259ndirilm\u0259sinin g\u00f6z\u0259l n\u00fcmun\u0259si oldu\u011funu deyib. Musavat.com-un m\u0259lunat\u0131na g\u00f6r\u0259, bu bar\u0259d\u0259 Prezident \u0130lham \u018fliyevin \u0130taliya prezidenti Sercio Mattarellaya bu \u00f6lk\u0259nin Respublika G\u00fcn\u00fc m\u00fcnasib\u0259til\u0259 g\u00f6nd\u0259rdiyi t\u0259brik m\u0259ktubunda deyilir: \u201c\u018fn iri ticar\u0259t t\u0259r\u0259fda\u015f\u0131m\u0131z olan \u0130taliyan\u0131 t\u0259msil ed\u0259n \u015firk\u0259tl\u0259r Az\u0259rbaycanda uzun ill\u0259rd\u0259n b\u0259ri u\u011furla f\u0259aliyy\u0259t g\u00f6st\u0259rir v\u0259 ikit\u0259r\u0259fli m\u00fcnasib\u0259tl\u0259rimizin d\u0259rinl\u0259\u015fm\u0259sind\u0259&hellip;","_links":{"self":[{"href":"https:\/\/arantv.az\/index.php?rest_route=\/wp\/v2\/posts\/809355"}],"collection":[{"href":"https:\/\/arantv.az\/index.php?rest_route=\/wp\/v2\/posts"}],"about":[{"href":"https:\/\/arantv.az\/index.php?rest_route=\/wp\/v2\/types\/post"}],"author":[{"embeddable":true,"href":"https:\/\/arantv.az\/index.php?rest_route=\/wp\/v2\/users\/2"}],"replies":[{"embeddable":true,"href":"https:\/\/arantv.az\/index.php?rest_route=%2Fwp%2Fv2%2Fcomments&post=809355"}],"version-history":[{"count":1,"href":"https:\/\/arantv.az\/index.php?rest_route=\/wp\/v2\/posts\/809355\/revisions"}],"predecessor-version":[{"id":809357,"href":"https:\/\/arantv.az\/index.php?rest_route=\/wp\/v2\/posts\/809355\/revisions\/809357"}],"wp:featuredmedia":[{"embeddable":true,"href":"https:\/\/arantv.az\/index.php?rest_route=\/wp\/v2\/media\/809356"}],"wp:attachment":[{"href":"https:\/\/arantv.az\/index.php?rest_route=%2Fwp%2Fv2%2Fmedia&parent=809355"}],"wp:term":[{"taxonomy":"category","embeddable":true,"href":"https:\/\/arantv.az\/index.php?rest_route=%2Fwp%2Fv2%2Fcategories&post=809355"},{"taxonomy":"post_tag","embeddable":true,"href":"https:\/\/arantv.az\/index.php?rest_route=%2Fwp%2Fv2%2Ftags&post=809355"}],"curies":[{"name":"wp","href":"https:\/\/api.w.org\/{rel}","templated":true}]}}