{"id":809358,"date":"2025-06-02T12:09:42","date_gmt":"2025-06-02T08:09:42","guid":{"rendered":"https:\/\/arantv.az\/?p=809358"},"modified":"2025-06-02T12:09:42","modified_gmt":"2025-06-02T08:09:42","slug":"prezident-ilham-%c9%99liyev-milli-bayram-munasib%c9%99til%c9%99-italiyali-h%c9%99mkarini-t%c9%99brik-edib","status":"publish","type":"post","link":"https:\/\/arantv.az\/?p=809358","title":{"rendered":"Prezident \u0130lham \u018fliyev milli bayram m\u00fcnasib\u0259til\u0259 italiyal\u0131 h\u0259mkar\u0131n\u0131 t\u0259brik edib"},"content":{"rendered":"<p><strong>Az\u0259rbaycan Prezidenti \u0130lham \u018fliyev italiyal\u0131 h\u0259mkar\u0131 Sercio Mattarellaya t\u0259brik m\u0259ktubu g\u00f6nd\u0259rib.<\/strong><\/p>\n<p><strong>Musavat.com<\/strong>-un m\u0259lumat\u0131na g\u00f6r\u0259, m\u0259ktubda deyilir:<\/p>\n<p>&#8220;H\u00f6rm\u0259tli c\u0259nab Prezident,<\/p>\n<p>2 \u0130yun \u2013 Respublika G\u00fcn\u00fc m\u00fcnasib\u0259til\u0259 Sizi v\u0259 Sizin siman\u0131zda dost xalq\u0131n\u0131z\u0131 \u00f6z ad\u0131mdan v\u0259 Az\u0259rbaycan xalq\u0131 ad\u0131ndan \u00fcr\u0259kd\u0259n t\u0259brik edir, \u0259n xo\u015f arzular\u0131m\u0131 \u00e7atd\u0131r\u0131ram.<\/p>\n<p>Dostluq, qar\u015f\u0131l\u0131ql\u0131 h\u00f6rm\u0259t v\u0259 etimad \u00fcz\u0259rind\u0259 qurulmu\u015f Az\u0259rbaycan-\u0130taliya d\u00f6vl\u0259tl\u0259raras\u0131 m\u00fcnasib\u0259tl\u0259rinin haz\u0131rda dinamik v\u0259 h\u0259rt\u0259r\u0259fli inki\u015faf etm\u0259si bizi sevindirir. Bu g\u00fcn \u00f6lk\u0259l\u0259rimiz iqtisadiyyat, ticar\u0259t, energetika, s\u0259rmay\u0259, m\u00fcdafi\u0259, humanitar, o c\u00fcml\u0259d\u0259n elm, t\u0259hsil v\u0259 dig\u0259r sah\u0259l\u0259rd\u0259 s\u0259m\u0259r\u0259li qar\u015f\u0131l\u0131ql\u0131 f\u0259aliyy\u0259t g\u00f6st\u0259rir, \u0259m\u0259kda\u015fl\u0131\u011f\u0131m\u0131z ild\u0259n-il\u0259 yeni m\u0259zmunla z\u0259nginl\u0259\u015fir. Az\u0259rbaycan etibarl\u0131 strateji t\u0259r\u0259fda\u015f\u0131 olan \u0130taliya il\u0259 m\u00fcnasib\u0259tl\u0259rin b\u00fct\u00fcn sah\u0259l\u0259rd\u0259 inki\u015faf\u0131na x\u00fcsusi \u0259h\u0259miyy\u0259t verir. Siyasi \u0259laq\u0259l\u0259rimizin intensivliyi, ali s\u0259viyy\u0259d\u0259 qar\u015f\u0131l\u0131ql\u0131 anla\u015fman\u0131n v\u0259 f\u0259al dialoqun m\u00f6vcudlu\u011fu bunun \u00fc\u00e7\u00fcn yax\u015f\u0131 z\u0259min yarad\u0131r.<\/p>\n<p>\u018fn iri ticar\u0259t t\u0259r\u0259fda\u015f\u0131m\u0131z olan \u0130taliyan\u0131 t\u0259msil ed\u0259n \u015firk\u0259tl\u0259r Az\u0259rbaycanda uzun ill\u0259rd\u0259n b\u0259ri u\u011furla f\u0259aliyy\u0259t g\u00f6st\u0259rir v\u0259 ikit\u0259r\u0259fli m\u00fcnasib\u0259tl\u0259rimizin d\u0259rinl\u0259\u015fm\u0259sind\u0259 x\u00fcsusi rol oynay\u0131r. \u0130\u015f\u011faldan azad olunmu\u015f \u0259razil\u0259rin b\u0259rpas\u0131 v\u0259 yenid\u0259n qurulmas\u0131 i\u015fl\u0259rind\u0259 \u00f6lk\u0259nizin \u015firk\u0259tl\u0259rinin yer almas\u0131 t\u0259r\u0259fda\u015fl\u0131\u011f\u0131m\u0131z\u0131n y\u00fcks\u0259k s\u0259viyy\u0259sind\u0259n x\u0259b\u0259r verir.<\/p>\n<p>Enerji sektorunda \u0259m\u0259kda\u015fl\u0131q Az\u0259rbaycan-\u0130taliya m\u00fcnasib\u0259tl\u0259rinin apar\u0131c\u0131 istiqam\u0259tl\u0259rind\u0259n biridir. Bu sah\u0259d\u0259 geni\u015f g\u00fcnd\u0259liy\u0259 malik s\u0259m\u0259r\u0259li i\u015fbirliyimiz, C\u0259nub Qaz D\u0259hlizi \u00e7\u0259r\u00e7iv\u0259sind\u0259 birg\u0259 f\u0259aliyy\u0259timiz Avropan\u0131n enerji t\u0259hl\u00fck\u0259sizliyinin t\u0259minat\u0131na b\u00f6y\u00fck t\u00f6hf\u0259 verir.<\/p>\n<p>Humanitar \u0259laq\u0259l\u0259rimizin d\u0259 y\u00fcks\u0259l\u0259n x\u0259tt \u00fczr\u0259 inki\u015faf\u0131 m\u0259mnunluq do\u011furur. \u0130taliyan\u0131n be\u015f apar\u0131c\u0131 universiteti il\u0259 birg\u0259 layih\u0259 \u00e7\u0259r\u00e7iv\u0259sind\u0259 yarad\u0131lan<br \/>\n\u0130taliya-Az\u0259rbaycan Universiteti \u0259m\u0259kda\u015fl\u0131\u011f\u0131m\u0131z\u0131n \u015fax\u0259l\u0259ndirilm\u0259sinin g\u00f6z\u0259l n\u00fcmun\u0259sidir.<\/p>\n<p>M\u0259n \u00f6lk\u0259l\u0259rimiz aras\u0131nda artan siyasi dialoqu y\u00fcks\u0259k qiym\u0259tl\u0259ndirir\u0259m. Bu g\u00fcn biz qar\u015f\u0131l\u0131ql\u0131 f\u0259aliyy\u0259timizin b\u00f6y\u00fck potensial\u0131ndan yararlanaraq Az\u0259rbaycan-\u0130taliya \u0259laq\u0259l\u0259rini daha da d\u0259rinl\u0259\u015fdirm\u0259k \u0259zmind\u0259yik.<\/p>\n<p>\u018fmin\u0259m ki, \u00f6lk\u0259l\u0259rimiz aras\u0131nda dostlu\u011fun v\u0259 \u00e7ox\u00f6l\u00e7\u00fcl\u00fc strateji t\u0259r\u0259fda\u015fl\u0131\u011f\u0131n m\u00f6hk\u0259ml\u0259ndirilm\u0259si, \u0259m\u0259kda\u015fl\u0131\u011f\u0131m\u0131z\u0131n h\u0259rt\u0259r\u0259fli geni\u015fl\u0259ndirilm\u0259si yolunda birg\u0259 s\u0259yl\u0259rimizi bundan sonra da u\u011furla davam etdir\u0259c\u0259yik.<\/p>\n<p>Bu bayram g\u00fcn\u00fcnd\u0259 Siz\u0259 m\u00f6hk\u0259m cansa\u011fl\u0131\u011f\u0131, i\u015fl\u0259rinizd\u0259 m\u00fcv\u0259ff\u0259qiyy\u0259tl\u0259r, dost \u0130taliya xalq\u0131na daim firavanl\u0131q v\u0259 \u0259min-amanl\u0131q arzulay\u0131ram&#8221;.<\/p>\n","protected":false},"excerpt":{"rendered":"<p>Az\u0259rbaycan Prezidenti \u0130lham \u018fliyev italiyal\u0131 h\u0259mkar\u0131 Sercio Mattarellaya t\u0259brik m\u0259ktubu g\u00f6nd\u0259rib. Musavat.com-un m\u0259lumat\u0131na g\u00f6r\u0259, m\u0259ktubda deyilir: &#8220;H\u00f6rm\u0259tli c\u0259nab Prezident, 2 \u0130yun \u2013 Respublika G\u00fcn\u00fc m\u00fcnasib\u0259til\u0259 Sizi v\u0259 Sizin siman\u0131zda dost xalq\u0131n\u0131z\u0131 \u00f6z ad\u0131mdan v\u0259 Az\u0259rbaycan xalq\u0131 ad\u0131ndan \u00fcr\u0259kd\u0259n t\u0259brik edir, \u0259n xo\u015f arzular\u0131m\u0131 \u00e7atd\u0131r\u0131ram. Dostluq, qar\u015f\u0131l\u0131ql\u0131 h\u00f6rm\u0259t v\u0259 etimad \u00fcz\u0259rind\u0259 qurulmu\u015f Az\u0259rbaycan-\u0130taliya d\u00f6vl\u0259tl\u0259raras\u0131 m\u00fcnasib\u0259tl\u0259rinin haz\u0131rda dinamik v\u0259 h\u0259rt\u0259r\u0259fli inki\u015faf etm\u0259si bizi sevindirir. Bu g\u00fcn \u00f6lk\u0259l\u0259rimiz iqtisadiyyat, ticar\u0259t, energetika, s\u0259rmay\u0259, m\u00fcdafi\u0259, humanitar, o c\u00fcml\u0259d\u0259n elm, t\u0259hsil v\u0259 dig\u0259r sah\u0259l\u0259rd\u0259 s\u0259m\u0259r\u0259li qar\u015f\u0131l\u0131ql\u0131 f\u0259aliyy\u0259t g\u00f6st\u0259rir, \u0259m\u0259kda\u015fl\u0131\u011f\u0131m\u0131z ild\u0259n-il\u0259 yeni m\u0259zmunla z\u0259nginl\u0259\u015fir. Az\u0259rbaycan etibarl\u0131 strateji&hellip;<\/p>\n","protected":false},"author":2,"featured_media":809359,"comment_status":"closed","ping_status":"closed","sticky":false,"template":"","format":"standard","meta":{"om_disable_all_campaigns":false,"_monsterinsights_skip_tracking":false,"_monsterinsights_sitenote_active":false,"_monsterinsights_sitenote_note":"","_monsterinsights_sitenote_category":0},"categories":[4],"tags":[],"aioseo_notices":[],"gutentor_comment":0,"rttpg_featured_image_url":{"full":["https:\/\/arantv.az\/wp-content\/uploads\/2025\/06\/33fded041c75f3f58aa38ef7a3a8e050.jpg",850,500,false],"landscape":["https:\/\/arantv.az\/wp-content\/uploads\/2025\/06\/33fded041c75f3f58aa38ef7a3a8e050.jpg",850,500,false],"portraits":["https:\/\/arantv.az\/wp-content\/uploads\/2025\/06\/33fded041c75f3f58aa38ef7a3a8e050.jpg",850,500,false],"thumbnail":["https:\/\/arantv.az\/wp-content\/uploads\/2025\/06\/33fded041c75f3f58aa38ef7a3a8e050-500x280.jpg",500,280,true],"medium":["https:\/\/arantv.az\/wp-content\/uploads\/2025\/06\/33fded041c75f3f58aa38ef7a3a8e050-621x365.jpg",621,365,true],"large":["https:\/\/arantv.az\/wp-content\/uploads\/2025\/06\/33fded041c75f3f58aa38ef7a3a8e050-840x494.jpg",640,376,true],"1536x1536":["https:\/\/arantv.az\/wp-content\/uploads\/2025\/06\/33fded041c75f3f58aa38ef7a3a8e050.jpg",850,500,false],"2048x2048":["https:\/\/arantv.az\/wp-content\/uploads\/2025\/06\/33fded041c75f3f58aa38ef7a3a8e050.jpg",850,500,false],"post-thumbnail":["https:\/\/arantv.az\/wp-content\/uploads\/2025\/06\/33fded041c75f3f58aa38ef7a3a8e050-240x172.jpg",240,172,true],"advps-thumb-one":["https:\/\/arantv.az\/wp-content\/uploads\/2025\/06\/33fded041c75f3f58aa38ef7a3a8e050.jpg",850,500,false]},"rttpg_author":{"display_name":"V\u00fcsal Rafiqo\u011flu","author_link":"https:\/\/arantv.az\/?author=2"},"rttpg_comment":0,"rttpg_category":"<a href=\"https:\/\/arantv.az\/?cat=4\" rel=\"category\">Siyas\u0259t<\/a>","rttpg_excerpt":"Az\u0259rbaycan Prezidenti \u0130lham \u018fliyev italiyal\u0131 h\u0259mkar\u0131 Sercio Mattarellaya t\u0259brik m\u0259ktubu g\u00f6nd\u0259rib. Musavat.com-un m\u0259lumat\u0131na g\u00f6r\u0259, m\u0259ktubda deyilir: &#8220;H\u00f6rm\u0259tli c\u0259nab Prezident, 2 \u0130yun \u2013 Respublika G\u00fcn\u00fc m\u00fcnasib\u0259til\u0259 Sizi v\u0259 Sizin siman\u0131zda dost xalq\u0131n\u0131z\u0131 \u00f6z ad\u0131mdan v\u0259 Az\u0259rbaycan xalq\u0131 ad\u0131ndan \u00fcr\u0259kd\u0259n t\u0259brik edir, \u0259n xo\u015f arzular\u0131m\u0131 \u00e7atd\u0131r\u0131ram. Dostluq, qar\u015f\u0131l\u0131ql\u0131 h\u00f6rm\u0259t v\u0259 etimad \u00fcz\u0259rind\u0259 qurulmu\u015f Az\u0259rbaycan-\u0130taliya d\u00f6vl\u0259tl\u0259raras\u0131 m\u00fcnasib\u0259tl\u0259rinin haz\u0131rda&hellip;","_links":{"self":[{"href":"https:\/\/arantv.az\/index.php?rest_route=\/wp\/v2\/posts\/809358"}],"collection":[{"href":"https:\/\/arantv.az\/index.php?rest_route=\/wp\/v2\/posts"}],"about":[{"href":"https:\/\/arantv.az\/index.php?rest_route=\/wp\/v2\/types\/post"}],"author":[{"embeddable":true,"href":"https:\/\/arantv.az\/index.php?rest_route=\/wp\/v2\/users\/2"}],"replies":[{"embeddable":true,"href":"https:\/\/arantv.az\/index.php?rest_route=%2Fwp%2Fv2%2Fcomments&post=809358"}],"version-history":[{"count":1,"href":"https:\/\/arantv.az\/index.php?rest_route=\/wp\/v2\/posts\/809358\/revisions"}],"predecessor-version":[{"id":809360,"href":"https:\/\/arantv.az\/index.php?rest_route=\/wp\/v2\/posts\/809358\/revisions\/809360"}],"wp:featuredmedia":[{"embeddable":true,"href":"https:\/\/arantv.az\/index.php?rest_route=\/wp\/v2\/media\/809359"}],"wp:attachment":[{"href":"https:\/\/arantv.az\/index.php?rest_route=%2Fwp%2Fv2%2Fmedia&parent=809358"}],"wp:term":[{"taxonomy":"category","embeddable":true,"href":"https:\/\/arantv.az\/index.php?rest_route=%2Fwp%2Fv2%2Fcategories&post=809358"},{"taxonomy":"post_tag","embeddable":true,"href":"https:\/\/arantv.az\/index.php?rest_route=%2Fwp%2Fv2%2Ftags&post=809358"}],"curies":[{"name":"wp","href":"https:\/\/api.w.org\/{rel}","templated":true}]}}