{"id":809393,"date":"2025-06-03T09:38:46","date_gmt":"2025-06-03T05:38:46","guid":{"rendered":"https:\/\/arantv.az\/?p=809393"},"modified":"2025-06-03T09:38:46","modified_gmt":"2025-06-03T05:38:46","slug":"rusiyada-anti-az%c9%99rbaycan-isteriyasi-daha-bir-irqci-cixis-bakidan-s%c9%99rt-reaksiya","status":"publish","type":"post","link":"https:\/\/arantv.az\/?p=809393","title":{"rendered":"Rusiyada anti-Az\u0259rbaycan isteriyas\u0131 &#8211; daha bir irq\u00e7i \u00e7\u0131x\u0131\u015f, Bak\u0131dan s\u0259rt reaksiya&#8230;"},"content":{"rendered":"<div class=\"text-content\" data-id=\"\" data-url=\"\">\n<p><strong>Zatulin, Valuyev, indi d\u0259 Matveyev..; Duma \u00fczv\u00fc \u00f6lk\u0259mizi a\u015fa\u011f\u0131layaraq \u201chans\u0131sa aul\u201d adland\u0131r\u0131b; az\u0259rbaycanl\u0131 deputatlardan \u015fill\u0259 kimi cavablar<\/strong><\/p>\n<p><em>Rusiyada Az\u0259rbaycan v\u0259 az\u0259rbaycanl\u0131lar \u0259leyhin\u0259 dan\u0131\u015fanlara D\u00f6vl\u0259t Dumas\u0131n\u0131n daha bir deputat\u0131 qo\u015fulub. Mixail Matveyev \u0259sl\u0259n Az\u0259rbaycandan olan C\u0259lil R\u0259fiyevin Rusiyan\u0131n Vorkuta \u015f\u0259h\u0259r sovetin\u0259 namiz\u0259dliyinin ir\u0259li s\u00fcr\u00fclm\u0259sind\u0259n naraz\u0131 qald\u0131\u011f\u0131n\u0131 bu s\u00f6zl\u0259rl\u0259 ifad\u0259 edib: \u201cAz\u0259rbaycan\u0131n hans\u0131sa aulunda do\u011fulan, yar\u0131m\u00e7\u0131q orta t\u0259hsili v\u0259 iki ki\u00e7ik t\u0259r\u0259v\u0259z d\u00fckan\u0131 olan birinin deputat olmas\u0131 yolverilm\u0259zdir\u201d.<\/em><\/p>\n<p><em><img src=\"https:\/\/konkret.az\/cloud\/uploads\/2021\/04\/elxansahinoglu.jpg\" alt=\"Elxan \u015eahino\u011flu son \u00e7\u0131x\u0131\u015f\u0131 il\u0259 \u00f6z\u00fcn\u00fc v\u0259 \u201ca\u011falar\u0131n\u0131\u201d bel\u0259 \u0259l\u0259 verdi -  \u018fTRAFLI | KONKRET\" \/><\/em><\/p>\n<p><em><strong>\u00a0Elxan \u015eahino\u011flu<\/strong><\/em><\/p>\n<p><strong>M\u0259s\u0259l\u0259 il\u0259 ba\u011fl\u0131 politoloq Elxan \u015eahino\u011flu deyib:<\/strong>\u00a0\u201cBirincisi, bu deputat\u0131n co\u011frafiyadan x\u0259b\u0259ri yoxdur. Az\u0259rbaycanda, onun t\u0259birinc\u0259 des\u0259k, &#8220;aul&#8221; anlay\u0131\u015f\u0131 yoxdur, Matveyev \u00f6lk\u0259mizi \u015eimali Qafqaz (Rusiya Federasiyas\u0131na aiddir) \u00f6lk\u0259l\u0259ri il\u0259 s\u0259hv sal\u0131b. \u0130kincisi, Rusiyada D\u00f6vl\u0259t Dumas\u0131 s\u0259viyy\u0259sind\u0259 milli v\u0259 irqi ayr\u0131-se\u00e7kilik t\u0259bli\u011fat\u0131 apar\u0131l\u0131rsa, Rusiyan\u0131n s\u0131ravi v\u0259t\u0259nda\u015f\u0131ndan n\u0259 g\u00f6zl\u0259m\u0259k olar? C\u0259lil R\u0259fiyev Rusiya v\u0259t\u0259nda\u015f\u0131d\u0131rsa, o, yerli \u015f\u0259h\u0259r sovetin\u0259 namiz\u0259dliyini niy\u0259 ir\u0259li s\u00fcr\u0259 bilm\u0259z ki? Rusiyal\u0131 deputat ayr\u0131-se\u00e7kilik toxumu s\u0259pm\u0259kl\u0259 Rusiya Konstitusiyas\u0131n\u0131 da pozmu\u015f olur. Buna baxmayaraq, irq\u00e7i deputat\u0131n t\u0259xribat\u00e7\u0131 a\u00e7\u0131qlamas\u0131na h\u0259mkarlar\u0131ndan kims\u0259 etiraz etm\u0259yib. Dem\u0259li, onlar da Mixail Matveyev kimi d\u00fc\u015f\u00fcn\u00fcrl\u0259r. Bel\u0259 \u00e7\u0131x\u0131r ki, Rusiya v\u0259t\u0259nda\u015f\u0131 olan az\u0259rbaycanl\u0131 n\u0259 vaxtsa Rusiya D\u00f6vl\u0259t Dumas\u0131nda se\u00e7kil\u0259rd\u0259 i\u015ftirak etm\u0259k ist\u0259s\u0259, Mixail Matveyev kimi \u015fovinist v\u0259 irq\u00e7i deputat v\u0259 onun kimi d\u00fc\u015f\u00fcn\u0259nl\u0259r buna qar\u015f\u0131 da \u00e7\u0131xacaqlar&#8221;.<\/p>\n<p><strong>N\u0259 ba\u015f verir? Rusiyada Az\u0259rbaycan \u0259leyhin\u0259 aqressiv ton niy\u0259 g\u00fccl\u0259nir? Kreml bu deputatlar\u0131 susduracaqm\u0131? Ax\u0131 bu, ilk bel\u0259 hal deyil. Zatulin, Valuyev, indi d\u0259 Matveyev. Duman\u0131n spikeri Vya\u00e7eslav Volodin hara bax\u0131r?<\/strong><\/p>\n<p><strong><img src=\"https:\/\/qafqazinfo.az\/uploads\/1746456082\/az.jpg\" alt=\"Rusiyadan Az\u0259r Badamovun \u00f6lk\u0259y\u0259 burax\u0131lmamas\u0131na \u2014 Reaksiya\" \/><\/strong><\/p>\n<p><strong>Az\u0259r Badamov<\/strong><\/p>\n<p><strong>Deputat Az\u0259r Badamov m\u00f6vzu il\u0259 ba\u011fl\u0131 \u201cYeni M\u00fcsavat\u201da dan\u0131\u015f\u0131b. Mill\u0259t v\u0259kili qeyd edib ki, Rusiya D\u00f6vl\u0259t Dumas\u0131n\u0131n b\u0259zi deputatlar\u0131 t\u0259r\u0259find\u0259n Az\u0259rbaycan v\u0259 az\u0259rbaycanl\u0131lara qar\u015f\u0131 t\u0259hqir v\u0259 q\u0259r\u0259z do\u011furacaq ifad\u0259l\u0259rin i\u015fl\u0259dilm\u0259si he\u00e7 d\u0259 iki \u00f6lk\u0259 aras\u0131nda imzalanm\u0131\u015f qar\u015f\u0131l\u0131ql\u0131 m\u00fctt\u0259fiqlik haqq\u0131nda s\u0259n\u0259din ruhuna uy\u011fun deyil:<\/strong>\u00a0\u201cDo\u011frudur, deputat fikir ifad\u0259 etm\u0259kd\u0259 s\u0259rb\u0259stdir. Amma bu, mill\u0259tl\u0259ri a\u015fa\u011f\u0131layacaq ifad\u0259l\u0259rl\u0259 xalqlar v\u0259 d\u00f6vl\u0259tl\u0259r aras\u0131nda nifaq\u0131n sal\u0131nmas\u0131na xidm\u0259t etm\u0259m\u0259lidir. T\u0259bii ki, bel\u0259 deputatlar\u0131n a\u00e7\u0131qlad\u0131\u011f\u0131 fikirl\u0259rin z\u0259r\u0259rli olmas\u0131 bar\u0259sind\u0259 parlamentin r\u0259hb\u0259rliyi t\u0259r\u0259find\u0259n izah olunmal\u0131 v\u0259 intizam komissiyas\u0131na \u00e7\u0131xar\u0131laraq m\u00fcvafiq qaydada t\u0259nbeh olunmal\u0131d\u0131r. Amma bu, ba\u015f verm\u0259dikd\u0259 is\u0259 onlarda \u00f6zba\u015f\u0131nal\u0131q yaran\u0131r v\u0259 d\u00f6vl\u0259tl\u0259r aras\u0131nda m\u00fcnasib\u0259tl\u0259rd\u0259 soyuqlu\u011fun meydana g\u0259lm\u0259sin\u0259 yol a\u00e7an h\u0259r\u0259k\u0259tl\u0259rd\u0259n \u00e7\u0259kinmirl\u0259r. H\u0259m d\u0259 deputat \u00f6z v\u0259t\u0259nda\u015f\u0131n\u0131 milli, etnik v\u0259 dini m\u0259nsubiyy\u0259tin\u0259 g\u00f6r\u0259 a\u015fa\u011f\u0131lamamal\u0131, \u00f6z milli m\u0259nsubiyy\u0259tini dig\u0259rl\u0259rind\u0259n \u00fcst\u00fcn tutmamal\u0131d\u0131r. \u018fg\u0259r bel\u0259 hal ba\u015f verirs\u0259, bu, milli, etnik v\u0259 dini ayr\u0131-se\u00e7kiliyin q\u0131z\u0131\u015fd\u0131r\u0131lmas\u0131 kimi d\u0259y\u0259rl\u0259ndirilm\u0259lidir. Bel\u0259 ki, Rusiya D\u00f6vl\u0259t Dumas\u0131n\u0131n deputat\u0131 Mixail Matveyevin C\u0259lil R\u0259fiyevin Rusiyan\u0131n Vorkuta \u015f\u0259h\u0259r sovetin\u0259 namiz\u0259dliyinin ir\u0259li s\u00fcr\u00fclm\u0259sind\u0259n naraz\u0131 qald\u0131\u011f\u0131na g\u00f6r\u0259 &#8220;Az\u0259rbaycan\u0131n hans\u0131sa aulunda do\u011fulan, yar\u0131m\u00e7\u0131q orta t\u0259hsili v\u0259 iki ki\u00e7ik t\u0259r\u0259v\u0259z d\u00fckan\u0131 olan birinin deputat olmas\u0131 yolverilm\u0259zdir&#8221; ifad\u0259sini i\u015fl\u0259tm\u0259si deputat etikas\u0131na uy\u011fun g\u0259lm\u0259y\u0259n bir h\u0259r\u0259k\u0259tdir. M\u0259g\u0259r Mixail Matveyev bilmir ki, Az\u0259rbaycanda aul yoxdur?&#8221;<\/p>\n<p><img src=\"https:\/\/www.baki-xeber.com\/media\/2025\/06\/02\/aul_mixail.jpg?v=1748873710\" alt=\"Rusiya deputat\u0131 az\u0259rbaycanl\u0131lara qar\u015f\u0131 a\u00e7\u0131q irq\u00e7iliy\u0259 ke\u00e7di... -  Baki-Xeber.com\" \/><\/p>\n<p>&nbsp;<\/p>\n<p><strong>Deputat qeyd edib ki, ikincisi is\u0259 C\u0259lil R\u0259fiyev az\u0259rbaycanl\u0131 olsa da Rusiya v\u0259t\u0259nda\u015f\u0131d\u0131r:<\/strong>\u00a0\u201cOnda bel\u0259 \u00e7\u0131x\u0131r ki, Rusiyada ba\u015fqa mill\u0259td\u0259n olan v\u0259t\u0259nda\u015flar deputat se\u00e7ilm\u0259m\u0259lidir? H\u0259m d\u0259 Rusiyan\u0131n konstitusiyas\u0131nda\u00a0 deputatl\u0131\u011fa namiz\u0259d \u015f\u0259xsin t\u0259hsilli olmas\u0131 v\u0259 onun qanun \u00e7\u0259r\u00e7iv\u0259sind\u0259 g\u00f6st\u0259ril\u0259n f\u0259aliyy\u0259tin n\u0259d\u0259n ibar\u0259t olmas\u0131 il\u0259 ba\u011fl\u0131 t\u0259l\u0259b yoxdur. Amma Matveyevin d\u00fc\u015f\u00fcnc\u0259si il\u0259 deputat ancaq etnik ruslardan se\u00e7ilm\u0259li, ticar\u0259tl\u0259 m\u0259\u015f\u011ful ba\u015fqa mill\u0259td\u0259n\u00a0 olan v\u0259t\u0259nda\u015flar deputat se\u00e7ilm\u0259m\u0259lidir\u201d.<\/p>\n<p><strong>A.Badamov hesab edir ki, D\u00f6vl\u0259t Dumas\u0131n\u0131n r\u0259hb\u0259rliyi m\u00fcvafiq add\u0131mlar atmal\u0131d\u0131r.<\/strong><\/p>\n<p><strong><img loading=\"lazy\" src=\"https:\/\/e-huquq.az\/media\/2025\/01\/31\/ceyhun6.jpg\" alt=\"Ceyhun M\u0259mm\u0259dov: &quot;D\u00fcnya yeni iqtisadi b\u00f6hran\u0131n astanas\u0131ndad\u0131r&quot;\" width=\"612\" height=\"413\" \/><\/strong><\/p>\n<p><strong>Ceyhun M\u0259mm\u0259dov\u00a0<\/strong><\/p>\n<p>Mill\u0259t v\u0259kili Ceyhun M\u0259mm\u0259dov is\u0259 m\u0259s\u0259l\u0259y\u0259 bu c\u00fcr m\u00f6vqe bildirib: \u201cT\u0259\u0259ss\u00fcfl\u0259 qeyd etm\u0259k laz\u0131md\u0131r ki, Rusiya t\u0259r\u0259find\u0259n Az\u0259rbaycana qar\u015f\u0131 dil uzadanlar\u0131n say\u0131 getdikc\u0259 artmaqdad\u0131r. Zatulin, ondan \u0259vv\u0259lkil\u0259r v\u0259 indi Matveyev &#8211; b\u00fct\u00fcn bu \u015f\u0259xsl\u0259r Az\u0259rbaycana qar\u015f\u0131 t\u0259hqiramiz fikirl\u0259r s\u0259sl\u0259ndirirl\u0259r. \u00dcmumilikd\u0259 bu ifad\u0259l\u0259ri t\u0259hlil etdikd\u0259 ayd\u0131n g\u00f6r\u00fcn\u00fcr ki, burada a\u00e7\u0131q-a\u015fkar irq\u00e7ilik v\u0259 ksenofobiya \u0259lam\u0259tl\u0259ri var. Az\u0259rbaycan v\u0259 az\u0259rbaycanl\u0131lar haqq\u0131nda bu c\u00fcr fikirl\u0259ri dil\u0259 g\u0259tirm\u0259k, bu c\u00fcr m\u00f6vqe s\u0259rgil\u0259m\u0259k h\u0259min \u015f\u0259xsl\u0259rin hans\u0131 t\u0259f\u0259kk\u00fcr\u0259 sahib olduqlar\u0131n\u0131 bir daha a\u00e7\u0131q \u015f\u0259kild\u0259 g\u00f6st\u0259rir. \u018fslind\u0259 bu t\u0259f\u0259kk\u00fcr v\u0259 d\u00fc\u015f\u00fcnc\u0259 t\u0259rzi uzunm\u00fcdd\u0259tli perspektivd\u0259 Rusiyan\u0131n \u00f6z\u00fc \u00fc\u00e7\u00fcn d\u0259 olduqca t\u0259hl\u00fck\u0259lidir.<\/p>\n<p>Bundan \u0259lav\u0259, qanunverici orqan\u0131n n\u00fcmay\u0259nd\u0259sinin bel\u0259 bir a\u00e7\u0131qlama verm\u0259si v\u0259 bu c\u00fcr m\u00f6vqe bildirm\u0259si ciddi m\u00fczakir\u0259 m\u00f6vzusudur. Haql\u0131 olaraq sual do\u011furur ki, bir qanunverici orqan\u0131n n\u00fcmay\u0259nd\u0259si nec\u0259 beyn\u0259lxalq v\u0259 yerli h\u00fcquq normalar\u0131n\u0131 pozaraq bu c\u00fcr b\u0259yanatlar ver\u0259 bil\u0259r? Az\u0259rbaycanl\u0131lar uzun ill\u0259rdir Rusiyada ya\u015fay\u0131r, bu \u00f6lk\u0259nin d\u00f6vl\u0259t\u00e7iliyinin v\u0259 inki\u015faf\u0131n\u0131n m\u00f6hk\u0259ml\u0259nm\u0259sin\u0259 \u00f6z t\u00f6hf\u0259l\u0259rini verirl\u0259r. Y\u0259ni onlar sad\u0259c\u0259 bu g\u00fcn deyil, ill\u0259rdir bu \u00f6lk\u0259nin bir hiss\u0259si olaraq onun t\u0259r\u0259qqisin\u0259 xidm\u0259t edirl\u0259r v\u0259 bu prosesd\u0259 f\u0259al i\u015ftirak edirl\u0259r.<\/p>\n<p><strong>Bel\u0259 m\u00fcnasib\u0259t v\u0259 yana\u015fma is\u0259 t\u0259kc\u0259 az\u0259rbaycanl\u0131lara qar\u015f\u0131 deyil, b\u00fct\u00f6vl\u00fckd\u0259 Rusiyan\u0131n daxilind\u0259 milli v\u0259 dini z\u0259mind\u0259 m\u00fcnaqi\u015f\u0259 riskini art\u0131r\u0131r, g\u0259rginlik ocaqlar\u0131 yarad\u0131r v\u0259 \u00f6lk\u0259ni u\u00e7uruma do\u011fru s\u00fcr\u00fckl\u0259yir. Bel\u0259 a\u00e7\u0131qlamalar v\u0259 b\u0259yanatlar, bu c\u00fcr t\u0259f\u0259kk\u00fcr, bax\u0131\u015f v\u0259 yana\u015fma, v\u0259ziyy\u0259ti daha da g\u0259rginl\u0259\u015fdirir&#8221;.<\/strong><\/p>\n<p>Mill\u0259t v\u0259kili t\u0259\u0259ss\u00fcfl\u0259 bu c\u00fcr m\u0259s\u0259l\u0259l\u0259r\u0259 he\u00e7 bir r\u0259smi reaksiya verilm\u0259diyini deyib: \u201c\u00dcst\u0259lik, n\u0259z\u0259r\u0259 almaq laz\u0131md\u0131r ki, art\u0131q d\u00fcnyada rusiyal\u0131lara qar\u015f\u0131 prosesl\u0259r s\u00fcr\u0259tl\u0259nir. Rusiya d\u00f6vl\u0259ti v\u0259 rus mill\u0259ti beyn\u0259lxalq al\u0259md\u0259 getdikc\u0259 arzuolunmaz, sevilm\u0259z bir imic qazan\u0131r. Onlar\u0131n ke\u00e7mi\u015f sovet \u00f6lk\u0259l\u0259ri il\u0259 azdan-\u00e7oxdan saxlad\u0131\u011f\u0131 m\u00fcnasib\u0259tl\u0259r d\u0259 getdikc\u0259 pozulur. Bu m\u00fcnasib\u0259tl\u0259rin m\u0259hv edilm\u0259sind\u0259n sonra, dem\u0259k olar ki, onlara qar\u015f\u0131 normal m\u00fcnasib\u0259t b\u0259sl\u0259y\u0259n bir \u00f6lk\u0259 bel\u0259 qalmayacaq. Bu is\u0259, qeyd etdiyim kimi, b\u00fct\u00f6vl\u00fckd\u0259 ke\u00e7mi\u015f sovet m\u0259kan\u0131nda, ke\u00e7mi\u015f sovet respublikalar\u0131nda Rusiyaya nifr\u0259t, k\u00fcdur\u0259t v\u0259 xo\u015fag\u0259lm\u0259z m\u00fcnasib\u0259tin formala\u015fmas\u0131na g\u0259tirib \u00e7\u0131xaracaq. N\u0259tic\u0259d\u0259 bu, h\u0259m d\u00f6vl\u0259t, h\u0259m d\u0259 xalq \u00fc\u00e7\u00fcn ciddi probleml\u0259r yaradan m\u0259s\u0259l\u0259y\u0259 \u00e7evril\u0259c\u0259k\u201d.<\/p>\n<p><strong>Xalid\u0259 G\u018fRAY,<\/strong><br \/>\n<strong>\u201cYeni M\u00fcsavat\u201d<\/strong><\/p>\n<p><strong>\u00a0<\/strong><\/p>\n<\/div>\n<div><\/div>\n<div><\/div>\n<div class=\"inner-social-box\">\n<div class=\"subs-in-social subs-whatsapp\"><\/div>\n<\/div>\n","protected":false},"excerpt":{"rendered":"<p>Zatulin, Valuyev, indi d\u0259 Matveyev..; Duma \u00fczv\u00fc \u00f6lk\u0259mizi a\u015fa\u011f\u0131layaraq \u201chans\u0131sa aul\u201d adland\u0131r\u0131b; az\u0259rbaycanl\u0131 deputatlardan \u015fill\u0259 kimi cavablar Rusiyada Az\u0259rbaycan v\u0259 az\u0259rbaycanl\u0131lar \u0259leyhin\u0259 dan\u0131\u015fanlara D\u00f6vl\u0259t Dumas\u0131n\u0131n daha bir deputat\u0131 qo\u015fulub. Mixail Matveyev \u0259sl\u0259n Az\u0259rbaycandan olan C\u0259lil R\u0259fiyevin Rusiyan\u0131n Vorkuta \u015f\u0259h\u0259r sovetin\u0259 namiz\u0259dliyinin ir\u0259li s\u00fcr\u00fclm\u0259sind\u0259n naraz\u0131 qald\u0131\u011f\u0131n\u0131 bu s\u00f6zl\u0259rl\u0259 ifad\u0259 edib: \u201cAz\u0259rbaycan\u0131n hans\u0131sa aulunda do\u011fulan, yar\u0131m\u00e7\u0131q orta t\u0259hsili v\u0259 iki ki\u00e7ik t\u0259r\u0259v\u0259z d\u00fckan\u0131 olan birinin deputat olmas\u0131 yolverilm\u0259zdir\u201d. \u00a0Elxan \u015eahino\u011flu M\u0259s\u0259l\u0259 il\u0259 ba\u011fl\u0131 politoloq Elxan \u015eahino\u011flu deyib:\u00a0\u201cBirincisi, bu deputat\u0131n co\u011frafiyadan x\u0259b\u0259ri yoxdur. Az\u0259rbaycanda, onun t\u0259birinc\u0259 des\u0259k, &#8220;aul&#8221; anlay\u0131\u015f\u0131 yoxdur, Matveyev \u00f6lk\u0259mizi \u015eimali&hellip;<\/p>\n","protected":false},"author":2,"featured_media":809394,"comment_status":"closed","ping_status":"closed","sticky":false,"template":"","format":"standard","meta":{"om_disable_all_campaigns":false,"_monsterinsights_skip_tracking":false,"_monsterinsights_sitenote_active":false,"_monsterinsights_sitenote_note":"","_monsterinsights_sitenote_category":0},"categories":[19],"tags":[],"aioseo_notices":[],"gutentor_comment":0,"rttpg_featured_image_url":{"full":["https:\/\/arantv.az\/wp-content\/uploads\/2025\/06\/0b943113eab1326cfce64f87fd339332.jpg",686,386,false],"landscape":["https:\/\/arantv.az\/wp-content\/uploads\/2025\/06\/0b943113eab1326cfce64f87fd339332.jpg",686,386,false],"portraits":["https:\/\/arantv.az\/wp-content\/uploads\/2025\/06\/0b943113eab1326cfce64f87fd339332.jpg",686,386,false],"thumbnail":["https:\/\/arantv.az\/wp-content\/uploads\/2025\/06\/0b943113eab1326cfce64f87fd339332-500x280.jpg",500,280,true],"medium":["https:\/\/arantv.az\/wp-content\/uploads\/2025\/06\/0b943113eab1326cfce64f87fd339332-649x365.jpg",649,365,true],"large":["https:\/\/arantv.az\/wp-content\/uploads\/2025\/06\/0b943113eab1326cfce64f87fd339332.jpg",640,360,false],"1536x1536":["https:\/\/arantv.az\/wp-content\/uploads\/2025\/06\/0b943113eab1326cfce64f87fd339332.jpg",686,386,false],"2048x2048":["https:\/\/arantv.az\/wp-content\/uploads\/2025\/06\/0b943113eab1326cfce64f87fd339332.jpg",686,386,false],"post-thumbnail":["https:\/\/arantv.az\/wp-content\/uploads\/2025\/06\/0b943113eab1326cfce64f87fd339332-240x172.jpg",240,172,true],"advps-thumb-one":["https:\/\/arantv.az\/wp-content\/uploads\/2025\/06\/0b943113eab1326cfce64f87fd339332.jpg",686,386,false]},"rttpg_author":{"display_name":"V\u00fcsal Rafiqo\u011flu","author_link":"https:\/\/arantv.az\/?author=2"},"rttpg_comment":0,"rttpg_category":"<a href=\"https:\/\/arantv.az\/?cat=19\" rel=\"category\">G\u00fcnd\u0259m<\/a>","rttpg_excerpt":"Zatulin, Valuyev, indi d\u0259 Matveyev..; Duma \u00fczv\u00fc \u00f6lk\u0259mizi a\u015fa\u011f\u0131layaraq \u201chans\u0131sa aul\u201d adland\u0131r\u0131b; az\u0259rbaycanl\u0131 deputatlardan \u015fill\u0259 kimi cavablar Rusiyada Az\u0259rbaycan v\u0259 az\u0259rbaycanl\u0131lar \u0259leyhin\u0259 dan\u0131\u015fanlara D\u00f6vl\u0259t Dumas\u0131n\u0131n daha bir deputat\u0131 qo\u015fulub. Mixail Matveyev \u0259sl\u0259n Az\u0259rbaycandan olan C\u0259lil R\u0259fiyevin Rusiyan\u0131n Vorkuta \u015f\u0259h\u0259r sovetin\u0259 namiz\u0259dliyinin ir\u0259li s\u00fcr\u00fclm\u0259sind\u0259n naraz\u0131 qald\u0131\u011f\u0131n\u0131 bu s\u00f6zl\u0259rl\u0259 ifad\u0259 edib: \u201cAz\u0259rbaycan\u0131n hans\u0131sa aulunda do\u011fulan, yar\u0131m\u00e7\u0131q orta&hellip;","_links":{"self":[{"href":"https:\/\/arantv.az\/index.php?rest_route=\/wp\/v2\/posts\/809393"}],"collection":[{"href":"https:\/\/arantv.az\/index.php?rest_route=\/wp\/v2\/posts"}],"about":[{"href":"https:\/\/arantv.az\/index.php?rest_route=\/wp\/v2\/types\/post"}],"author":[{"embeddable":true,"href":"https:\/\/arantv.az\/index.php?rest_route=\/wp\/v2\/users\/2"}],"replies":[{"embeddable":true,"href":"https:\/\/arantv.az\/index.php?rest_route=%2Fwp%2Fv2%2Fcomments&post=809393"}],"version-history":[{"count":1,"href":"https:\/\/arantv.az\/index.php?rest_route=\/wp\/v2\/posts\/809393\/revisions"}],"predecessor-version":[{"id":809395,"href":"https:\/\/arantv.az\/index.php?rest_route=\/wp\/v2\/posts\/809393\/revisions\/809395"}],"wp:featuredmedia":[{"embeddable":true,"href":"https:\/\/arantv.az\/index.php?rest_route=\/wp\/v2\/media\/809394"}],"wp:attachment":[{"href":"https:\/\/arantv.az\/index.php?rest_route=%2Fwp%2Fv2%2Fmedia&parent=809393"}],"wp:term":[{"taxonomy":"category","embeddable":true,"href":"https:\/\/arantv.az\/index.php?rest_route=%2Fwp%2Fv2%2Fcategories&post=809393"},{"taxonomy":"post_tag","embeddable":true,"href":"https:\/\/arantv.az\/index.php?rest_route=%2Fwp%2Fv2%2Ftags&post=809393"}],"curies":[{"name":"wp","href":"https:\/\/api.w.org\/{rel}","templated":true}]}}