{"id":809396,"date":"2025-06-03T09:41:13","date_gmt":"2025-06-03T05:41:13","guid":{"rendered":"https:\/\/arantv.az\/?p=809396"},"modified":"2025-06-03T09:41:13","modified_gmt":"2025-06-03T05:41:13","slug":"gozl%c9%99r-xank%c9%99ndid%c9%99-10-olk%c9%99-qarabaga-niy%c9%99-toplasir","status":"publish","type":"post","link":"https:\/\/arantv.az\/?p=809396","title":{"rendered":"G\u00f6zl\u0259r Xank\u0259ndid\u0259: 10 \u00f6lk\u0259 Qaraba\u011fa niy\u0259 topla\u015f\u0131r?"},"content":{"rendered":"<p><strong>\u0130qtisadi \u018fm\u0259kda\u015fl\u0131q T\u0259\u015fkilat\u0131n\u0131n 17-ci Zirv\u0259si bu \u015f\u0259h\u0259rimizd\u0259 ke\u00e7iril\u0259c\u0259k &#8211; ekspert Az\u0259rbaycan\u0131n bu platformada rolundan dan\u0131\u015fd\u0131<\/strong><\/p>\n<p><em>Az\u0259rbaycan\u0131n xarici i\u015fl\u0259r naziri Ceyhun Bayramov pakistanl\u0131 h\u0259mkar\u0131 M\u0259h\u0259mm\u0259d \u0130shaq Darla Xank\u0259ndid\u0259 ke\u00e7iril\u0259c\u0259k \u0130qtisadi \u018fm\u0259kda\u015fl\u0131q T\u0259\u015fkilat\u0131n\u0131n (\u0130\u018fT) 17-ci Zirv\u0259sini m\u00fczakir\u0259 edib. Bildirilib ki, telefon dan\u0131\u015f\u0131\u011f\u0131 \u0259snas\u0131nda Pakistan\u0131n ba\u015f diplomat\u0131 \u201cbu h\u0259ft\u0259nin \u0259vv\u0259lind\u0259 Az\u0259rbaycana s\u0259f\u0259ri zaman\u0131 g\u00f6st\u0259rilmi\u015f s\u0259mimi qonaqp\u0259rv\u0259rliy\u0259 g\u00f6r\u0259 xarici i\u015fl\u0259r nazirin\u0259 t\u0259\u015f\u0259kk\u00fcr edib\u201d.<\/em><\/p>\n<p>\u201cH\u0259r iki nazir 2025-ci ilin iyul ay\u0131n\u0131n \u0259vv\u0259lind\u0259 Az\u0259rbaycanda ke\u00e7iril\u0259c\u0259k \u0130\u018fT Zirv\u0259sinin t\u0259f\u0259rr\u00fcatlar\u0131n\u0131, i\u015ftirak\u00e7\u0131lar\u0131n\u0131 v\u0259 mexanizml\u0259rini m\u00fczakir\u0259 edibl\u0259r\u201d, &#8211; press-relizd\u0259 diqq\u0259t\u0259 \u00e7atd\u0131r\u0131l\u0131b.<\/p>\n<p><strong>Qeyd ed\u0259k ki, \u0130\u018fT-in 17-ci Zirv\u0259si 3-4 iyul tarixl\u0259rind\u0259 Xank\u0259ndi \u015f\u0259h\u0259rind\u0259 ke\u00e7iril\u0259c\u0259k. Builki m\u00f6vzu davaml\u0131 inki\u015faf v\u0259 iqlim\u0259 dayan\u0131ql\u0131 iqtisadi \u0259m\u0259kda\u015fl\u0131q bar\u0259d\u0259 olacaq<\/strong><\/p>\n<p>Qeyd ed\u0259k ki, 2023-c\u00fc ilin noyabr\u0131nda \u00d6zb\u0259kistan Respublikas\u0131n\u0131n paytaxt\u0131 Da\u015fk\u0259nd \u015f\u0259h\u0259rind\u0259 \u0130qtisadi \u018fm\u0259kda\u015fl\u0131q T\u0259\u015fkilat\u0131n\u0131n 16-c\u0131 Zirv\u0259 toplant\u0131s\u0131 ke\u00e7irilib.<\/p>\n<p>Beyn\u0259lxalq iqtisadi toplant\u0131n\u0131n Xank\u0259ndid\u0259 t\u0259\u015fkili \u0259lam\u0259tdar hadis\u0259dir. Bu h\u0259m d\u0259 Xank\u0259ndini diqq\u0259t m\u0259rk\u0259zin\u0259 g\u0259tirir. 30 ild\u0259n \u00e7ox separatizm\u0259 yuva olmu\u015f bu Az\u0259rbaycan \u015f\u0259h\u0259rind\u0259 he\u00e7 bir r\u0259smi t\u0259dbir v\u0259 yaxud beyn\u0259lxalq konfrans ke\u00e7irilm\u0259yib. Ordumuz \u015f\u0259h\u0259ri xunta rejimind\u0259n t\u0259mizl\u0259dikd\u0259n sonra Xank\u0259ndid\u0259 qanuni idar\u0259etm\u0259 qurulub.<\/p>\n<p>1964-c\u00fc ild\u0259 \u0130ran, Pakistan v\u0259 T\u00fcrkiy\u0259 t\u0259r\u0259find\u0259n \u0130nki\u015faf \u00fc\u00e7\u00fcn Regional \u018fm\u0259kda\u015fl\u0131q (\u0130R\u018f) ad\u0131 il\u0259 \u00fc\u00e7 \u00f6lk\u0259 aras\u0131nda iqtisadi, texniki v\u0259 m\u0259d\u0259ni \u0259m\u0259kda\u015fl\u0131\u011f\u0131 m\u00f6hk\u0259ml\u0259ndirm\u0259k m\u0259qs\u0259dil\u0259 yarad\u0131lm\u0131\u015f t\u0259\u015fkilat 1985-ci ild\u0259n etibar\u0259n \u0130qtisadi \u018fm\u0259kda\u015fl\u0131q T\u0259\u015fkilat\u0131 adland\u0131r\u0131l\u0131b.<\/p>\n<p>T\u0259\u015fkilat\u0131n m\u0259qs\u0259di davaml\u0131 iqtisadi art\u0131ma nail olunmas\u0131, \u00fczv d\u00f6vl\u0259tl\u0259rin davaml\u0131 iqtisadi inki\u015faf\u0131n\u0131n t\u0259min edilm\u0259si, ticar\u0259tin liberalla\u015fd\u0131r\u0131lmas\u0131 v\u0259 region daxili ticar\u0259tin t\u0259\u015fviqi, \u00fczv d\u00f6vl\u0259tl\u0259rin iqtisadiyyat\u0131n\u0131n d\u00fcnya iqtisadiyyat\u0131na t\u0259dric\u0259n inteqrasiyas\u0131, n\u0259qliyyat v\u0259 kommunikasiya sisteminin inki\u015faf etdirilm\u0259si, iqtisadiyyat\u0131n liberalla\u015fd\u0131r\u0131lmas\u0131, \u0130\u018fT regionunun maddi s\u0259rv\u0259tl\u0259rinin s\u0259m\u0259r\u0259li istifad\u0259sidir.<\/p>\n<p>Az\u0259rbaycan m\u00fcst\u0259qillik \u0259ld\u0259 etdikd\u0259n d\u0259rhal sonra &#8211; 1992-ci ild\u0259 t\u0259\u015fkilata \u00fczv olub. Haz\u0131rda m\u0259nzil-q\u0259rargah\u0131 Tehranda yerl\u0259\u015f\u0259n \u0130\u018fT-in 10 \u00fczv\u00fc var &#8211; Az\u0259rbaycan, \u018ffqan\u0131stan, Qazax\u0131stan, Q\u0131r\u011f\u0131z\u0131stan, Pakistan, Tacikistan, T\u00fcrkiy\u0259, T\u00fcrkm\u0259nistan, \u00d6zb\u0259kistan, \u0130ran.<\/p>\n<p>\u0130\u018fT-in k\u0259nd t\u0259s\u0259rr\u00fcfat\u0131 sah\u0259si; s\u0259naye \u0259m\u0259kda\u015fl\u0131\u011f\u0131; n\u0259qliyyat v\u0259 rabit\u0259; infrastruktur v\u0259 ictimai i\u015fl\u0259r; elm, t\u0259hsil v\u0259 m\u0259d\u0259niyy\u0259t; energetika; narkotik madd\u0259l\u0259rin yay\u0131lmamas\u0131 m\u0259s\u0259l\u0259l\u0259ri \u00fczr\u0259 f\u0259aliyy\u0259t g\u00f6st\u0259r\u0259n 8 texniki komit\u0259si var. Komit\u0259l\u0259r ild\u0259 bir d\u0259f\u0259 toplan\u0131r. \u0130\u018fT Nazirl\u0259r \u015euras\u0131 da \u0259n az\u0131 ild\u0259 bir d\u0259f\u0259 y\u0131\u011f\u0131ncaq ke\u00e7irir.<\/p>\n<p>1993-c\u00fc ild\u0259 BMT Ba\u015f Assambleyas\u0131n\u0131n 48-ci sessiyas\u0131nda \u0130\u018fT BMT-d\u0259, 1994-c\u00fc ild\u0259 is\u0259 \u0130slam T\u0259\u015fkilat\u0131 Konfrans\u0131nda m\u00fc\u015fahid\u0259\u00e7i statusu al\u0131b.<\/p>\n<p><strong>2023-c\u00fc ilin yanvar\u0131nda t\u0259\u015fkilata s\u0259drlik \u00d6zb\u0259kistandan Az\u0259rbaycana ke\u00e7ib.\u00a0 Az\u0259rbaycan \u201c\u0130\u018fT-\u0259 \u00fczv d\u00f6vl\u0259tl\u0259r aras\u0131nda ticar\u0259t \u0259m\u0259kda\u015fl\u0131\u011f\u0131na dair \u00c7\u0259r\u00e7iv\u0259 Sazi\u015fi\u201d, \u201c\u0130\u018fT regionunda tranzit n\u0259qliyyat haqq\u0131nda Sazi\u015f\u201d, \u201c\u0130\u018fT regionunda investisiyalar\u0131n t\u0259\u015fviqi v\u0259 qorunmas\u0131 haqq\u0131nda Sazi\u015f\u201d kimi sazi\u015fl\u0259r imzalay\u0131b. Bu sazi\u015fl\u0259rin m\u0259qs\u0259di \u00fczv d\u00f6vl\u0259tl\u0259r aras\u0131nda iqtisadi \u0259m\u0259kda\u015fl\u0131\u011f\u0131 g\u00fccl\u0259ndirm\u0259k v\u0259 daxili ticar\u0259ti inki\u015faf etdirm\u0259kdir. Nazirl\u0259r \u015euras\u0131n\u0131n 21-ci iclas\u0131nda Bak\u0131da \u0130\u018fT Ara\u015fd\u0131rma M\u0259rk\u0259zinin yarad\u0131lmas\u0131 haqq\u0131nda q\u0259rar q\u0259bul edilib.<\/strong><\/p>\n<p>Qeyd ed\u0259k ki, son ill\u0259rd\u0259 d\u00fcnyada regional \u0259sasl\u0131 birlikl\u0259rin\u00a0 f\u0259alla\u015fmas\u0131 v\u0259 \u0259h\u0259miyy\u0259tinin artmas\u0131 m\u00fc\u015fahid\u0259 olunur. Eyni co\u011frafi m\u0259kanda yerl\u0259\u015f\u0259n d\u00f6vl\u0259tl\u0259rin s\u0259rh\u0259d v\u0259 milli yax\u0131nl\u0131\u011f\u0131 \u0259m\u0259kda\u015fl\u0131q \u00fc\u00e7\u00fcn geni\u015f perspektivl\u0259r a\u00e7\u0131r. S\u0259rh\u0259dyan\u0131 regionlar\u0131n inki\u015faf\u0131, beyn\u0259lxalq ticar\u0259t\u0259 inteqrasiya, n\u0259qliyyat v\u0259 tranzit sah\u0259l\u0259rd\u0259 \u0259m\u0259kda\u015fl\u0131q iqtisadi inki\u015fafa, mehriban qon\u015fulu\u011fa v\u0259 f\u00f6vq\u0259lad\u0259 v\u0259ziyy\u0259tl\u0259rd\u0259 qar\u015f\u0131l\u0131ql\u0131 yard\u0131ma y\u00fcks\u0259k imkanlar yarad\u0131r.<\/p>\n<p>Haz\u0131rda \u0130\u018fT-\u0259 \u00fczv olan \u00f6lk\u0259l\u0259rd\u0259 \u00fcmumilikd\u0259 550 milyon \u0259hali ya\u015fay\u0131r. Bu o dem\u0259kdir ki, t\u0259\u015fkilat h\u0259m region, h\u0259m d\u0259 istehlak\u00e7\u0131 potensial\u0131 bax\u0131m\u0131ndan kifay\u0259t q\u0259d\u0259r ciddi potensiala malikdir. Bu potensial\u0131na g\u00f6r\u0259 t\u0259\u015fkilat\u0131n b\u00f6y\u00fck perspektivi oldu\u011fu hesab edilir. \u0130\u018fT \u00fczvl\u0259ri aras\u0131ndak\u0131 illik ticar\u0259t d\u00f6vriyy\u0259si 76 milyard dollara \u00e7at\u0131r.<\/p>\n<p>Az\u0259rbaycan t\u0259\u015fkilat\u0131n dem\u0259k olar ki, b\u00fct\u00fcn \u00fczvl\u0259ri il\u0259 s\u0131x inteqrasiya, qar\u015f\u0131l\u0131ql\u0131 \u0259m\u0259kda\u015fl\u0131\u011f\u0131n d\u0259rinl\u0259\u015fdirilm\u0259si siyas\u0259ti y\u00fcr\u00fcd\u00fcr. Bel\u0259 ki, Bak\u0131 Qazax\u0131stan, \u00d6zb\u0259kistan, Q\u0131r\u011f\u0131z\u0131stan v\u0259 T\u00fcrkm\u0259nistanla Asiyadan Avropaya y\u00fckda\u015f\u0131malar\u0131n t\u0259\u015fkilini n\u0259z\u0259rd\u0259 tutan \u015e\u0259rq-Q\u0259rb n\u0259qliyyat d\u0259hlizi \u00e7\u0259r\u00e7iv\u0259sind\u0259 iqtisadi \u0259laq\u0259l\u0259rini geni\u015fl\u0259ndirir. \u00d6lk\u0259l\u0259rin n\u0259qliyyat infrastrukturlar\u0131n\u0131n inteqrasiyas\u0131 istiqam\u0259tind\u0259 \u00e7oxsayl\u0131 m\u00fch\u00fcm layih\u0259l\u0259r h\u0259yata ke\u00e7irilm\u0259kd\u0259dir. Regionda mara\u011f\u0131 olan v\u0259 faktiki r\u0259qab\u0259t aparan Avropa \u0130ttifaq\u0131, AB\u015e v\u0259 \u00c7inin d\u0259st\u0259yini \u0259ld\u0259 ed\u0259n layih\u0259nin inki\u015faf perspektivl\u0259ri \u00e7ox y\u00fcks\u0259k qiym\u0259tl\u0259ndirilir.<\/p>\n<p>Eyni zamanda Az\u0259rbaycan Qazax\u0131stan v\u0259 \u00d6zb\u0259kistanla birlikd\u0259 Avropaya ya\u015f\u0131l enerji d\u0259hlizinin yarad\u0131lmas\u0131 \u00fcz\u0259rind\u0259 i\u015fl\u0259yir. \u00dc\u00e7 \u00f6lk\u0259 aras\u0131nda \u00f6t\u0259n ilin may\u0131nda b\u0259rpa olunan enerji m\u0259nb\u0259l\u0259rind\u0259n \u0259ld\u0259 olunan elektrik enerjisinin Az\u0259rbaycan \u00fcz\u0259rind\u0259n Avropaya \u00f6t\u00fcr\u00fclm\u0259si sah\u0259sind\u0259 \u0259m\u0259kda\u015fl\u0131\u011fa dair memorandum imzalan\u0131b.<\/p>\n<p><strong>Az\u0259rbaycan \u0130ranla \u015eimal-C\u0259nub Beyn\u0259lxalq N\u0259qliyyat D\u0259hlizi layih\u0259si \u00e7\u0259r\u00e7iv\u0259sind\u0259 u\u011furla \u0259m\u0259kda\u015fl\u0131q edir. Zaman-zaman yaranan fikir ayr\u0131l\u0131qlar\u0131 v\u0259 soyuqla\u015fmalara baxmayaraq, \u00f6lk\u0259l\u0259r aras\u0131nda ticar\u0259t-iqtisadi \u0259laq\u0259l\u0259r dinamikdir. Maraql\u0131d\u0131r ki, \u015eima\u0131-C\u0259nub N\u0259qliyyat D\u0259hlizinin \u0259sas komponentl\u0259rind\u0259n biri olan Q\u0259zvin-R\u0259\u015ft-Astara d\u0259miryol x\u0259ttinin tikintisi m\u0259s\u0259l\u0259si 2012-ci ild\u0259 \u0130\u018fT \u00e7\u0259r\u00e7iv\u0259sind\u0259 prioritet layih\u0259l\u0259rd\u0259n biri kimi t\u00f6vsif edilib.<\/strong><\/p>\n<p>N\u0259hay\u0259t, Az\u0259rbaycan\u0131n T\u00fcrkiy\u0259 v\u0259 Pakistanla m\u00fcnasib\u0259tl\u0259ri ictimai-siyasi, sosial, m\u0259d\u0259ni v\u0259 iqtisadi h\u0259yat\u0131n b\u00fct\u00fcn sah\u0259l\u0259rind\u0259 y\u00fcks\u0259k s\u00fcr\u0259tl\u0259 inki\u015faf edir. 44 g\u00fcnl\u00fck V\u0259t\u0259n m\u00fcharib\u0259si d\u00f6vr\u00fcnd\u0259 h\u0259r iki \u00f6lk\u0259nin Az\u0259rbaycana verdiyi birm\u0259nal\u0131 d\u0259st\u0259k bu ilin may\u0131nda Hindistan\u0131n aqressiyas\u0131 il\u0259 \u00fczl\u0259\u015f\u0259n Pakistana m\u00fcnasib\u0259td\u0259 Az\u0259rbaycan v\u0259 T\u00fcrkiy\u0259 t\u0259r\u0259find\u0259n s\u0259rgil\u0259nib. \u00d6t\u0259n h\u0259ft\u0259 Pakistan\u0131n ba\u015f naziri v\u0259 T\u00fcrkiy\u0259 Prezidenti Az\u0259rbaycana g\u0259lib, \u015eu\u015fada \u00fc\u00e7 d\u00f6vl\u0259tin r\u0259hb\u0259rl\u0259rinin i\u015ftirak\u0131 il\u0259 y\u00fcks\u0259k s\u0259viyy\u0259li zirv\u0259 g\u00f6r\u00fc\u015f\u00fc ke\u00e7irilib, qar\u015f\u0131l\u0131ql\u0131 \u0259m\u0259kda\u015fl\u0131q v\u0259 strateji m\u00fctt\u0259fiqlik m\u00fcnasib\u0259tl\u0259rinin daha da inki\u015faf etdirilm\u0259sin\u0259 y\u00f6n\u0259lik m\u00fch\u00fcm q\u0259rarla q\u0259bul edilib.<\/p>\n<p><strong>\u0130\u018fT \u00fczv\u00fc olan \u00f6lk\u0259l\u0259rd\u0259n \u0130ran, Pakistan v\u0259 \u018ffqan\u0131stan istisna olmaqla, qalanlarla Az\u0259rbaycan T\u00fcrk D\u00f6vl\u0259tl\u0259ri T\u0259\u015fkilat\u0131 \u00e7\u0259r\u00e7iv\u0259sind\u0259 d\u0259 d\u0259rin \u0259m\u0259kda\u015fl\u0131q \u0259laq\u0259l\u0259rin\u0259 malikdir.<\/strong><\/p>\n<p>Ticar\u0259t sah\u0259sind\u0259 Az\u0259rbaycan \u0130\u018fT-in Ticar\u0259t v\u0259 \u0130nvestisiya Palatas\u0131 (ECO CCI) vasit\u0259sil\u0259 \u00fczv \u00f6lk\u0259l\u0259r aras\u0131nda ticar\u0259t mane\u0259l\u0259rinin aradan qald\u0131r\u0131lmas\u0131na v\u0259 qar\u015f\u0131l\u0131ql\u0131 investisiya imkanlar\u0131n\u0131n art\u0131r\u0131lmas\u0131na d\u0259st\u0259k verib. \u0130\u018fT \u00e7\u0259r\u00e7iv\u0259sind\u0259 azad ticar\u0259t sazi\u015fl\u0259rinin haz\u0131rlanmas\u0131 v\u0259 g\u00f6mr\u00fck prosedurlar\u0131n\u0131n sad\u0259l\u0259\u015fdirilm\u0259si kimi t\u0259\u015f\u0259bb\u00fcsl\u0259r Az\u0259rbaycan\u0131n iqtisadi maraqlar\u0131na xidm\u0259t edir. \u00d6lk\u0259nin ixrac potensial\u0131, x\u00fcsusil\u0259 qeyri-neft sektorunda, \u0130\u018fT bazarlar\u0131nda geni\u015fl\u0259nm\u0259y\u0259 imkan yarad\u0131r. K\u0259nd t\u0259s\u0259rr\u00fcfat\u0131 m\u0259hsullar\u0131, s\u0259naye mallar\u0131 v\u0259 turizm sektoru Az\u0259rbaycan\u0131n \u0130\u018fT \u00f6lk\u0259l\u0259ri il\u0259 ticar\u0259t \u0259laq\u0259l\u0259rind\u0259 m\u00fch\u00fcm yer tutur.<\/p>\n<p>\u0130\u018fT zirv\u0259l\u0259rinin tarixin\u0259 n\u0259z\u0259r yetirs\u0259k, bu t\u0259dbirl\u0259rd\u0259 h\u0259mi\u015f\u0259 \u00fczv \u00f6lk\u0259l\u0259rin d\u00f6vl\u0259t r\u0259hb\u0259rl\u0259rinin i\u015ftirak etdiyini g\u00f6r\u00fcr\u00fck. Bu bax\u0131mdan, \u0130ran prezidentinin azad olunmu\u015f Xank\u0259ndin\u0259 g\u0259li\u015fi m\u00fch\u00fcm hadis\u0259 hesab oluna bil\u0259r.<\/p>\n<p><strong>\u00a0Eld\u0259<img loading=\"lazy\" src=\"https:\/\/cdn.musavat.com\/news\/thumbnails\/0abd6292676accefe9fbe300b38c7517.jpg\" alt=\"eldeniz11.jpg (46 KB)\" width=\"800\" height=\"859\" \/>niz \u018fmirov<\/strong><\/p>\n<p><strong>\u0130qtisad\u00e7\u0131 Eld\u0259niz \u018fmirovun \u201cYeni M\u00fcsavat\u201da dediyin\u0259 g\u00f6r\u0259, \u0130\u018fT zirv\u0259sinin Xank\u0259ndid\u0259 ke\u00e7irilm\u0259si daha \u00e7ox siyasi m\u0259naya malikdir:<\/strong>\u00a0\u201cBunun iqtisadi y\u00fck\u00fcnd\u0259n daha \u00e7ox siyasi y\u00fck\u00fc var. Az\u0259rbaycan\u0131n Xank\u0259ndi d\u0259 daxil olmaqla, i\u015f\u011faldan azad olunmu\u015f torpaqlar\u0131m\u0131z \u00fcz\u0259rind\u0259 suveren h\u00fcquqlar\u0131n\u0131n x\u00fcsusil\u0259 d\u0259 region \u00f6lk\u0259l\u0259ri, \u0130ran t\u0259r\u0259find\u0259n tan\u0131nmas\u0131,\u00a0 q\u0259bul edilm\u0259si bax\u0131m\u0131ndan t\u0259dbirin \u0259h\u0259miyy\u0259ti b\u00f6y\u00fckd\u00fcr. \u00dcmumiyy\u0259tl\u0259, t\u0259\u015fkilat iqtisadi \u0259m\u0259kda\u015fl\u0131q m\u0259qs\u0259dil\u0259 yaransa da, h\u0259mi\u015f\u0259 daha \u00e7ox siyasi \u0259laq\u0259l\u0259r bax\u0131m\u0131ndan \u0259h\u0259miyy\u0259t\u0259 malik olub. El\u0259 buna g\u00f6r\u0259 d\u0259 q\u0131rx ild\u0259n \u00e7ox ya\u015f\u0131 olsa da, \u00fczv d\u00f6vl\u0259tl\u0259rin iqtisadi inteqrasiyas\u0131nda \u0259h\u0259miyy\u0259tli rol oynaya bilm\u0259yib, d\u00f6vl\u0259tl\u0259r daha \u00e7ox iki v\u0259 bir ne\u00e7\u0259 t\u0259r\u0259fli m\u00fcnasib\u0259tl\u0259r \u00e7\u0259r\u00e7iv\u0259sind\u0259 \u0259m\u0259kda\u015fl\u0131q edirl\u0259r. Y\u0259ni t\u0259\u015fkilat daxilind\u0259 \u0259m\u0259kda\u015fl\u0131q m\u00fcmk\u00fcn potensial\u0131n\u0131n az bir hiss\u0259sini \u0259hat\u0259 edir.<\/p>\n<p>Bu bax\u0131mdan, \u00fczvl\u0259rin birg\u0259 g\u00f6r\u00fc\u015fl\u0259rinin intensivl\u0259\u015fdirilm\u0259sin\u0259 ehtiyac var. Eyni zamanda bu g\u00f6r\u00fc\u015fl\u0259rin effektivliyinin art\u0131r\u0131lmas\u0131 \u00fc\u00e7\u00fcn \u00f6l\u00e7\u00fcl\u0259bil\u0259n n\u0259tic\u0259l\u0259rin \u0259ld\u0259 olunmas\u0131 vacibdir. T\u0259bii ki, siyasi bax\u0131mdan haz\u0131rk\u0131 \u015f\u0259raitd\u0259 T\u00fcrkiy\u0259, Az\u0259rbaycan v\u0259 Pakistan aras\u0131nda olan \u0259laq\u0259l\u0259rin \u00fcst s\u0259viyy\u0259d\u0259 olmas\u0131, \u0130ran\u0131n da regionda Az\u0259rbaycan\u0131n m\u00f6vqeyini son d\u00f6vrl\u0259rd\u0259 a\u00e7\u0131q \u015f\u0259kild\u0259 d\u0259st\u0259kl\u0259m\u0259si, hesab edir\u0259m ki, perspektivd\u0259 \u0130qtisadi \u018fm\u0259kda\u015fl\u0131q T\u0259\u015fkilat\u0131n\u0131n 40 il \u00f6nc\u0259 yaranark\u0259n qar\u015f\u0131ya qoydu\u011fu h\u0259d\u0259fl\u0259r\u0259 \u00e7atmas\u0131 \u00fc\u00e7\u00fcn m\u00fcnbit \u015f\u0259rait yarad\u0131r\u201d.<\/p>\n<p><strong>E.\u018fmirovun s\u00f6zl\u0259rin\u0259 g\u00f6r\u0259, s\u0259drlik Az\u0259rbaycana ke\u00e7dikd\u0259n sonra t\u0259\u015fkilat\u0131n f\u0259aliyy\u0259tind\u0259 ciddi canlanma m\u00fc\u015fahid\u0259 edilir:<\/strong>\u00a0\u201cAz\u0259rbaycan t\u0259\u015f\u0259bb\u00fcskar \u00f6lk\u0259dir. He\u00e7 vaxt hans\u0131sa t\u0259\u015fkilata \u00fczvl\u00fck xatirin\u0259 \u00fczv olmur, hans\u0131sa birliy\u0259 r\u0259hb\u0259rlik d\u00f6vr\u00fcnd\u0259 aktiv t\u0259\u015f\u0259bb\u00fcsl\u0259ri il\u0259 onun f\u0259aliyy\u0259tini g\u00fccl\u0259ndirir. El\u0259 Qo\u015fulmama H\u0259r\u0259kat\u0131na r\u0259hb\u0259rliyi d\u00f6vr\u00fcnd\u0259 Az\u0259rbaycan\u0131n bu qurumun inki\u015faf\u0131na verdiyi t\u00f6hf\u0259l\u0259ri yada salmaq kifay\u0259tdir ki, \u00f6lk\u0259mizin beyn\u0259lxalq m\u00fcst\u0259vid\u0259 \u00fcz\u0259rin\u0259 d\u00fc\u015f\u0259n \u00f6hd\u0259likl\u0259ri nec\u0259 b\u00f6y\u00fck m\u0259suliyy\u0259tl\u0259 icra etdiyini g\u00f6rm\u0259k m\u00fcmk\u00fcn olsun. Bel\u0259 aktivliyi Az\u0259rbaycan BMT-d\u0259n ba\u015flayaraq, \u00fczv oldu\u011fu 18 beyn\u0259lxalq t\u0259\u015fkilat, t\u0259r\u0259fda\u015fl\u0131q etdiyi 12 beyn\u0259lxalq qurum \u00e7\u0259r\u00e7iv\u0259sind\u0259 n\u00fcmayi\u015f etdirir: h\u0259r zaman t\u0259\u015f\u0259bb\u00fcskard\u0131r, m\u00fcxt\u0259lif probleml\u0259rin aradan qald\u0131r\u0131lmas\u0131 istiqam\u0259tind\u0259 konkret t\u0259klifl\u0259rl\u0259 \u00e7\u0131x\u0131\u015f edir, onlar\u0131n icras\u0131na nail olur. Bu aktivlik \u0130qtisadi \u018fm\u0259kdal\u0131q T\u0259\u015fkilat\u0131na s\u0259drliyi d\u00f6vr\u00fcnd\u0259 d\u0259 a\u00e7\u0131q g\u00f6r\u00fcn\u00fcr\u201d.<\/p>\n<p><strong>D\u00fcnya SAK\u0130T,<\/strong><br \/>\n<strong>\u201cYeni M\u00fcsavat\u201d<\/strong><\/p>\n<p><strong>\u00a0<\/strong><\/p>\n","protected":false},"excerpt":{"rendered":"<p>\u0130qtisadi \u018fm\u0259kda\u015fl\u0131q T\u0259\u015fkilat\u0131n\u0131n 17-ci Zirv\u0259si bu \u015f\u0259h\u0259rimizd\u0259 ke\u00e7iril\u0259c\u0259k &#8211; ekspert Az\u0259rbaycan\u0131n bu platformada rolundan dan\u0131\u015fd\u0131 Az\u0259rbaycan\u0131n xarici i\u015fl\u0259r naziri Ceyhun Bayramov pakistanl\u0131 h\u0259mkar\u0131 M\u0259h\u0259mm\u0259d \u0130shaq Darla Xank\u0259ndid\u0259 ke\u00e7iril\u0259c\u0259k \u0130qtisadi \u018fm\u0259kda\u015fl\u0131q T\u0259\u015fkilat\u0131n\u0131n (\u0130\u018fT) 17-ci Zirv\u0259sini m\u00fczakir\u0259 edib. Bildirilib ki, telefon dan\u0131\u015f\u0131\u011f\u0131 \u0259snas\u0131nda Pakistan\u0131n ba\u015f diplomat\u0131 \u201cbu h\u0259ft\u0259nin \u0259vv\u0259lind\u0259 Az\u0259rbaycana s\u0259f\u0259ri zaman\u0131 g\u00f6st\u0259rilmi\u015f s\u0259mimi qonaqp\u0259rv\u0259rliy\u0259 g\u00f6r\u0259 xarici i\u015fl\u0259r nazirin\u0259 t\u0259\u015f\u0259kk\u00fcr edib\u201d. \u201cH\u0259r iki nazir 2025-ci ilin iyul ay\u0131n\u0131n \u0259vv\u0259lind\u0259 Az\u0259rbaycanda ke\u00e7iril\u0259c\u0259k \u0130\u018fT Zirv\u0259sinin t\u0259f\u0259rr\u00fcatlar\u0131n\u0131, i\u015ftirak\u00e7\u0131lar\u0131n\u0131 v\u0259 mexanizml\u0259rini m\u00fczakir\u0259 edibl\u0259r\u201d, &#8211; press-relizd\u0259 diqq\u0259t\u0259 \u00e7atd\u0131r\u0131l\u0131b. Qeyd ed\u0259k ki, \u0130\u018fT-in 17-ci Zirv\u0259si 3-4 iyul tarixl\u0259rind\u0259&hellip;<\/p>\n","protected":false},"author":2,"featured_media":809397,"comment_status":"closed","ping_status":"closed","sticky":false,"template":"","format":"standard","meta":{"om_disable_all_campaigns":false,"_monsterinsights_skip_tracking":false,"_monsterinsights_sitenote_active":false,"_monsterinsights_sitenote_note":"","_monsterinsights_sitenote_category":0},"categories":[19],"tags":[],"aioseo_notices":[],"gutentor_comment":0,"rttpg_featured_image_url":{"full":["https:\/\/arantv.az\/wp-content\/uploads\/2025\/06\/4f1c1dc89c3db82b65a12eea2f168d47.jpg",768,403,false],"landscape":["https:\/\/arantv.az\/wp-content\/uploads\/2025\/06\/4f1c1dc89c3db82b65a12eea2f168d47.jpg",768,403,false],"portraits":["https:\/\/arantv.az\/wp-content\/uploads\/2025\/06\/4f1c1dc89c3db82b65a12eea2f168d47.jpg",768,403,false],"thumbnail":["https:\/\/arantv.az\/wp-content\/uploads\/2025\/06\/4f1c1dc89c3db82b65a12eea2f168d47-500x280.jpg",500,280,true],"medium":["https:\/\/arantv.az\/wp-content\/uploads\/2025\/06\/4f1c1dc89c3db82b65a12eea2f168d47-660x346.jpg",660,346,true],"large":["https:\/\/arantv.az\/wp-content\/uploads\/2025\/06\/4f1c1dc89c3db82b65a12eea2f168d47.jpg",640,336,false],"1536x1536":["https:\/\/arantv.az\/wp-content\/uploads\/2025\/06\/4f1c1dc89c3db82b65a12eea2f168d47.jpg",768,403,false],"2048x2048":["https:\/\/arantv.az\/wp-content\/uploads\/2025\/06\/4f1c1dc89c3db82b65a12eea2f168d47.jpg",768,403,false],"post-thumbnail":["https:\/\/arantv.az\/wp-content\/uploads\/2025\/06\/4f1c1dc89c3db82b65a12eea2f168d47-240x172.jpg",240,172,true],"advps-thumb-one":["https:\/\/arantv.az\/wp-content\/uploads\/2025\/06\/4f1c1dc89c3db82b65a12eea2f168d47.jpg",768,403,false]},"rttpg_author":{"display_name":"V\u00fcsal Rafiqo\u011flu","author_link":"https:\/\/arantv.az\/?author=2"},"rttpg_comment":0,"rttpg_category":"<a href=\"https:\/\/arantv.az\/?cat=19\" rel=\"category\">G\u00fcnd\u0259m<\/a>","rttpg_excerpt":"\u0130qtisadi \u018fm\u0259kda\u015fl\u0131q T\u0259\u015fkilat\u0131n\u0131n 17-ci Zirv\u0259si bu \u015f\u0259h\u0259rimizd\u0259 ke\u00e7iril\u0259c\u0259k &#8211; ekspert Az\u0259rbaycan\u0131n bu platformada rolundan dan\u0131\u015fd\u0131 Az\u0259rbaycan\u0131n xarici i\u015fl\u0259r naziri Ceyhun Bayramov pakistanl\u0131 h\u0259mkar\u0131 M\u0259h\u0259mm\u0259d \u0130shaq Darla Xank\u0259ndid\u0259 ke\u00e7iril\u0259c\u0259k \u0130qtisadi \u018fm\u0259kda\u015fl\u0131q T\u0259\u015fkilat\u0131n\u0131n (\u0130\u018fT) 17-ci Zirv\u0259sini m\u00fczakir\u0259 edib. Bildirilib ki, telefon dan\u0131\u015f\u0131\u011f\u0131 \u0259snas\u0131nda Pakistan\u0131n ba\u015f diplomat\u0131 \u201cbu h\u0259ft\u0259nin \u0259vv\u0259lind\u0259 Az\u0259rbaycana s\u0259f\u0259ri zaman\u0131 g\u00f6st\u0259rilmi\u015f s\u0259mimi qonaqp\u0259rv\u0259rliy\u0259 g\u00f6r\u0259 xarici&hellip;","_links":{"self":[{"href":"https:\/\/arantv.az\/index.php?rest_route=\/wp\/v2\/posts\/809396"}],"collection":[{"href":"https:\/\/arantv.az\/index.php?rest_route=\/wp\/v2\/posts"}],"about":[{"href":"https:\/\/arantv.az\/index.php?rest_route=\/wp\/v2\/types\/post"}],"author":[{"embeddable":true,"href":"https:\/\/arantv.az\/index.php?rest_route=\/wp\/v2\/users\/2"}],"replies":[{"embeddable":true,"href":"https:\/\/arantv.az\/index.php?rest_route=%2Fwp%2Fv2%2Fcomments&post=809396"}],"version-history":[{"count":1,"href":"https:\/\/arantv.az\/index.php?rest_route=\/wp\/v2\/posts\/809396\/revisions"}],"predecessor-version":[{"id":809398,"href":"https:\/\/arantv.az\/index.php?rest_route=\/wp\/v2\/posts\/809396\/revisions\/809398"}],"wp:featuredmedia":[{"embeddable":true,"href":"https:\/\/arantv.az\/index.php?rest_route=\/wp\/v2\/media\/809397"}],"wp:attachment":[{"href":"https:\/\/arantv.az\/index.php?rest_route=%2Fwp%2Fv2%2Fmedia&parent=809396"}],"wp:term":[{"taxonomy":"category","embeddable":true,"href":"https:\/\/arantv.az\/index.php?rest_route=%2Fwp%2Fv2%2Fcategories&post=809396"},{"taxonomy":"post_tag","embeddable":true,"href":"https:\/\/arantv.az\/index.php?rest_route=%2Fwp%2Fv2%2Ftags&post=809396"}],"curies":[{"name":"wp","href":"https:\/\/api.w.org\/{rel}","templated":true}]}}