{"id":809399,"date":"2025-06-03T09:43:36","date_gmt":"2025-06-03T05:43:36","guid":{"rendered":"https:\/\/arantv.az\/?p=809399"},"modified":"2025-06-03T09:43:36","modified_gmt":"2025-06-03T05:43:36","slug":"sok-moskvani-bu-d%c9%99hs%c9%99tli-ssenari-gozl%c9%99yir-zelenskinin-novb%c9%99ti-h%c9%99d%c9%99fi-sok-etdi-putin-aciz-durumda","status":"publish","type":"post","link":"https:\/\/arantv.az\/?p=809399","title":{"rendered":"\u015eOK! Moskvan\u0131 bu D\u018fH\u015e\u018fTL\u0130 SSENAR\u0130 g\u00f6zl\u0259yir: Zelenskinin n\u00f6vb\u0259ti H\u018fD\u018fF\u0130 \u015eOK ETD\u0130: Putin AC\u0130Z DURUMDA!"},"content":{"rendered":"<p>*Rusiyan\u0131n \u201cP\u00f6rl Harbor\u201du: Putinin cavab\u0131 n\u0259 olacaq?<\/p>\n<p>*Ukraynan\u0131n 1 iyun h\u00fccumunun m\u0259qs\u0259di n\u0259 idi?<\/p>\n<p>*T\u00fcrkiy\u0259d\u0259 g\u00fccl\u00fc z\u0259lz\u0259l\u0259 oldu: \u00f6l\u0259n var<\/p>\n<p>*Rusiyan\u0131n at\u0259\u015fk\u0259s t\u0259klifin\u0259 Zelenskinin cavab\u0131: Axmaqd\u0131rlar<\/p>\n<p>*Medinski v\u0259 Umerov aras\u0131nda ikit\u0259r\u0259fli g\u00f6r\u00fc\u015f oldu<\/p>\n<p>*Rusiya v\u0259 Ukrayna bununla ba\u011fl\u0131 i\u015f\u0259 ba\u015flayacaq &#8211; Fidan<\/p>\n<p>*Tramp Putin v\u0259 Zelenski il\u0259 g\u00f6r\u00fc\u015f\u0259 haz\u0131rd\u0131r &#8211; A\u011f Ev<\/p>\n<p>*Ukrayna NATO sammitin\u0259 d\u0259v\u0259t olundu<\/p>\n<p>*Zelenskid\u0259n Rusiyan\u0131n memorandum t\u0259klifin\u0259 cavab<\/p>\n<p>*Ukrayna: Rusiya h\u0259l\u0259 d\u0259 at\u0259\u015fk\u0259s t\u0259klifimizl\u0259 raz\u0131la\u015fmay\u0131b<\/p>\n<p>*Ukrayna ordusunun PUA m\u0259nt\u0259q\u0259si m\u0259hv edildi<\/p>\n<p>*Tramp Baydenin \u00f6l\u00fcm x\u0259b\u0259rini payla\u015fd\u0131<\/p>\n<p>*Zelenski \u0130stanbul g\u00f6r\u00fc\u015f\u00fcnd\u0259n sonra dan\u0131\u015fd\u0131 &#8211; &#8220;M\u00fcdafi\u0259mizi g\u00fccl\u0259ndirm\u0259liyik&#8221;<\/p>\n<p>*Zelenski \u018frdo\u011fan\u0131n t\u0259klifin\u0259 cavab verdi &#8211; YEN\u0130L\u018fND\u0130<\/p>\n<p>*Navro\u00e7ki: Pol\u015fa \u00fc\u00e7\u00fcn vacib olan he\u00e7 bir m\u0259s\u0259l\u0259ni diqq\u0259td\u0259n k\u0259narda qoymayaca\u011fam<\/p>\n<p>*Rusiya Ukraynadan \u201cvassal\u201dl\u0131q t\u0259l\u0259b etdi: \u0130stanbulda t\u0259qdim edil\u0259n s\u0259n\u0259din TAM M\u018fTN\u0130<\/p>\n<p>*Zelenski Rusiya n\u00fcmay\u0259nd\u0259 hey\u0259tini \u201caxmaq\u201d adland\u0131r\u0131b<\/p>\n<p>*RUS\u0130YA ONU AXTARIR &#8211; \u201cH\u00f6r\u00fcm\u00e7\u0259k toru\u201dnu quran \u015f\u0259xsin fotolar\u0131 yay\u0131ld\u0131<\/p>\n<p>*RUS\u0130YA B\u0130R G\u00dcND\u018f N\u018f Q\u018fD\u018fR \u0130T\u0130RD\u0130? &#8211; M\u0259hv edil\u0259n t\u0259yyar\u0259l\u0259rin qiym\u0259tl\u0259ri<\/p>\n<p>*K\u0130YEV M\u00d6VQEY\u0130N\u0130 S\u018fRTL\u018f\u015eD\u0130RD\u0130 \u2013 Ukraynan\u0131n t\u0259klif etdiyi s\u0259n\u0259din detallar\u0131 a\u00e7\u0131qland\u0131<\/p>\n<p>*Ukrayna Rusiyaya dronlar\u0131 hans\u0131 \u00f6lk\u0259d\u0259n ke\u00e7irib? \u2013 Sensasiya<\/p>\n<p>Bu v\u0259 g\u00fcnd\u0259md\u0259ki dig\u0259r x\u0259b\u0259rl\u0259ri bu g\u00fcn saat 08.50-d\u0259 apar\u0131c\u0131 Sevinc Telmanq\u0131z\u0131n\u0131n t\u0259qdimat\u0131ndak\u0131 \u201cS\u0259h\u0259r X\u0259b\u0259r\u201d verili\u015find\u0259 izl\u0259y\u0259 bil\u0259rsiz. M\u00fczakir\u0259d\u0259 tama\u015fa\u00e7\u0131lar\u0131m\u0131z da i\u015ftirak ed\u0259 bil\u0259r.<\/p>\n<p>Youtube s\u0259hif\u0259sinin \u00fcnvan\u0131 :<br \/>\nhttps:\/\/www.youtube.com\/@musavattv<\/p>\n","protected":false},"excerpt":{"rendered":"<p>*Rusiyan\u0131n \u201cP\u00f6rl Harbor\u201du: Putinin cavab\u0131 n\u0259 olacaq? *Ukraynan\u0131n 1 iyun h\u00fccumunun m\u0259qs\u0259di n\u0259 idi? *T\u00fcrkiy\u0259d\u0259 g\u00fccl\u00fc z\u0259lz\u0259l\u0259 oldu: \u00f6l\u0259n var *Rusiyan\u0131n at\u0259\u015fk\u0259s t\u0259klifin\u0259 Zelenskinin cavab\u0131: Axmaqd\u0131rlar *Medinski v\u0259 Umerov aras\u0131nda ikit\u0259r\u0259fli g\u00f6r\u00fc\u015f oldu *Rusiya v\u0259 Ukrayna bununla ba\u011fl\u0131 i\u015f\u0259 ba\u015flayacaq &#8211; Fidan *Tramp Putin v\u0259 Zelenski il\u0259 g\u00f6r\u00fc\u015f\u0259 haz\u0131rd\u0131r &#8211; A\u011f Ev *Ukrayna NATO sammitin\u0259 d\u0259v\u0259t olundu *Zelenskid\u0259n Rusiyan\u0131n memorandum t\u0259klifin\u0259 cavab *Ukrayna: Rusiya h\u0259l\u0259 d\u0259 at\u0259\u015fk\u0259s t\u0259klifimizl\u0259 raz\u0131la\u015fmay\u0131b *Ukrayna ordusunun PUA m\u0259nt\u0259q\u0259si m\u0259hv edildi *Tramp Baydenin \u00f6l\u00fcm x\u0259b\u0259rini payla\u015fd\u0131 *Zelenski \u0130stanbul g\u00f6r\u00fc\u015f\u00fcnd\u0259n sonra dan\u0131\u015fd\u0131 &#8211; &#8220;M\u00fcdafi\u0259mizi g\u00fccl\u0259ndirm\u0259liyik&#8221; *Zelenski \u018frdo\u011fan\u0131n&hellip;<\/p>\n","protected":false},"author":2,"featured_media":809400,"comment_status":"closed","ping_status":"closed","sticky":false,"template":"","format":"standard","meta":{"om_disable_all_campaigns":false,"_monsterinsights_skip_tracking":false,"_monsterinsights_sitenote_active":false,"_monsterinsights_sitenote_note":"","_monsterinsights_sitenote_category":0},"categories":[7],"tags":[],"aioseo_notices":[],"gutentor_comment":0,"rttpg_featured_image_url":{"full":["https:\/\/arantv.az\/wp-content\/uploads\/2025\/06\/8dbe084e280599b35cb2c224722a8929.jpg",870,500,false],"landscape":["https:\/\/arantv.az\/wp-content\/uploads\/2025\/06\/8dbe084e280599b35cb2c224722a8929.jpg",870,500,false],"portraits":["https:\/\/arantv.az\/wp-content\/uploads\/2025\/06\/8dbe084e280599b35cb2c224722a8929.jpg",870,500,false],"thumbnail":["https:\/\/arantv.az\/wp-content\/uploads\/2025\/06\/8dbe084e280599b35cb2c224722a8929-500x280.jpg",500,280,true],"medium":["https:\/\/arantv.az\/wp-content\/uploads\/2025\/06\/8dbe084e280599b35cb2c224722a8929-635x365.jpg",635,365,true],"large":["https:\/\/arantv.az\/wp-content\/uploads\/2025\/06\/8dbe084e280599b35cb2c224722a8929-840x483.jpg",640,368,true],"1536x1536":["https:\/\/arantv.az\/wp-content\/uploads\/2025\/06\/8dbe084e280599b35cb2c224722a8929.jpg",870,500,false],"2048x2048":["https:\/\/arantv.az\/wp-content\/uploads\/2025\/06\/8dbe084e280599b35cb2c224722a8929.jpg",870,500,false],"post-thumbnail":["https:\/\/arantv.az\/wp-content\/uploads\/2025\/06\/8dbe084e280599b35cb2c224722a8929-240x172.jpg",240,172,true],"advps-thumb-one":["https:\/\/arantv.az\/wp-content\/uploads\/2025\/06\/8dbe084e280599b35cb2c224722a8929.jpg",870,500,false]},"rttpg_author":{"display_name":"V\u00fcsal Rafiqo\u011flu","author_link":"https:\/\/arantv.az\/?author=2"},"rttpg_comment":0,"rttpg_category":"<a href=\"https:\/\/arantv.az\/?cat=7\" rel=\"category\">D\u00fcnya<\/a>","rttpg_excerpt":"*Rusiyan\u0131n \u201cP\u00f6rl Harbor\u201du: Putinin cavab\u0131 n\u0259 olacaq? *Ukraynan\u0131n 1 iyun h\u00fccumunun m\u0259qs\u0259di n\u0259 idi? *T\u00fcrkiy\u0259d\u0259 g\u00fccl\u00fc z\u0259lz\u0259l\u0259 oldu: \u00f6l\u0259n var *Rusiyan\u0131n at\u0259\u015fk\u0259s t\u0259klifin\u0259 Zelenskinin cavab\u0131: Axmaqd\u0131rlar *Medinski v\u0259 Umerov aras\u0131nda ikit\u0259r\u0259fli g\u00f6r\u00fc\u015f oldu *Rusiya v\u0259 Ukrayna bununla ba\u011fl\u0131 i\u015f\u0259 ba\u015flayacaq &#8211; Fidan *Tramp Putin v\u0259 Zelenski il\u0259 g\u00f6r\u00fc\u015f\u0259 haz\u0131rd\u0131r &#8211; A\u011f Ev *Ukrayna NATO sammitin\u0259&hellip;","_links":{"self":[{"href":"https:\/\/arantv.az\/index.php?rest_route=\/wp\/v2\/posts\/809399"}],"collection":[{"href":"https:\/\/arantv.az\/index.php?rest_route=\/wp\/v2\/posts"}],"about":[{"href":"https:\/\/arantv.az\/index.php?rest_route=\/wp\/v2\/types\/post"}],"author":[{"embeddable":true,"href":"https:\/\/arantv.az\/index.php?rest_route=\/wp\/v2\/users\/2"}],"replies":[{"embeddable":true,"href":"https:\/\/arantv.az\/index.php?rest_route=%2Fwp%2Fv2%2Fcomments&post=809399"}],"version-history":[{"count":2,"href":"https:\/\/arantv.az\/index.php?rest_route=\/wp\/v2\/posts\/809399\/revisions"}],"predecessor-version":[{"id":809402,"href":"https:\/\/arantv.az\/index.php?rest_route=\/wp\/v2\/posts\/809399\/revisions\/809402"}],"wp:featuredmedia":[{"embeddable":true,"href":"https:\/\/arantv.az\/index.php?rest_route=\/wp\/v2\/media\/809400"}],"wp:attachment":[{"href":"https:\/\/arantv.az\/index.php?rest_route=%2Fwp%2Fv2%2Fmedia&parent=809399"}],"wp:term":[{"taxonomy":"category","embeddable":true,"href":"https:\/\/arantv.az\/index.php?rest_route=%2Fwp%2Fv2%2Fcategories&post=809399"},{"taxonomy":"post_tag","embeddable":true,"href":"https:\/\/arantv.az\/index.php?rest_route=%2Fwp%2Fv2%2Ftags&post=809399"}],"curies":[{"name":"wp","href":"https:\/\/api.w.org\/{rel}","templated":true}]}}