{"id":809430,"date":"2025-06-03T10:09:14","date_gmt":"2025-06-03T06:09:14","guid":{"rendered":"https:\/\/arantv.az\/?p=809430"},"modified":"2025-06-03T10:09:14","modified_gmt":"2025-06-03T06:09:14","slug":"erm%c9%99nistanin-c%c9%99zasizligina-son-verilm%c9%99lidir-yeralti-terror","status":"publish","type":"post","link":"https:\/\/arantv.az\/?p=809430","title":{"rendered":"Erm\u0259nistan\u0131n c\u0259zas\u0131zl\u0131\u011f\u0131na son verilm\u0259lidir &#8211; Yeralt\u0131 terror"},"content":{"rendered":"<p><em><strong>Politoloq: \u0130\u015f\u011fal\u00e7\u0131 d\u00f6vl\u0259t insanl\u0131q \u0259leyhin\u0259 cinay\u0259tl\u0259r\u0259 g\u00f6r\u0259 Az\u0259rbaycana maddi t\u0259zminat \u00f6d\u0259m\u0259lidir<\/strong><\/em><\/p>\n<p>Az\u0259rbaycan\u0131n azad edilmi\u015f \u0259razil\u0259rind\u0259 minalar\u0131n geni\u015f \u015f\u0259kild\u0259 basd\u0131r\u0131lmas\u0131 t\u0259kc\u0259 h\u0259rbi t\u0259hl\u00fck\u0259y\u0259 deyil, h\u0259m d\u0259 sosial-iqtisadi v\u0259 humanitar f\u0259lak\u0259t\u0259 \u00e7evrilib. \u0130\u015f\u011fal ill\u0259ri \u0259rzind\u0259 Erm\u0259nistan t\u0259r\u0259find\u0259n m\u0259qs\u0259dli\u00a0 v\u0259 plans\u0131z \u015f\u0259kild\u0259 \u0259razil\u0259rin minalanmas\u0131, h\u0259m h\u0259rbi, h\u0259m d\u0259 m\u00fclki \u0259razil\u0259rd\u0259 bu partlay\u0131c\u0131 qur\u011fular\u0131n k\u00fctl\u0259vi \u015f\u0259kild\u0259 yerl\u0259\u015fdirilm\u0259si, bu g\u00fcn h\u0259min torpaqlarda t\u0259hl\u00fck\u0259siz h\u0259yat\u0131n b\u0259rpa olunmas\u0131n\u0131 son d\u0259r\u0259c\u0259 \u00e7\u0259tinl\u0259\u015fdirir. Minalar insan h\u0259yat\u0131na birba\u015fa t\u0259hdid olmaqla yana\u015f\u0131, k\u0259nd t\u0259s\u0259rr\u00fcfat\u0131, yol tikintisi, ya\u015fay\u0131\u015f m\u0259nt\u0259q\u0259l\u0259rinin b\u0259rpas\u0131 kimi fundamental sah\u0259l\u0259rd\u0259 d\u0259 ir\u0259lil\u0259yi\u015fi l\u0259ngidir.<\/p>\n<p>Az\u0259rbaycan h\u00f6kum\u0259ti m\u00fcharib\u0259d\u0259n d\u0259rhal sonra bu problemi prioritet m\u0259s\u0259l\u0259 kimi m\u00fc\u0259yy\u0259nl\u0259\u015fdir\u0259r\u0259k geni\u015fmiqyasl\u0131 minat\u0259mizl\u0259m\u0259 \u0259m\u0259liyyatlar\u0131na start verib. Az\u0259rbaycan Respublikas\u0131 Minat\u0259mizl\u0259m\u0259 Agentliyinin (ANAMA) f\u0259aliyy\u0259ti il\u0259 bu proses sistemli \u015f\u0259kild\u0259 h\u0259yata ke\u00e7irilir v\u0259 beyn\u0259lxalq t\u0259\u015fkilatlarla \u0259m\u0259kda\u015fl\u0131q \u00e7\u0259r\u00e7iv\u0259sind\u0259 texniki d\u0259st\u0259k, t\u0259lim, avadanl\u0131q t\u0259minat\u0131 v\u0259 m\u0259lumat m\u00fcbadil\u0259si apar\u0131l\u0131r. Lakin bu proses son d\u0259r\u0259c\u0259 \u00e7\u0259tin, zaman v\u0259 maliyy\u0259 bax\u0131m\u0131ndan \u00e7ox t\u0259l\u0259bkard\u0131r. Bir kvadratkilometr \u0259razinin t\u0259hl\u00fck\u0259siz \u015f\u0259kild\u0259 minalardan t\u0259mizl\u0259nm\u0259si aylarla vaxt apar\u0131r, y\u00fczl\u0259rl\u0259 insan resursuna v\u0259 y\u00fcks\u0259k texnologiyal\u0131 avadanl\u0131qlara ehtiyac duyulur.<\/p>\n<p>Minalar t\u0259kc\u0259 bir t\u0259hl\u00fck\u0259sizlik problemi deyil, h\u0259m d\u0259 regionda s\u00fclh\u00fcn v\u0259 sabitliyin qar\u015f\u0131s\u0131nda ciddi mane\u0259dir. Minalar\u0131n m\u00f6vcudlu\u011fu insanlarda qorxu v\u0259 qeyri-m\u00fc\u0259yy\u0259nlik yarad\u0131r, k\u00f6\u00e7k\u00fcnl\u0259rin \u00f6z do\u011fma yurdlar\u0131na qay\u0131d\u0131\u015f\u0131n\u0131 l\u0259ngidir, iqtisadi canlanma v\u0259 reinteqrasiya prosesl\u0259rin\u0259 \u0259ng\u0259l t\u00f6r\u0259dir. Bu bax\u0131mdan, minat\u0259mizl\u0259m\u0259 yaln\u0131z texniki deyil, h\u0259m d\u0259 strateji v\u0259 siyasi \u0259h\u0259miyy\u0259t da\u015f\u0131yan prosesdir.<\/p>\n<p>\u00d6t\u0259n d\u00f6vr \u0259rzind\u0259 mina partlay\u0131\u015flar\u0131 n\u0259tic\u0259sind\u0259 y\u00fczl\u0259rl\u0259 Az\u0259rbaycan v\u0259t\u0259nda\u015f\u0131, o c\u00fcml\u0259d\u0259n m\u00fclki \u015f\u0259xsl\u0259r v\u0259 h\u0259rb\u00e7il\u0259r h\u0259lak olub v\u0259 ya a\u011f\u0131r yaralan\u0131blar. Bu t\u0259hl\u00fck\u0259 bu g\u00fcn d\u0259 aktuall\u0131\u011f\u0131n\u0131 qoruyur v\u0259 regionda s\u00fclh v\u0259 t\u0259hl\u00fck\u0259sizliyin b\u0259rq\u0259rar olunmas\u0131na ciddi mane\u0259 olaraq qal\u0131r. Son g\u00fcnl\u0259rd\u0259 ba\u015f ver\u0259n mina hadis\u0259si bu t\u0259hl\u00fck\u0259nin n\u00f6vb\u0259ti ac\u0131 t\u0259zah\u00fcr\u00fc oldu. Bel\u0259 ki, 2025-ci il may\u0131n 29-u saat 10:10 rad\u0259l\u0259rind\u0259 K\u0259lb\u0259c\u0259r rayonunun \u0130stisu ya\u015fay\u0131\u015f m\u0259nt\u0259q\u0259si istiqam\u0259tind\u0259 Az\u0259rbaycan Ordusunun m\u00fch\u0259ndis-istehkam b\u00f6lm\u0259l\u0259ri t\u0259r\u0259find\u0259n apar\u0131lan minat\u0259mizl\u0259m\u0259 \u0259m\u0259liyyatlar\u0131 zaman\u0131 h\u0259rbi qulluq\u00e7u, \u0259sg\u0259r Xudaverdi H\u0259s\u0259n o\u011flu Sad\u0131qov erm\u0259nil\u0259r t\u0259r\u0259find\u0259n basd\u0131r\u0131lm\u0131\u015f piyada \u0259leyhin\u0259 minaya d\u00fc\u015f\u00fcb. N\u0259tic\u0259d\u0259 o, sol aya\u011f\u0131ndan x\u0259sar\u0259t al\u0131b. \u018fsg\u0259r\u0259 ilkin tibbi yard\u0131m g\u00f6st\u0259rilib v\u0259 daha sonra ixtisasl\u0131 m\u00fcayin\u0259 v\u0259 m\u00fcalic\u0259 \u00fc\u00e7\u00fcn yax\u0131nl\u0131qdak\u0131 h\u0259rbi hospitala t\u0259xliy\u0259 olunub. Hadis\u0259 il\u0259 ba\u011fl\u0131 ara\u015fd\u0131rmalara ba\u015flan\u0131l\u0131b. M\u00fcdafi\u0259 Nazirliyinin N sayl\u0131 h\u0259rbi hiss\u0259sinin h\u0259rbi qulluq\u00e7usu Xudaverdi Sad\u0131qovun mina partlay\u0131\u015f\u0131 n\u0259tic\u0259sind\u0259 m\u00fcxt\u0259lif d\u0259r\u0259c\u0259li b\u0259d\u0259n x\u0259sar\u0259tl\u0259ri almas\u0131 fakt\u0131 \u00fczr\u0259 K\u0259lb\u0259c\u0259r H\u0259rbi Prokurorlu\u011fu t\u0259r\u0259find\u0259n Az\u0259rbaycan Respublikas\u0131 Cinay\u0259t M\u0259c\u0259ll\u0259sinin 29, 120.2.12-ci madd\u0259si \u2013 milli \u0259dav\u0259t v\u0259 ya d\u00fc\u015fm\u0259n\u00e7ilik niyy\u0259ti il\u0259 q\u0259sd\u0259n adam \u00f6ld\u00fcrm\u0259y\u0259 c\u0259hd \u2013 \u00fczr\u0259 cinay\u0259t i\u015fi ba\u015flanaraq ibtidai istintaq apar\u0131l\u0131r. Bu fakt bir daha g\u00f6st\u0259rir ki, Erm\u0259nistan\u0131n m\u0259qs\u0259dli \u015f\u0259kild\u0259 minalanm\u0131\u015f \u0259razil\u0259rd\u0259n istifad\u0259 etm\u0259si t\u0259kc\u0259 m\u00fcharib\u0259 d\u00f6vr\u00fcn\u00fcn miras\u0131 deyil, h\u0259m d\u0259 davam ed\u0259n t\u0259xribat v\u0259 cinay\u0259t f\u0259aliyy\u0259ti kimi qiym\u0259tl\u0259ndirilm\u0259lidir. Bel\u0259 hallar\u0131n qar\u015f\u0131s\u0131n\u0131n al\u0131nmas\u0131 \u00fc\u00e7\u00fcn beyn\u0259lxalq ictimaiyy\u0259t Erm\u0259nistan\u0131n mina terroruna qar\u015f\u0131 q\u0259ti m\u00f6vqe s\u0259rgil\u0259m\u0259li v\u0259 m\u0259suliyy\u0259t mexanizml\u0259ri t\u0259tbiq olunmal\u0131d\u0131r.<\/p>\n<p><img src=\"https:\/\/ikisahil.az\/upload\/\/2020\/07\/13\/\/-ca0daec6159464103711134031410374124.jpg\" alt=\"\" \/><\/p>\n<p><em><strong>Politoloq \u0130lyas H\u00fcseynov b\u00fct\u00fcn bu reall\u0131qlar fonunda m\u00f6vzu il\u0259 ba\u011fl\u0131 \u201c\u0130ki sahil\u201d\u0259 a\u00e7\u0131qlamas\u0131nda t\u0259\u0259ss\u00fcfl\u0259 bildirdi ki,\u00a0<\/strong><\/em>zaman-zaman informasiya burax\u0131l\u0131\u015flar\u0131nda v\u0259 x\u0259b\u0259r lentl\u0259rind\u0259 i\u015f\u011faldan azad olunmu\u015f \u0259razil\u0259rd\u0259 v\u0259t\u0259nda\u015flar\u0131m\u0131z\u0131n mina partlay\u0131\u015f\u0131na d\u00fc\u015fm\u0259si il\u0259 ba\u011fl\u0131 x\u0259b\u0259rl\u0259r yay\u0131lmaqdad\u0131r. Bu hallar c\u0259miyy\u0259timizd\u0259 d\u0259rin narahatl\u0131q do\u011furur v\u0259 Az\u0259rbaycan\u0131n mina problemi il\u0259 qar\u015f\u0131-qar\u015f\u0131ya qalan \u00f6lk\u0259l\u0259rd\u0259n biri oldu\u011funu bir daha g\u00f6st\u0259rir: \u201cM\u0259lumdur ki, Erm\u0259nistan 30 il\u0259 yax\u0131n m\u00fcdd\u0259td\u0259 i\u015f\u011fal alt\u0131nda saxlad\u0131\u011f\u0131 Az\u0259rbaycan torpaqlar\u0131nda milyonlarla tank v\u0259 piyada \u0259leyhin\u0259 mina yerl\u0259\u015fdirmi\u015fdir. Bu fakt erm\u0259ni i\u015f\u011fal\u00e7\u0131l\u0131\u011f\u0131n\u0131n v\u0259 vandalizminin n\u00f6vb\u0259ti s\u00fcbutudur. Haz\u0131rda h\u0259min minalar m\u00fclki \u0259halinin h\u0259yat\u0131na birba\u015fa t\u0259hl\u00fck\u0259 t\u00f6r\u0259dir, insanlar\u0131n sa\u011flaml\u0131\u011f\u0131na, s\u0259hh\u0259tin\u0259 v\u0259 ya\u015fam h\u00fcququna a\u011f\u0131r z\u0259rb\u0259 vurur. H\u0259r il y\u00fczl\u0259rl\u0259 insan bu partlay\u0131c\u0131 qur\u011fular\u0131n qurban\u0131na \u00e7evrilir. T\u0259\u0259ss\u00fcf do\u011furan m\u0259qam ondan ibar\u0259tdir ki, bu proses h\u0259l\u0259 d\u0259 davam edir.<\/p>\n<p>Az\u0259rbaycan d\u00f6vl\u0259ti d\u0259f\u0259l\u0259rl\u0259 Erm\u0259nistan t\u0259r\u0259fin\u0259 m\u00fcraci\u0259t ed\u0259r\u0259k, minalanm\u0131\u015f \u0259razil\u0259r\u0259 dair x\u0259rit\u0259l\u0259rin v\u0259 sxeml\u0259rin t\u0259qdim olunmas\u0131n\u0131 t\u0259l\u0259b etmi\u015fdir. Lakin t\u0259qdim edilmi\u015f x\u0259rit\u0259l\u0259rin d\u0259qiqlik nisb\u0259ti c\u0259mi 20\u201325 faiz t\u0259\u015fkil edir. Bu da bel\u0259 bir ehtimal\u0131 yarad\u0131r ki, Erm\u0259nistan bil\u0259r\u0259kd\u0259n yanl\u0131\u015f v\u0259 qeyri-d\u0259qiq m\u0259lumatlar t\u0259qdim edir. Halbuki, Erm\u0259nistan t\u0259r\u0259fi 30 il \u0259rzind\u0259 minalar\u0131n yerl\u0259\u015fdirilm\u0259sini planl\u0131 \u015f\u0259kild\u0259 h\u0259yata ke\u00e7irmi\u015f, bu proses h\u0259rbi \u0259mrl\u0259r \u0259sas\u0131nda idar\u0259 olunmu\u015fdur. Ona g\u00f6r\u0259 d\u0259 istisna deyil ki, h\u0259min d\u00f6vr\u0259 aid d\u0259qiq v\u0259 tam x\u0259rit\u0259l\u0259r haz\u0131rda Erm\u0259nistan\u0131n m\u00fcvafiq h\u0259rbi v\u0259 siyasi strukturlar\u0131nda m\u00f6vcuddur. Lakin \u00f6lk\u0259d\u0259 ba\u015f ver\u0259n hakimiyy\u0259t d\u0259yi\u015fikliyi fonunda bu m\u0259lumatlar\u0131n saxlanmas\u0131 v\u0259 ya m\u0259qs\u0259dli \u015f\u0259kild\u0259 gizl\u0259dilm\u0259si il\u0259 ba\u011fl\u0131 m\u00fcxt\u0259lif versiyalar ir\u0259li s\u00fcr\u00fcl\u00fcr\u201d.<\/p>\n<p>Politoloq qeyd etdi ki, b\u00fct\u00fcn bu reall\u0131qlar fonunda beyn\u0259lxalq ictimaiyy\u0259t daha f\u0259al m\u00f6vqe tutmal\u0131, Erm\u0259nistana qar\u015f\u0131 g\u00fccl\u00fc t\u0259zyiql\u0259r g\u00f6st\u0259rm\u0259lidir ki, bu humanitar f\u0259lak\u0259t\u0259 son qoyulsun: \u201cMinalar n\u0259inki insanlara, h\u0259m d\u0259 iqtisadi inki\u015faf prosesin\u0259, m\u0259cburi k\u00f6\u00e7k\u00fcnl\u0259rin do\u011fma yurdlar\u0131na t\u0259hl\u00fck\u0259siz v\u0259 l\u0259yaq\u0259tli qay\u0131d\u0131\u015f\u0131na mane\u0259 yarad\u0131r. Eyni zamanda hesab edir\u0259m ki, Erm\u0259nistan Az\u0259rbaycana qar\u015f\u0131 t\u00f6r\u0259tdiyi bu \u0259m\u0259ll\u0259r\u0259 g\u00f6r\u0259 beyn\u0259lxalq h\u00fcquq \u00e7\u0259r\u00e7iv\u0259sind\u0259 maddi t\u0259zminat \u00f6d\u0259m\u0259lidir. \u00c7\u00fcnki burada t\u0259kc\u0259 \u0259raziy\u0259 vurulan z\u0259r\u0259rl\u0259rd\u0259n deyil, eyni zamanda insanl\u0131q \u0259leyhin\u0259 cinay\u0259tl\u0259rd\u0259n, beyn\u0259lxalq humanitar h\u00fcququn pozulmas\u0131ndan v\u0259 \u0259n ba\u015fl\u0131cas\u0131, insanlar\u0131n ya\u015famaq h\u00fcququnun \u0259lind\u0259n al\u0131nmas\u0131ndan s\u00f6hb\u0259t gedir. Bu is\u0259 a\u00e7\u0131q \u015f\u0259kild\u0259 erm\u0259ni terrorunun n\u0259tic\u0259sidir. Az\u0259rbaycan diplomatiyas\u0131n\u0131n bu a\u011f\u0131r v\u0259 strateji \u0259h\u0259miyy\u0259tli v\u0259zif\u0259nin \u00f6hd\u0259sind\u0259n u\u011furla g\u0259l\u0259c\u0259yin\u0259 inan\u0131ram. \u015e\u00fcbh\u0259 etmir\u0259m ki, \u0259dal\u0259t v\u0259 h\u00fcquq b\u0259rq\u0259rar olunacaq\u201d.<\/p>\n<p><strong>Nigar Orucova, \u201c\u0130ki sahil\u201d<\/strong><\/p>\n","protected":false},"excerpt":{"rendered":"<p>Politoloq: \u0130\u015f\u011fal\u00e7\u0131 d\u00f6vl\u0259t insanl\u0131q \u0259leyhin\u0259 cinay\u0259tl\u0259r\u0259 g\u00f6r\u0259 Az\u0259rbaycana maddi t\u0259zminat \u00f6d\u0259m\u0259lidir Az\u0259rbaycan\u0131n azad edilmi\u015f \u0259razil\u0259rind\u0259 minalar\u0131n geni\u015f \u015f\u0259kild\u0259 basd\u0131r\u0131lmas\u0131 t\u0259kc\u0259 h\u0259rbi t\u0259hl\u00fck\u0259y\u0259 deyil, h\u0259m d\u0259 sosial-iqtisadi v\u0259 humanitar f\u0259lak\u0259t\u0259 \u00e7evrilib. \u0130\u015f\u011fal ill\u0259ri \u0259rzind\u0259 Erm\u0259nistan t\u0259r\u0259find\u0259n m\u0259qs\u0259dli\u00a0 v\u0259 plans\u0131z \u015f\u0259kild\u0259 \u0259razil\u0259rin minalanmas\u0131, h\u0259m h\u0259rbi, h\u0259m d\u0259 m\u00fclki \u0259razil\u0259rd\u0259 bu partlay\u0131c\u0131 qur\u011fular\u0131n k\u00fctl\u0259vi \u015f\u0259kild\u0259 yerl\u0259\u015fdirilm\u0259si, bu g\u00fcn h\u0259min torpaqlarda t\u0259hl\u00fck\u0259siz h\u0259yat\u0131n b\u0259rpa olunmas\u0131n\u0131 son d\u0259r\u0259c\u0259 \u00e7\u0259tinl\u0259\u015fdirir. Minalar insan h\u0259yat\u0131na birba\u015fa t\u0259hdid olmaqla yana\u015f\u0131, k\u0259nd t\u0259s\u0259rr\u00fcfat\u0131, yol tikintisi, ya\u015fay\u0131\u015f m\u0259nt\u0259q\u0259l\u0259rinin b\u0259rpas\u0131 kimi fundamental sah\u0259l\u0259rd\u0259 d\u0259 ir\u0259lil\u0259yi\u015fi l\u0259ngidir. Az\u0259rbaycan h\u00f6kum\u0259ti m\u00fcharib\u0259d\u0259n d\u0259rhal sonra bu&hellip;<\/p>\n","protected":false},"author":2,"featured_media":809432,"comment_status":"closed","ping_status":"closed","sticky":false,"template":"","format":"standard","meta":{"om_disable_all_campaigns":false,"_monsterinsights_skip_tracking":false,"_monsterinsights_sitenote_active":false,"_monsterinsights_sitenote_note":"","_monsterinsights_sitenote_category":0},"categories":[10],"tags":[],"aioseo_notices":[],"gutentor_comment":0,"rttpg_featured_image_url":{"full":["https:\/\/arantv.az\/wp-content\/uploads\/2025\/06\/537de305174193863418557990610083367.jpg",975,540,false],"landscape":["https:\/\/arantv.az\/wp-content\/uploads\/2025\/06\/537de305174193863418557990610083367.jpg",975,540,false],"portraits":["https:\/\/arantv.az\/wp-content\/uploads\/2025\/06\/537de305174193863418557990610083367.jpg",975,540,false],"thumbnail":["https:\/\/arantv.az\/wp-content\/uploads\/2025\/06\/537de305174193863418557990610083367-500x280.jpg",500,280,true],"medium":["https:\/\/arantv.az\/wp-content\/uploads\/2025\/06\/537de305174193863418557990610083367-660x365.jpg",660,365,true],"large":["https:\/\/arantv.az\/wp-content\/uploads\/2025\/06\/537de305174193863418557990610083367-840x465.jpg",640,354,true],"1536x1536":["https:\/\/arantv.az\/wp-content\/uploads\/2025\/06\/537de305174193863418557990610083367.jpg",975,540,false],"2048x2048":["https:\/\/arantv.az\/wp-content\/uploads\/2025\/06\/537de305174193863418557990610083367.jpg",975,540,false],"post-thumbnail":["https:\/\/arantv.az\/wp-content\/uploads\/2025\/06\/537de305174193863418557990610083367-240x172.jpg",240,172,true],"advps-thumb-one":["https:\/\/arantv.az\/wp-content\/uploads\/2025\/06\/537de305174193863418557990610083367.jpg",975,540,false]},"rttpg_author":{"display_name":"V\u00fcsal Rafiqo\u011flu","author_link":"https:\/\/arantv.az\/?author=2"},"rttpg_comment":0,"rttpg_category":"<a href=\"https:\/\/arantv.az\/?cat=10\" rel=\"category\">C\u0259bh\u0259d\u0259n X\u0259b\u0259r<\/a>","rttpg_excerpt":"Politoloq: \u0130\u015f\u011fal\u00e7\u0131 d\u00f6vl\u0259t insanl\u0131q \u0259leyhin\u0259 cinay\u0259tl\u0259r\u0259 g\u00f6r\u0259 Az\u0259rbaycana maddi t\u0259zminat \u00f6d\u0259m\u0259lidir Az\u0259rbaycan\u0131n azad edilmi\u015f \u0259razil\u0259rind\u0259 minalar\u0131n geni\u015f \u015f\u0259kild\u0259 basd\u0131r\u0131lmas\u0131 t\u0259kc\u0259 h\u0259rbi t\u0259hl\u00fck\u0259y\u0259 deyil, h\u0259m d\u0259 sosial-iqtisadi v\u0259 humanitar f\u0259lak\u0259t\u0259 \u00e7evrilib. \u0130\u015f\u011fal ill\u0259ri \u0259rzind\u0259 Erm\u0259nistan t\u0259r\u0259find\u0259n m\u0259qs\u0259dli\u00a0 v\u0259 plans\u0131z \u015f\u0259kild\u0259 \u0259razil\u0259rin minalanmas\u0131, h\u0259m h\u0259rbi, h\u0259m d\u0259 m\u00fclki \u0259razil\u0259rd\u0259 bu partlay\u0131c\u0131 qur\u011fular\u0131n k\u00fctl\u0259vi \u015f\u0259kild\u0259 yerl\u0259\u015fdirilm\u0259si, bu g\u00fcn&hellip;","_links":{"self":[{"href":"https:\/\/arantv.az\/index.php?rest_route=\/wp\/v2\/posts\/809430"}],"collection":[{"href":"https:\/\/arantv.az\/index.php?rest_route=\/wp\/v2\/posts"}],"about":[{"href":"https:\/\/arantv.az\/index.php?rest_route=\/wp\/v2\/types\/post"}],"author":[{"embeddable":true,"href":"https:\/\/arantv.az\/index.php?rest_route=\/wp\/v2\/users\/2"}],"replies":[{"embeddable":true,"href":"https:\/\/arantv.az\/index.php?rest_route=%2Fwp%2Fv2%2Fcomments&post=809430"}],"version-history":[{"count":1,"href":"https:\/\/arantv.az\/index.php?rest_route=\/wp\/v2\/posts\/809430\/revisions"}],"predecessor-version":[{"id":809433,"href":"https:\/\/arantv.az\/index.php?rest_route=\/wp\/v2\/posts\/809430\/revisions\/809433"}],"wp:featuredmedia":[{"embeddable":true,"href":"https:\/\/arantv.az\/index.php?rest_route=\/wp\/v2\/media\/809432"}],"wp:attachment":[{"href":"https:\/\/arantv.az\/index.php?rest_route=%2Fwp%2Fv2%2Fmedia&parent=809430"}],"wp:term":[{"taxonomy":"category","embeddable":true,"href":"https:\/\/arantv.az\/index.php?rest_route=%2Fwp%2Fv2%2Fcategories&post=809430"},{"taxonomy":"post_tag","embeddable":true,"href":"https:\/\/arantv.az\/index.php?rest_route=%2Fwp%2Fv2%2Ftags&post=809430"}],"curies":[{"name":"wp","href":"https:\/\/api.w.org\/{rel}","templated":true}]}}