{"id":809492,"date":"2025-06-03T12:38:36","date_gmt":"2025-06-03T08:38:36","guid":{"rendered":"https:\/\/arantv.az\/?p=809492"},"modified":"2025-06-03T12:38:36","modified_gmt":"2025-06-03T08:38:36","slug":"komit%c9%99-s%c9%99dri-prezidentin-x%c9%99b%c9%99rdarligini-xatirlatdi-el%c9%99-etm%c9%99liyik-ki","status":"publish","type":"post","link":"https:\/\/arantv.az\/?p=809492","title":{"rendered":"Komit\u0259 s\u0259dri Prezidentin x\u0259b\u0259rdarl\u0131\u011f\u0131n\u0131 xat\u0131rlatd\u0131: \u201cEl\u0259 etm\u0259liyik ki&#8230;\u201d"},"content":{"rendered":"<p><strong>Milli M\u0259clisin n\u00f6vb\u0259d\u0259nk\u0259nar sessiyas\u0131n\u0131n ilk iclas\u0131nda 2024-c\u00fc il d\u00f6vl\u0259t b\u00fcdc\u0259sinin icras\u0131 haqq\u0131nda qanun layih\u0259si ilk oxunu\u015fda m\u00fczakir\u0259y\u0259 \u00e7\u0131xar\u0131l\u0131b.<\/strong><\/p>\n<p><strong>Musavat.com<\/strong>-un m\u0259lumat\u0131na g\u00f6r\u0259, qanun layih\u0259sini parlamentin \u0130qtisadi siyas\u0259t, s\u0259naye v\u0259 sahibkarl\u0131q komit\u0259sinin s\u0259dri Az\u0259r \u018fmiraslanov t\u0259qdim edib.<\/p>\n<p><strong>Komit\u0259 s\u0259dri bildirib ki, \u201cB\u00fcdc\u0259 sistemi haqq\u0131nda\u201d Qanuna uy\u011fun olaraq \u201cAz\u0259rbaycan Respublikas\u0131n\u0131n 2024-c\u00fc il d\u00f6vl\u0259t b\u00fcdc\u0259sinin icras\u0131 haqq\u0131nda\u201d qanun layih\u0259si v\u0259 illik hesabat\u00a0Prezident \u0130lham \u018fliyev t\u0259r\u0259find\u0259n Milli M\u0259clisin m\u00fczakir\u0259sin\u0259 t\u0259qdim olunub:<\/strong><\/p>\n<p>\u201cB\u00fcdc\u0259 qanunvericiliyin\u0259 \u0259sas\u0259n, Hesablama Palatas\u0131n\u0131n m\u00fcvafiq r\u0259yi d\u0259 t\u0259qdim edilib. Komit\u0259 \u00e7\u0259r\u00e7iv\u0259sind\u0259 m\u0259hsuldar b\u00fcdc\u0259 m\u00fczakir\u0259l\u0259rin\u0259 y\u00fcks\u0259k s\u0259viyy\u0259d\u0259 \u015f\u0259rait yarad\u0131lmas\u0131na g\u00f6r\u0259 h\u00f6rm\u0259tli xan\u0131m S\u0259dr, siz\u0259 t\u0259\u015f\u0259kk\u00fcr\u00fcm\u00fcz\u00fc bildiririk!<\/p>\n<p>Bu, parlamentin bir t\u0259r\u0259fd\u0259n h\u00f6kum\u0259tl\u0259, onun iqtisadi bloku il\u0259 i\u015fg\u00fczar \u0259m\u0259kda\u015fl\u0131\u011fa b\u00f6y\u00fck \u00f6n\u0259m verm\u0259sini, dig\u0259r t\u0259r\u0259fd\u0259n d\u0259 Milli M\u0259clisin b\u00fcdc\u0259 m\u0259s\u0259l\u0259l\u0259rin\u0259 \u00f6z\u00fcn\u00fcn \u0259sas mandat\u0131 kimi x\u00fcsusi \u0259h\u0259miyy\u0259t verdiyini g\u00f6st\u0259rir.<\/p>\n<p>T\u0259qdim edilmi\u015f qanun layih\u0259si v\u0259 illik hesabat \u0130qtisadi siyas\u0259t, s\u0259naye v\u0259 sahibkarl\u0131q komit\u0259sinin iclas\u0131nda iqtisadi bloku t\u0259msil ed\u0259n d\u00f6vl\u0259t orqanlar\u0131r\u0259hb\u0259rl\u0259rinin v\u0259 n\u00fcmay\u0259nd\u0259l\u0259rinin geni\u015f t\u0259rkibd\u0259 i\u015ftirak\u0131 il\u0259 s\u0259m\u0259r\u0259li v\u0259 konstruktiv m\u00fczakir\u0259 olunub. Komit\u0259 \u00fczvl\u0259ri t\u0259r\u0259find\u0259n b\u00fcdc\u0259 siyas\u0259tin\u0259 dair vacib m\u0259s\u0259l\u0259l\u0259r qald\u0131r\u0131lm\u0131\u015f, d\u0259y\u0259rli t\u0259klifl\u0259r s\u0259sl\u0259ndirilmi\u015fddir.<\/p>\n<p>Eyni zamanda Hesablama Palatas\u0131n\u0131n b\u00fcdc\u0259 d\u0259y\u0259rl\u0259ndirilm\u0259sin\u0259 dair \u00e7\u0131xard\u0131\u011f\u0131 n\u0259tic\u0259l\u0259ri v\u0259 ir\u0259li s\u00fcrd\u00fcy\u00fc t\u00f6vsiy\u0259l\u0259ri d\u0259 praktiki bax\u0131mdan faydal\u0131 hesab edirik\u201d.<\/p>\n<p><strong>Az\u0259r \u018fmiraslanov \u0259lav\u0259 edib ki, qald\u0131r\u0131lan b\u00fct\u00fcn m\u0259s\u0259l\u0259l\u0259rl\u0259 ba\u011fl\u0131 maliyy\u0259 naziri Sahil Babayev t\u0259r\u0259find\u0259n geni\u015f \u015f\u0259rhl\u0259r verilib, suallar \u0259trafl\u0131 cavabland\u0131r\u0131l\u0131b:<\/strong><\/p>\n<p>\u201cApar\u0131lm\u0131\u015f m\u00fczakir\u0259l\u0259rin v\u0259 t\u0259hlill\u0259rin n\u0259tic\u0259l\u0259ri 2024-c\u00fc ilin b\u00fcdc\u0259sini \u00f6lk\u0259mizin iqtisadi inki\u015faf\u0131na, \u0259halinin sosial rifah\u0131na v\u0259 milli maraqlar\u0131m\u0131za xidm\u0259t ed\u0259n maliyy\u0259 s\u0259n\u0259di kimi xarakteriz\u0259 etm\u0259y\u0259 imkan verir.<\/p>\n<p>\u00d6t\u0259n ilin d\u00f6vl\u0259t b\u00fcdc\u0259si Prezident \u0130lham \u018fliyevin m\u00fc\u0259yy\u0259n etdiyi v\u0259zif\u0259l\u0259rin, ir\u0259li s\u00fcrd\u00fcy\u00fc strateji t\u0259\u015f\u0259bb\u00fcsl\u0259rin h\u0259yata ke\u00e7irilm\u0259si, d\u00f6vl\u0259tin m\u00fch\u00fcm funksiyalar\u0131n\u0131n ah\u0259ngdar icras\u0131 \u00fc\u00e7\u00fcn etibarl\u0131 maliyy\u0259 t\u0259minat\u0131 yarad\u0131b\u201d.<\/p>\n<p><strong>Komit\u0259 s\u0259dri Prezidentin m\u00fcxt\u0259lif ill\u0259rd\u0259 d\u00f6vl\u0259t b\u00fcdc\u0259si il\u0259 ba\u011fl\u0131 s\u0259sl\u0259ndirdiyi m\u00fch\u00fcm tezisl\u0259rd\u0259n bir ne\u00e7\u0259sini xat\u0131rlad\u0131b:<\/strong><\/p>\n<p>\u201cEl\u0259 etm\u0259liyik ki, b\u00fcdc\u0259 maksimum d\u0259r\u0259c\u0259d\u0259 icra edilsin. Eyni zamanda, maliyy\u0259 intizam\u0131 daha da y\u00fcks\u0259k s\u0259viyy\u0259d\u0259 olmal\u0131d\u0131r&#8230;\u201d; \u201c\u015e\u0259ffafl\u0131q tam \u015f\u0259kild\u0259 t\u0259min edilm\u0259lidir&#8230;\u201d; \u201cB\u00fcdc\u0259 x\u0259rcl\u0259rinin strukturuna yenid\u0259n bax\u0131lmal\u0131d\u0131r v\u0259 b\u00fcdc\u0259 v\u0259saiti q\u0259na\u0259tl\u0259 x\u0259rcl\u0259nm\u0259lidir&#8230;.\u201d; \u201c\u0130qtisadi art\u0131m olmadan, sad\u0259c\u0259 b\u00fcdc\u0259 x\u0259rcl\u0259ri hesab\u0131na sosial m\u0259s\u0259l\u0259l\u0259ri h\u0259ll etm\u0259k \u00e7\u0259tindir&#8230;\u201d ; \u201cBizim b\u00fct\u00fcn cari x\u0259rcl\u0259rimiz qeyri-neft g\u0259lirl\u0259ri hesab\u0131na malyy\u0259l\u0259\u015fdirilm\u0259lidir&#8230;\u201d<\/p>\n<p><strong>Az\u0259r \u018fmiraslanov bildirib\u00a0ki, \u00f6lk\u0259 ba\u015f\u00e7\u0131s\u0131n\u0131n konseptual xarakterli bu fikirl\u0259ri d\u00f6vl\u0259t maliyy\u0259sinin v\u0259 b\u00fcdc\u0259 siyas\u0259tinin h\u0259d\u0259f v\u0259 prinsipl\u0259rini \u00e7ox ayd\u0131n \u015f\u0259kild\u0259 \u0259ks etdirir.<\/strong><\/p>\n","protected":false},"excerpt":{"rendered":"<p>Milli M\u0259clisin n\u00f6vb\u0259d\u0259nk\u0259nar sessiyas\u0131n\u0131n ilk iclas\u0131nda 2024-c\u00fc il d\u00f6vl\u0259t b\u00fcdc\u0259sinin icras\u0131 haqq\u0131nda qanun layih\u0259si ilk oxunu\u015fda m\u00fczakir\u0259y\u0259 \u00e7\u0131xar\u0131l\u0131b. Musavat.com-un m\u0259lumat\u0131na g\u00f6r\u0259, qanun layih\u0259sini parlamentin \u0130qtisadi siyas\u0259t, s\u0259naye v\u0259 sahibkarl\u0131q komit\u0259sinin s\u0259dri Az\u0259r \u018fmiraslanov t\u0259qdim edib. Komit\u0259 s\u0259dri bildirib ki, \u201cB\u00fcdc\u0259 sistemi haqq\u0131nda\u201d Qanuna uy\u011fun olaraq \u201cAz\u0259rbaycan Respublikas\u0131n\u0131n 2024-c\u00fc il d\u00f6vl\u0259t b\u00fcdc\u0259sinin icras\u0131 haqq\u0131nda\u201d qanun layih\u0259si v\u0259 illik hesabat\u00a0Prezident \u0130lham \u018fliyev t\u0259r\u0259find\u0259n Milli M\u0259clisin m\u00fczakir\u0259sin\u0259 t\u0259qdim olunub: \u201cB\u00fcdc\u0259 qanunvericiliyin\u0259 \u0259sas\u0259n, Hesablama Palatas\u0131n\u0131n m\u00fcvafiq r\u0259yi d\u0259 t\u0259qdim edilib. Komit\u0259 \u00e7\u0259r\u00e7iv\u0259sind\u0259 m\u0259hsuldar b\u00fcdc\u0259 m\u00fczakir\u0259l\u0259rin\u0259 y\u00fcks\u0259k s\u0259viyy\u0259d\u0259 \u015f\u0259rait yarad\u0131lmas\u0131na g\u00f6r\u0259 h\u00f6rm\u0259tli xan\u0131m S\u0259dr, siz\u0259&hellip;<\/p>\n","protected":false},"author":2,"featured_media":809493,"comment_status":"closed","ping_status":"closed","sticky":false,"template":"","format":"standard","meta":{"om_disable_all_campaigns":false,"_monsterinsights_skip_tracking":false,"_monsterinsights_sitenote_active":false,"_monsterinsights_sitenote_note":"","_monsterinsights_sitenote_category":0},"categories":[19],"tags":[],"aioseo_notices":[],"gutentor_comment":0,"rttpg_featured_image_url":{"full":["https:\/\/arantv.az\/wp-content\/uploads\/2025\/06\/a253b902b788b01ea42d98d2c5718837.jpg",850,500,false],"landscape":["https:\/\/arantv.az\/wp-content\/uploads\/2025\/06\/a253b902b788b01ea42d98d2c5718837.jpg",850,500,false],"portraits":["https:\/\/arantv.az\/wp-content\/uploads\/2025\/06\/a253b902b788b01ea42d98d2c5718837.jpg",850,500,false],"thumbnail":["https:\/\/arantv.az\/wp-content\/uploads\/2025\/06\/a253b902b788b01ea42d98d2c5718837-500x280.jpg",500,280,true],"medium":["https:\/\/arantv.az\/wp-content\/uploads\/2025\/06\/a253b902b788b01ea42d98d2c5718837-621x365.jpg",621,365,true],"large":["https:\/\/arantv.az\/wp-content\/uploads\/2025\/06\/a253b902b788b01ea42d98d2c5718837-840x494.jpg",640,376,true],"1536x1536":["https:\/\/arantv.az\/wp-content\/uploads\/2025\/06\/a253b902b788b01ea42d98d2c5718837.jpg",850,500,false],"2048x2048":["https:\/\/arantv.az\/wp-content\/uploads\/2025\/06\/a253b902b788b01ea42d98d2c5718837.jpg",850,500,false],"post-thumbnail":["https:\/\/arantv.az\/wp-content\/uploads\/2025\/06\/a253b902b788b01ea42d98d2c5718837-240x172.jpg",240,172,true],"advps-thumb-one":["https:\/\/arantv.az\/wp-content\/uploads\/2025\/06\/a253b902b788b01ea42d98d2c5718837.jpg",850,500,false]},"rttpg_author":{"display_name":"V\u00fcsal Rafiqo\u011flu","author_link":"https:\/\/arantv.az\/?author=2"},"rttpg_comment":0,"rttpg_category":"<a href=\"https:\/\/arantv.az\/?cat=19\" rel=\"category\">G\u00fcnd\u0259m<\/a>","rttpg_excerpt":"Milli M\u0259clisin n\u00f6vb\u0259d\u0259nk\u0259nar sessiyas\u0131n\u0131n ilk iclas\u0131nda 2024-c\u00fc il d\u00f6vl\u0259t b\u00fcdc\u0259sinin icras\u0131 haqq\u0131nda qanun layih\u0259si ilk oxunu\u015fda m\u00fczakir\u0259y\u0259 \u00e7\u0131xar\u0131l\u0131b. Musavat.com-un m\u0259lumat\u0131na g\u00f6r\u0259, qanun layih\u0259sini parlamentin \u0130qtisadi siyas\u0259t, s\u0259naye v\u0259 sahibkarl\u0131q komit\u0259sinin s\u0259dri Az\u0259r \u018fmiraslanov t\u0259qdim edib. Komit\u0259 s\u0259dri bildirib ki, \u201cB\u00fcdc\u0259 sistemi haqq\u0131nda\u201d Qanuna uy\u011fun olaraq \u201cAz\u0259rbaycan Respublikas\u0131n\u0131n 2024-c\u00fc il d\u00f6vl\u0259t b\u00fcdc\u0259sinin icras\u0131 haqq\u0131nda\u201d qanun layih\u0259si&hellip;","_links":{"self":[{"href":"https:\/\/arantv.az\/index.php?rest_route=\/wp\/v2\/posts\/809492"}],"collection":[{"href":"https:\/\/arantv.az\/index.php?rest_route=\/wp\/v2\/posts"}],"about":[{"href":"https:\/\/arantv.az\/index.php?rest_route=\/wp\/v2\/types\/post"}],"author":[{"embeddable":true,"href":"https:\/\/arantv.az\/index.php?rest_route=\/wp\/v2\/users\/2"}],"replies":[{"embeddable":true,"href":"https:\/\/arantv.az\/index.php?rest_route=%2Fwp%2Fv2%2Fcomments&post=809492"}],"version-history":[{"count":2,"href":"https:\/\/arantv.az\/index.php?rest_route=\/wp\/v2\/posts\/809492\/revisions"}],"predecessor-version":[{"id":809495,"href":"https:\/\/arantv.az\/index.php?rest_route=\/wp\/v2\/posts\/809492\/revisions\/809495"}],"wp:featuredmedia":[{"embeddable":true,"href":"https:\/\/arantv.az\/index.php?rest_route=\/wp\/v2\/media\/809493"}],"wp:attachment":[{"href":"https:\/\/arantv.az\/index.php?rest_route=%2Fwp%2Fv2%2Fmedia&parent=809492"}],"wp:term":[{"taxonomy":"category","embeddable":true,"href":"https:\/\/arantv.az\/index.php?rest_route=%2Fwp%2Fv2%2Fcategories&post=809492"},{"taxonomy":"post_tag","embeddable":true,"href":"https:\/\/arantv.az\/index.php?rest_route=%2Fwp%2Fv2%2Ftags&post=809492"}],"curies":[{"name":"wp","href":"https:\/\/api.w.org\/{rel}","templated":true}]}}