{"id":809510,"date":"2025-06-03T16:32:02","date_gmt":"2025-06-03T12:32:02","guid":{"rendered":"https:\/\/arantv.az\/?p=809510"},"modified":"2025-06-03T16:32:02","modified_gmt":"2025-06-03T12:32:02","slug":"pezeskian-iranin-az%c9%99rbaycana-yeni-t%c9%99yin-olunmus-s%c9%99firini-q%c9%99bul-etdi-foto","status":"publish","type":"post","link":"https:\/\/arantv.az\/?p=809510","title":{"rendered":"Peze\u015fkian \u0130ran\u0131n Az\u0259rbaycana yeni t\u0259yin olunmu\u015f s\u0259firini q\u0259bul etdi &#8211; FOTO"},"content":{"rendered":"<div class=\"text-content\" data-id=\"\" data-url=\"\">\n<div class=\"texts mb-site\">\n<p><strong>\u0130ran Prezidenti M\u0259zud Peze\u015fkian Az\u0259rbaycana yeni t\u0259yin olunmu\u015f s\u0259firi M\u00fcct\u0259ba D\u0259mir\u00e7ilunu\u00a0q\u0259bul edib.<\/strong><\/p>\n<p>Bu bar\u0259d\u0259 \u0130ran Prezidentinin r\u0259smi sayt\u0131nda m\u0259lumat verilib.<\/p>\n<p><ins class=\"ainsyndication\" data-ad-slot=\"5387\"><\/ins>M\u0259lumata deyilir ki, \u0130ran Prezidenti Bak\u0131ya s\u0259f\u0259rin\u0259 toxunub v\u0259 s\u0259f\u0259rinin Az\u0259rbaycan Respublikas\u0131 il\u0259 \u0259laq\u0259l\u0259rd\u0259 m\u00fcsb\u0259t s\u0131\u00e7ray\u0131\u015fa s\u0259b\u0259b oldu\u011funu vur\u011fulay\u0131b.<\/p>\n<p>Eyni zamanda, Peze\u015fkian \u0130ran\u0131n \u00c7in, Fil Di\u015fi Sahili, Meksika, Kuba v\u0259 Uruqvaydak\u0131 yeni s\u0259firl\u0259rini q\u0259bul edib.<\/p>\n<p>Peze\u015fkian s\u0259firl\u0259rl\u0259 g\u00f6r\u00fc\u015fd\u0259 bildirib ki, m\u00fcxt\u0259lif \u00f6lk\u0259l\u0259rl\u0259 \u0259m\u0259kda\u015fl\u0131\u011f\u0131n geni\u015fl\u0259ndirilm\u0259si \u0130ran\u0131 g\u00fccl\u0259ndirir.\/\/APA<\/p>\n<\/div>\n<\/div>\n<div>\n<div class=\"form-group\"><img class=\"img-responsive\" src=\"https:\/\/cdn.musavat.com\/news\/images\/%C4%B0QBAL%20YEN%C4%B0\/683edfb41a4c6683edfb41a4c7174895.jpg\" \/><\/div>\n<\/div>\n","protected":false},"excerpt":{"rendered":"<p>\u0130ran Prezidenti M\u0259zud Peze\u015fkian Az\u0259rbaycana yeni t\u0259yin olunmu\u015f s\u0259firi M\u00fcct\u0259ba D\u0259mir\u00e7ilunu\u00a0q\u0259bul edib. Bu bar\u0259d\u0259 \u0130ran Prezidentinin r\u0259smi sayt\u0131nda m\u0259lumat verilib. M\u0259lumata deyilir ki, \u0130ran Prezidenti Bak\u0131ya s\u0259f\u0259rin\u0259 toxunub v\u0259 s\u0259f\u0259rinin Az\u0259rbaycan Respublikas\u0131 il\u0259 \u0259laq\u0259l\u0259rd\u0259 m\u00fcsb\u0259t s\u0131\u00e7ray\u0131\u015fa s\u0259b\u0259b oldu\u011funu vur\u011fulay\u0131b. Eyni zamanda, Peze\u015fkian \u0130ran\u0131n \u00c7in, Fil Di\u015fi Sahili, Meksika, Kuba v\u0259 Uruqvaydak\u0131 yeni s\u0259firl\u0259rini q\u0259bul edib. Peze\u015fkian s\u0259firl\u0259rl\u0259 g\u00f6r\u00fc\u015fd\u0259 bildirib ki, m\u00fcxt\u0259lif \u00f6lk\u0259l\u0259rl\u0259 \u0259m\u0259kda\u015fl\u0131\u011f\u0131n geni\u015fl\u0259ndirilm\u0259si \u0130ran\u0131 g\u00fccl\u0259ndirir.\/\/APA<\/p>\n","protected":false},"author":2,"featured_media":809511,"comment_status":"closed","ping_status":"closed","sticky":false,"template":"","format":"standard","meta":{"om_disable_all_campaigns":false,"_monsterinsights_skip_tracking":false,"_monsterinsights_sitenote_active":false,"_monsterinsights_sitenote_note":"","_monsterinsights_sitenote_category":0},"categories":[4],"tags":[],"aioseo_notices":[],"gutentor_comment":0,"rttpg_featured_image_url":{"full":["https:\/\/arantv.az\/wp-content\/uploads\/2025\/06\/80d9beb29958eb5347f8fab30965674f.jpg",870,500,false],"landscape":["https:\/\/arantv.az\/wp-content\/uploads\/2025\/06\/80d9beb29958eb5347f8fab30965674f.jpg",870,500,false],"portraits":["https:\/\/arantv.az\/wp-content\/uploads\/2025\/06\/80d9beb29958eb5347f8fab30965674f.jpg",870,500,false],"thumbnail":["https:\/\/arantv.az\/wp-content\/uploads\/2025\/06\/80d9beb29958eb5347f8fab30965674f-500x280.jpg",500,280,true],"medium":["https:\/\/arantv.az\/wp-content\/uploads\/2025\/06\/80d9beb29958eb5347f8fab30965674f-635x365.jpg",635,365,true],"large":["https:\/\/arantv.az\/wp-content\/uploads\/2025\/06\/80d9beb29958eb5347f8fab30965674f-840x483.jpg",640,368,true],"1536x1536":["https:\/\/arantv.az\/wp-content\/uploads\/2025\/06\/80d9beb29958eb5347f8fab30965674f.jpg",870,500,false],"2048x2048":["https:\/\/arantv.az\/wp-content\/uploads\/2025\/06\/80d9beb29958eb5347f8fab30965674f.jpg",870,500,false],"post-thumbnail":["https:\/\/arantv.az\/wp-content\/uploads\/2025\/06\/80d9beb29958eb5347f8fab30965674f-240x172.jpg",240,172,true],"advps-thumb-one":["https:\/\/arantv.az\/wp-content\/uploads\/2025\/06\/80d9beb29958eb5347f8fab30965674f.jpg",870,500,false]},"rttpg_author":{"display_name":"V\u00fcsal Rafiqo\u011flu","author_link":"https:\/\/arantv.az\/?author=2"},"rttpg_comment":0,"rttpg_category":"<a href=\"https:\/\/arantv.az\/?cat=4\" rel=\"category\">Siyas\u0259t<\/a>","rttpg_excerpt":"\u0130ran Prezidenti M\u0259zud Peze\u015fkian Az\u0259rbaycana yeni t\u0259yin olunmu\u015f s\u0259firi M\u00fcct\u0259ba D\u0259mir\u00e7ilunu\u00a0q\u0259bul edib. Bu bar\u0259d\u0259 \u0130ran Prezidentinin r\u0259smi sayt\u0131nda m\u0259lumat verilib. M\u0259lumata deyilir ki, \u0130ran Prezidenti Bak\u0131ya s\u0259f\u0259rin\u0259 toxunub v\u0259 s\u0259f\u0259rinin Az\u0259rbaycan Respublikas\u0131 il\u0259 \u0259laq\u0259l\u0259rd\u0259 m\u00fcsb\u0259t s\u0131\u00e7ray\u0131\u015fa s\u0259b\u0259b oldu\u011funu vur\u011fulay\u0131b. Eyni zamanda, Peze\u015fkian \u0130ran\u0131n \u00c7in, Fil Di\u015fi Sahili, Meksika, Kuba v\u0259 Uruqvaydak\u0131 yeni s\u0259firl\u0259rini q\u0259bul edib.&hellip;","_links":{"self":[{"href":"https:\/\/arantv.az\/index.php?rest_route=\/wp\/v2\/posts\/809510"}],"collection":[{"href":"https:\/\/arantv.az\/index.php?rest_route=\/wp\/v2\/posts"}],"about":[{"href":"https:\/\/arantv.az\/index.php?rest_route=\/wp\/v2\/types\/post"}],"author":[{"embeddable":true,"href":"https:\/\/arantv.az\/index.php?rest_route=\/wp\/v2\/users\/2"}],"replies":[{"embeddable":true,"href":"https:\/\/arantv.az\/index.php?rest_route=%2Fwp%2Fv2%2Fcomments&post=809510"}],"version-history":[{"count":1,"href":"https:\/\/arantv.az\/index.php?rest_route=\/wp\/v2\/posts\/809510\/revisions"}],"predecessor-version":[{"id":809512,"href":"https:\/\/arantv.az\/index.php?rest_route=\/wp\/v2\/posts\/809510\/revisions\/809512"}],"wp:featuredmedia":[{"embeddable":true,"href":"https:\/\/arantv.az\/index.php?rest_route=\/wp\/v2\/media\/809511"}],"wp:attachment":[{"href":"https:\/\/arantv.az\/index.php?rest_route=%2Fwp%2Fv2%2Fmedia&parent=809510"}],"wp:term":[{"taxonomy":"category","embeddable":true,"href":"https:\/\/arantv.az\/index.php?rest_route=%2Fwp%2Fv2%2Fcategories&post=809510"},{"taxonomy":"post_tag","embeddable":true,"href":"https:\/\/arantv.az\/index.php?rest_route=%2Fwp%2Fv2%2Ftags&post=809510"}],"curies":[{"name":"wp","href":"https:\/\/api.w.org\/{rel}","templated":true}]}}