{"id":809726,"date":"2025-06-06T10:42:35","date_gmt":"2025-06-06T06:42:35","guid":{"rendered":"https:\/\/arantv.az\/?p=809726"},"modified":"2025-06-06T10:42:35","modified_gmt":"2025-06-06T06:42:35","slug":"t%c9%99cridxanada-m%c9%99hbusun-ciy%c9%99ri-qanadi-v%c9%99fat-etdi","status":"publish","type":"post","link":"https:\/\/arantv.az\/?p=809726","title":{"rendered":"T\u0259cridxanada m\u0259hbusun ciy\u0259ri qanad\u0131, v\u0259fat etdi"},"content":{"rendered":"<p>G\u0259nc\u0259d\u0259ki 2 sayl\u0131 \u0130stintaq T\u0259cridxanas\u0131nda saxlan\u0131lan \u015f\u0259xsin \u00f6l\u00fcm\u00fc qeyd\u0259 al\u0131n\u0131b.<\/p>\n<p>1979-cu il t\u0259v\u0259ll\u00fcdl\u00fc V\u0259d\u0259t Vaqif o\u011flu Sad\u0131qov t\u0259cridxanada d\u00fcnyas\u0131n\u0131 d\u0259yi\u015fib.<\/p>\n<p>\u0130lkin ehtimallara g\u00f6r\u0259, 46 ya\u015fl\u0131 m\u0259hbus ciy\u0259r qanaxmas\u0131ndan v\u0259fat edib.<\/p>\n<p>M\u0259lumata g\u00f6r\u0259, o, m\u0259hk\u0259m\u0259nin h\u00f6km\u00fc il\u0259 \u00fc\u00e7 il m\u00fcdd\u0259tin\u0259 azadl\u0131qdan m\u0259hrum edilibmi\u015f. (Teleqraf.az)<\/p>\n","protected":false},"excerpt":{"rendered":"<p>G\u0259nc\u0259d\u0259ki 2 sayl\u0131 \u0130stintaq T\u0259cridxanas\u0131nda saxlan\u0131lan \u015f\u0259xsin \u00f6l\u00fcm\u00fc qeyd\u0259 al\u0131n\u0131b. 1979-cu il t\u0259v\u0259ll\u00fcdl\u00fc V\u0259d\u0259t Vaqif o\u011flu Sad\u0131qov t\u0259cridxanada d\u00fcnyas\u0131n\u0131 d\u0259yi\u015fib. \u0130lkin ehtimallara g\u00f6r\u0259, 46 ya\u015fl\u0131 m\u0259hbus ciy\u0259r qanaxmas\u0131ndan v\u0259fat edib. M\u0259lumata g\u00f6r\u0259, o, m\u0259hk\u0259m\u0259nin h\u00f6km\u00fc il\u0259 \u00fc\u00e7 il m\u00fcdd\u0259tin\u0259 azadl\u0131qdan m\u0259hrum edilibmi\u015f. (Teleqraf.az)<\/p>\n","protected":false},"author":2,"featured_media":809727,"comment_status":"closed","ping_status":"closed","sticky":false,"template":"","format":"standard","meta":{"om_disable_all_campaigns":false,"_monsterinsights_skip_tracking":false,"_monsterinsights_sitenote_active":false,"_monsterinsights_sitenote_note":"","_monsterinsights_sitenote_category":0},"categories":[5],"tags":[],"aioseo_notices":[],"gutentor_comment":0,"rttpg_featured_image_url":{"full":["https:\/\/arantv.az\/wp-content\/uploads\/2025\/06\/cb4d8e22b26536dc6dcd7c0855e68d9a.jpg",740,493,false],"landscape":["https:\/\/arantv.az\/wp-content\/uploads\/2025\/06\/cb4d8e22b26536dc6dcd7c0855e68d9a.jpg",740,493,false],"portraits":["https:\/\/arantv.az\/wp-content\/uploads\/2025\/06\/cb4d8e22b26536dc6dcd7c0855e68d9a.jpg",740,493,false],"thumbnail":["https:\/\/arantv.az\/wp-content\/uploads\/2025\/06\/cb4d8e22b26536dc6dcd7c0855e68d9a-500x280.jpg",500,280,true],"medium":["https:\/\/arantv.az\/wp-content\/uploads\/2025\/06\/cb4d8e22b26536dc6dcd7c0855e68d9a-548x365.jpg",548,365,true],"large":["https:\/\/arantv.az\/wp-content\/uploads\/2025\/06\/cb4d8e22b26536dc6dcd7c0855e68d9a.jpg",640,426,false],"1536x1536":["https:\/\/arantv.az\/wp-content\/uploads\/2025\/06\/cb4d8e22b26536dc6dcd7c0855e68d9a.jpg",740,493,false],"2048x2048":["https:\/\/arantv.az\/wp-content\/uploads\/2025\/06\/cb4d8e22b26536dc6dcd7c0855e68d9a.jpg",740,493,false],"post-thumbnail":["https:\/\/arantv.az\/wp-content\/uploads\/2025\/06\/cb4d8e22b26536dc6dcd7c0855e68d9a-240x172.jpg",240,172,true],"advps-thumb-one":["https:\/\/arantv.az\/wp-content\/uploads\/2025\/06\/cb4d8e22b26536dc6dcd7c0855e68d9a.jpg",740,493,false]},"rttpg_author":{"display_name":"V\u00fcsal Rafiqo\u011flu","author_link":"https:\/\/arantv.az\/?author=2"},"rttpg_comment":0,"rttpg_category":"<a href=\"https:\/\/arantv.az\/?cat=5\" rel=\"category\">Hadis\u0259<\/a>","rttpg_excerpt":"G\u0259nc\u0259d\u0259ki 2 sayl\u0131 \u0130stintaq T\u0259cridxanas\u0131nda saxlan\u0131lan \u015f\u0259xsin \u00f6l\u00fcm\u00fc qeyd\u0259 al\u0131n\u0131b. 1979-cu il t\u0259v\u0259ll\u00fcdl\u00fc V\u0259d\u0259t Vaqif o\u011flu Sad\u0131qov t\u0259cridxanada d\u00fcnyas\u0131n\u0131 d\u0259yi\u015fib. \u0130lkin ehtimallara g\u00f6r\u0259, 46 ya\u015fl\u0131 m\u0259hbus ciy\u0259r qanaxmas\u0131ndan v\u0259fat edib. M\u0259lumata g\u00f6r\u0259, o, m\u0259hk\u0259m\u0259nin h\u00f6km\u00fc il\u0259 \u00fc\u00e7 il m\u00fcdd\u0259tin\u0259 azadl\u0131qdan m\u0259hrum edilibmi\u015f. (Teleqraf.az)","_links":{"self":[{"href":"https:\/\/arantv.az\/index.php?rest_route=\/wp\/v2\/posts\/809726"}],"collection":[{"href":"https:\/\/arantv.az\/index.php?rest_route=\/wp\/v2\/posts"}],"about":[{"href":"https:\/\/arantv.az\/index.php?rest_route=\/wp\/v2\/types\/post"}],"author":[{"embeddable":true,"href":"https:\/\/arantv.az\/index.php?rest_route=\/wp\/v2\/users\/2"}],"replies":[{"embeddable":true,"href":"https:\/\/arantv.az\/index.php?rest_route=%2Fwp%2Fv2%2Fcomments&post=809726"}],"version-history":[{"count":1,"href":"https:\/\/arantv.az\/index.php?rest_route=\/wp\/v2\/posts\/809726\/revisions"}],"predecessor-version":[{"id":809728,"href":"https:\/\/arantv.az\/index.php?rest_route=\/wp\/v2\/posts\/809726\/revisions\/809728"}],"wp:featuredmedia":[{"embeddable":true,"href":"https:\/\/arantv.az\/index.php?rest_route=\/wp\/v2\/media\/809727"}],"wp:attachment":[{"href":"https:\/\/arantv.az\/index.php?rest_route=%2Fwp%2Fv2%2Fmedia&parent=809726"}],"wp:term":[{"taxonomy":"category","embeddable":true,"href":"https:\/\/arantv.az\/index.php?rest_route=%2Fwp%2Fv2%2Fcategories&post=809726"},{"taxonomy":"post_tag","embeddable":true,"href":"https:\/\/arantv.az\/index.php?rest_route=%2Fwp%2Fv2%2Ftags&post=809726"}],"curies":[{"name":"wp","href":"https:\/\/api.w.org\/{rel}","templated":true}]}}