{"id":809729,"date":"2025-06-06T10:45:11","date_gmt":"2025-06-06T06:45:11","guid":{"rendered":"https:\/\/arantv.az\/?p=809729"},"modified":"2025-06-06T10:45:11","modified_gmt":"2025-06-06T06:45:11","slug":"az%c9%99rbaycan-turkiy%c9%99-munasib%c9%99tl%c9%99ri-strateji-modeldir","status":"publish","type":"post","link":"https:\/\/arantv.az\/?p=809729","title":{"rendered":"Az\u0259rbaycan-T\u00fcrkiy\u0259 m\u00fcnasib\u0259tl\u0259ri strateji modeldir"},"content":{"rendered":"<p><em><strong>T\u00fcrkiy\u0259\u00a0 Prezidenti R\u0259c\u0259b Tayyib \u018frdo\u011fan M\u00fcst\u0259qillik G\u00fcn\u00fcnd\u0259 La\u00e7\u0131ndan bu \u00e7a\u011f\u0131r\u0131\u015f\u0131 etdi ki,\u00a0 azad\u00a0 Qaraba\u011f \u00fc\u00e7\u00fcn art\u0131q u\u011fur, s\u00fclh v\u0259 inki\u015faf hekay\u0259si yazmaq zaman\u0131d\u0131r<\/strong><\/em><\/p>\n<p>Regionda sabitliyin, t\u0259hl\u00fck\u0259sizliyin qarant\u0131 kimi d\u0259y\u0259rl\u0259ndiril\u0259n Az\u0259rbaycan-T\u00fcrkiy\u0259 m\u00fcnasib\u0259tl\u0259rinin m\u00fctt\u0259fiqlik s\u0259viyy\u0259sin\u0259 y\u00fcks\u0259lm\u0259si, \u015eu\u015fa B\u0259yannam\u0259sind\u0259 \u0259ksini tapan m\u00fcdd\u0259alar \u0259laq\u0259l\u0259rimizin bug\u00fcnk\u00fc v\u0259 g\u0259l\u0259c\u0259k inki\u015faf\u0131 bar\u0259d\u0259 ayd\u0131n t\u0259s\u0259vv\u00fcr yarad\u0131r.\u00a0 Az\u0259rbaycan-T\u00fcrkiy\u0259 dostlu\u011fu, qarda\u015fl\u0131\u011f\u0131 daim d\u00fcnyaya n\u00fcmun\u0259 g\u00f6st\u0259rilib. D\u00f6vl\u0259t ba\u015f\u00e7\u0131s\u0131 \u0130lham \u018fliyevin \u00abN\u0259 q\u0259d\u0259r T\u00fcrkiy\u0259 v\u0259 Az\u0259rbaycan bir yerd\u0259 inamla add\u0131mlasa, b\u00f6lg\u0259mizd\u0259 s\u00fclh v\u0259 bar\u0131\u015f o q\u0259d\u0259r d\u0259 m\u00f6hk\u0259m olacaqd\u0131r\u00bb fikri iki dost, qarda\u015f \u00f6lk\u0259nin birliyinin, h\u0259mr\u0259yliyinin region, d\u00fcnya \u00fc\u00e7\u00fcn \u0259h\u0259miyy\u0259tini a\u00e7\u0131qlay\u0131r. \u00c7\u00fcnki bu dostluq, qarda\u015fl\u0131q b\u00f6y\u00fck tarix\u0259 s\u00f6yk\u0259nir, bir mill\u0259tin iki d\u00f6vl\u0259ti biri-biri il\u0259 s\u0131x tell\u0259rl\u0259 ba\u011fl\u0131d\u0131r.\u00a0 Bu fikir daim b\u00f6y\u00fck q\u00fcrur hissi il\u0259 qeyd edilir ki, d\u00fcnyada Az\u0259rbaycan v\u0259 T\u00fcrkiy\u0259 q\u0259d\u0259r biri-birin\u0259 yax\u0131n \u00f6lk\u0259l\u0259r yoxdur. Bu birlik b\u00fct\u00fcn istiqam\u0259tl\u0259rd\u0259 qurulub v\u0259 n\u00fcmun\u0259dir. Qarda\u015f \u00f6lk\u0259nin Prezidenti R\u0259c\u0259b Tayyib \u018frdo\u011fan\u0131n \u00a0qeyd etdiyi kimi, ortaq tariximizd\u0259n ald\u0131\u011f\u0131m\u0131z ilhamla aram\u0131zdak\u0131 dostluq v\u0259 m\u0259h\u0259bb\u0259ti daha da sa\u011flamla\u015fd\u0131r\u0131r, birlik v\u0259 b\u0259rab\u0259rliyimizi daha da m\u00f6hk\u0259ml\u0259ndiririk. Taleyimizin birliyi tarixin d\u0259rinlikl\u0259rin\u0259 q\u0259d\u0259r uzanmaqdad\u0131r. 1915-ci ild\u0259 \u00c7anaqqalada, 1918-ci ild\u0259 G\u0259nc\u0259d\u0259, Bak\u0131da v\u0259 Az\u0259rbaycan\u0131n dig\u0259r b\u00f6lg\u0259l\u0259rind\u0259 \u00fcr\u0259kl\u0259rimiz v\u0259 bil\u0259kl\u0259rimiz ortaq m\u00fcbariz\u0259mizd\u0259 yenid\u0259n b\u0259rab\u0259r olmu\u015fdur.<\/p>\n<p>D\u00fcnya 44 g\u00fcnl\u00fck \u0130kinci Qaraba\u011f m\u00fcharib\u0259si d\u00f6vr\u00fcnd\u0259 bu birliyin sars\u0131lmazl\u0131\u011f\u0131n\u0131n bir daha \u00a0\u015fahidi oldu. D\u00f6vl\u0259t ba\u015f\u00e7\u0131s\u0131 \u0130lham \u018fliyev b\u00fct\u00fcn \u00e7\u0131x\u0131\u015flar\u0131nda daim diqq\u0259ti bu m\u0259qama y\u00f6n\u0259ld\u0259r\u0259k bildirir ki, T\u00fcrkiy\u0259 Prezidenti R\u0259c\u0259b Tayyib \u018frdo\u011fan\u0131n m\u00fcharib\u0259 ba\u015fland\u0131\u011f\u0131 andan \u00abAz\u0259rbaycan t\u0259k deyil\u00bb mesaj\u0131 biz\u0259 \u0259lav\u0259 g\u00fcc verdi. Qarda\u015f \u00f6lk\u0259nin siyasi v\u0259 m\u0259n\u0259vi d\u0259st\u0259yini he\u00e7 vaxt unutmayaca\u011f\u0131q.<\/p>\n<p>Bu g\u00fcnl\u0259rd\u0259 qarda\u015f \u00f6lk\u0259nin Prezidenti R\u0259c\u0259b Tayyib \u018frdo\u011fan\u0131n\u00a0 d\u00f6vl\u0259t ba\u015f\u00e7\u0131s\u0131 \u0130lham \u018fliyev il\u0259 birg\u0259 La\u00e7\u0131n Beyn\u0259lxalq Hava Liman\u0131n\u0131n a\u00e7\u0131l\u0131\u015f\u0131nda i\u015ftirak\u0131 da bu dostlu\u011fun, birliyin sars\u0131lmazl\u0131\u011f\u0131n\u0131 t\u0259sdiql\u0259y\u0259n m\u00fch\u00fcm amill\u0259rd\u0259n biri kimi d\u0259y\u0259rl\u0259ndirildi. Sonra Az\u0259rbaycan Prezidenti \u0130lham \u018fliyev v\u0259 T\u00fcrkiy\u0259 Prezidenti R\u0259c\u0259b Tayyib \u018frdo\u011fan t\u00fcrk v\u0259 az\u0259rbaycanl\u0131 s\u0259rmay\u0259darlar t\u0259r\u0259find\u0259n Qaraba\u011f v\u0259 Z\u0259ng\u0259zur b\u00f6lg\u0259l\u0259rind\u0259 yarad\u0131lan ilk \u00f6z\u0259l k\u0259nd t\u0259s\u0259rr\u00fcfat\u0131 kompleksi olan \u201cDost Aqropark\u201dda istehsal edil\u0259n m\u0259hsullara baxd\u0131lar. Qeyd edildi ki, kompleksd\u0259 \u201ca\u011f\u0131ll\u0131 k\u0259nd t\u0259s\u0259rr\u00fcfat\u0131\u201d texnologiyalar\u0131, b\u0259rpaolunan enerji v\u0259 dayan\u0131ql\u0131 k\u0259nd t\u0259s\u0259rr\u00fcfat\u0131 mexanizml\u0259rin\u0259 \u0259saslanan f\u0259aliyy\u0259t qurulub. Aqroparkda haz\u0131rda 120 n\u0259f\u0259r i\u015fl\u0259 t\u0259min olunub. Tam i\u015f\u0259 d\u00fc\u015fd\u00fckd\u0259n sonra burada 500 n\u0259f\u0259r\u0259 i\u015f imkan\u0131 yarad\u0131lacaq.<\/p>\n<p>Qeyd ed\u0259k ki, iki dost \u00f6lk\u0259nin prezidentl\u0259ri birlikd\u0259 2021-ci ild\u0259 F\u00fczuli, 2022-ci ild\u0259 Z\u0259ngilan Beyn\u0259lxalq Hava limanlar\u0131n\u0131n a\u00e7\u0131l\u0131\u015f\u0131nda i\u015ftirak etmi\u015fdil\u0259r. 28 May-M\u00fcst\u0259qillik G\u00fcn\u00fcnd\u0259\u00a0 La\u00e7\u0131nda yaz\u0131lan tarix d\u0259 bu dostlu\u011fa, qarda\u015fl\u0131\u011fa bir daha i\u015f\u0131q sald\u0131. M\u00fcst\u0259qillik G\u00fcn\u00fc il\u0259 ba\u011fl\u0131 t\u0259\u015fkil edil\u0259n bayram t\u0259dbirind\u0259 T\u00fcrkiy\u0259 Prezidenti \u00abSizl\u0259ri \u0259n s\u0259mimi duy\u011fular\u0131mla, h\u00f6rm\u0259tl\u0259, m\u0259h\u0259bb\u0259tl\u0259 salamlay\u0131ram. Buradan Bak\u0131dan G\u0259nc\u0259y\u0259, \u015eu\u015fadan Nax\u00e7\u0131vana olmaqla, Az\u0259rbaycan\u0131n h\u0259r bir gu\u015f\u0259sind\u0259ki qarda\u015flar\u0131ma sevgil\u0259rimi v\u0259 ehtiram\u0131m\u0131 g\u00f6nd\u0259rir\u0259m. \u018fvv\u0259lc\u0259, sizl\u0259r\u0259 \u201cCan Az\u0259rbaycan\u201d, \u201cBir mill\u0259t, iki d\u00f6vl\u0259t\u201d deyil\u0259nd\u0259 q\u0259lbind\u0259 f\u0131rt\u0131nalar qopan 86 milyonun salam\u0131n\u0131 \u00e7atd\u0131rmaq ist\u0259yir\u0259m. \u0130ndi buradak\u0131 tabloda \u00fc\u00e7 d\u00f6vl\u0259t, bir mill\u0259t var. Can Az\u0259rbaycan\u0131n 28 May &#8211; M\u00fcst\u0259qillik G\u00fcn\u00fc m\u00fcnasib\u0259til\u0259 ortaq m\u0259d\u0259niyy\u0259timizi v\u0259 qarda\u015fl\u0131\u011f\u0131m\u0131z\u0131 vur\u011fulad\u0131\u011f\u0131m\u0131z bu m\u0259nal\u0131 g\u00f6r\u00fc\u015fd\u0259 sizinl\u0259 birlikd\u0259 olmaqdan b\u00f6y\u00fck m\u0259mnunluq duyuram\u00bb s\u00f6yl\u0259y\u0259r\u0259k onu da \u0259lav\u0259 etdi ki, enerjid\u0259n n\u0259qliyyata, m\u00fcdafi\u0259d\u0259n ticar\u0259t\u0259, k\u0259nd t\u0259s\u0259rr\u00fcfat\u0131ndan t\u0259hsil\u0259 q\u0259d\u0259r h\u0259r sah\u0259d\u0259 Az\u0259rbaycanla g\u00fccl\u00fc \u0259m\u0259kda\u015fl\u0131qlar qururuq: \u00ab\u0130lham qarda\u015f\u0131m\u0131n b\u0259nz\u0259rsiz t\u00f6hf\u0259l\u0259ri say\u0259sind\u0259 m\u00fcnasib\u0259tl\u0259rimizi h\u0259r g\u00fcn t\u0259kc\u0259 b\u00f6lg\u0259y\u0259 deyil, b\u00fct\u00fcn d\u00fcnyaya n\u00fcmun\u0259 olacaq s\u0259viyy\u0259y\u0259 \u00e7atd\u0131r\u0131r\u0131q. Sabitlik abid\u0259si kimi y\u00fcks\u0259l\u0259n Az\u0259rbaycan\u0131n u\u011furlar\u0131 il\u0259 ham\u0131m\u0131z q\u00fcrur duyuruq. Otuz ild\u0259n sonra \u0259sar\u0259td\u0259n azad olunan Qaraba\u011f \u00fc\u00e7\u00fcn art\u0131q u\u011fur, s\u00fclh v\u0259 inki\u015faf hekay\u0259si yazmaq zaman\u0131d\u0131r. Bu g\u00fcn ke\u00e7mi\u015fd\u0259 ya\u015fad\u0131\u011f\u0131m\u0131z a\u011fr\u0131lardan d\u0259rs alaraq davaml\u0131 s\u00fclh\u00fcn b\u0259rq\u0259rar olmas\u0131n\u0131, etimad\u0131n v\u0259 mehriban qon\u015fuluq m\u00fcnasib\u0259tl\u0259rinin qurulmas\u0131n\u0131 h\u0259d\u0259fl\u0259yirik. M\u00fcz\u0259ff\u0259r Ali Ba\u015f Komandan c\u0259nab \u0130lham \u018fliyevin s\u00fclh\u00fcn d\u0259 memar\u0131 olaraq ad\u0131n\u0131 tarix\u0259 yazd\u0131raca\u011f\u0131na inan\u0131r\u0131q.\u00bb D\u00f6vl\u0259t ba\u015f\u00e7\u0131s\u0131 \u0130lham \u018fliyev il\u0259 T\u00fcrkiy\u0259 Prezidentinin La\u00e7\u0131nda t\u0259kb\u0259t\u0259k g\u00f6r\u00fc\u015f\u00fc oldu. Prezidentl\u0259r, h\u0259m\u00e7inin K\u0259lb\u0259c\u0259r-La\u00e7\u0131n avtomobil yolunda g\u00f6r\u00fcl\u0259n tikinti i\u015fl\u0259ri il\u0259 tan\u0131\u015f oldular. La\u00e7\u0131n Zirv\u0259 g\u00f6r\u00fc\u015f\u00fc d\u0259 h\u0259m ayr\u0131-ayr\u0131l\u0131qda Az\u0259rbaycan-T\u00fcrkiy\u0259, Az\u0259rbaycan-Pakistan, h\u0259m d\u0259 \u00fc\u00e7t\u0259r\u0259fli Az\u0259rbaycan-T\u00fcrkiy\u0259-Pakistan m\u00fcnasib\u0259tl\u0259rin\u0259 i\u015f\u0131q sald\u0131.<\/p>\n<p>M\u0259hz bu dostlu\u011fun h\u0259r bir s\u0131naqdan \u015f\u0259r\u0259fl\u0259 \u00e7\u0131xmas\u0131na r\u0259\u011fm\u0259n d\u00f6vl\u0259t ba\u015f\u00e7\u0131s\u0131 \u0130lham \u018fliyev \u00e7\u0131x\u0131\u015flar\u0131nda bu fikri b\u00f6y\u00fck q\u00fcrur hissi il\u0259 qeyd edir ki, T\u00fcrkiy\u0259-Az\u0259rbaycan qarda\u015fl\u0131\u011f\u0131, birliyi xalqlar\u0131m\u0131z \u00fc\u00e7\u00fcn \u0259sas yol istiqam\u0259tidir, b\u00f6lg\u0259 \u00fc\u00e7\u00fcn, d\u00fcnya \u00fc\u00e7\u00fcn d\u0259 \u00e7ox \u00f6n\u0259mli amildir, t\u0259hl\u00fck\u0259sizlik, sabitlik amilidir. Tarix\u0259 q\u0131sa bax\u0131\u015f \u0259sas\u0131nda c\u0259nab \u0130lham \u018fliyev bu reall\u0131\u011f\u0131 qeyd edir ki, bizim tariximiz parlaqd\u0131r v\u0259 tariximizin \u0259n \u00f6n\u0259mli anlar\u0131nda biz bir yerd\u0259 idik.<\/p>\n<p>La\u00e7\u0131n Zirv\u0259 g\u00f6r\u00fc\u015f\u00fcnd\u0259n \u00f6nc\u0259, \u00f6t\u0259n ay\u0131n 13-d\u0259 \u00a0Prezident \u0130lham \u018fliyev PKK terror qrupla\u015fmas\u0131n\u0131n \u00f6z\u00fcn\u00fc l\u0259\u011fv etm\u0259si il\u0259 \u0259laq\u0259dar T\u00fcrkiy\u0259 xalq\u0131n\u0131 t\u0259brik etdi. X sosial \u015f\u0259b\u0259k\u0259 hesab\u0131nda bununla ba\u011fl\u0131 etdiyi payla\u015f\u0131mda bildirdi ki, ba\u015fda \u0259ziz Qarda\u015f\u0131m, T\u00fcrkiy\u0259 Respublikas\u0131n\u0131n Prezidenti R\u0259c\u0259b Tayyib \u018frdo\u011fan olmaqla b\u00fct\u00fcn qarda\u015f T\u00fcrkiy\u0259 xalq\u0131n\u0131 PKK terror qrupla\u015fmas\u0131n\u0131n \u00f6z\u00fcn\u00fc l\u0259\u011fv etm\u0259k v\u0259 silah\u0131 yer\u0259 qoymaq q\u0259rar\u0131 m\u00fcnasib\u0259til\u0259 \u00fcr\u0259kd\u0259n t\u0259brik edir\u0259m. \u018fziz Qarda\u015f\u0131m\u0131n b\u0259yan etdiyi \u201cTerrorsuz T\u00fcrkiy\u0259\u201d h\u0259d\u0259fin\u0259 \u00e7atmaqda vacib m\u0259rh\u0259l\u0259 olan bu hadis\u0259 d\u00f6vl\u0259t\u00e7ilik yolunda \u00f6lk\u0259d\u0259 apar\u0131lan q\u0259tiyy\u0259tli siyas\u0259tin n\u0259tic\u0259si, g\u00fccl\u00fc liderliyin v\u0259 sars\u0131lmaz irad\u0259nin, milli birliyin v\u0259 h\u0259mr\u0259yliyin t\u0259nt\u0259n\u0259sidir.<\/p>\n<p>Az\u0259rbaycan-T\u00fcrkiy\u0259 dostlu\u011fundan, qarda\u015fl\u0131\u011f\u0131ndan, m\u00fctt\u0259fiqliyind\u0259n saatlarla, g\u00fcnl\u0259rl\u0259 b\u0259hs etm\u0259k olar. El\u0259 bir sah\u0259 yoxdur ki, iki \u00f6lk\u0259nin \u0259laq\u0259l\u0259ri y\u00fcks\u0259l\u0259n x\u0259tl\u0259 inki\u015faf etm\u0259sin. Tarixi Z\u0259f\u0259rimizd\u0259n sonra b\u0259zi sah\u0259l\u0259r var ki, \u0259m\u0259kda\u015fl\u0131q \u0259laq\u0259l\u0259rinin qur\u00fclmas\u0131 \u0259sas h\u0259d\u0259f kimi qar\u015f\u0131ya qoyuldu. T\u0259bii ki, burada t\u0259hsili v\u0259 media sah\u0259sini x\u00fcsusi qeyd etm\u0259k ist\u0259rdik. Bu g\u00fcn informasiya m\u00fcharib\u0259si d\u00f6vr\u00fc oldu\u011funu n\u0259z\u0259r\u0259 alsaq, h\u0259qiq\u0259tl\u0259rimizin t\u0259bli\u011find\u0259 diaspor t\u0259\u015fkilatlar\u0131 il\u0259 yana\u015f\u0131, m\u0259tbuat\u0131n da \u00fcz\u0259rin\u0259 d\u00fc\u015f\u0259n m\u0259suliyy\u0259t \u00f6z\u00fcn\u00fc qabar\u0131q \u015f\u0259kild\u0259 b\u00fcruz\u0259 verir. 44 g\u00fcnl\u00fck m\u00fcharib\u0259 d\u00f6vr\u00fcnd\u0259 Az\u0259rbaycan \u00a0m\u0259tbuat\u0131 h\u0259qiq\u0259tl\u0259rin t\u0259bli\u011find\u0259 n\u0259 q\u0259d\u0259r f\u0259dakarl\u0131q g\u00f6st\u0259rdis\u0259, T\u00fcrkiy\u0259 m\u0259tbuat\u0131 da eyni qayda \u00fczr\u0259 h\u0259r\u0259k\u0259t etdi. M\u0259tbuat s\u0259hif\u0259l\u0259rind\u0259 yer alan q\u0259l\u0259b\u0259 x\u0259b\u0259rl\u0259ri televiziya kanallar\u0131 vasit\u0259sil\u0259 d\u0259 d\u00fcnya ictimaiyy\u0259tin\u0259 \u00e7atd\u0131r\u0131ld\u0131. T\u00fcrkiy\u0259 medias\u0131n\u0131 izl\u0259dikc\u0259 birliyimizd\u0259n, h\u0259mr\u0259yliyimizd\u0259n daha da q\u00fcrurlan\u0131rd\u0131q. Eyni ab-hava Z\u0259f\u0259r parad\u0131nda, \u015eu\u015fa B\u0259yannam\u0259sinin imzalanmas\u0131nda da \u00f6z\u00fcn\u00fc qabar\u0131q \u015f\u0259kild\u0259 b\u00fcruz\u0259 verdi. Qaraba\u011f\u0131m\u0131zda Az\u0259rbaycan v\u0259 T\u00fcrkiy\u0259 bayraqlar\u0131 birg\u0259 dal\u011faland\u0131 v\u0259 d\u00fcnya bu birliyin bir daha \u015fahidi oldu. \u0130ki \u00f6lk\u0259 aras\u0131nda b\u00fct\u00fcn sah\u0259l\u0259rd\u0259 \u0259m\u0259kda\u015fl\u0131q media istiqam\u0259tind\u0259 d\u0259 bir z\u0259rur\u0259t\u0259 \u00e7evrildi. T\u00fcrkiy\u0259 Prezidenti R\u0259c\u0259b Tayyib \u018frdo\u011fan\u0131n 2020-ci ilin dekabr\u0131nda Az\u0259rbaycana s\u0259f\u0259ri zaman\u0131 imzalanan s\u0259n\u0259dl\u0259r aras\u0131nda Az\u0259rbaycan Respublikas\u0131 il\u0259 T\u00fcrkiy\u0259 Respublikas\u0131 aras\u0131nda media sah\u0259sind\u0259 strateji \u0259m\u0259kda\u015fl\u0131q haqq\u0131nda Anla\u015fma Memorandumu x\u00fcsusi diqq\u0259t \u00e7\u0259kdi. Az\u0259rbaycana v\u0259 T\u00fcrkiy\u0259y\u0259 qar\u015f\u0131 \u0259sass\u0131z iddialar\u0131n geni\u015f v\u00fcs\u0259t ald\u0131\u011f\u0131 indiki zamanda Ortaq Media Platformas\u0131n\u0131n yarad\u0131lmas\u0131 vacib idi. M\u0259tbuat\u0131n ictimai fikr\u0259 t\u0259sir imkanlar\u0131n\u0131n b\u00f6y\u00fckl\u00fcy\u00fcn\u00fc n\u0259z\u0259r\u0259 alaraq, haz\u0131rk\u0131 zamanda m\u00fcasir d\u00f6vr\u00fcn yaratd\u0131\u011f\u0131 imkanlardan maksimum istifad\u0259 etm\u0259kl\u0259 q\u0259r\u0259zi, \u0259sass\u0131z t\u0259bli\u011fatlar\u0131 tutarl\u0131 faktlarla cavabland\u0131rmaq, yalan\u0131n h\u0259qiq\u0259t \u00fcz\u0259rind\u0259 q\u0259l\u0259b\u0259sinin m\u00fcmk\u00fcns\u00fczl\u00fcy\u00fcn\u00fc bir daha d\u00fcnya ictimaiyy\u0259tinin diqq\u0259tin\u0259 \u00e7atd\u0131rmaq m\u00fcmk\u00fcnd\u00fcr. T\u00fcrkiy\u0259-Az\u0259rbaycan media \u0259laq\u0259l\u0259rinin inki\u015faf\u0131 il\u0259 iki \u00f6lk\u0259 medias\u0131n\u0131n inteqrasiya olunmu\u015f \u015f\u0259kild\u0259 h\u0259r\u0259k\u0259t etm\u0259si, xalqlar\u0131n m\u0259lumatland\u0131r\u0131lmas\u0131 m\u0259s\u0259l\u0259sind\u0259 s\u0259m\u0259r\u0259li f\u0259aliyy\u0259t g\u00f6st\u0259rilm\u0259si, x\u00fcsusil\u0259 sosial mediada yay\u0131lan dezinformasiyalar v\u0259 \u00f6lk\u0259 xaricind\u0259n g\u0259l\u0259n qara piarlara qar\u015f\u0131 m\u00fcbariz\u0259d\u0259 vahid strategiyalar\u0131n yarad\u0131lmas\u0131 prioritet m\u0259s\u0259l\u0259y\u0259 \u00e7evrildi. Media \u0259m\u0259kda\u015fl\u0131\u011f\u0131 Az\u0259rbaycan-T\u00fcrkiy\u0259 birliyin\u0259, h\u0259mr\u0259yliyin\u0259 b\u00f6y\u00fck t\u00f6hf\u0259 olmaqla yana\u015f\u0131, m\u00f6vcud \u0259laq\u0259l\u0259rin inki\u015faf\u0131nda yeni bir s\u0259hif\u0259 a\u00e7d\u0131. \u015eu\u015fa B\u0259yannam\u0259sind\u0259 \u0259ksini tapan m\u00fcdd\u0259alarda da bu m\u0259qam \u00f6z \u0259ksini tap\u0131r ki, yeni m\u00fcqavil\u0259y\u0259 \u0259sas\u0259n, T\u00fcrkiy\u0259 v\u0259 Az\u0259rbaycandan h\u0259r hans\u0131 birin\u0259 \u00fc\u00e7\u00fcnc\u00fc d\u00f6vl\u0259t t\u0259r\u0259find\u0259n t\u0259hl\u00fck\u0259 olarsa, bu \u00f6lk\u0259l\u0259r bir-birini qorumaq \u00fc\u00e7\u00fcn birg\u0259 add\u0131mlar atacaqlar. T\u0259bii ki, burada informasiya sah\u0259sind\u0259 \u0259m\u0259kda\u015fl\u0131q \u00f6z s\u00f6z\u00fcn\u00fc dey\u0259c\u0259k. D\u00f6vl\u0259t ba\u015f\u00e7\u0131s\u0131 \u0130lham \u018fliyev jurnalistl\u0259r\u0259 a\u00e7\u0131qlamas\u0131nda bildirmi\u015fdir ki, aram\u0131zdak\u0131 \u0259m\u0259kda\u015fl\u0131\u011f\u0131n ad\u0131 m\u00fctt\u0259fiqlikdir v\u0259 bunun \u00f6z\u00fc h\u0259r \u015feyi deyir.<\/p>\n<p>T\u0259hsil sah\u0259sin\u0259 g\u0259ldikd\u0259 is\u0259 T\u00fcrkiy\u0259-Az\u0259rbaycan Universitetinin yarad\u0131lmas\u0131n\u0131 qeyd ed\u0259 bil\u0259rik. \u00abBu, g\u0259l\u0259c\u0259y\u0259 y\u00f6n\u0259lmi\u015f t\u0259\u015f\u0259bb\u00fcsd\u00fcr\u00bb s\u00f6yl\u0259y\u0259n d\u00f6vl\u0259t ba\u015f\u00e7\u0131s\u0131 \u0130lham \u018fliyev onu da qeyd etdi ki, \u00e7\u00fcnki bizim g\u0259nc n\u0259slimiz h\u0259m T\u00fcrkiy\u0259d\u0259, h\u0259m d\u0259 Az\u0259rbaycanda qarda\u015fl\u0131q, m\u00fctt\u0259fiqlik, ortaq d\u0259y\u0259rl\u0259r prinsipl\u0259ri \u0259sas\u0131nda t\u0259rbiy\u0259 almal\u0131d\u0131r. Bizim milli-m\u0259n\u0259vi d\u0259y\u0259rl\u0259rimiz\u0259 sadiq olmal\u0131d\u0131r. Yad t\u0259sird\u0259n uzaq olmal\u0131d\u0131r. Bilikli, savadl\u0131, v\u0259t\u0259np\u0259rv\u0259r insanlar olmal\u0131d\u0131r. Bu g\u00fcn T\u00fcrkiy\u0259-Az\u0259rbaycan Universitetinin yarad\u0131lmas\u0131 sad\u0259c\u0259 olaraq t\u0259hsil m\u0259s\u0259l\u0259si deyil, bu bizim birliyimizin n\u00f6vb\u0259ti simvoludur. Bu universitetin yax\u0131n g\u0259l\u0259c\u0259kd\u0259 n\u0259inki Az\u0259rbaycanda, b\u00f6lg\u0259d\u0259 \u0259n apar\u0131c\u0131 ali m\u0259kt\u0259bl\u0259rd\u0259n birin\u0259 \u00e7evril\u0259c\u0259yin\u0259 \u0259minlik ifad\u0259 edilir.<\/p>\n<p>Reall\u0131q budur ki, Az\u0259rbaycan v\u0259 T\u00fcrkiy\u0259 d\u00f6vl\u0259tl\u0259rinin birg\u0259 s\u0259yl\u0259ri, siyasi irad\u0259si v\u0259 q\u0259tiyy\u0259ti say\u0259sind\u0259 realla\u015fan enerji layih\u0259l\u0259ri b\u00f6lg\u0259y\u0259 s\u00fclh, sabitlik g\u0259tir\u0259r\u0259k d\u00f6vl\u0259tl\u0259r, xalqlar aras\u0131nda k\u00f6rp\u00fc rolunu oynay\u0131r. \u018fvv\u0259ll\u0259r regional \u00e7\u0259r\u00e7iv\u0259d\u0259 ba\u015flanan \u0259m\u0259kda\u015fl\u0131q sonrak\u0131 ill\u0259rd\u0259 co\u011frafiyas\u0131n\u0131 geni\u015fl\u0259ndir\u0259r\u0259k \u00e7oxt\u0259r\u0259fli formata \u00e7evrilib. Bak\u0131-Tbilisi-Ceyhan, Bak\u0131-Tbilisi-\u018frzurum neft-qaz k\u0259m\u0259rl\u0259rinin, iqtisadi \u0259h\u0259miyy\u0259tin\u0259 g\u00f6r\u0259 onlardan geri qalmayan Bak\u0131-Tbilisi-Qars d\u0259mir yolu layih\u0259sinin reall\u0131\u011fa \u00e7evrilm\u0259si il\u0259 Az\u0259rbaycan regional inki\u015faf\u0131n apar\u0131c\u0131 q\u00fcvv\u0259sin\u0259, d\u00fcnyan\u0131n enerji t\u0259hl\u00fck\u0259sizliyinin t\u0259minat\u00e7\u0131s\u0131na \u00e7evrildi. Az\u0259rbaycan t\u0259\u015f\u0259bb\u00fcs\u00e7\u00fcs\u00fc v\u0259 i\u015ftirak\u00e7\u0131s\u0131 oldu\u011fu enerji layih\u0259l\u0259rinin u\u011furlu icras\u0131 il\u0259 d\u00fcnyan\u0131n enerji x\u0259rit\u0259sini yenid\u0259n t\u0259rtib etdi. Bu g\u00fcnl\u0259rd\u0259 Bak\u0131 Enerji H\u0259ft\u0259si \u00e7\u0259r\u00e7iv\u0259sind\u0259 ke\u00e7iril\u0259n 30-cu Yubiley Beyn\u0259lxalq X\u0259z\u0259r Neft v\u0259 Qaz S\u0259rgisi \u201cCaspian Oil and Gas\u201d, 13-c\u00fc X\u0259z\u0259r Beyn\u0259lxalq Energetika v\u0259 Ya\u015f\u0131l Enerji S\u0259rgisi \u201cCaspian Power\u201d v\u0259 30-cu Yubiley \u201cBaku Energy Forum\u201d da Az\u0259rbaycan-T\u00fcrkiy\u0259 m\u00fcnasib\u0259tl\u0259rinin haz\u0131rk\u0131 inki\u015faf\u0131na bir daha i\u015f\u0131q sald\u0131. Bel\u0259 ki, T\u00fcrkiy\u0259 Prezidenti R\u0259c\u0259b Tayyib \u018frdo\u011fan t\u0259brik m\u0259ktubunda bu m\u00fcnasib\u0259tl\u0259r\u0259 bir daha diqq\u0259ti y\u00f6n\u0259ld\u0259r\u0259k vurt\u00fculad\u0131 ki, Can Az\u0259rbaycan il\u0259 yax\u0131n m\u00fcnasib\u0259tl\u0259rimiz b\u00fct\u00fcn sah\u0259l\u0259rd\u0259 oldu\u011fu kimi, enerji sah\u0259sind\u0259 d\u0259 g\u00fccl\u00fc \u015f\u0259kild\u0259 v\u0259 q\u0259tiyy\u0259tl\u0259 davam etdirilir. Enerji sah\u0259sind\u0259 bir \u00e7ox nailiyy\u0259t\u0259 ill\u0259r \u0259rzind\u0259 birlikd\u0259 imza atd\u0131q. Son ill\u0259rd\u0259 ya\u015fanan qlobal geosiyasi prosesl\u0259r enerji t\u0259hl\u00fck\u0259sizliyi m\u0259s\u0259l\u0259sind\u0259 T\u00fcrkiy\u0259-Az\u0259rbaycan \u0259m\u0259kda\u015fl\u0131\u011f\u0131n\u0131n n\u0259 q\u0259d\u0259r \u00f6n\u0259mli oldu\u011funu bir daha t\u0259sdiql\u0259mi\u015fdir. Bak\u0131-Tbilisi-Ceyhan, Bak\u0131-Tbilisi-\u018frzurum boru k\u0259m\u0259rl\u0259ri v\u0259 TANAP kimi infrastruktur layih\u0259l\u0259ri il\u0259 tacland\u0131rd\u0131\u011f\u0131m\u0131z bu \u0259m\u0259kda\u015fl\u0131\u011f\u0131m\u0131z t\u0259kc\u0259 T\u00fcrkiy\u0259 v\u0259 Az\u0259rbaycana deyil, eyni zamanda, b\u00f6lg\u0259nin v\u0259 Avropan\u0131n da enerji t\u0259hl\u00fck\u0259sizliyin\u0259 m\u00fch\u00fcm t\u00f6hf\u0259l\u0259r verm\u0259kd\u0259dir.<\/p>\n<p>T\u00fcrkiy\u0259 Prezidenti onu da bildirdi ki, mart ay\u0131nda a\u00e7\u0131l\u0131\u015f\u0131n\u0131 etdiyimiz \u0130\u011fd\u0131r-Nax\u00e7\u0131van qaz boru k\u0259m\u0259ri ill\u0259r\u0259 v\u0259 u\u011furlara \u0259saslanan enerji \u0259m\u0259kda\u015fl\u0131\u011f\u0131m\u0131z\u0131n \u0259n yeni \u00f6rn\u0259yini t\u0259\u015fkil etmi\u015fdir. X\u0259ttin f\u0259aliyy\u0259t\u0259 ba\u015flamas\u0131 Nax\u00e7\u0131van b\u00f6lg\u0259sinin enerji t\u0259hl\u00fck\u0259sizliyini v\u0259 bizi birlikd\u0259 daha da g\u00fccl\u0259ndirmi\u015fdir. T\u00fcrkiy\u0259 il\u0259 Az\u0259rbaycan aras\u0131nda elektrik \u0259laq\u0259l\u0259rimizin art\u0131r\u0131lmas\u0131 bizim \u00fc\u00e7\u00fcn strateji \u0259h\u0259miyy\u0259t k\u0259sb ed\u0259n dig\u0259r bir layih\u0259dir. Bu \u00e7\u0259r\u00e7iv\u0259d\u0259 h\u0259m T\u00fcrkiy\u0259-Nax\u00e7\u0131van, h\u0259m d\u0259 T\u00fcrkiy\u0259-G\u00fcrc\u00fcstan interkonnektor potensial\u0131n\u0131n geni\u015fl\u0259ndirilm\u0259si s\u00fcr\u0259tl\u0259 atmal\u0131 oldu\u011fumuz yeni add\u0131mlard\u0131r. T\u00fcrkiy\u0259, Az\u0259rbaycan, G\u00fcrc\u00fcstan v\u0259 Bolqar\u0131stan aras\u0131nda yeni elektrik interkonnektor x\u0259ttinin yarad\u0131lmas\u0131 m\u0259qs\u0259dil\u0259 ya\u015f\u0131l elektrik n\u0259qli v\u0259 ticar\u0259ti il\u0259 ba\u011fl\u0131 \u0259m\u0259kda\u015fl\u0131\u011fa dair Anla\u015fma Memorandumunu imzalad\u0131q. B\u00f6lg\u0259mizin enerji t\u0259hl\u00fck\u0259sizliyi v\u0259 rifah\u0131 bax\u0131m\u0131ndan n\u00f6vb\u0259ti tarixi add\u0131m olan bu layih\u0259ni d\u0259, in\u015fallah, \u0259n q\u0131sa m\u00fcdd\u0259td\u0259 yekunla\u015fd\u0131rma\u011f\u0131 h\u0259d\u0259fl\u0259yirik.<\/p>\n<p>T\u00fcrkiy\u0259 Respublikas\u0131n\u0131n energetika v\u0259 t\u0259bii s\u0259rv\u0259tl\u0259r naziri\u00a0Alparslan Bayraktar is\u0259 biodirdi ki, T\u00fcrkiy\u0259 il\u0259 Az\u0259rbaycan aras\u0131ndak\u0131 t\u0259r\u0259fda\u015fl\u0131q h\u0259qiq\u0259t\u0259n d\u0259 bir strateji modeldir. Onun k\u00f6kl\u0259ri tarixi, m\u0259d\u0259ni v\u0259 ortaq ba\u011flarla ifad\u0259 olunur. Bu g\u00fcn biz \u0259sas sazi\u015fin imzalanmas\u0131 il\u0259 Az\u0259rbaycanda neft-qaz istehsal\u0131n\u0131 daha da art\u0131raca\u011f\u0131q. S\u00f6hb\u0259t \u201c\u015e\u0259f\u0259q-Asiman\u201d layih\u0259si \u00fczr\u0259 sazi\u015fd\u0259n gedir. Bu, \u201cTurkish Petroleum\u201d, SOCAR v\u0259 bp aras\u0131nda \u00fc\u00e7t\u0259r\u0259fli bir i\u015fbirliyi olacaqd\u0131r.<\/p>\n<p>Az\u0259rbaycan-T\u00fcrkiy\u0259 qarda\u015fl\u0131\u011f\u0131n\u0131 t\u0259sdiql\u0259y\u0259n says\u0131z-hesabs\u0131z faktlar sadalaya bil\u0259rik. Qar\u015f\u0131l\u0131q etimad m\u00fchitinin qorunmas\u0131, Prezidentl\u0259rin dostluq m\u00fcnasib\u0259tl\u0259ri bu qarda\u015fl\u0131\u011f\u0131 daha da m\u00f6hk\u0259ml\u0259ndirir.<\/p>\n<p><strong>Yegan\u0259 \u018fliyeva, \u00ab\u0130ki sahil\u00bb<\/strong><\/p>\n","protected":false},"excerpt":{"rendered":"<p>T\u00fcrkiy\u0259\u00a0 Prezidenti R\u0259c\u0259b Tayyib \u018frdo\u011fan M\u00fcst\u0259qillik G\u00fcn\u00fcnd\u0259 La\u00e7\u0131ndan bu \u00e7a\u011f\u0131r\u0131\u015f\u0131 etdi ki,\u00a0 azad\u00a0 Qaraba\u011f \u00fc\u00e7\u00fcn art\u0131q u\u011fur, s\u00fclh v\u0259 inki\u015faf hekay\u0259si yazmaq zaman\u0131d\u0131r Regionda sabitliyin, t\u0259hl\u00fck\u0259sizliyin qarant\u0131 kimi d\u0259y\u0259rl\u0259ndiril\u0259n Az\u0259rbaycan-T\u00fcrkiy\u0259 m\u00fcnasib\u0259tl\u0259rinin m\u00fctt\u0259fiqlik s\u0259viyy\u0259sin\u0259 y\u00fcks\u0259lm\u0259si, \u015eu\u015fa B\u0259yannam\u0259sind\u0259 \u0259ksini tapan m\u00fcdd\u0259alar \u0259laq\u0259l\u0259rimizin bug\u00fcnk\u00fc v\u0259 g\u0259l\u0259c\u0259k inki\u015faf\u0131 bar\u0259d\u0259 ayd\u0131n t\u0259s\u0259vv\u00fcr yarad\u0131r.\u00a0 Az\u0259rbaycan-T\u00fcrkiy\u0259 dostlu\u011fu, qarda\u015fl\u0131\u011f\u0131 daim d\u00fcnyaya n\u00fcmun\u0259 g\u00f6st\u0259rilib. D\u00f6vl\u0259t ba\u015f\u00e7\u0131s\u0131 \u0130lham \u018fliyevin \u00abN\u0259 q\u0259d\u0259r T\u00fcrkiy\u0259 v\u0259 Az\u0259rbaycan bir yerd\u0259 inamla add\u0131mlasa, b\u00f6lg\u0259mizd\u0259 s\u00fclh v\u0259 bar\u0131\u015f o q\u0259d\u0259r d\u0259 m\u00f6hk\u0259m olacaqd\u0131r\u00bb fikri iki dost, qarda\u015f \u00f6lk\u0259nin birliyinin, h\u0259mr\u0259yliyinin region, d\u00fcnya \u00fc\u00e7\u00fcn \u0259h\u0259miyy\u0259tini a\u00e7\u0131qlay\u0131r. \u00c7\u00fcnki&hellip;<\/p>\n","protected":false},"author":2,"featured_media":809730,"comment_status":"closed","ping_status":"closed","sticky":false,"template":"","format":"standard","meta":{"om_disable_all_campaigns":false,"_monsterinsights_skip_tracking":false,"_monsterinsights_sitenote_active":false,"_monsterinsights_sitenote_note":"","_monsterinsights_sitenote_category":0},"categories":[19],"tags":[],"aioseo_notices":[],"gutentor_comment":0,"rttpg_featured_image_url":{"full":["https:\/\/arantv.az\/wp-content\/uploads\/2025\/06\/717729ce174913027288141734210924917.jpg",975,540,false],"landscape":["https:\/\/arantv.az\/wp-content\/uploads\/2025\/06\/717729ce174913027288141734210924917.jpg",975,540,false],"portraits":["https:\/\/arantv.az\/wp-content\/uploads\/2025\/06\/717729ce174913027288141734210924917.jpg",975,540,false],"thumbnail":["https:\/\/arantv.az\/wp-content\/uploads\/2025\/06\/717729ce174913027288141734210924917-500x280.jpg",500,280,true],"medium":["https:\/\/arantv.az\/wp-content\/uploads\/2025\/06\/717729ce174913027288141734210924917-660x365.jpg",660,365,true],"large":["https:\/\/arantv.az\/wp-content\/uploads\/2025\/06\/717729ce174913027288141734210924917-840x465.jpg",640,354,true],"1536x1536":["https:\/\/arantv.az\/wp-content\/uploads\/2025\/06\/717729ce174913027288141734210924917.jpg",975,540,false],"2048x2048":["https:\/\/arantv.az\/wp-content\/uploads\/2025\/06\/717729ce174913027288141734210924917.jpg",975,540,false],"post-thumbnail":["https:\/\/arantv.az\/wp-content\/uploads\/2025\/06\/717729ce174913027288141734210924917-240x172.jpg",240,172,true],"advps-thumb-one":["https:\/\/arantv.az\/wp-content\/uploads\/2025\/06\/717729ce174913027288141734210924917.jpg",975,540,false]},"rttpg_author":{"display_name":"V\u00fcsal Rafiqo\u011flu","author_link":"https:\/\/arantv.az\/?author=2"},"rttpg_comment":0,"rttpg_category":"<a href=\"https:\/\/arantv.az\/?cat=19\" rel=\"category\">G\u00fcnd\u0259m<\/a>","rttpg_excerpt":"T\u00fcrkiy\u0259\u00a0 Prezidenti R\u0259c\u0259b Tayyib \u018frdo\u011fan M\u00fcst\u0259qillik G\u00fcn\u00fcnd\u0259 La\u00e7\u0131ndan bu \u00e7a\u011f\u0131r\u0131\u015f\u0131 etdi ki,\u00a0 azad\u00a0 Qaraba\u011f \u00fc\u00e7\u00fcn art\u0131q u\u011fur, s\u00fclh v\u0259 inki\u015faf hekay\u0259si yazmaq zaman\u0131d\u0131r Regionda sabitliyin, t\u0259hl\u00fck\u0259sizliyin qarant\u0131 kimi d\u0259y\u0259rl\u0259ndiril\u0259n Az\u0259rbaycan-T\u00fcrkiy\u0259 m\u00fcnasib\u0259tl\u0259rinin m\u00fctt\u0259fiqlik s\u0259viyy\u0259sin\u0259 y\u00fcks\u0259lm\u0259si, \u015eu\u015fa B\u0259yannam\u0259sind\u0259 \u0259ksini tapan m\u00fcdd\u0259alar \u0259laq\u0259l\u0259rimizin bug\u00fcnk\u00fc v\u0259 g\u0259l\u0259c\u0259k inki\u015faf\u0131 bar\u0259d\u0259 ayd\u0131n t\u0259s\u0259vv\u00fcr yarad\u0131r.\u00a0 Az\u0259rbaycan-T\u00fcrkiy\u0259 dostlu\u011fu, qarda\u015fl\u0131\u011f\u0131 daim d\u00fcnyaya n\u00fcmun\u0259 g\u00f6st\u0259rilib.&hellip;","_links":{"self":[{"href":"https:\/\/arantv.az\/index.php?rest_route=\/wp\/v2\/posts\/809729"}],"collection":[{"href":"https:\/\/arantv.az\/index.php?rest_route=\/wp\/v2\/posts"}],"about":[{"href":"https:\/\/arantv.az\/index.php?rest_route=\/wp\/v2\/types\/post"}],"author":[{"embeddable":true,"href":"https:\/\/arantv.az\/index.php?rest_route=\/wp\/v2\/users\/2"}],"replies":[{"embeddable":true,"href":"https:\/\/arantv.az\/index.php?rest_route=%2Fwp%2Fv2%2Fcomments&post=809729"}],"version-history":[{"count":1,"href":"https:\/\/arantv.az\/index.php?rest_route=\/wp\/v2\/posts\/809729\/revisions"}],"predecessor-version":[{"id":809731,"href":"https:\/\/arantv.az\/index.php?rest_route=\/wp\/v2\/posts\/809729\/revisions\/809731"}],"wp:featuredmedia":[{"embeddable":true,"href":"https:\/\/arantv.az\/index.php?rest_route=\/wp\/v2\/media\/809730"}],"wp:attachment":[{"href":"https:\/\/arantv.az\/index.php?rest_route=%2Fwp%2Fv2%2Fmedia&parent=809729"}],"wp:term":[{"taxonomy":"category","embeddable":true,"href":"https:\/\/arantv.az\/index.php?rest_route=%2Fwp%2Fv2%2Fcategories&post=809729"},{"taxonomy":"post_tag","embeddable":true,"href":"https:\/\/arantv.az\/index.php?rest_route=%2Fwp%2Fv2%2Ftags&post=809729"}],"curies":[{"name":"wp","href":"https:\/\/api.w.org\/{rel}","templated":true}]}}