{"id":809737,"date":"2025-06-06T10:46:46","date_gmt":"2025-06-06T06:46:46","guid":{"rendered":"https:\/\/arantv.az\/?p=809737"},"modified":"2025-06-06T10:46:46","modified_gmt":"2025-06-06T06:46:46","slug":"qurban-xeyirxahliq-sevgi-humanizm-v%c9%99-h%c9%99mr%c9%99ylik-bayramidir","status":"publish","type":"post","link":"https:\/\/arantv.az\/?p=809737","title":{"rendered":"Qurban xeyirxahl\u0131q, sevgi, humanizm v\u0259 h\u0259mr\u0259ylik bayram\u0131d\u0131r"},"content":{"rendered":"<p><em><strong>H\u0259r il \u00f6lk\u0259mizd\u0259 y\u00fcks\u0259k \u0259hval-ruhiyy\u0259 v\u0259 t\u0259nt\u0259n\u0259 il\u0259 ke\u00e7iril\u0259n Qurban bayram\u0131 g\u00fcnl\u0259rind\u0259 d\u00f6vl\u0259timizin t\u0259r\u0259qqisi, xalq\u0131m\u0131z\u0131n rifah\u0131 v\u0259 \u0259min-amanl\u0131\u011f\u0131 \u00fc\u00e7\u00fcn dualar edilir, \u015f\u0259hidl\u0259rimizin nurlu xatir\u0259si ehtiramla yad olunur<\/strong><\/em><\/p>\n<p>Qurban bayram\u0131 \u0130slam dinind\u0259ki \u0259n m\u00fcq\u0259dd\u0259s bayramlardan biridir. O, H\u0259zr\u0259ti \u0130brahimin (\u0259.s) Allaha olan s\u0259mimi t\u0259slimiyy\u0259tini simvolla\u015fd\u0131ran bir bayramd\u0131r. \u018fr\u0259bc\u0259d\u0259n \u201cyax\u0131nla\u015fmaq\u201d m\u0259nas\u0131 ver\u0259n Qurban Allaha yax\u0131nla\u015fma\u011f\u0131 ifad\u0259 edir. Qurban k\u0259sm\u0259 ibad\u0259tinin t\u0259m\u0259l prinsipl\u0259ri H\u0259zr\u0259ti \u0130brahim\u0259 (\u0259.s) v\u0259 o\u011flu \u0130smay\u0131la dayan\u0131r.<\/p>\n<p>H\u0259zr\u0259ti M\u0259h\u0259mm\u0259d Pey\u011f\u0259mb\u0259r (s.a.s) buyurur ki, Allah qat\u0131nda g\u00fcnl\u0259rin \u0259n \u0259z\u0259m\u0259tlisi Qurban g\u00fcn\u00fcd\u00fcr. H\u0259min g\u00fcn k\u0259sil\u0259n qurbanlar\u0131n qan\u0131 yer\u0259 d\u00fc\u015fm\u0259d\u0259n insanlar\u0131n g\u00fcnahlar\u0131 ba\u011f\u0131\u015flanm\u0131\u015f olur. Qurban\u0131n h\u0259r t\u00fck\u00fcn\u00fcn say\u0131na h\u0259min \u015f\u0259xs\u0259 savab yaz\u0131l\u0131r.<\/p>\n<p>Allaha t\u0259slim\u0259yy\u0259tin, f\u0259dakarl\u0131\u011f\u0131n v\u0259 s\u0259daq\u0259tin \u00f6n\u0259mini g\u00f6st\u0259r\u0259n Qurban s\u00fclh, b\u0259rab\u0259rlik, b\u00fct\u00fcn insanlara sevgi, payla\u015fmaq, f\u0259dakarl\u0131q kimi m\u0259n\u0259vi d\u0259y\u0259rl\u0259rd\u0259n faydalanmaq bayram\u0131d\u0131r.\u00a0Bu bayram Allaha \u015f\u00fck\u00fcr etm\u0259yin ifad\u0259si olmaqla yana\u015f\u0131, insan\u0131n n\u0259fsini t\u0259rbiy\u0259 etm\u0259si, payla\u015fma v\u0259 h\u0259mr\u0259ylik duy\u011fular\u0131n\u0131 g\u00fccl\u0259ndirm\u0259k bax\u0131mdan \u00e7ox m\u00fch\u00fcm \u0259h\u0259miyy\u0259t k\u0259sb edir. Qurban yaln\u0131z ibad\u0259t deyil, eyni zamanda, c\u0259miyy\u0259td\u0259 h\u0259mr\u0259yliyi g\u00fccl\u0259ndir\u0259n bir \u0259n\u0259n\u0259 olaraq m\u00fcs\u0259lmanlar \u00fc\u00e7\u00fcn m\u0259n\u0259vi t\u0259mizl\u0259nm\u0259, ar\u0131nma d\u00f6vr\u00fcd\u00fcr.<\/p>\n<p>Qurban bayram\u0131\u00a0Az\u0259rbaycan m\u00fcst\u0259qilliyini yenid\u0259n b\u0259rpa etdikd\u0259n sonra\u00a0\u00f6lk\u0259mizd\u0259 d\u00f6vl\u0259t s\u0259viyy\u0259sind\u0259 qeyd edilir. \u0130slam\u0131n humanizm, b\u0259rab\u0259rlik v\u0259 qarda\u015fl\u0131q prinsipl\u0259rin\u0259 s\u0259daq\u0259tini h\u0259mi\u015f\u0259 n\u00fcmayi\u015f etdirmi\u015f Az\u0259rbaycan xalq\u0131 \u0259srl\u0259r boyu, h\u0259tta \u0259n m\u00fcr\u0259kk\u0259b d\u00f6vrl\u0259rd\u0259 bel\u0259 Qurban bayram\u0131n\u0131 \u00f6z\u00fcn\u00fcn \u0259ziz g\u00fcnl\u0259rind\u0259n biri kimi qeyd etmi\u015fdir. Az\u0259rbaycan\u0131n d\u00f6vl\u0259t m\u00fcst\u0259qilliyinin b\u0259rpas\u0131 il\u0259 bu g\u00fcn\u00fcn m\u00fcs\u0259lman \u0259hali t\u0259r\u0259find\u0259n layiqinc\u0259 bayram edilm\u0259si \u00fc\u00e7\u00fcn \u0259lveri\u015fli \u015f\u0259rait yaranm\u0131\u015fd\u0131r. Bu bayram Az\u0259rbaycanda tolerantl\u0131\u011f\u0131n t\u0259nt\u0259n\u0259sin\u0259 \u00e7evrilmi\u015fdir. M\u00fcxt\u0259lif dini konfessiyalar\u0131n n\u00fcmay\u0259nd\u0259l\u0259ri d\u0259 bu bayram g\u00fcn\u00fcnd\u0259 vahid Az\u0259rbaycan xalq\u0131n\u0131n birlik v\u0259 qarda\u015fl\u0131\u011f\u0131n\u0131 n\u00fcmayi\u015f etdirir, m\u00fcs\u0259lman dostlar\u0131n\u0131 t\u0259brik edirl\u0259r. Bu, Az\u0259rbaycan xalq\u0131n\u0131n m\u0259n\u0259vi birliyinin ifad\u0259sidir. Y\u00fcz ill\u0259rdir ki, ayr\u0131-ayr\u0131 xalqlar\u0131n v\u0259 dinl\u0259rin m\u0259nsublar\u0131n\u0131n mehriban ail\u0259 kimi ya\u015fad\u0131qlar\u0131 Az\u0259rbaycanda qar\u015f\u0131l\u0131ql\u0131 h\u00f6rm\u0259t v\u0259 etimada \u0259saslanan n\u00fcmun\u0259vi birg\u0259ya\u015fay\u0131\u015f m\u00fchiti m\u00f6vcuddur v\u0259 etnik-m\u0259d\u0259ni m\u00fcxt\u0259liflik qorunub saxlan\u0131l\u0131r. H\u0259r il \u00f6lk\u0259mizd\u0259 r\u0259smi \u015f\u0259kild\u0259 qeyd edil\u0259n dini bayramlar m\u00fct\u0259r\u0259qqi milli-m\u0259n\u0259vi d\u0259y\u0259rl\u0259rin, sosial yard\u0131mla\u015fman\u0131n v\u0259 xeyirxahl\u0131q duy\u011fular\u0131n\u0131n t\u0259nt\u0259n\u0259sin\u0259 \u00e7evrilir, c\u0259miyy\u0259timizd\u0259 birlik v\u0259 b\u0259rab\u0259rlik ovqat\u0131n\u0131 daha da g\u00fccl\u0259ndirir. Bu c\u0259h\u0259tl\u0259r Az\u0259rbaycan\u0131 d\u00fcnyada tolerantl\u0131\u011f\u0131n v\u0259 multikulturalizmin n\u00fcmun\u0259vi m\u0259kanlar\u0131ndan biri kimi tan\u0131d\u0131r.<\/p>\n<p>\u00dcmummilli Lider Heyd\u0259r \u018fliyevin \u00f6lk\u0259y\u0259 r\u0259hb\u0259rliyinin ikinci d\u00f6vr\u00fcnd\u0259 dini d\u0259y\u0259rl\u0259r\u0259 h\u0259ssas m\u00fcnasib\u0259t d\u0259 \u00f6z\u00fcn\u00fc qabar\u0131q \u015f\u0259kild\u0259 g\u00f6st\u0259rmi\u015fdir. 1994-c\u00fc il may\u0131n 21-d\u0259, Qurban bayram\u0131nda Bibiheyb\u0259t ziyar\u0259tgah\u0131na g\u0259l\u0259n Ulu \u00d6nd\u0259r d\u00f6vl\u0259tin dini-m\u0259n\u0259vi d\u0259y\u0259rl\u0259rl\u0259 ba\u011fl\u0131 \u0259sas strategiyas\u0131n\u0131 b\u0259yan etdi. Dini ocaqlar\u0131n, m\u00fcq\u0259dd\u0259s yerl\u0259rin t\u0259mir v\u0259 b\u0259rpa i\u015fl\u0259rinin \u0259sas\u0131 da o vaxtdan qoyuldu. Prezident \u0130lham \u018fliyev, Birinci vitse-prezident, Heyd\u0259r \u018fliyev Fondunun prezidenti Mehriban xan\u0131m \u018fliyevan\u0131n t\u0259\u015f\u0259bb\u00fcs\u00fc il\u0259 dini abid\u0259l\u0259r, m\u0259b\u0259dl\u0259r, ziyar\u0259tgahlar \u0259sasl\u0131 \u015f\u0259kild\u0259 b\u0259rpa edilir,\u00a0yenil\u0259ri tikilir, dini \u0259qid\u0259sin\u0259 g\u00f6r\u0259 v\u0259t\u0259nda\u015flar aras\u0131nda ayr\u0131-se\u00e7kiliy\u0259 yol verilmir. Dini d\u00f6z\u00fcms\u00fczl\u00fcy\u00fcn, irqi ayr\u0131-se\u00e7kiliyin v\u0259 islamofobiyan\u0131n\u00a0geni\u015f yay\u0131ld\u0131\u011f\u0131 bir d\u00f6vrd\u0259 \u00f6lk\u0259mizd\u0259 b\u0259rq\u0259rar olan dini v\u0259 m\u0259d\u0259ni tolerantl\u0131q\u00a0modeli d\u00fcnyaya t\u0259qdim edil\u0259n\u00a0bir s\u00fclh mesaj\u0131d\u0131r. Art\u0131q d\u00fcnyan\u0131n b\u00fct\u00fcn \u00f6lk\u0259 v\u0259 xalqlar\u0131 Az\u0259rbaycan\u0131n dinl\u0259raras\u0131, m\u0259d\u0259niyy\u0259tl\u0259raras\u0131 dialoqun s\u0259m\u0259r\u0259li inki\u015faf\u0131na t\u00f6hf\u0259 ver\u0259n bir \u00f6lk\u0259 oldu\u011funu q\u0259bul edir.<\/p>\n<p>D\u00f6vl\u0259timiizn ba\u015f\u00e7\u0131s\u0131 h\u0259r il m\u00fcq\u0259dd\u0259s Qurban bayram\u0131 m\u00fcnasib\u0259til\u0259 Az\u0259rbaycan xalq\u0131n\u0131 t\u0259brik edir. Bu t\u0259brikl\u0259rd\u0259 Qurban bayram\u0131n\u0131n xalq\u0131m\u0131z\u0131n milli-m\u0259n\u0259vi h\u0259mr\u0259yliyinin, c\u0259miyy\u0259timizd\u0259 \u015f\u0259fq\u0259t v\u0259 m\u0259rh\u0259m\u0259t duy\u011fular\u0131n\u0131n t\u0259nt\u0259n\u0259sin\u0259 \u00e7evril\u0259c\u0259yin\u0259 \u0259minlik ifad\u0259 olunur, xalq\u0131m\u0131za xo\u015fb\u0259xtlik, \u0259min-amanl\u0131q, insanlar\u0131n s\u00fcfr\u0259l\u0259rin\u0259 bol ruzi-b\u0259r\u0259k\u0259t arzulan\u0131r. H\u0259r il respublikam\u0131z\u0131n b\u00fct\u00fcn b\u00f6lg\u0259l\u0259rind\u0259 Allah\u0131n ad\u0131na qurbanlar k\u0259silir, Az\u0259rbaycan\u0131n t\u0259r\u0259qqisi, xalq\u0131m\u0131z\u0131n rifah\u0131 v\u0259 \u0259min-amanl\u0131\u011f\u0131 \u00fc\u00e7\u00fcn dualar edilir.<\/p>\n<p>Prezident \u0130lham \u018fliyev iyunun 4-d\u0259 Qurban bayram\u0131 m\u00fcnasib\u0259til\u0259 xalq\u0131m\u0131z\u0131 t\u0259brik ed\u0259r\u0259k bildirib ki, d\u00fcnya m\u00fcs\u0259lmanlar\u0131n\u0131n m\u0259n\u0259vi birlik v\u0259 v\u0259hd\u0259t r\u0259mzi olan bu bayram\u0131 Uca Yaradan\u0131n b\u0259\u015f\u0259riyy\u0259t \u00fc\u00e7\u00fcn hiday\u0259t yolu se\u00e7diyi \u0130slam\u0131n \u0259sas bayramlar\u0131ndan biri kimi insanlar\u0131 h\u0259mi\u015f\u0259 b\u0259rab\u0259rliy\u0259, qarda\u015fl\u0131\u011fa v\u0259 f\u0259dakarl\u0131\u011fa d\u0259v\u0259t edir: \u201cC\u0259miyy\u0259timizd\u0259 humanizmi v\u0259 xeyirxahl\u0131q duy\u011fular\u0131n\u0131 daha da g\u00fccl\u0259ndir\u0259n Qurban m\u0259rasiml\u0259ri h\u0259r il Az\u0259rbaycanda y\u00fcks\u0259k \u0259hval-ruhiyy\u0259 v\u0259 t\u0259nt\u0259n\u0259 il\u0259 ke\u00e7irilir. Bu g\u00fcnl\u0259rd\u0259 d\u00f6vl\u0259timizin t\u0259r\u0259qqisi, xalq\u0131m\u0131z\u0131n rifah\u0131 v\u0259 \u0259min-amanl\u0131\u011f\u0131 \u00fc\u00e7\u00fcn dualar edilir, \u015f\u0259hidl\u0259rimizin nurlu xatir\u0259si ehtiramla yad olunur. \u00dcmidvar oldu\u011fumu bildirir\u0259m ki, saf niyy\u0259tl\u0259riniz, dua v\u0259 dil\u0259kl\u0259riniz ger\u00e7\u0259kl\u0259\u015f\u0259c\u0259k, Ulu Tanr\u0131n\u0131n m\u0259rh\u0259m\u0259ti he\u00e7 zaman xalq\u0131m\u0131z\u0131n \u00fcst\u00fcnd\u0259n \u0259skik olmayacaqd\u0131r\u201d.<\/p>\n<p><em>Qurban bayram\u0131n\u0131z m\u00fcbar\u0259k!<\/em><\/p>\n<p><strong>Zahid Rza, \u201c\u0130ki sahil\u201d<\/strong><\/p>\n","protected":false},"excerpt":{"rendered":"<p>H\u0259r il \u00f6lk\u0259mizd\u0259 y\u00fcks\u0259k \u0259hval-ruhiyy\u0259 v\u0259 t\u0259nt\u0259n\u0259 il\u0259 ke\u00e7iril\u0259n Qurban bayram\u0131 g\u00fcnl\u0259rind\u0259 d\u00f6vl\u0259timizin t\u0259r\u0259qqisi, xalq\u0131m\u0131z\u0131n rifah\u0131 v\u0259 \u0259min-amanl\u0131\u011f\u0131 \u00fc\u00e7\u00fcn dualar edilir, \u015f\u0259hidl\u0259rimizin nurlu xatir\u0259si ehtiramla yad olunur Qurban bayram\u0131 \u0130slam dinind\u0259ki \u0259n m\u00fcq\u0259dd\u0259s bayramlardan biridir. O, H\u0259zr\u0259ti \u0130brahimin (\u0259.s) Allaha olan s\u0259mimi t\u0259slimiyy\u0259tini simvolla\u015fd\u0131ran bir bayramd\u0131r. \u018fr\u0259bc\u0259d\u0259n \u201cyax\u0131nla\u015fmaq\u201d m\u0259nas\u0131 ver\u0259n Qurban Allaha yax\u0131nla\u015fma\u011f\u0131 ifad\u0259 edir. Qurban k\u0259sm\u0259 ibad\u0259tinin t\u0259m\u0259l prinsipl\u0259ri H\u0259zr\u0259ti \u0130brahim\u0259 (\u0259.s) v\u0259 o\u011flu \u0130smay\u0131la dayan\u0131r. H\u0259zr\u0259ti M\u0259h\u0259mm\u0259d Pey\u011f\u0259mb\u0259r (s.a.s) buyurur ki, Allah qat\u0131nda g\u00fcnl\u0259rin \u0259n \u0259z\u0259m\u0259tlisi Qurban g\u00fcn\u00fcd\u00fcr. H\u0259min g\u00fcn k\u0259sil\u0259n qurbanlar\u0131n qan\u0131 yer\u0259 d\u00fc\u015fm\u0259d\u0259n insanlar\u0131n g\u00fcnahlar\u0131 ba\u011f\u0131\u015flanm\u0131\u015f&hellip;<\/p>\n","protected":false},"author":2,"featured_media":809738,"comment_status":"closed","ping_status":"closed","sticky":false,"template":"","format":"standard","meta":{"om_disable_all_campaigns":false,"_monsterinsights_skip_tracking":false,"_monsterinsights_sitenote_active":false,"_monsterinsights_sitenote_note":"","_monsterinsights_sitenote_category":0},"categories":[1],"tags":[],"aioseo_notices":[],"gutentor_comment":0,"rttpg_featured_image_url":{"full":["https:\/\/arantv.az\/wp-content\/uploads\/2025\/06\/ec26fc2e16573837694821457331057206.jpg",975,540,false],"landscape":["https:\/\/arantv.az\/wp-content\/uploads\/2025\/06\/ec26fc2e16573837694821457331057206.jpg",975,540,false],"portraits":["https:\/\/arantv.az\/wp-content\/uploads\/2025\/06\/ec26fc2e16573837694821457331057206.jpg",975,540,false],"thumbnail":["https:\/\/arantv.az\/wp-content\/uploads\/2025\/06\/ec26fc2e16573837694821457331057206-500x280.jpg",500,280,true],"medium":["https:\/\/arantv.az\/wp-content\/uploads\/2025\/06\/ec26fc2e16573837694821457331057206-660x365.jpg",660,365,true],"large":["https:\/\/arantv.az\/wp-content\/uploads\/2025\/06\/ec26fc2e16573837694821457331057206-840x465.jpg",640,354,true],"1536x1536":["https:\/\/arantv.az\/wp-content\/uploads\/2025\/06\/ec26fc2e16573837694821457331057206.jpg",975,540,false],"2048x2048":["https:\/\/arantv.az\/wp-content\/uploads\/2025\/06\/ec26fc2e16573837694821457331057206.jpg",975,540,false],"post-thumbnail":["https:\/\/arantv.az\/wp-content\/uploads\/2025\/06\/ec26fc2e16573837694821457331057206-240x172.jpg",240,172,true],"advps-thumb-one":["https:\/\/arantv.az\/wp-content\/uploads\/2025\/06\/ec26fc2e16573837694821457331057206.jpg",975,540,false]},"rttpg_author":{"display_name":"V\u00fcsal Rafiqo\u011flu","author_link":"https:\/\/arantv.az\/?author=2"},"rttpg_comment":0,"rttpg_category":"<a href=\"https:\/\/arantv.az\/?cat=1\" rel=\"category\">C\u0259miyy\u0259t<\/a>","rttpg_excerpt":"H\u0259r il \u00f6lk\u0259mizd\u0259 y\u00fcks\u0259k \u0259hval-ruhiyy\u0259 v\u0259 t\u0259nt\u0259n\u0259 il\u0259 ke\u00e7iril\u0259n Qurban bayram\u0131 g\u00fcnl\u0259rind\u0259 d\u00f6vl\u0259timizin t\u0259r\u0259qqisi, xalq\u0131m\u0131z\u0131n rifah\u0131 v\u0259 \u0259min-amanl\u0131\u011f\u0131 \u00fc\u00e7\u00fcn dualar edilir, \u015f\u0259hidl\u0259rimizin nurlu xatir\u0259si ehtiramla yad olunur Qurban bayram\u0131 \u0130slam dinind\u0259ki \u0259n m\u00fcq\u0259dd\u0259s bayramlardan biridir. O, H\u0259zr\u0259ti \u0130brahimin (\u0259.s) Allaha olan s\u0259mimi t\u0259slimiyy\u0259tini simvolla\u015fd\u0131ran bir bayramd\u0131r. \u018fr\u0259bc\u0259d\u0259n \u201cyax\u0131nla\u015fmaq\u201d m\u0259nas\u0131 ver\u0259n Qurban Allaha yax\u0131nla\u015fma\u011f\u0131 ifad\u0259 edir.&hellip;","_links":{"self":[{"href":"https:\/\/arantv.az\/index.php?rest_route=\/wp\/v2\/posts\/809737"}],"collection":[{"href":"https:\/\/arantv.az\/index.php?rest_route=\/wp\/v2\/posts"}],"about":[{"href":"https:\/\/arantv.az\/index.php?rest_route=\/wp\/v2\/types\/post"}],"author":[{"embeddable":true,"href":"https:\/\/arantv.az\/index.php?rest_route=\/wp\/v2\/users\/2"}],"replies":[{"embeddable":true,"href":"https:\/\/arantv.az\/index.php?rest_route=%2Fwp%2Fv2%2Fcomments&post=809737"}],"version-history":[{"count":2,"href":"https:\/\/arantv.az\/index.php?rest_route=\/wp\/v2\/posts\/809737\/revisions"}],"predecessor-version":[{"id":809740,"href":"https:\/\/arantv.az\/index.php?rest_route=\/wp\/v2\/posts\/809737\/revisions\/809740"}],"wp:featuredmedia":[{"embeddable":true,"href":"https:\/\/arantv.az\/index.php?rest_route=\/wp\/v2\/media\/809738"}],"wp:attachment":[{"href":"https:\/\/arantv.az\/index.php?rest_route=%2Fwp%2Fv2%2Fmedia&parent=809737"}],"wp:term":[{"taxonomy":"category","embeddable":true,"href":"https:\/\/arantv.az\/index.php?rest_route=%2Fwp%2Fv2%2Fcategories&post=809737"},{"taxonomy":"post_tag","embeddable":true,"href":"https:\/\/arantv.az\/index.php?rest_route=%2Fwp%2Fv2%2Ftags&post=809737"}],"curies":[{"name":"wp","href":"https:\/\/api.w.org\/{rel}","templated":true}]}}