{"id":809848,"date":"2025-06-07T13:26:36","date_gmt":"2025-06-07T09:26:36","guid":{"rendered":"https:\/\/arantv.az\/?p=809848"},"modified":"2025-06-07T13:26:36","modified_gmt":"2025-06-07T09:26:36","slug":"mn-r%c9%99hb%c9%99rliyi-s%c9%99xsi-hey%c9%99tl%c9%99-gorusdu-fotolar","status":"publish","type":"post","link":"https:\/\/arantv.az\/?p=809848","title":{"rendered":"MN r\u0259hb\u0259rliyi \u015f\u0259xsi hey\u0259tl\u0259 g\u00f6r\u00fc\u015fd\u00fc- FOTOLAR"},"content":{"rendered":"<p><strong>Qurban bayram\u0131 m\u00fcnasib\u0259til\u0259 M\u00fcdafi\u0259 Nazirliyinin (MN) r\u0259hb\u0259r hey\u0259ti h\u0259rbi hiss\u0259l\u0259ri ziyar\u0259t ed\u0259r\u0259k \u015f\u0259xsi hey\u0259tl\u0259 g\u00f6r\u00fc\u015f\u00fcb.<\/strong><\/p>\n<p><strong>ARANTV.AZ <\/strong>\u00a0x\u0259b\u0259r verir ki,\u00a0bununla ba\u011fl\u0131 MN m\u0259lumat yay\u0131b.<\/p>\n<p>Bildirilib ki, Az\u0259rbaycan Prezidenti, Silahl\u0131 Q\u00fcvv\u0259l\u0259rin Ali Ba\u015f Komandan\u0131 \u0130lham \u018fliyev, Birinci vitse-prezident Mehriban \u018fliyeva v\u0259 m\u00fcdafi\u0259 naziri general-polkovnik Zakir H\u0259s\u0259novun bayram t\u0259brikl\u0259ri \u015f\u0259xsi hey\u0259t\u0259 \u00e7atd\u0131r\u0131l\u0131b.<\/p>\n<p>Nazirliyin r\u0259hb\u0259r hey\u0259ti, h\u0259m\u00e7inin d\u00f6y\u00fc\u015f m\u00f6vqeyind\u0259 h\u0259rbi qulluq\u00e7ularla g\u00f6r\u00fc\u015f\u00fcb, onlar\u0131n xidm\u0259ti-d\u00f6y\u00fc\u015f f\u0259aliyy\u0259ti il\u0259 maraqlan\u0131b.<\/p>\n<p><strong>Musavat.com<\/strong><\/p>\n<div><img class=\"img-responsive\" title=\"\" src=\"https:\/\/qafqazinfo.az\/uploads\/1749281092\/b12bf2adf604e6ff3541ac561782cdb6.jpg\" alt=\"\" \/><br \/>\n<img class=\"img-responsive\" title=\"\" src=\"https:\/\/qafqazinfo.az\/uploads\/1749281092\/bf2e04cca87b632f4b8a98b76e052bfd.jpg\" alt=\"\" \/><br \/>\n<img class=\"img-responsive\" title=\"\" src=\"https:\/\/qafqazinfo.az\/uploads\/1749281092\/e841e31a47c04297026167b9533fed34.jpg\" alt=\"\" \/>AR<\/div>\n","protected":false},"excerpt":{"rendered":"<p>Qurban bayram\u0131 m\u00fcnasib\u0259til\u0259 M\u00fcdafi\u0259 Nazirliyinin (MN) r\u0259hb\u0259r hey\u0259ti h\u0259rbi hiss\u0259l\u0259ri ziyar\u0259t ed\u0259r\u0259k \u015f\u0259xsi hey\u0259tl\u0259 g\u00f6r\u00fc\u015f\u00fcb. ARANTV.AZ \u00a0x\u0259b\u0259r verir ki,\u00a0bununla ba\u011fl\u0131 MN m\u0259lumat yay\u0131b. Bildirilib ki, Az\u0259rbaycan Prezidenti, Silahl\u0131 Q\u00fcvv\u0259l\u0259rin Ali Ba\u015f Komandan\u0131 \u0130lham \u018fliyev, Birinci vitse-prezident Mehriban \u018fliyeva v\u0259 m\u00fcdafi\u0259 naziri general-polkovnik Zakir H\u0259s\u0259novun bayram t\u0259brikl\u0259ri \u015f\u0259xsi hey\u0259t\u0259 \u00e7atd\u0131r\u0131l\u0131b. Nazirliyin r\u0259hb\u0259r hey\u0259ti, h\u0259m\u00e7inin d\u00f6y\u00fc\u015f m\u00f6vqeyind\u0259 h\u0259rbi qulluq\u00e7ularla g\u00f6r\u00fc\u015f\u00fcb, onlar\u0131n xidm\u0259ti-d\u00f6y\u00fc\u015f f\u0259aliyy\u0259ti il\u0259 maraqlan\u0131b. Musavat.com AR<\/p>\n","protected":false},"author":2,"featured_media":809849,"comment_status":"closed","ping_status":"closed","sticky":false,"template":"","format":"standard","meta":{"om_disable_all_campaigns":false,"_monsterinsights_skip_tracking":false,"_monsterinsights_sitenote_active":false,"_monsterinsights_sitenote_note":"","_monsterinsights_sitenote_category":0},"categories":[10],"tags":[],"aioseo_notices":[],"gutentor_comment":0,"rttpg_featured_image_url":{"full":["https:\/\/arantv.az\/wp-content\/uploads\/2025\/06\/ee408f1f77464b5c0a4794f520c8d161.jpg",637,400,false],"landscape":["https:\/\/arantv.az\/wp-content\/uploads\/2025\/06\/ee408f1f77464b5c0a4794f520c8d161.jpg",637,400,false],"portraits":["https:\/\/arantv.az\/wp-content\/uploads\/2025\/06\/ee408f1f77464b5c0a4794f520c8d161.jpg",637,400,false],"thumbnail":["https:\/\/arantv.az\/wp-content\/uploads\/2025\/06\/ee408f1f77464b5c0a4794f520c8d161-500x280.jpg",500,280,true],"medium":["https:\/\/arantv.az\/wp-content\/uploads\/2025\/06\/ee408f1f77464b5c0a4794f520c8d161-581x365.jpg",581,365,true],"large":["https:\/\/arantv.az\/wp-content\/uploads\/2025\/06\/ee408f1f77464b5c0a4794f520c8d161.jpg",637,400,false],"1536x1536":["https:\/\/arantv.az\/wp-content\/uploads\/2025\/06\/ee408f1f77464b5c0a4794f520c8d161.jpg",637,400,false],"2048x2048":["https:\/\/arantv.az\/wp-content\/uploads\/2025\/06\/ee408f1f77464b5c0a4794f520c8d161.jpg",637,400,false],"post-thumbnail":["https:\/\/arantv.az\/wp-content\/uploads\/2025\/06\/ee408f1f77464b5c0a4794f520c8d161-240x172.jpg",240,172,true],"advps-thumb-one":["https:\/\/arantv.az\/wp-content\/uploads\/2025\/06\/ee408f1f77464b5c0a4794f520c8d161.jpg",637,400,false]},"rttpg_author":{"display_name":"V\u00fcsal Rafiqo\u011flu","author_link":"https:\/\/arantv.az\/?author=2"},"rttpg_comment":0,"rttpg_category":"<a href=\"https:\/\/arantv.az\/?cat=10\" rel=\"category\">C\u0259bh\u0259d\u0259n X\u0259b\u0259r<\/a>","rttpg_excerpt":"Qurban bayram\u0131 m\u00fcnasib\u0259til\u0259 M\u00fcdafi\u0259 Nazirliyinin (MN) r\u0259hb\u0259r hey\u0259ti h\u0259rbi hiss\u0259l\u0259ri ziyar\u0259t ed\u0259r\u0259k \u015f\u0259xsi hey\u0259tl\u0259 g\u00f6r\u00fc\u015f\u00fcb. ARANTV.AZ \u00a0x\u0259b\u0259r verir ki,\u00a0bununla ba\u011fl\u0131 MN m\u0259lumat yay\u0131b. Bildirilib ki, Az\u0259rbaycan Prezidenti, Silahl\u0131 Q\u00fcvv\u0259l\u0259rin Ali Ba\u015f Komandan\u0131 \u0130lham \u018fliyev, Birinci vitse-prezident Mehriban \u018fliyeva v\u0259 m\u00fcdafi\u0259 naziri general-polkovnik Zakir H\u0259s\u0259novun bayram t\u0259brikl\u0259ri \u015f\u0259xsi hey\u0259t\u0259 \u00e7atd\u0131r\u0131l\u0131b. Nazirliyin r\u0259hb\u0259r hey\u0259ti, h\u0259m\u00e7inin d\u00f6y\u00fc\u015f m\u00f6vqeyind\u0259&hellip;","_links":{"self":[{"href":"https:\/\/arantv.az\/index.php?rest_route=\/wp\/v2\/posts\/809848"}],"collection":[{"href":"https:\/\/arantv.az\/index.php?rest_route=\/wp\/v2\/posts"}],"about":[{"href":"https:\/\/arantv.az\/index.php?rest_route=\/wp\/v2\/types\/post"}],"author":[{"embeddable":true,"href":"https:\/\/arantv.az\/index.php?rest_route=\/wp\/v2\/users\/2"}],"replies":[{"embeddable":true,"href":"https:\/\/arantv.az\/index.php?rest_route=%2Fwp%2Fv2%2Fcomments&post=809848"}],"version-history":[{"count":1,"href":"https:\/\/arantv.az\/index.php?rest_route=\/wp\/v2\/posts\/809848\/revisions"}],"predecessor-version":[{"id":809850,"href":"https:\/\/arantv.az\/index.php?rest_route=\/wp\/v2\/posts\/809848\/revisions\/809850"}],"wp:featuredmedia":[{"embeddable":true,"href":"https:\/\/arantv.az\/index.php?rest_route=\/wp\/v2\/media\/809849"}],"wp:attachment":[{"href":"https:\/\/arantv.az\/index.php?rest_route=%2Fwp%2Fv2%2Fmedia&parent=809848"}],"wp:term":[{"taxonomy":"category","embeddable":true,"href":"https:\/\/arantv.az\/index.php?rest_route=%2Fwp%2Fv2%2Fcategories&post=809848"},{"taxonomy":"post_tag","embeddable":true,"href":"https:\/\/arantv.az\/index.php?rest_route=%2Fwp%2Fv2%2Ftags&post=809848"}],"curies":[{"name":"wp","href":"https:\/\/api.w.org\/{rel}","templated":true}]}}