{"id":810253,"date":"2025-06-10T16:39:24","date_gmt":"2025-06-10T12:39:24","guid":{"rendered":"https:\/\/arantv.az\/?p=810253"},"modified":"2025-06-10T16:39:24","modified_gmt":"2025-06-10T12:39:24","slug":"ilham-%c9%99liyev-polsanin-yeni-secilmis-prezidentini-t%c9%99brik-etdi","status":"publish","type":"post","link":"https:\/\/arantv.az\/?p=810253","title":{"rendered":"\u0130lham \u018fliyev Pol\u015fan\u0131n yeni se\u00e7ilmi\u015f Prezidentini t\u0259brik etdi"},"content":{"rendered":"<p><strong>Prezident \u0130lham \u018fliyev Pol\u015fa Respublikas\u0131n\u0131n yeni se\u00e7ilmi\u015f Prezidenti Karol Navrotskiy\u0259 t\u0259brik m\u0259ktubu g\u00f6nd\u0259rib.<\/strong><\/p>\n<p><strong>ARANTV.AZ\u00a0 <\/strong>x\u0259b\u0259r verir ki, m\u0259ktubda deyilir:<\/p>\n<p>&#8220;H\u00f6rm\u0259tli c\u0259nab Navrotskiy,<\/p>\n<p>Pol\u015fa Respublikas\u0131n\u0131n Prezidenti v\u0259zif\u0259sin\u0259 se\u00e7ilm\u0259yiniz m\u00fcnasib\u0259til\u0259 Sizi s\u0259mimiyy\u0259tl\u0259 t\u0259brik edir\u0259m.<\/p>\n<p>Az\u0259rbaycan il\u0259 Pol\u015fa aras\u0131nda dostluq v\u0259 \u0259m\u0259kda\u015fl\u0131q \u0259laq\u0259l\u0259ri xo\u015f \u0259n\u0259n\u0259l\u0259r\u0259 malikdir. \u0130nan\u0131ram ki, xalqlar\u0131m\u0131z\u0131n m\u0259nafel\u0259rin\u0259 uy\u011fun olaraq ikit\u0259r\u0259fli m\u00fcnasib\u0259tl\u0259rimizin m\u00f6hk\u0259ml\u0259ndirilm\u0259si v\u0259 qar\u015f\u0131l\u0131ql\u0131 maraq do\u011furan sah\u0259l\u0259rd\u0259 \u0259m\u0259kda\u015fl\u0131\u011f\u0131m\u0131z\u0131n geni\u015fl\u0259ndirilm\u0259si yolunda birg\u0259 s\u0259yl\u0259r g\u00f6st\u0259r\u0259c\u0259yik.<\/p>\n<p>Siz\u0259 m\u00f6hk\u0259m cansa\u011fl\u0131\u011f\u0131, xo\u015fb\u0259xtlik, dost Pol\u015fa xalq\u0131n\u0131n rifah\u0131 namin\u0259 qar\u015f\u0131dak\u0131 m\u0259sul f\u0259aliyy\u0259tinizd\u0259 u\u011furlar arzulay\u0131ram&#8221;.<\/p>\n","protected":false},"excerpt":{"rendered":"<p>Prezident \u0130lham \u018fliyev Pol\u015fa Respublikas\u0131n\u0131n yeni se\u00e7ilmi\u015f Prezidenti Karol Navrotskiy\u0259 t\u0259brik m\u0259ktubu g\u00f6nd\u0259rib. ARANTV.AZ\u00a0 x\u0259b\u0259r verir ki, m\u0259ktubda deyilir: &#8220;H\u00f6rm\u0259tli c\u0259nab Navrotskiy, Pol\u015fa Respublikas\u0131n\u0131n Prezidenti v\u0259zif\u0259sin\u0259 se\u00e7ilm\u0259yiniz m\u00fcnasib\u0259til\u0259 Sizi s\u0259mimiyy\u0259tl\u0259 t\u0259brik edir\u0259m. Az\u0259rbaycan il\u0259 Pol\u015fa aras\u0131nda dostluq v\u0259 \u0259m\u0259kda\u015fl\u0131q \u0259laq\u0259l\u0259ri xo\u015f \u0259n\u0259n\u0259l\u0259r\u0259 malikdir. \u0130nan\u0131ram ki, xalqlar\u0131m\u0131z\u0131n m\u0259nafel\u0259rin\u0259 uy\u011fun olaraq ikit\u0259r\u0259fli m\u00fcnasib\u0259tl\u0259rimizin m\u00f6hk\u0259ml\u0259ndirilm\u0259si v\u0259 qar\u015f\u0131l\u0131ql\u0131 maraq do\u011furan sah\u0259l\u0259rd\u0259 \u0259m\u0259kda\u015fl\u0131\u011f\u0131m\u0131z\u0131n geni\u015fl\u0259ndirilm\u0259si yolunda birg\u0259 s\u0259yl\u0259r g\u00f6st\u0259r\u0259c\u0259yik. Siz\u0259 m\u00f6hk\u0259m cansa\u011fl\u0131\u011f\u0131, xo\u015fb\u0259xtlik, dost Pol\u015fa xalq\u0131n\u0131n rifah\u0131 namin\u0259 qar\u015f\u0131dak\u0131 m\u0259sul f\u0259aliyy\u0259tinizd\u0259 u\u011furlar arzulay\u0131ram&#8221;.<\/p>\n","protected":false},"author":2,"featured_media":810254,"comment_status":"closed","ping_status":"closed","sticky":false,"template":"","format":"standard","meta":{"om_disable_all_campaigns":false,"_monsterinsights_skip_tracking":false,"_monsterinsights_sitenote_active":false,"_monsterinsights_sitenote_note":"","_monsterinsights_sitenote_category":0},"categories":[4],"tags":[],"aioseo_notices":[],"gutentor_comment":0,"rttpg_featured_image_url":{"full":["https:\/\/arantv.az\/wp-content\/uploads\/2025\/06\/e485c643710cd73653c17d070869dca4.jpg",850,500,false],"landscape":["https:\/\/arantv.az\/wp-content\/uploads\/2025\/06\/e485c643710cd73653c17d070869dca4.jpg",850,500,false],"portraits":["https:\/\/arantv.az\/wp-content\/uploads\/2025\/06\/e485c643710cd73653c17d070869dca4.jpg",850,500,false],"thumbnail":["https:\/\/arantv.az\/wp-content\/uploads\/2025\/06\/e485c643710cd73653c17d070869dca4-500x280.jpg",500,280,true],"medium":["https:\/\/arantv.az\/wp-content\/uploads\/2025\/06\/e485c643710cd73653c17d070869dca4-621x365.jpg",621,365,true],"large":["https:\/\/arantv.az\/wp-content\/uploads\/2025\/06\/e485c643710cd73653c17d070869dca4-840x494.jpg",640,376,true],"1536x1536":["https:\/\/arantv.az\/wp-content\/uploads\/2025\/06\/e485c643710cd73653c17d070869dca4.jpg",850,500,false],"2048x2048":["https:\/\/arantv.az\/wp-content\/uploads\/2025\/06\/e485c643710cd73653c17d070869dca4.jpg",850,500,false],"post-thumbnail":["https:\/\/arantv.az\/wp-content\/uploads\/2025\/06\/e485c643710cd73653c17d070869dca4-240x172.jpg",240,172,true],"advps-thumb-one":["https:\/\/arantv.az\/wp-content\/uploads\/2025\/06\/e485c643710cd73653c17d070869dca4.jpg",850,500,false]},"rttpg_author":{"display_name":"V\u00fcsal Rafiqo\u011flu","author_link":"https:\/\/arantv.az\/?author=2"},"rttpg_comment":0,"rttpg_category":"<a href=\"https:\/\/arantv.az\/?cat=4\" rel=\"category\">Siyas\u0259t<\/a>","rttpg_excerpt":"Prezident \u0130lham \u018fliyev Pol\u015fa Respublikas\u0131n\u0131n yeni se\u00e7ilmi\u015f Prezidenti Karol Navrotskiy\u0259 t\u0259brik m\u0259ktubu g\u00f6nd\u0259rib. ARANTV.AZ\u00a0 x\u0259b\u0259r verir ki, m\u0259ktubda deyilir: &#8220;H\u00f6rm\u0259tli c\u0259nab Navrotskiy, Pol\u015fa Respublikas\u0131n\u0131n Prezidenti v\u0259zif\u0259sin\u0259 se\u00e7ilm\u0259yiniz m\u00fcnasib\u0259til\u0259 Sizi s\u0259mimiyy\u0259tl\u0259 t\u0259brik edir\u0259m. Az\u0259rbaycan il\u0259 Pol\u015fa aras\u0131nda dostluq v\u0259 \u0259m\u0259kda\u015fl\u0131q \u0259laq\u0259l\u0259ri xo\u015f \u0259n\u0259n\u0259l\u0259r\u0259 malikdir. \u0130nan\u0131ram ki, xalqlar\u0131m\u0131z\u0131n m\u0259nafel\u0259rin\u0259 uy\u011fun olaraq ikit\u0259r\u0259fli m\u00fcnasib\u0259tl\u0259rimizin m\u00f6hk\u0259ml\u0259ndirilm\u0259si v\u0259 qar\u015f\u0131l\u0131ql\u0131 maraq&hellip;","_links":{"self":[{"href":"https:\/\/arantv.az\/index.php?rest_route=\/wp\/v2\/posts\/810253"}],"collection":[{"href":"https:\/\/arantv.az\/index.php?rest_route=\/wp\/v2\/posts"}],"about":[{"href":"https:\/\/arantv.az\/index.php?rest_route=\/wp\/v2\/types\/post"}],"author":[{"embeddable":true,"href":"https:\/\/arantv.az\/index.php?rest_route=\/wp\/v2\/users\/2"}],"replies":[{"embeddable":true,"href":"https:\/\/arantv.az\/index.php?rest_route=%2Fwp%2Fv2%2Fcomments&post=810253"}],"version-history":[{"count":1,"href":"https:\/\/arantv.az\/index.php?rest_route=\/wp\/v2\/posts\/810253\/revisions"}],"predecessor-version":[{"id":810255,"href":"https:\/\/arantv.az\/index.php?rest_route=\/wp\/v2\/posts\/810253\/revisions\/810255"}],"wp:featuredmedia":[{"embeddable":true,"href":"https:\/\/arantv.az\/index.php?rest_route=\/wp\/v2\/media\/810254"}],"wp:attachment":[{"href":"https:\/\/arantv.az\/index.php?rest_route=%2Fwp%2Fv2%2Fmedia&parent=810253"}],"wp:term":[{"taxonomy":"category","embeddable":true,"href":"https:\/\/arantv.az\/index.php?rest_route=%2Fwp%2Fv2%2Fcategories&post=810253"},{"taxonomy":"post_tag","embeddable":true,"href":"https:\/\/arantv.az\/index.php?rest_route=%2Fwp%2Fv2%2Ftags&post=810253"}],"curies":[{"name":"wp","href":"https:\/\/api.w.org\/{rel}","templated":true}]}}