{"id":810256,"date":"2025-06-10T16:40:30","date_gmt":"2025-06-10T12:40:30","guid":{"rendered":"https:\/\/arantv.az\/?p=810256"},"modified":"2025-06-10T16:40:30","modified_gmt":"2025-06-10T12:40:30","slug":"prezident-az%c9%99rbaycanla-cin-arasinda-viza-rejiminin-l%c9%99gvini-t%c9%99sdiql%c9%99di","status":"publish","type":"post","link":"https:\/\/arantv.az\/?p=810256","title":{"rendered":"Prezident Az\u0259rbaycanla \u00c7in aras\u0131nda viza rejiminin l\u0259\u011fvini T\u018fSD\u0130QL\u018fD\u0130"},"content":{"rendered":"<p><strong>Az\u0259rbaycanla \u00c7in aras\u0131nda viza rejimi l\u0259\u011fv edilib.<\/strong><\/p>\n<p><b>ARANTV.AZ <\/b>x\u0259b\u0259r verir ki, Prezident \u0130lham \u018fliyev bununla ba\u011fl\u0131 \u201cAz\u0259rbaycan Respublikas\u0131 H\u00f6kum\u0259ti il\u0259 \u00c7in Xalq Respublikas\u0131 H\u00f6kum\u0259ti aras\u0131nda \u00fcmumv\u0259t\u0259nda\u015f pasportlar\u0131na malik v\u0259t\u0259nda\u015flar\u0131n vizadan qar\u015f\u0131l\u0131ql\u0131 azad edilm\u0259si haqq\u0131nda Sazi\u015f\u201di t\u0259sdiql\u0259yib.<\/p>\n","protected":false},"excerpt":{"rendered":"<p>Az\u0259rbaycanla \u00c7in aras\u0131nda viza rejimi l\u0259\u011fv edilib. ARANTV.AZ x\u0259b\u0259r verir ki, Prezident \u0130lham \u018fliyev bununla ba\u011fl\u0131 \u201cAz\u0259rbaycan Respublikas\u0131 H\u00f6kum\u0259ti il\u0259 \u00c7in Xalq Respublikas\u0131 H\u00f6kum\u0259ti aras\u0131nda \u00fcmumv\u0259t\u0259nda\u015f pasportlar\u0131na malik v\u0259t\u0259nda\u015flar\u0131n vizadan qar\u015f\u0131l\u0131ql\u0131 azad edilm\u0259si haqq\u0131nda Sazi\u015f\u201di t\u0259sdiql\u0259yib.<\/p>\n","protected":false},"author":2,"featured_media":810257,"comment_status":"closed","ping_status":"closed","sticky":false,"template":"","format":"standard","meta":{"om_disable_all_campaigns":false,"_monsterinsights_skip_tracking":false,"_monsterinsights_sitenote_active":false,"_monsterinsights_sitenote_note":"","_monsterinsights_sitenote_category":0},"categories":[4],"tags":[],"aioseo_notices":[],"gutentor_comment":0,"rttpg_featured_image_url":{"full":["https:\/\/arantv.az\/wp-content\/uploads\/2025\/06\/5ce6c50d4a61a704785313790ad257c9.jpg",850,500,false],"landscape":["https:\/\/arantv.az\/wp-content\/uploads\/2025\/06\/5ce6c50d4a61a704785313790ad257c9.jpg",850,500,false],"portraits":["https:\/\/arantv.az\/wp-content\/uploads\/2025\/06\/5ce6c50d4a61a704785313790ad257c9.jpg",850,500,false],"thumbnail":["https:\/\/arantv.az\/wp-content\/uploads\/2025\/06\/5ce6c50d4a61a704785313790ad257c9-500x280.jpg",500,280,true],"medium":["https:\/\/arantv.az\/wp-content\/uploads\/2025\/06\/5ce6c50d4a61a704785313790ad257c9-621x365.jpg",621,365,true],"large":["https:\/\/arantv.az\/wp-content\/uploads\/2025\/06\/5ce6c50d4a61a704785313790ad257c9-840x494.jpg",640,376,true],"1536x1536":["https:\/\/arantv.az\/wp-content\/uploads\/2025\/06\/5ce6c50d4a61a704785313790ad257c9.jpg",850,500,false],"2048x2048":["https:\/\/arantv.az\/wp-content\/uploads\/2025\/06\/5ce6c50d4a61a704785313790ad257c9.jpg",850,500,false],"post-thumbnail":["https:\/\/arantv.az\/wp-content\/uploads\/2025\/06\/5ce6c50d4a61a704785313790ad257c9-240x172.jpg",240,172,true],"advps-thumb-one":["https:\/\/arantv.az\/wp-content\/uploads\/2025\/06\/5ce6c50d4a61a704785313790ad257c9.jpg",850,500,false]},"rttpg_author":{"display_name":"V\u00fcsal Rafiqo\u011flu","author_link":"https:\/\/arantv.az\/?author=2"},"rttpg_comment":0,"rttpg_category":"<a href=\"https:\/\/arantv.az\/?cat=4\" rel=\"category\">Siyas\u0259t<\/a>","rttpg_excerpt":"Az\u0259rbaycanla \u00c7in aras\u0131nda viza rejimi l\u0259\u011fv edilib. ARANTV.AZ x\u0259b\u0259r verir ki, Prezident \u0130lham \u018fliyev bununla ba\u011fl\u0131 \u201cAz\u0259rbaycan Respublikas\u0131 H\u00f6kum\u0259ti il\u0259 \u00c7in Xalq Respublikas\u0131 H\u00f6kum\u0259ti aras\u0131nda \u00fcmumv\u0259t\u0259nda\u015f pasportlar\u0131na malik v\u0259t\u0259nda\u015flar\u0131n vizadan qar\u015f\u0131l\u0131ql\u0131 azad edilm\u0259si haqq\u0131nda Sazi\u015f\u201di t\u0259sdiql\u0259yib.","_links":{"self":[{"href":"https:\/\/arantv.az\/index.php?rest_route=\/wp\/v2\/posts\/810256"}],"collection":[{"href":"https:\/\/arantv.az\/index.php?rest_route=\/wp\/v2\/posts"}],"about":[{"href":"https:\/\/arantv.az\/index.php?rest_route=\/wp\/v2\/types\/post"}],"author":[{"embeddable":true,"href":"https:\/\/arantv.az\/index.php?rest_route=\/wp\/v2\/users\/2"}],"replies":[{"embeddable":true,"href":"https:\/\/arantv.az\/index.php?rest_route=%2Fwp%2Fv2%2Fcomments&post=810256"}],"version-history":[{"count":1,"href":"https:\/\/arantv.az\/index.php?rest_route=\/wp\/v2\/posts\/810256\/revisions"}],"predecessor-version":[{"id":810258,"href":"https:\/\/arantv.az\/index.php?rest_route=\/wp\/v2\/posts\/810256\/revisions\/810258"}],"wp:featuredmedia":[{"embeddable":true,"href":"https:\/\/arantv.az\/index.php?rest_route=\/wp\/v2\/media\/810257"}],"wp:attachment":[{"href":"https:\/\/arantv.az\/index.php?rest_route=%2Fwp%2Fv2%2Fmedia&parent=810256"}],"wp:term":[{"taxonomy":"category","embeddable":true,"href":"https:\/\/arantv.az\/index.php?rest_route=%2Fwp%2Fv2%2Fcategories&post=810256"},{"taxonomy":"post_tag","embeddable":true,"href":"https:\/\/arantv.az\/index.php?rest_route=%2Fwp%2Fv2%2Ftags&post=810256"}],"curies":[{"name":"wp","href":"https:\/\/api.w.org\/{rel}","templated":true}]}}