{"id":810263,"date":"2025-06-10T16:43:53","date_gmt":"2025-06-10T12:43:53","guid":{"rendered":"https:\/\/arantv.az\/?p=810263"},"modified":"2025-06-10T16:43:53","modified_gmt":"2025-06-10T12:43:53","slug":"az%c9%99rbaycan-ordusunun-q%c9%99l%c9%99b%c9%99si-kreml-sahibin%c9%99-realligi-q%c9%99bul-etm%c9%99y%c9%99-m%c9%99cbur-edib-rusiyaya-novb%c9%99ti-cavab","status":"publish","type":"post","link":"https:\/\/arantv.az\/?p=810263","title":{"rendered":"Az\u0259rbaycan ordusunun q\u0259l\u0259b\u0259si Kreml sahibin\u0259 reall\u0131\u011f\u0131 q\u0259bul etm\u0259y\u0259 m\u0259cbur edib-Rusiyaya n\u00f6vb\u0259ti cavab"},"content":{"rendered":"<p><strong>\u201cQaraba\u011f\u0131 h\u0259l\u0259 d\u0259 \u201cm\u00fcbahis\u0259li \u0259razi\u201d kimi t\u0259qdim ed\u0259n \u00f6lk\u0259 Az\u0259rbaycan\u0131n strateji t\u0259r\u0259fda\u015f\u0131 olmad\u0131\u011f\u0131 kimi bu \u00f6lk\u0259y\u0259 he\u00e7 bir halda Xank\u0259ndid\u0259 konsulluq xidm\u0259ti a\u00e7ma\u011fa ya\u015f\u0131l i\u015f\u0131q yand\u0131r\u0131la bilm\u0259z\u201d.<\/strong><\/p>\n<p><strong>Musavat.com<\/strong>-un m\u0259lumat\u0131na g\u00f6r\u0259, bunu politoloq Elxan \u015eahino\u011flu bildirib. Ekspert Rusiyan\u0131n son davran\u0131\u015flar\u0131na da diqq\u0259t \u00e7\u0259kib: \u201cRusiya Xarici \u0130\u015fl\u0259r Nazirliyinin s\u00f6z\u00e7\u00fcs\u00fc Mariya Zaxarova prezidentin k\u00f6m\u0259k\u00e7isi Vladimir Medinskinin s\u00f6zl\u0259rini kontekstd\u0259n \u00e7\u0131xarmama\u011fa v\u0259 onlara \u201ctamamil\u0259 f\u0259rqli bir m\u0259na verm\u0259m\u0259y\u0259\u201d \u00e7a\u011f\u0131r\u0131b.\u00a0Biz konteksd\u0259n he\u00e7 n\u0259 \u00e7\u0131xarm\u0131r\u0131q v\u0259 faktlar\u0131 t\u0259hrif etmirik. Prezidentin k\u00f6m\u0259k\u00e7isi \u201cRussia Today\u201d kanal\u0131na m\u00fcsahib\u0259sind\u0259 bunu deyib: \u201c\u018fg\u0259r Rusiya-Ukrayna c\u0259bh\u0259 x\u0259tti boyu m\u00fcnaqi\u015f\u0259 dayand\u0131r\u0131larsa v\u0259 \u0259sl s\u00fclh \u0259ld\u0259 olunmazsa, sad\u0259c\u0259 olaraq hans\u0131sa at\u0259\u015fk\u0259s ba\u011flan\u0131larsa, bu, &#8211; bilirsiniz, Erm\u0259nistanla Az\u0259rbaycan aras\u0131nda m\u00fcbahis\u0259li b\u00f6lg\u0259, Qaraba\u011f kimi &#8211; bu zaman bu b\u00f6lg\u0259 n\u0259h\u0259ng Qaraba\u011fa \u00e7evril\u0259c\u0259k\u201d. Y\u0259ni Medinski dem\u0259k ist\u0259yib ki, Rusiya il\u0259 Ukrayna aras\u0131nda at\u0259\u015fk\u0259s olarsa, Kreml ist\u0259yin\u0259 nail ola bilm\u0259y\u0259c\u0259k v\u0259 Donbass Qaraba\u011f kimi \u201cm\u00fcbahis\u0259li \u0259raziy\u0259\u201d \u00e7evril\u0259c\u0259k. Bu ba\u015f verm\u0259sin dey\u0259, Kreml Ukraynada m\u0259s\u0259l\u0259ni \u201ck\u00f6kl\u00fc\u201d h\u0259ll etm\u0259k ist\u0259yir\u201d.<\/p>\n<p><strong>E.\u015eahino\u011flu iki m\u0259s\u0259l\u0259 aras\u0131nda paralellik aparma\u011fa c\u0259hd g\u00f6st\u0259r\u0259nl\u0259r\u0259 d\u0259 xat\u0131rlatmalarla cavab verib:<\/strong>\u00a0\u201cBirincisi, Az\u0259rbaycan Qaraba\u011f\u0131 i\u015f\u011faldan azad edib, Rusiya is\u0259 Donbas\u0131 i\u015f\u011fal edib. \u0130kisi aras\u0131nda \u0259n b\u00f6y\u00fck f\u0259rq budur. \u0130kincisi, ke\u00e7mi\u015f i\u015f\u011fal\u00e7\u0131 d\u00f6vl\u0259t olan Erm\u0259nistan\u0131n hakimiyy\u0259ti m\u00fcharib\u0259d\u0259n sonra Qaraba\u011f\u0131 Az\u0259rbaycan \u0259razisi kimi tan\u0131y\u0131b, Ukrayna is\u0259 i\u015f\u011fal alt\u0131ndak\u0131 \u0259razil\u0259rin Rusiyaya aid oldu\u011funu q\u0259bul etm\u0259yib. Bir m\u0259qam\u0131 da n\u0259z\u0259r\u0259 almal\u0131y\u0131q ki, Medinskinin Qaraba\u011fla Donbass aras\u0131nda apard\u0131\u011f\u0131 u\u011fursuz m\u00fcqayis\u0259 yaln\u0131z onun beyninin m\u0259hsulu deyil, k\u00f6m\u0259k\u00e7isi oldu\u011fu \u015f\u0259xs d\u0259 onun kimi d\u00fc\u015f\u00fcn\u00fcr, sad\u0259c\u0259 Az\u0259rbaycan ordusunun q\u0259l\u0259b\u0259si Kreml sahibin\u0259 reall\u0131\u011f\u0131 q\u0259bul etm\u0259y\u0259 m\u0259cbur edib. Ancaq bel\u0259 bir adam\u0131n bir g\u00fcn reall\u0131\u011f\u0131 d\u0259yi\u015fm\u0259k ist\u0259m\u0259diyind\u0259n \u0259min ola bilm\u0259rik\u201d.<\/p>\n","protected":false},"excerpt":{"rendered":"<p>\u201cQaraba\u011f\u0131 h\u0259l\u0259 d\u0259 \u201cm\u00fcbahis\u0259li \u0259razi\u201d kimi t\u0259qdim ed\u0259n \u00f6lk\u0259 Az\u0259rbaycan\u0131n strateji t\u0259r\u0259fda\u015f\u0131 olmad\u0131\u011f\u0131 kimi bu \u00f6lk\u0259y\u0259 he\u00e7 bir halda Xank\u0259ndid\u0259 konsulluq xidm\u0259ti a\u00e7ma\u011fa ya\u015f\u0131l i\u015f\u0131q yand\u0131r\u0131la bilm\u0259z\u201d. Musavat.com-un m\u0259lumat\u0131na g\u00f6r\u0259, bunu politoloq Elxan \u015eahino\u011flu bildirib. Ekspert Rusiyan\u0131n son davran\u0131\u015flar\u0131na da diqq\u0259t \u00e7\u0259kib: \u201cRusiya Xarici \u0130\u015fl\u0259r Nazirliyinin s\u00f6z\u00e7\u00fcs\u00fc Mariya Zaxarova prezidentin k\u00f6m\u0259k\u00e7isi Vladimir Medinskinin s\u00f6zl\u0259rini kontekstd\u0259n \u00e7\u0131xarmama\u011fa v\u0259 onlara \u201ctamamil\u0259 f\u0259rqli bir m\u0259na verm\u0259m\u0259y\u0259\u201d \u00e7a\u011f\u0131r\u0131b.\u00a0Biz konteksd\u0259n he\u00e7 n\u0259 \u00e7\u0131xarm\u0131r\u0131q v\u0259 faktlar\u0131 t\u0259hrif etmirik. Prezidentin k\u00f6m\u0259k\u00e7isi \u201cRussia Today\u201d kanal\u0131na m\u00fcsahib\u0259sind\u0259 bunu deyib: \u201c\u018fg\u0259r Rusiya-Ukrayna c\u0259bh\u0259 x\u0259tti boyu m\u00fcnaqi\u015f\u0259 dayand\u0131r\u0131larsa v\u0259 \u0259sl s\u00fclh&hellip;<\/p>\n","protected":false},"author":2,"featured_media":810264,"comment_status":"closed","ping_status":"closed","sticky":false,"template":"","format":"standard","meta":{"om_disable_all_campaigns":false,"_monsterinsights_skip_tracking":false,"_monsterinsights_sitenote_active":false,"_monsterinsights_sitenote_note":"","_monsterinsights_sitenote_category":0},"categories":[19],"tags":[],"aioseo_notices":[],"gutentor_comment":0,"rttpg_featured_image_url":{"full":["https:\/\/arantv.az\/wp-content\/uploads\/2025\/06\/face7eaa6e04a5a1dc7217b15b0a5ea1.jpg",284,177,false],"landscape":["https:\/\/arantv.az\/wp-content\/uploads\/2025\/06\/face7eaa6e04a5a1dc7217b15b0a5ea1.jpg",284,177,false],"portraits":["https:\/\/arantv.az\/wp-content\/uploads\/2025\/06\/face7eaa6e04a5a1dc7217b15b0a5ea1.jpg",284,177,false],"thumbnail":["https:\/\/arantv.az\/wp-content\/uploads\/2025\/06\/face7eaa6e04a5a1dc7217b15b0a5ea1.jpg",284,177,false],"medium":["https:\/\/arantv.az\/wp-content\/uploads\/2025\/06\/face7eaa6e04a5a1dc7217b15b0a5ea1.jpg",284,177,false],"large":["https:\/\/arantv.az\/wp-content\/uploads\/2025\/06\/face7eaa6e04a5a1dc7217b15b0a5ea1.jpg",284,177,false],"1536x1536":["https:\/\/arantv.az\/wp-content\/uploads\/2025\/06\/face7eaa6e04a5a1dc7217b15b0a5ea1.jpg",284,177,false],"2048x2048":["https:\/\/arantv.az\/wp-content\/uploads\/2025\/06\/face7eaa6e04a5a1dc7217b15b0a5ea1.jpg",284,177,false],"post-thumbnail":["https:\/\/arantv.az\/wp-content\/uploads\/2025\/06\/face7eaa6e04a5a1dc7217b15b0a5ea1-240x172.jpg",240,172,true],"advps-thumb-one":["https:\/\/arantv.az\/wp-content\/uploads\/2025\/06\/face7eaa6e04a5a1dc7217b15b0a5ea1.jpg",284,177,false]},"rttpg_author":{"display_name":"V\u00fcsal Rafiqo\u011flu","author_link":"https:\/\/arantv.az\/?author=2"},"rttpg_comment":0,"rttpg_category":"<a href=\"https:\/\/arantv.az\/?cat=19\" rel=\"category\">G\u00fcnd\u0259m<\/a>","rttpg_excerpt":"\u201cQaraba\u011f\u0131 h\u0259l\u0259 d\u0259 \u201cm\u00fcbahis\u0259li \u0259razi\u201d kimi t\u0259qdim ed\u0259n \u00f6lk\u0259 Az\u0259rbaycan\u0131n strateji t\u0259r\u0259fda\u015f\u0131 olmad\u0131\u011f\u0131 kimi bu \u00f6lk\u0259y\u0259 he\u00e7 bir halda Xank\u0259ndid\u0259 konsulluq xidm\u0259ti a\u00e7ma\u011fa ya\u015f\u0131l i\u015f\u0131q yand\u0131r\u0131la bilm\u0259z\u201d. Musavat.com-un m\u0259lumat\u0131na g\u00f6r\u0259, bunu politoloq Elxan \u015eahino\u011flu bildirib. Ekspert Rusiyan\u0131n son davran\u0131\u015flar\u0131na da diqq\u0259t \u00e7\u0259kib: \u201cRusiya Xarici \u0130\u015fl\u0259r Nazirliyinin s\u00f6z\u00e7\u00fcs\u00fc Mariya Zaxarova prezidentin k\u00f6m\u0259k\u00e7isi Vladimir Medinskinin s\u00f6zl\u0259rini kontekstd\u0259n&hellip;","_links":{"self":[{"href":"https:\/\/arantv.az\/index.php?rest_route=\/wp\/v2\/posts\/810263"}],"collection":[{"href":"https:\/\/arantv.az\/index.php?rest_route=\/wp\/v2\/posts"}],"about":[{"href":"https:\/\/arantv.az\/index.php?rest_route=\/wp\/v2\/types\/post"}],"author":[{"embeddable":true,"href":"https:\/\/arantv.az\/index.php?rest_route=\/wp\/v2\/users\/2"}],"replies":[{"embeddable":true,"href":"https:\/\/arantv.az\/index.php?rest_route=%2Fwp%2Fv2%2Fcomments&post=810263"}],"version-history":[{"count":1,"href":"https:\/\/arantv.az\/index.php?rest_route=\/wp\/v2\/posts\/810263\/revisions"}],"predecessor-version":[{"id":810265,"href":"https:\/\/arantv.az\/index.php?rest_route=\/wp\/v2\/posts\/810263\/revisions\/810265"}],"wp:featuredmedia":[{"embeddable":true,"href":"https:\/\/arantv.az\/index.php?rest_route=\/wp\/v2\/media\/810264"}],"wp:attachment":[{"href":"https:\/\/arantv.az\/index.php?rest_route=%2Fwp%2Fv2%2Fmedia&parent=810263"}],"wp:term":[{"taxonomy":"category","embeddable":true,"href":"https:\/\/arantv.az\/index.php?rest_route=%2Fwp%2Fv2%2Fcategories&post=810263"},{"taxonomy":"post_tag","embeddable":true,"href":"https:\/\/arantv.az\/index.php?rest_route=%2Fwp%2Fv2%2Ftags&post=810263"}],"curies":[{"name":"wp","href":"https:\/\/api.w.org\/{rel}","templated":true}]}}