{"id":810272,"date":"2025-06-10T16:47:17","date_gmt":"2025-06-10T12:47:17","guid":{"rendered":"https:\/\/arantv.az\/?p=810272"},"modified":"2025-06-10T16:47:17","modified_gmt":"2025-06-10T12:47:17","slug":"misir-m%c9%99rdanov-x%c9%99st%c9%99xanaya-yerl%c9%99sdirildi-aciqlama","status":"publish","type":"post","link":"https:\/\/arantv.az\/?p=810272","title":{"rendered":"Misir M\u0259rdanov x\u0259st\u0259xanaya yerl\u0259\u015fdirildi \u2014 A\u00c7IQLAMA"},"content":{"rendered":"<p>Sabiq t\u0259hsil naziri, Q\u0259rbi Az\u0259rbaycan \u0130cmas\u0131 M\u00fc\u015fahid\u0259 \u015euras\u0131n\u0131n s\u0259dri Misir M\u0259rdanovun s\u0259hh\u0259tind\u0259 problem yaran\u0131b.<\/p>\n<p>Modern.az-a daxil olan m\u0259lumata g\u00f6r\u0259, eks-nazir x\u0259st\u0259xanaya yerl\u0259\u015fdirilib v\u0259 h\u0259tta \u0259m\u0259liyyat olunub.<\/p>\n<p>\u018fm\u0259kda\u015f\u0131m\u0131z\u00a0<a title=\"xeberler son xeberler 2025\" href=\"https:\/\/big.az\/\" target=\"_blank\" rel=\"noopener\">x\u0259b\u0259ri<\/a>\u00a0d\u0259qiql\u0259\u015fdirm\u0259k \u00fc\u00e7\u00fcn Misir M\u0259rdanovun \u00f6z\u00fc il\u0259 \u0259laq\u0259 saxlay\u0131b.<\/p>\n<p>Sayt\u0131m\u0131za a\u00e7\u0131qlamas\u0131nda sabiq nazir haz\u0131rda x\u0259st\u0259xanada oldu\u011funu t\u0259sdiql\u0259yib.<\/p>\n<p>&#8220;Haz\u0131rda x\u0259st\u0259xanadayam, amma ciddi bir \u0259m\u0259liyyat ke\u00e7irm\u0259mi\u015f\u0259m. Bu g\u00fcn x\u0259st\u0259xanadan \u00e7\u0131xacam. S\u0259hh\u0259timd\u0259 el\u0259 bir b\u00f6y\u00fck problem yoxdur. Narahatl\u0131\u011fa \u0259sas yoxdur. \u0130n\u015fallah, sabah i\u015fd\u0259 olacam&#8221;.<\/p>\n<p>M.M\u0259rdanov 1992-1996-c\u0131 ill\u0259rd\u0259 BDU-nun t\u0259dris i\u015fl\u0259ri \u00fczr\u0259 prorektoru, 1997-1998-ci ill\u0259rd\u0259 rektoru olub.<\/p>\n<p>1998-ci ild\u0259n 2013-c\u00fc ilin aprelin\u0259d\u0259k Az\u0259rbaycan Respublikas\u0131n\u0131n t\u0259hsil naziri v\u0259zif\u0259sind\u0259 \u00e7al\u0131\u015f\u0131b.<\/p>\n<p>Misir M\u0259rdanov haz\u0131rda Elm v\u0259 T\u0259hsil Nazirliyinin tabeliyin\u0259 verilmi\u015f Riyaziyyat v\u0259 Mexanika \u0130nstitunun direktoru v\u0259zif\u0259sind\u0259 \u00e7al\u0131\u015f\u0131r.<\/p>\n","protected":false},"excerpt":{"rendered":"<p>Sabiq t\u0259hsil naziri, Q\u0259rbi Az\u0259rbaycan \u0130cmas\u0131 M\u00fc\u015fahid\u0259 \u015euras\u0131n\u0131n s\u0259dri Misir M\u0259rdanovun s\u0259hh\u0259tind\u0259 problem yaran\u0131b. Modern.az-a daxil olan m\u0259lumata g\u00f6r\u0259, eks-nazir x\u0259st\u0259xanaya yerl\u0259\u015fdirilib v\u0259 h\u0259tta \u0259m\u0259liyyat olunub. \u018fm\u0259kda\u015f\u0131m\u0131z\u00a0x\u0259b\u0259ri\u00a0d\u0259qiql\u0259\u015fdirm\u0259k \u00fc\u00e7\u00fcn Misir M\u0259rdanovun \u00f6z\u00fc il\u0259 \u0259laq\u0259 saxlay\u0131b. Sayt\u0131m\u0131za a\u00e7\u0131qlamas\u0131nda sabiq nazir haz\u0131rda x\u0259st\u0259xanada oldu\u011funu t\u0259sdiql\u0259yib. &#8220;Haz\u0131rda x\u0259st\u0259xanadayam, amma ciddi bir \u0259m\u0259liyyat ke\u00e7irm\u0259mi\u015f\u0259m. Bu g\u00fcn x\u0259st\u0259xanadan \u00e7\u0131xacam. S\u0259hh\u0259timd\u0259 el\u0259 bir b\u00f6y\u00fck problem yoxdur. Narahatl\u0131\u011fa \u0259sas yoxdur. \u0130n\u015fallah, sabah i\u015fd\u0259 olacam&#8221;. M.M\u0259rdanov 1992-1996-c\u0131 ill\u0259rd\u0259 BDU-nun t\u0259dris i\u015fl\u0259ri \u00fczr\u0259 prorektoru, 1997-1998-ci ill\u0259rd\u0259 rektoru olub. 1998-ci ild\u0259n 2013-c\u00fc ilin aprelin\u0259d\u0259k Az\u0259rbaycan Respublikas\u0131n\u0131n t\u0259hsil naziri v\u0259zif\u0259sind\u0259 \u00e7al\u0131\u015f\u0131b. Misir&hellip;<\/p>\n","protected":false},"author":2,"featured_media":810273,"comment_status":"closed","ping_status":"closed","sticky":false,"template":"","format":"standard","meta":{"om_disable_all_campaigns":false,"_monsterinsights_skip_tracking":false,"_monsterinsights_sitenote_active":false,"_monsterinsights_sitenote_note":"","_monsterinsights_sitenote_category":0},"categories":[1],"tags":[],"aioseo_notices":[],"gutentor_comment":0,"rttpg_featured_image_url":{"full":["https:\/\/arantv.az\/wp-content\/uploads\/2025\/06\/misir_21749553450.jpg",649,426,false],"landscape":["https:\/\/arantv.az\/wp-content\/uploads\/2025\/06\/misir_21749553450.jpg",649,426,false],"portraits":["https:\/\/arantv.az\/wp-content\/uploads\/2025\/06\/misir_21749553450.jpg",649,426,false],"thumbnail":["https:\/\/arantv.az\/wp-content\/uploads\/2025\/06\/misir_21749553450-500x280.jpg",500,280,true],"medium":["https:\/\/arantv.az\/wp-content\/uploads\/2025\/06\/misir_21749553450-556x365.jpg",556,365,true],"large":["https:\/\/arantv.az\/wp-content\/uploads\/2025\/06\/misir_21749553450.jpg",640,420,false],"1536x1536":["https:\/\/arantv.az\/wp-content\/uploads\/2025\/06\/misir_21749553450.jpg",649,426,false],"2048x2048":["https:\/\/arantv.az\/wp-content\/uploads\/2025\/06\/misir_21749553450.jpg",649,426,false],"post-thumbnail":["https:\/\/arantv.az\/wp-content\/uploads\/2025\/06\/misir_21749553450-240x172.jpg",240,172,true],"advps-thumb-one":["https:\/\/arantv.az\/wp-content\/uploads\/2025\/06\/misir_21749553450.jpg",649,426,false]},"rttpg_author":{"display_name":"V\u00fcsal Rafiqo\u011flu","author_link":"https:\/\/arantv.az\/?author=2"},"rttpg_comment":0,"rttpg_category":"<a href=\"https:\/\/arantv.az\/?cat=1\" rel=\"category\">C\u0259miyy\u0259t<\/a>","rttpg_excerpt":"Sabiq t\u0259hsil naziri, Q\u0259rbi Az\u0259rbaycan \u0130cmas\u0131 M\u00fc\u015fahid\u0259 \u015euras\u0131n\u0131n s\u0259dri Misir M\u0259rdanovun s\u0259hh\u0259tind\u0259 problem yaran\u0131b. Modern.az-a daxil olan m\u0259lumata g\u00f6r\u0259, eks-nazir x\u0259st\u0259xanaya yerl\u0259\u015fdirilib v\u0259 h\u0259tta \u0259m\u0259liyyat olunub. \u018fm\u0259kda\u015f\u0131m\u0131z\u00a0x\u0259b\u0259ri\u00a0d\u0259qiql\u0259\u015fdirm\u0259k \u00fc\u00e7\u00fcn Misir M\u0259rdanovun \u00f6z\u00fc il\u0259 \u0259laq\u0259 saxlay\u0131b. Sayt\u0131m\u0131za a\u00e7\u0131qlamas\u0131nda sabiq nazir haz\u0131rda x\u0259st\u0259xanada oldu\u011funu t\u0259sdiql\u0259yib. &#8220;Haz\u0131rda x\u0259st\u0259xanadayam, amma ciddi bir \u0259m\u0259liyyat ke\u00e7irm\u0259mi\u015f\u0259m. Bu g\u00fcn x\u0259st\u0259xanadan \u00e7\u0131xacam. S\u0259hh\u0259timd\u0259 el\u0259&hellip;","_links":{"self":[{"href":"https:\/\/arantv.az\/index.php?rest_route=\/wp\/v2\/posts\/810272"}],"collection":[{"href":"https:\/\/arantv.az\/index.php?rest_route=\/wp\/v2\/posts"}],"about":[{"href":"https:\/\/arantv.az\/index.php?rest_route=\/wp\/v2\/types\/post"}],"author":[{"embeddable":true,"href":"https:\/\/arantv.az\/index.php?rest_route=\/wp\/v2\/users\/2"}],"replies":[{"embeddable":true,"href":"https:\/\/arantv.az\/index.php?rest_route=%2Fwp%2Fv2%2Fcomments&post=810272"}],"version-history":[{"count":1,"href":"https:\/\/arantv.az\/index.php?rest_route=\/wp\/v2\/posts\/810272\/revisions"}],"predecessor-version":[{"id":810274,"href":"https:\/\/arantv.az\/index.php?rest_route=\/wp\/v2\/posts\/810272\/revisions\/810274"}],"wp:featuredmedia":[{"embeddable":true,"href":"https:\/\/arantv.az\/index.php?rest_route=\/wp\/v2\/media\/810273"}],"wp:attachment":[{"href":"https:\/\/arantv.az\/index.php?rest_route=%2Fwp%2Fv2%2Fmedia&parent=810272"}],"wp:term":[{"taxonomy":"category","embeddable":true,"href":"https:\/\/arantv.az\/index.php?rest_route=%2Fwp%2Fv2%2Fcategories&post=810272"},{"taxonomy":"post_tag","embeddable":true,"href":"https:\/\/arantv.az\/index.php?rest_route=%2Fwp%2Fv2%2Ftags&post=810272"}],"curies":[{"name":"wp","href":"https:\/\/api.w.org\/{rel}","templated":true}]}}