{"id":810327,"date":"2025-06-11T09:46:46","date_gmt":"2025-06-11T05:46:46","guid":{"rendered":"https:\/\/arantv.az\/?p=810327"},"modified":"2025-06-11T09:46:46","modified_gmt":"2025-06-11T05:46:46","slug":"region-ucun-yeni-tarixi-gerc%c9%99klik-susa-b%c9%99yannam%c9%99si","status":"publish","type":"post","link":"https:\/\/arantv.az\/?p=810327","title":{"rendered":"Region \u00fc\u00e7\u00fcn yeni tarixi ger\u00e7\u0259klik &#8211; \u015eu\u015fa B\u0259yannam\u0259si"},"content":{"rendered":"<p><em><strong>B\u0259yannam\u0259 Az\u0259rbaycan \u00fc\u00e7\u00fcn vacib bir g\u00fcnd\u0259 \u2013 15 iyun-Milli Qurtulu\u015f G\u00fcn\u00fcnd\u0259 v\u0259 Qars m\u00fcqavil\u0259sind\u0259n (1921) y\u00fcz il sonra iki dost v\u0259 qarda\u015f d\u00f6vl\u0259tl\u0259r aras\u0131nda imzalanan \u0259n y\u00fcks\u0259k s\u0259viyy\u0259li m\u00fctt\u0259fiqlik s\u0259n\u0259didir<\/strong><\/em><\/p>\n<p>2021-ci il iyunun 15-d\u0259 Az\u0259rbaycan Prezidenti \u0130lham \u018fliyev v\u0259 T\u00fcrkiy\u0259 Prezidenti R\u0259c\u0259b Tayyib \u018frdo\u011fan 28 il yar\u0131m Erm\u0259nistan i\u015f\u011fal\u0131nda olan v\u0259 8 noyabr 2020-ci ild\u0259 azad edil\u0259n tarixi \u015eu\u015fa \u015f\u0259h\u0259rind\u0259 siyasi-h\u00fcquqi, h\u0259rbi-geostrateji B\u0259yannam\u0259 imzalad\u0131lar. \u015eu\u015fa B\u0259yannam\u0259si Az\u0259rbaycan \u00fc\u00e7\u00fcn vacib bir g\u00fcnd\u0259 \u2013 15 iyun Milli Qurtulu\u015f G\u00fcn\u00fcnd\u0259 v\u0259 Qars m\u00fcqavil\u0259sind\u0259n (1921 oktyabr) y\u00fcz il sonra iki dost v\u0259 qarda\u015f d\u00f6vl\u0259tl\u0259r aras\u0131nda imzalanan m\u00fctt\u0259fiqlik s\u0259n\u0259didir.<\/p>\n<p>M\u00fctt\u0259fiqlik haqq\u0131nda \u015eu\u015fa B\u0259yannam\u0259sini \u015f\u0259rtl\u0259ndir\u0259n siyasi-tarixi amill\u0259r\u0259 q\u0131saca n\u0259z\u0259r salaq.. M\u0259lumdur ki, 1921-cil il Qars anla\u015fmas\u0131 il\u0259 T\u00fcrkiy\u0259y\u0259 Nax\u00e7\u0131vanla ba\u011fl\u0131 m\u00fc\u0259yy\u0259n m\u0259nada z\u0259man\u0259t\u00e7i, qoruyucu \u00f6lk\u0259 statusu verilmi\u015fdi. Qeyd ed\u0259k ki, T\u00fcrkiy\u0259 h\u0259l\u0259 ke\u00e7mi\u015f SSR\u0130-nin m\u00f6vcud oldu\u011fu \u0259r\u0259f\u0259d\u0259 1991-ci ilin 9 noyabr\u0131nda Az\u0259rbaycan\u0131n d\u00f6vl\u0259t m\u00fcst\u0259qilliyini tan\u0131d\u0131 v\u0259 1994-c\u00fc il yanvar\u0131n 14-d\u0259 iki \u00f6lk\u0259 aras\u0131nda diplomatik \u0259laq\u0259l\u0259r quruldu. 1992-ci il 11 avqustda imzalanm\u0131\u015f \u201cAz\u0259rbaycan Respublikas\u0131 il\u0259 T\u00fcrkiy\u0259 Respublikas\u0131 aras\u0131nda qar\u015f\u0131l\u0131ql\u0131 h\u0259rbi t\u0259lim-t\u0259hsil haqq\u0131nda M\u00fcqavil\u0259\u201d m\u0259hz 2011-ci il 26 oktyabrda Prezident \u0130lham \u018fliyevin imzalad\u0131\u011f\u0131 F\u0259rmanla t\u0259sdiq edildi. 1994-c\u00fc ild\u0259 iki \u00f6lk\u0259 aras\u0131nda \u201cAz\u0259rbaycan Respublikas\u0131 v\u0259 T\u00fcrkiy\u0259 Respublikas\u0131 aras\u0131nda \u201cDostluq v\u0259 h\u0259rt\u0259r\u0259fli \u0259m\u0259kda\u015fl\u0131\u011f\u0131n inki\u015faf\u0131 bar\u0259d\u0259 M\u00fcqavil\u0259\u201d imzaland\u0131 v\u0259 bu anla\u015fma il\u0259 \u0259laq\u0259l\u0259rin siyasi-h\u00fcquqi z\u0259mini formala\u015fd\u0131r\u0131ld\u0131. Bel\u0259 ki, 2007-ci ild\u0259n ba\u015flayaraq Az\u0259rbaycan T\u00fcrkiy\u0259 m\u00fcnasib\u0259tl\u0259rind\u0259 Y\u00fcks\u0259k S\u0259viyy\u0259li H\u0259rbi Dialoq (YSHD) iclaslar\u0131 ke\u00e7irilir. Burada siyasi-h\u0259rbi, maddi-texniki t\u0259minat v\u0259 m\u00fcdafi\u0259 s\u0259nayesi sah\u0259sind\u0259 \u0259m\u0259kda\u015fl\u0131q m\u00fczakir\u0259 olunur. 2010-cu ild\u0259 \u201cAz\u0259rbaycan Respublikas\u0131 v\u0259 T\u00fcrkiy\u0259 Respublikas\u0131 aras\u0131nda Strateji \u0259m\u0259kda\u015fl\u0131q sazi\u015fi imzaland\u0131. M\u00fcqavil\u0259nin bir \u015f\u0259rtin\u0259 g\u00f6r\u0259, T\u00fcrkiy\u0259 v\u0259 Az\u0259rbaycan \u00f6lk\u0259l\u0259rind\u0259n birin\u0259 qar\u015f\u0131 h\u00fccum v\u0259 ya h\u00fccum v\u0259ziyy\u0259tind\u0259 h\u00fccuma u\u011framayan \u00f6lk\u0259 \u201cb\u00fct\u00fcn imkanlar\u0131n\u0131 istifad\u0259 ed\u0259r\u0259k\u201d h\u00fccuma u\u011frayan \u00f6lk\u0259ni d\u0259st\u0259kl\u0259y\u0259c\u0259k.<\/p>\n<p>2021-ci il iyunun 15-d\u0259 \u015eu\u015fada imzalanan B\u0259yannam\u0259 iki qarda\u015f \u00f6lk\u0259 aras\u0131nda tarixi m\u00fcnasib\u0259tl\u0259rin yeni m\u0259rh\u0259l\u0259sinin \u0259sas\u0131n\u0131 qoydu. \u015eu\u015fada dal\u011falanan Az\u0259rbaycan v\u0259 T\u00fcrkiy\u0259 bayraqlar\u0131 \u00f6lk\u0259l\u0259rimizin birliyini bir daha n\u00fcmayi\u015f etdirdi.\u00a0 Az\u0259rbaycan-T\u00fcrkiy\u0259 m\u00fcnasib\u0259tl\u0259ri \u00dcmummilli Lider Heyd\u0259r \u018fliyevin &#8220;Bir mill\u0259t, iki d\u00f6vl\u0259t&#8221; v\u0259 Mustafa Kamal Atat\u00fcrk\u00fcn &#8220;Az\u0259rbaycan\u0131n sevinci bizim sevincimiz, k\u0259d\u0259ri bizim k\u0259d\u0259rimizdir&#8221; k\u0259lamlar\u0131 il\u0259 xarakteriz\u0259 olunurdu. Bu m\u00fcnasib\u0259tl\u0259r Prezident \u0130lham \u018fliyev v\u0259 Prezident R\u0259c\u0259b Tayyib \u018frdo\u011fan t\u0259r\u0259find\u0259n imzalanm\u0131\u015f \u015eu\u015fa B\u0259yannam\u0259si il\u0259 \u00f6z\u00fcn\u00fcn zirv\u0259 m\u0259rh\u0259l\u0259sin\u0259 q\u0259d\u0259m qoymu\u015f oldu. T\u00fcrkiy\u0259 Prezidentinin \u015eu\u015fa B\u0259yannam\u0259sinin imzalanmas\u0131ndan bir g\u00fcn sonra Az\u0259rbaycan\u0131n Milli M\u0259clisind\u0259 \u00e7\u0131x\u0131\u015f\u0131 zaman\u0131 s\u00f6yl\u0259diyi s\u00f6zl\u0259r bu s\u0259n\u0259din b\u00fct\u00fcn mahiyy\u0259tini a\u00e7\u0131qlay\u0131r: \u201cBu m\u00fcq\u0259dd\u0259s V\u0259t\u0259n m\u00fcharib\u0259si d\u00f6vr\u00fcnd\u0259 T\u00fcrkiy\u0259 h\u0259m d\u00f6vl\u0259t, h\u0259m d\u0259 mill\u0259t olaraq b\u00fct\u00fcn q\u0259lbi il\u0259 Az\u0259rbaycan\u0131n yan\u0131nda yer alm\u0131\u015fd\u0131r. Bu g\u00fcn d\u0259 b\u00fct\u00fcn imkanlar\u0131m\u0131zla Az\u0259rbaycan\u0131n yan\u0131nday\u0131q, b\u00fct\u00fcn d\u00fcnya bilsin ki, \u0130n\u015fallah, sabah da yan\u0131nda olaca\u011f\u0131q. Nec\u0259 ki, Balkan m\u00fcharib\u0259si zaman\u0131 Az\u0259rbaycan\u0131n D\u00f6vl\u0259t Himninin s\u00f6zl\u0259rinin m\u00fc\u0259llifi \u018fhm\u0259d Cavad az\u0259rbaycanl\u0131 g\u0259ncl\u0259rl\u0259 birlikd\u0259 Osmanl\u0131 ordusunun s\u0131ralar\u0131nda d\u00f6y\u00fc\u015f\u00fcbs\u0259, nec\u0259 ki, \u00c7anaqqalada Az\u0259rbaycandan g\u0259l\u0259n igidl\u0259rl\u0259 Anadolunun d\u0259liqanl\u0131lar\u0131 birlikd\u0259 m\u00fcbariz\u0259 apar\u0131b, birlikd\u0259 \u015f\u0259had\u0259t\u0259 ucal\u0131b z\u0259f\u0259r qazan\u0131blarsa, nec\u0259 ki, Qafqaz \u0130slam Ordusunun aslanlar\u0131 \u2013 Nuru Pa\u015fan\u0131n \u0259sg\u0259rl\u0259ri o g\u00fcn az\u0259rbaycanl\u0131 qarda\u015flar\u0131m\u0131z\u0131n yard\u0131m\u0131na g\u0259libs\u0259, biz d\u0259 bu g\u00fcn v\u0259 g\u0259l\u0259c\u0259kd\u0259 bir v\u0259 b\u0259rab\u0259r olaca\u011f\u0131q. Az\u0259rbaycan\u0131n ayd\u0131nl\u0131\u011f\u0131 ayd\u0131nl\u0131\u011f\u0131m\u0131z, sevinci sevincimiz, azadl\u0131\u011f\u0131 azadl\u0131\u011f\u0131m\u0131z, taleyi taleyimiz, k\u0259d\u0259ri k\u0259d\u0259rimizdir.\u201d<\/p>\n<p>S\u0259n\u0259dd\u0259 birg\u0259 milli m\u0259nafel\u0259r bax\u0131m\u0131ndan siyasi, h\u0259rbi v\u0259 t\u0259hl\u00fck\u0259sizlik sah\u0259l\u0259rind\u0259 \u0259laq\u0259l\u0259ndirilmi\u015f v\u0259 birg\u0259 f\u0259aliyy\u0259tl\u0259rin t\u0259\u015fviq edilm\u0259si x\u00fcsusi yer tutur. T\u0259r\u0259fl\u0259rd\u0259n h\u0259r hans\u0131 birinin m\u00fcst\u0259qilliyin\u0259, suverenliyin\u0259, \u0259razi b\u00fct\u00f6vl\u00fcy\u00fcn\u0259, beyn\u0259lxalq s\u0259viyy\u0259d\u0259 tan\u0131nm\u0131\u015f s\u0259rh\u0259dl\u0259rinin toxunulmazl\u0131\u011f\u0131na v\u0259 ya t\u0259hl\u00fck\u0259sizliyin\u0259 qar\u015f\u0131 \u00fc\u00e7\u00fcnc\u00fc d\u00f6vl\u0259t v\u0259 ya d\u00f6vl\u0259tl\u0259r t\u0259r\u0259find\u0259n t\u0259hdid v\u0259 ya t\u0259cav\u00fcz edildiyi t\u0259qdird\u0259, birg\u0259 m\u0259sl\u0259h\u0259tl\u0259\u015fm\u0259l\u0259r apar\u0131lmas\u0131, bu t\u0259hdid v\u0259 ya t\u0259cav\u00fcz\u00fcn aradan qald\u0131r\u0131lmas\u0131 m\u0259qs\u0259dil\u0259 BMT Nizamnam\u0259sinin m\u0259qs\u0259d v\u0259 prinsipl\u0259rin\u0259 m\u00fcvafiq t\u0259\u015f\u0259bb\u00fcs h\u0259yata ke\u00e7irilm\u0259si, BMT Nizamnam\u0259sin\u0259 uy\u011fun olaraq bir-birin\u0259 laz\u0131mi yard\u0131m g\u00f6st\u0259rm\u0259si, Silahl\u0131 Q\u00fcvv\u0259l\u0259rin g\u00fcc v\u0259 idar\u0259etm\u0259 strukturlar\u0131n\u0131n \u0259laq\u0259l\u0259ndirilmi\u015f f\u0259aliyy\u0259tinin t\u0259\u015fkili n\u0259z\u0259rd\u0259 tutulur. M\u00fcdafi\u0259 sah\u0259sind\u0259 \u0259m\u0259kda\u015fl\u0131q v\u0259 qar\u015f\u0131l\u0131ql\u0131 h\u0259rbi yard\u0131m m\u0259s\u0259l\u0259l\u0259rinin B\u0259yannam\u0259d\u0259 \u0259ks olunmas\u0131 tarixi nailiyy\u0259tdir. \u00d6lk\u0259l\u0259r bundan sonra da bir-birinin t\u0259hl\u00fck\u0259sizliyini t\u0259min ed\u0259c\u0259k. M\u00fcdafi\u0259 s\u0259nayesi sah\u0259sind\u0259 \u0259laq\u0259l\u0259rin inki\u015faf\u0131 \u00f6lk\u0259l\u0259rin h\u0259rbi q\u00fcdr\u0259tini art\u0131racaqd\u0131r. \u0130kinci Qaraba\u011f m\u00fcharib\u0259sind\u0259 pilotsuz u\u00e7u\u015f aparatlar\u0131 b\u00f6y\u00fck rol oynay\u0131blar. Az\u0259rbaycan bu prosesd\u0259 istehsal m\u0259rk\u0259zi kimi inki\u015faf ed\u0259c\u0259kdir.<\/p>\n<p>\u015eu\u015fa B\u0259yannam\u0259sind\u0259 x\u00fcsusi \u00f6n\u0259m da\u015f\u0131yan m\u0259s\u0259l\u0259l\u0259rd\u0259n biri kimi aktual xarakter da\u015f\u0131yan informasiya siyas\u0259ti v\u0259 lobbi\u00e7ilik m\u0259s\u0259l\u0259l\u0259rini qeyd etm\u0259k olar. B\u0259yannam\u0259d\u0259 Az\u0259rbaycan-T\u00fcrkiy\u0259 Media Platformas\u0131n\u0131n imkanlar\u0131 \u00e7\u0259r\u00e7iv\u0259sind\u0259 iki \u00f6lk\u0259nin aidiyy\u0259ti qurumlar\u0131 aras\u0131nda informasiya, kommunikasiya v\u0259 ictimai diplomatiya sah\u0259sind\u0259 \u0259m\u0259kda\u015fl\u0131\u011f\u0131n daha da g\u00fccl\u0259ndirilm\u0259si v\u0259 Az\u0259rbaycan v\u0259 t\u00fcrk diasporlar\u0131 aras\u0131nda \u0259m\u0259kda\u015fl\u0131\u011f\u0131n daha s\u0131x inki\u015faf etdirilm\u0259si, \u00fcmumi probleml\u0259r qar\u015f\u0131s\u0131nda birlikd\u0259 add\u0131mlar\u0131n at\u0131lmas\u0131 v\u0259 ard\u0131c\u0131l h\u0259mr\u0259ylik g\u00f6st\u0259rilm\u0259si kimi m\u00fcdd\u0259alar\u0131n yer almas\u0131 bu m\u0259s\u0259l\u0259y\u0259 x\u00fcsusi \u00f6n\u0259m verildiyini v\u0259 f\u0259aliyy\u0259tl\u0259rin koordinasiya edilm\u0259sinin vacibliyini bildirir. Y\u00fcz il bundan \u0259vv\u0259l imzalanm\u0131\u015f Qars m\u00fcqavil\u0259sind\u0259ki m\u00fcdd\u0259alar\u0131n yenil\u0259nm\u0259si, ad\u0131\u00e7\u0259kil\u0259n m\u00fcqavil\u0259d\u0259n f\u0259rqli olaraq iki qarda\u015f d\u00f6vl\u0259t aras\u0131nda bel\u0259 bir B\u0259yannam\u0259nin imzalanmas\u0131\u00a0 b\u00f6y\u00fck tarixi nailiyy\u0259tdir. T\u0259bii ki, Qars m\u00fcqavil\u0259sind\u0259 oldu\u011fu kimi, \u015eu\u015fa B\u0259yannam\u0259si d\u0259 Erm\u0259nistan\u0131n ciddi narahatl\u0131\u011f\u0131na s\u0259b\u0259b olub. Tarix\u0259 n\u0259z\u0259r yetirs\u0259k, g\u00f6r\u0259rik ki, Erm\u0259nistan\u0131n Qars m\u00fcqavil\u0259si il\u0259 ba\u011fl\u0131 b\u00f6y\u00fck naraz\u0131l\u0131qlar\u0131 olub. \u00c7\u00fcnki bu m\u00fcqavil\u0259 erm\u0259nil\u0259rin yeni \u0259razi iddialar\u0131n\u0131n qar\u015f\u0131s\u0131na ke\u00e7ilm\u0259z bir s\u0259dd \u00e7\u0259kirdi. M\u0259hz bu bax\u0131mdan \u015eu\u015fa B\u0259yannam\u0259sinin Qars m\u00fcqavil\u0259sin\u0259 istinad etm\u0259si he\u00e7 d\u0259 t\u0259sad\u00fcfi deyil. Bu B\u0259yannam\u0259 h\u0259m d\u0259 Az\u0259rbaycan\u0131n v\u0259 T\u00fcrkiy\u0259nin d\u00fc\u015fm\u0259nl\u0259rin\u0259 tutarl\u0131 mesaj olmaqla b\u0259rab\u0259r, Az\u0259rbaycan v\u0259 T\u00fcrkiy\u0259 d\u00f6vl\u0259tl\u0259ri aras\u0131nda b\u00fct\u00fcn sah\u0259l\u0259rd\u0259 inteqrasiyan\u0131n n\u00fcmun\u0259sidir. \u018fn \u0259sas\u0131, bu B\u0259yannam\u0259 region \u00fc\u00e7\u00fcn yeni tarixi ger\u00e7\u0259klik dem\u0259kdir.<\/p>\n<p><strong>Sevinc Azadi, \u201c\u0130ki sahil\u201d<\/strong><\/p>\n","protected":false},"excerpt":{"rendered":"<p>B\u0259yannam\u0259 Az\u0259rbaycan \u00fc\u00e7\u00fcn vacib bir g\u00fcnd\u0259 \u2013 15 iyun-Milli Qurtulu\u015f G\u00fcn\u00fcnd\u0259 v\u0259 Qars m\u00fcqavil\u0259sind\u0259n (1921) y\u00fcz il sonra iki dost v\u0259 qarda\u015f d\u00f6vl\u0259tl\u0259r aras\u0131nda imzalanan \u0259n y\u00fcks\u0259k s\u0259viyy\u0259li m\u00fctt\u0259fiqlik s\u0259n\u0259didir 2021-ci il iyunun 15-d\u0259 Az\u0259rbaycan Prezidenti \u0130lham \u018fliyev v\u0259 T\u00fcrkiy\u0259 Prezidenti R\u0259c\u0259b Tayyib \u018frdo\u011fan 28 il yar\u0131m Erm\u0259nistan i\u015f\u011fal\u0131nda olan v\u0259 8 noyabr 2020-ci ild\u0259 azad edil\u0259n tarixi \u015eu\u015fa \u015f\u0259h\u0259rind\u0259 siyasi-h\u00fcquqi, h\u0259rbi-geostrateji B\u0259yannam\u0259 imzalad\u0131lar. \u015eu\u015fa B\u0259yannam\u0259si Az\u0259rbaycan \u00fc\u00e7\u00fcn vacib bir g\u00fcnd\u0259 \u2013 15 iyun Milli Qurtulu\u015f G\u00fcn\u00fcnd\u0259 v\u0259 Qars m\u00fcqavil\u0259sind\u0259n (1921 oktyabr) y\u00fcz il sonra iki dost v\u0259 qarda\u015f d\u00f6vl\u0259tl\u0259r&hellip;<\/p>\n","protected":false},"author":2,"featured_media":810329,"comment_status":"closed","ping_status":"closed","sticky":false,"template":"","format":"standard","meta":{"om_disable_all_campaigns":false,"_monsterinsights_skip_tracking":false,"_monsterinsights_sitenote_active":false,"_monsterinsights_sitenote_note":"","_monsterinsights_sitenote_category":0},"categories":[19],"tags":[],"aioseo_notices":[],"gutentor_comment":0,"rttpg_featured_image_url":{"full":["https:\/\/arantv.az\/wp-content\/uploads\/2025\/06\/f8548d45164329422962379498810466699-1.jpg",975,540,false],"landscape":["https:\/\/arantv.az\/wp-content\/uploads\/2025\/06\/f8548d45164329422962379498810466699-1.jpg",975,540,false],"portraits":["https:\/\/arantv.az\/wp-content\/uploads\/2025\/06\/f8548d45164329422962379498810466699-1.jpg",975,540,false],"thumbnail":["https:\/\/arantv.az\/wp-content\/uploads\/2025\/06\/f8548d45164329422962379498810466699-1-500x280.jpg",500,280,true],"medium":["https:\/\/arantv.az\/wp-content\/uploads\/2025\/06\/f8548d45164329422962379498810466699-1-660x365.jpg",660,365,true],"large":["https:\/\/arantv.az\/wp-content\/uploads\/2025\/06\/f8548d45164329422962379498810466699-1-840x465.jpg",640,354,true],"1536x1536":["https:\/\/arantv.az\/wp-content\/uploads\/2025\/06\/f8548d45164329422962379498810466699-1.jpg",975,540,false],"2048x2048":["https:\/\/arantv.az\/wp-content\/uploads\/2025\/06\/f8548d45164329422962379498810466699-1.jpg",975,540,false],"post-thumbnail":["https:\/\/arantv.az\/wp-content\/uploads\/2025\/06\/f8548d45164329422962379498810466699-1-240x172.jpg",240,172,true],"advps-thumb-one":["https:\/\/arantv.az\/wp-content\/uploads\/2025\/06\/f8548d45164329422962379498810466699-1.jpg",975,540,false]},"rttpg_author":{"display_name":"V\u00fcsal Rafiqo\u011flu","author_link":"https:\/\/arantv.az\/?author=2"},"rttpg_comment":0,"rttpg_category":"<a href=\"https:\/\/arantv.az\/?cat=19\" rel=\"category\">G\u00fcnd\u0259m<\/a>","rttpg_excerpt":"B\u0259yannam\u0259 Az\u0259rbaycan \u00fc\u00e7\u00fcn vacib bir g\u00fcnd\u0259 \u2013 15 iyun-Milli Qurtulu\u015f G\u00fcn\u00fcnd\u0259 v\u0259 Qars m\u00fcqavil\u0259sind\u0259n (1921) y\u00fcz il sonra iki dost v\u0259 qarda\u015f d\u00f6vl\u0259tl\u0259r aras\u0131nda imzalanan \u0259n y\u00fcks\u0259k s\u0259viyy\u0259li m\u00fctt\u0259fiqlik s\u0259n\u0259didir 2021-ci il iyunun 15-d\u0259 Az\u0259rbaycan Prezidenti \u0130lham \u018fliyev v\u0259 T\u00fcrkiy\u0259 Prezidenti R\u0259c\u0259b Tayyib \u018frdo\u011fan 28 il yar\u0131m Erm\u0259nistan i\u015f\u011fal\u0131nda olan v\u0259 8 noyabr 2020-ci ild\u0259&hellip;","_links":{"self":[{"href":"https:\/\/arantv.az\/index.php?rest_route=\/wp\/v2\/posts\/810327"}],"collection":[{"href":"https:\/\/arantv.az\/index.php?rest_route=\/wp\/v2\/posts"}],"about":[{"href":"https:\/\/arantv.az\/index.php?rest_route=\/wp\/v2\/types\/post"}],"author":[{"embeddable":true,"href":"https:\/\/arantv.az\/index.php?rest_route=\/wp\/v2\/users\/2"}],"replies":[{"embeddable":true,"href":"https:\/\/arantv.az\/index.php?rest_route=%2Fwp%2Fv2%2Fcomments&post=810327"}],"version-history":[{"count":1,"href":"https:\/\/arantv.az\/index.php?rest_route=\/wp\/v2\/posts\/810327\/revisions"}],"predecessor-version":[{"id":810330,"href":"https:\/\/arantv.az\/index.php?rest_route=\/wp\/v2\/posts\/810327\/revisions\/810330"}],"wp:featuredmedia":[{"embeddable":true,"href":"https:\/\/arantv.az\/index.php?rest_route=\/wp\/v2\/media\/810329"}],"wp:attachment":[{"href":"https:\/\/arantv.az\/index.php?rest_route=%2Fwp%2Fv2%2Fmedia&parent=810327"}],"wp:term":[{"taxonomy":"category","embeddable":true,"href":"https:\/\/arantv.az\/index.php?rest_route=%2Fwp%2Fv2%2Fcategories&post=810327"},{"taxonomy":"post_tag","embeddable":true,"href":"https:\/\/arantv.az\/index.php?rest_route=%2Fwp%2Fv2%2Ftags&post=810327"}],"curies":[{"name":"wp","href":"https:\/\/api.w.org\/{rel}","templated":true}]}}