{"id":810331,"date":"2025-06-11T09:47:30","date_gmt":"2025-06-11T05:47:30","guid":{"rendered":"https:\/\/arantv.az\/?p=810331"},"modified":"2025-06-11T09:47:30","modified_gmt":"2025-06-11T05:47:30","slug":"bas-nazir-bas-kesisl%c9%99-gul%c9%99sir","status":"publish","type":"post","link":"https:\/\/arantv.az\/?p=810331","title":{"rendered":"Ba\u015f nazir ba\u015f ke\u015fi\u015fl\u0259 \u201cg\u00fcl\u0259\u015fir\u2026\u201d"},"content":{"rendered":"<p><em><strong>\u018fsl ad\u0131 Ktri\u015f Nersesyan olan katalikos II Qareginin qara g\u00fcnl\u0259ri<\/strong><\/em><\/p>\n<p>D\u00fcnyan\u0131n \u0259n ba\u015f\u0131pozuq c\u0259miyy\u0259ti olan Hayastanda b\u00fct\u00fcn erm\u0259nil\u0259rin katalikosu II Qaregin haqq\u0131nda h\u0259m g\u00fclm\u0259li, h\u0259m d\u0259 ciddi s\u00f6z-s\u00f6hb\u0259tl\u0259r g\u0259zir. Dinin qada\u011fas\u0131na g\u00f6r\u0259 bu v\u0259zif\u0259ni \u00f6mr\u00fcn\u00fc din\u0259, ibad\u0259t\u0259 ba\u011flayan ke\u015fi\u015fl\u0259r tuta bil\u0259r. Lakin deyil\u0259nl\u0259r\u0259 g\u00f6r\u0259, II Qaregin subay deyil v\u0259 \u00f6vlad\u0131 da var. Dem\u0259li, o, dini qanuna v\u0259 xa\u00e7a x\u0259yan\u0259t edib. Xat\u0131rladaq ki, q\u0259dim \u0259srl\u0259rd\u0259 abbatlar v\u0259 ke\u015fi\u015fl\u0259r gizlic\u0259 evl\u0259ns\u0259l\u0259r d\u0259 fa\u015f olan kimi tonqalda yand\u0131r\u0131l\u0131rd\u0131lar. \u018fg\u0259r yay\u0131lan s\u00f6hb\u0259tl\u0259r do\u011fru \u00e7\u0131xsa onda katalikosu da c\u0259za g\u00f6zl\u0259yir. \u018fn az\u0131 v\u0259zif\u0259sini itir\u0259c\u0259k c\u0259miyy\u0259td\u0259 is\u0259 la\u011f v\u0259 g\u00fcl\u00fc\u015f obyektin\u0259 \u00e7evril\u0259c\u0259k. \u0130\u015f o yer\u0259 \u00e7at\u0131b ki, ba\u015f nazir Nikol Pa\u015finyan \u0259laq\u0259dar t\u0259\u015fkilatlara fakt\u0131n ara\u015fd\u0131r\u0131lmas\u0131n\u0131 tap\u015f\u0131r\u0131b: \u201cKils\u0259 b\u00fct\u00fcn erm\u0259nil\u0259rin katalikosu\u00a0 II Qareginin \u00f6vlad\u0131n\u0131n olub-olmad\u0131\u011f\u0131na t\u0259cili ayd\u0131nl\u0131q g\u0259tirm\u0259lidir\u201d.<\/p>\n<p>Bunu Erm\u0259nistan\u0131n\u00a0 ba\u015f naziri Nikol Pa\u015finyan sosial media hesab\u0131nda yaz\u0131b. O, daha sonra deyib: \u201cE\u00e7mi\u0259dzin kils\u0259si a\u00e7\u0131q \u015f\u0259kild\u0259 ayd\u0131nla\u015fd\u0131rmal\u0131d\u0131r ki, II Qaregin subayl\u0131q and\u0131n\u0131 pozubmu, \u00f6vlad\u0131 varm\u0131? Bu m\u0259s\u0259l\u0259y\u0259 t\u0259cili ayd\u0131nl\u0131q g\u0259tirilm\u0259lidir\u201d.<\/p>\n<p>Erm\u0259nistan\u0131n ba\u015f naziri az \u0259vv\u0259l\u00a0 sosial mediada bu bar\u0259d\u0259 yazm\u0131\u015f v\u0259 ba\u015f ke\u015fi\u015f haqq\u0131nda ver\u0259c\u0259yi q\u0259rar\u0131 da a\u00e7\u0131qlam\u0131\u015fd\u0131: \u201c\u018fg\u0259r m\u0259lum olsa ki, II Qaregin subayl\u0131q and\u0131n\u0131 pozub v\u0259 \u00f6vlad\u0131 var, o, art\u0131q b\u00fct\u00fcn erm\u0259nil\u0259rin katalikosu ola bilm\u0259z\u201d.<\/p>\n<p>Xat\u0131rladaq ki, Nikol Pa\u015finyanla erm\u0259ni kils\u0259si aras\u0131nda m\u00fcnasib\u0259tl\u0259r son ill\u0259rd\u0259, x\u00fcsus\u0259n d\u0259 h\u00f6kum\u0259t n\u00fcmay\u0259nd\u0259l\u0259rinin b\u00fct\u00fcn erm\u0259nil\u0259rin katalikosu, \u0259sl ad\u0131 Ktri\u015f Nersesyan\u00a0 olan II Qareginin istefas\u0131n\u0131 t\u0259l\u0259b etm\u0259sind\u0259n v\u0259 onun 44 g\u00fcnl\u00fck m\u00fcharib\u0259d\u0259 Az\u0259rbaycana m\u0259\u011flubiyy\u0259t\u0259 g\u00f6r\u0259 Erm\u0259nistan hakimiyy\u0259tini k\u0259skin t\u0259nqid etm\u0259si s\u0259b\u0259bind\u0259n pisl\u0259\u015fib. M\u0259lum olub ki, \u00f6lk\u0259d\u0259 siyasi g\u0259rginliyin davam etm\u0259sind\u0259 kils\u0259nin m\u00fc\u0259yy\u0259n rolu var.\u00a0 O vaxtdan hokum\u0259tl\u0259 kils\u0259 aras\u0131ndak\u0131 nifaq getdikc\u0259 d\u0259rinl\u0259\u015fib. Dem\u0259k olar ki, kils\u0259 da\u015fnaks\u00fctyun v\u0259 revan\u015fistl\u0259rl\u0259 birg\u0259 Pa\u015finyan iqtidar\u0131na qar\u015f\u0131 eyni c\u0259bh\u0259d\u0259 birl\u0259\u015fib. Kils\u0259nin hesab\u0131nda 100 milyard dollar v\u0259 \u00e7oxlu bahal\u0131 m\u00fclkl\u0259r var, y\u0259ni h\u0259l\u0259 \u00e7ox g\u00fccl\u00fcd\u00fcr.<\/p>\n<p>\u018fvv\u0259ll\u0259r \u0130r\u0259vanda eks-prezidentl\u0259r Robert Ko\u00e7aryan v\u0259 Serjik Sarkisyan t\u0259r\u0259find\u0259n\u00a0 t\u0259\u015fkil edil\u0259n aksiyalara gizli r\u0259hb\u0259rlik ed\u0259nl\u0259rd\u0259n biri d\u0259 E\u00e7mi\u0259dzin kils\u0259si olub.\u00a0 Ad\u0131n\u0131n hallanmas\u0131n\u0131 ist\u0259m\u0259y\u0259n\u00a0 katalikos II Qaregin \u015f\u0259xs\u0259n \u00f6z\u00fc olmasa da ba\u015fda Baqrat\u00a0 Qalstanyan olmaqla ona s\u0259daq\u0259tl\u0259 xidm\u0259t g\u00f6st\u0259r\u0259n ke\u015fi\u015fl\u0259rini t\u0259limatland\u0131raraq \u00f6lk\u0259nin ucqarlar\u0131na g\u00f6nd\u0259rm\u0259kl\u0259 \u0259halini Nikol Pa\u015finyan\u00a0 hakimiyy\u0259tin\u0259 tabe olmama\u011fa v\u0259 ita\u0259tsizliy\u0259\u00a0 \u00e7a\u011f\u0131r\u0131r.<\/p>\n<p>\u0130ndi onun \u201cipi\u201d Pa\u015finyan\u0131n \u0259lin\u0259 ke\u00e7ib. \u015eay\u0259tdir, h\u0259qiq\u0259t\u0259n d\u0259 katalikosun \u00f6vlad\u0131n\u0131n olmas\u0131 ortal\u0131\u011fa \u00e7\u0131xarsa \u015f\u00fcbh\u0259siz ki, \u00f6z\u00fc zinakar, \u00f6vlad\u0131\u00a0 is\u0259 bicbala hesab oluncaq.<\/p>\n<p>Art\u0131q be\u015f il\u0259 yax\u0131nd\u0131r ki, katalikosla ba\u015f nazir \u201cg\u00fcl\u0259\u015firl\u0259r.\u201d H\u0259l\u0259 ki, qalib m\u00fc\u0259yy\u0259n olunmay\u0131b. Bilin\u0259n odur ki, \u00f6z\u00fcn\u00fc \u0130san\u0131n qulu adland\u0131ran Ktri\u015f Nersesyan pey\u011f\u0259mb\u0259rin deyil, Moskvan\u0131n quludur v\u0259 \u00e7irkli oyunlar\u0131 il\u0259 kils\u0259ni \u015feytan yuvas\u0131na \u00e7evirib.<\/p>\n<p><strong>V\u0259li \u0130lyasov, \u201c\u0130ki sahil\u201d<\/strong><\/p>\n","protected":false},"excerpt":{"rendered":"<p>\u018fsl ad\u0131 Ktri\u015f Nersesyan olan katalikos II Qareginin qara g\u00fcnl\u0259ri D\u00fcnyan\u0131n \u0259n ba\u015f\u0131pozuq c\u0259miyy\u0259ti olan Hayastanda b\u00fct\u00fcn erm\u0259nil\u0259rin katalikosu II Qaregin haqq\u0131nda h\u0259m g\u00fclm\u0259li, h\u0259m d\u0259 ciddi s\u00f6z-s\u00f6hb\u0259tl\u0259r g\u0259zir. Dinin qada\u011fas\u0131na g\u00f6r\u0259 bu v\u0259zif\u0259ni \u00f6mr\u00fcn\u00fc din\u0259, ibad\u0259t\u0259 ba\u011flayan ke\u015fi\u015fl\u0259r tuta bil\u0259r. Lakin deyil\u0259nl\u0259r\u0259 g\u00f6r\u0259, II Qaregin subay deyil v\u0259 \u00f6vlad\u0131 da var. Dem\u0259li, o, dini qanuna v\u0259 xa\u00e7a x\u0259yan\u0259t edib. Xat\u0131rladaq ki, q\u0259dim \u0259srl\u0259rd\u0259 abbatlar v\u0259 ke\u015fi\u015fl\u0259r gizlic\u0259 evl\u0259ns\u0259l\u0259r d\u0259 fa\u015f olan kimi tonqalda yand\u0131r\u0131l\u0131rd\u0131lar. \u018fg\u0259r yay\u0131lan s\u00f6hb\u0259tl\u0259r do\u011fru \u00e7\u0131xsa onda katalikosu da c\u0259za g\u00f6zl\u0259yir. \u018fn az\u0131 v\u0259zif\u0259sini itir\u0259c\u0259k c\u0259miyy\u0259td\u0259&hellip;<\/p>\n","protected":false},"author":2,"featured_media":810332,"comment_status":"closed","ping_status":"closed","sticky":false,"template":"","format":"standard","meta":{"om_disable_all_campaigns":false,"_monsterinsights_skip_tracking":false,"_monsterinsights_sitenote_active":false,"_monsterinsights_sitenote_note":"","_monsterinsights_sitenote_category":0},"categories":[19],"tags":[],"aioseo_notices":[],"gutentor_comment":0,"rttpg_featured_image_url":{"full":["https:\/\/arantv.az\/wp-content\/uploads\/2025\/06\/0e795480174956346887616891210085415.jpg",975,540,false],"landscape":["https:\/\/arantv.az\/wp-content\/uploads\/2025\/06\/0e795480174956346887616891210085415.jpg",975,540,false],"portraits":["https:\/\/arantv.az\/wp-content\/uploads\/2025\/06\/0e795480174956346887616891210085415.jpg",975,540,false],"thumbnail":["https:\/\/arantv.az\/wp-content\/uploads\/2025\/06\/0e795480174956346887616891210085415-500x280.jpg",500,280,true],"medium":["https:\/\/arantv.az\/wp-content\/uploads\/2025\/06\/0e795480174956346887616891210085415-660x365.jpg",660,365,true],"large":["https:\/\/arantv.az\/wp-content\/uploads\/2025\/06\/0e795480174956346887616891210085415-840x465.jpg",640,354,true],"1536x1536":["https:\/\/arantv.az\/wp-content\/uploads\/2025\/06\/0e795480174956346887616891210085415.jpg",975,540,false],"2048x2048":["https:\/\/arantv.az\/wp-content\/uploads\/2025\/06\/0e795480174956346887616891210085415.jpg",975,540,false],"post-thumbnail":["https:\/\/arantv.az\/wp-content\/uploads\/2025\/06\/0e795480174956346887616891210085415-240x172.jpg",240,172,true],"advps-thumb-one":["https:\/\/arantv.az\/wp-content\/uploads\/2025\/06\/0e795480174956346887616891210085415.jpg",975,540,false]},"rttpg_author":{"display_name":"V\u00fcsal Rafiqo\u011flu","author_link":"https:\/\/arantv.az\/?author=2"},"rttpg_comment":0,"rttpg_category":"<a href=\"https:\/\/arantv.az\/?cat=19\" rel=\"category\">G\u00fcnd\u0259m<\/a>","rttpg_excerpt":"\u018fsl ad\u0131 Ktri\u015f Nersesyan olan katalikos II Qareginin qara g\u00fcnl\u0259ri D\u00fcnyan\u0131n \u0259n ba\u015f\u0131pozuq c\u0259miyy\u0259ti olan Hayastanda b\u00fct\u00fcn erm\u0259nil\u0259rin katalikosu II Qaregin haqq\u0131nda h\u0259m g\u00fclm\u0259li, h\u0259m d\u0259 ciddi s\u00f6z-s\u00f6hb\u0259tl\u0259r g\u0259zir. Dinin qada\u011fas\u0131na g\u00f6r\u0259 bu v\u0259zif\u0259ni \u00f6mr\u00fcn\u00fc din\u0259, ibad\u0259t\u0259 ba\u011flayan ke\u015fi\u015fl\u0259r tuta bil\u0259r. Lakin deyil\u0259nl\u0259r\u0259 g\u00f6r\u0259, II Qaregin subay deyil v\u0259 \u00f6vlad\u0131 da var. Dem\u0259li, o, dini&hellip;","_links":{"self":[{"href":"https:\/\/arantv.az\/index.php?rest_route=\/wp\/v2\/posts\/810331"}],"collection":[{"href":"https:\/\/arantv.az\/index.php?rest_route=\/wp\/v2\/posts"}],"about":[{"href":"https:\/\/arantv.az\/index.php?rest_route=\/wp\/v2\/types\/post"}],"author":[{"embeddable":true,"href":"https:\/\/arantv.az\/index.php?rest_route=\/wp\/v2\/users\/2"}],"replies":[{"embeddable":true,"href":"https:\/\/arantv.az\/index.php?rest_route=%2Fwp%2Fv2%2Fcomments&post=810331"}],"version-history":[{"count":1,"href":"https:\/\/arantv.az\/index.php?rest_route=\/wp\/v2\/posts\/810331\/revisions"}],"predecessor-version":[{"id":810333,"href":"https:\/\/arantv.az\/index.php?rest_route=\/wp\/v2\/posts\/810331\/revisions\/810333"}],"wp:featuredmedia":[{"embeddable":true,"href":"https:\/\/arantv.az\/index.php?rest_route=\/wp\/v2\/media\/810332"}],"wp:attachment":[{"href":"https:\/\/arantv.az\/index.php?rest_route=%2Fwp%2Fv2%2Fmedia&parent=810331"}],"wp:term":[{"taxonomy":"category","embeddable":true,"href":"https:\/\/arantv.az\/index.php?rest_route=%2Fwp%2Fv2%2Fcategories&post=810331"},{"taxonomy":"post_tag","embeddable":true,"href":"https:\/\/arantv.az\/index.php?rest_route=%2Fwp%2Fv2%2Ftags&post=810331"}],"curies":[{"name":"wp","href":"https:\/\/api.w.org\/{rel}","templated":true}]}}