{"id":810694,"date":"2025-06-12T15:56:03","date_gmt":"2025-06-12T11:56:03","guid":{"rendered":"https:\/\/arantv.az\/?p=810694"},"modified":"2025-06-12T15:56:03","modified_gmt":"2025-06-12T11:56:03","slug":"milli-qurtulus-gunu-az%c9%99rbaycan-tarixind%c9%99-donus-noqt%c9%99si","status":"publish","type":"post","link":"https:\/\/arantv.az\/?p=810694","title":{"rendered":"Milli Qurtulu\u015f G\u00fcn\u00fc: Az\u0259rbaycan tarixind\u0259 d\u00f6n\u00fc\u015f n\u00f6qt\u0259si"},"content":{"rendered":"<p>Dan\u0131lmaz h\u0259qiq\u0259tdir ki, Az\u0259rbaycan\u0131n m\u00fcasir v\u0259 m\u00fcst\u0259qil d\u00f6vl\u0259t kimi m\u00f6vcudlu\u011fu, inki\u015faf\u0131 v\u0259 sabitliyi 1993-c\u00fc ilin iyununda ba\u015f ver\u0259n hadis\u0259l\u0259rl\u0259 \u2013 y\u0259ni Milli Qurtulu\u015f G\u00fcn\u00fc il\u0259 s\u0131x ba\u011fl\u0131d\u0131r. Prezident \u0130lham \u018fliyevin d\u0259 qeyd etdiyi kimi: \u201cQurtulu\u015f G\u00fcn\u00fc Az\u0259rbaycan tarixind\u0259 d\u00f6n\u00fc\u015f n\u00f6qt\u0259si idi\u201d. H\u0259qiq\u0259t\u0259n d\u0259 bu g\u00fcn yaln\u0131z siyasi d\u0259yi\u015fiklikl\u0259rin deyil, h\u0259m d\u0259 milli d\u00f6vl\u0259t\u00e7iliyimizin xilas\u0131 v\u0259 g\u0259l\u0259c\u0259k inki\u015faf strategiyas\u0131n\u0131n t\u0259m\u0259lini qoyan bir m\u0259rh\u0259l\u0259dir.<\/p>\n<p>1991-ci ild\u0259 Az\u0259rbaycan d\u00f6vl\u0259t m\u00fcst\u0259qilliyini b\u0259rpa ets\u0259 d\u0259, o d\u00f6vrd\u0259 \u00f6lk\u0259d\u0259 siyasi v\u0259 iqtisadi xaos h\u00f6km s\u00fcr\u00fcrd\u00fc. Hakimiyy\u0259t u\u011frunda m\u00fcbariz\u0259l\u0259r, daxili qar\u015f\u0131durmalar, Erm\u0259nistanla m\u00fcharib\u0259d\u0259ki u\u011fursuzluqlar v\u0259 r\u0259hb\u0259rliyin s\u0259ri\u015ft\u0259sizliyi \u00f6lk\u0259ni f\u0259lak\u0259tin astanas\u0131na g\u0259tirmi\u015fdi. M\u0259hz bel\u0259 bir d\u00f6vrd\u0259 xalq\u0131n t\u0259kidli t\u0259l\u0259bi il\u0259 \u00fcmummilli lider Heyd\u0259r \u018fliyev hakimiyy\u0259t\u0259 qay\u0131td\u0131 v\u0259 1993-c\u00fc ilin 15 iyununda Az\u0259rbaycan Ali Sovetinin s\u0259dri se\u00e7ildi. Bu hadis\u0259 tariximiz\u0259 Milli Qurtulu\u015f G\u00fcn\u00fc kimi daxil oldu.<\/p>\n<p>Heyd\u0259r \u018fliyevin q\u0259tiyy\u0259tli v\u0259 uzaqg\u00f6r\u0259n siyas\u0259ti n\u0259tic\u0259sind\u0259 \u00f6lk\u0259d\u0259 sabitlik b\u0259rpa olundu, iqtisadi islahatlara ba\u015flan\u0131ld\u0131, ordu quruculu\u011fu g\u00fccl\u0259ndirildi v\u0259 beyn\u0259lxalq al\u0259md\u0259 Az\u0259rbaycan\u0131n n\u00fcfuzu artd\u0131. O ill\u0259rd\u0259 at\u0131lan \u0259sasl\u0131 add\u0131mlar bu g\u00fcn \u00f6lk\u0259nin inki\u015faf\u0131n\u0131n, siyasi m\u00fcst\u0259qilliyinin v\u0259 iqtisadi dir\u00e7\u0259li\u015finin \u0259sas\u0131n\u0131 t\u0259\u015fkil edir.\u00a0Prezident \u0130lham \u018fliyevin r\u0259hb\u0259rliyi il\u0259 bu siyas\u0259t daha da d\u0259rinl\u0259\u015fdirilib v\u0259 u\u011furla davam etdirilir. O, Milli Qurtulu\u015f G\u00fcn\u00fcn\u00fcn mahiyy\u0259tini bel\u0259 izah edir: \u201c\u018fg\u0259r o vaxt xalq Heyd\u0259r \u018fliyevi hakimiyy\u0259t\u0259 d\u0259v\u0259t etm\u0259s\u0259ydi, bu g\u00fcn Az\u0259rbaycan adl\u0131 d\u00f6vl\u0259t olmayacaqd\u0131.\u201d Bu s\u00f6zl\u0259r h\u0259min d\u00f6vr\u00fcn n\u0259 q\u0259d\u0259r a\u011f\u0131r v\u0259 taley\u00fckl\u00fc oldu\u011funu bir daha n\u00fcmayi\u015f etdirir.<\/p>\n<p>Bug\u00fcnk\u00fc Az\u0259rbaycan \u2013 regionun lider d\u00f6vl\u0259ti, m\u00fch\u00fcm enerji v\u0259 n\u0259qliyyat layih\u0259l\u0259rinin t\u0259\u015f\u0259bb\u00fcskar\u0131 v\u0259 icra\u00e7\u0131s\u0131, g\u00fccl\u00fc ordusu v\u0259 xalq-iqtidar birliyi il\u0259 se\u00e7il\u0259n bir \u00f6lk\u0259dir. Bu reall\u0131\u011f\u0131n \u0259sas\u0131nda m\u0259hz 15 iyun 1993-c\u00fc ild\u0259 at\u0131lan qurtulu\u015f add\u0131m\u0131 dayan\u0131r.<\/p>\n<p>Milli Qurtulu\u015f G\u00fcn\u00fc sad\u0259c\u0259 tarixi bir fakt deyil, h\u0259m d\u0259 az\u0259rbaycan\u00e7\u0131l\u0131q ideyas\u0131n\u0131n, xalq\u0131n \u00f6z d\u00f6vl\u0259tin\u0259 sahib \u00e7\u0131xma irad\u0259sinin v\u0259 lider-xalq birliyinin t\u0259nt\u0259n\u0259sidir. Bu g\u00fcn biz h\u0259m Heyd\u0259r \u018fliyev irsini, h\u0259m d\u0259 onun davam\u00e7\u0131s\u0131 olan Prezident \u0130lham \u018fliyevin u\u011furlu siyas\u0259tini qiym\u0259tl\u0259ndir\u0259r\u0259k g\u0259l\u0259c\u0259y\u0259 daha b\u00f6y\u00fck inamla bax\u0131r\u0131q.<\/p>\n<p><em><strong>Aydan N\u0259sibova,<br \/>\nYAP X\u0259tai rayon t\u0259\u015fkilat\u0131n\u0131n \u201cGeneral \u015e\u0131xlinski 56\/2\u201d\u00a0 \u00fcnvan\u0131 \u00fczr\u0259 \u0259razi partiya t\u0259\u015fkilat\u0131n\u0131n \u00fczv\u00fc<\/strong><\/em><\/p>\n","protected":false},"excerpt":{"rendered":"<p>Dan\u0131lmaz h\u0259qiq\u0259tdir ki, Az\u0259rbaycan\u0131n m\u00fcasir v\u0259 m\u00fcst\u0259qil d\u00f6vl\u0259t kimi m\u00f6vcudlu\u011fu, inki\u015faf\u0131 v\u0259 sabitliyi 1993-c\u00fc ilin iyununda ba\u015f ver\u0259n hadis\u0259l\u0259rl\u0259 \u2013 y\u0259ni Milli Qurtulu\u015f G\u00fcn\u00fc il\u0259 s\u0131x ba\u011fl\u0131d\u0131r. Prezident \u0130lham \u018fliyevin d\u0259 qeyd etdiyi kimi: \u201cQurtulu\u015f G\u00fcn\u00fc Az\u0259rbaycan tarixind\u0259 d\u00f6n\u00fc\u015f n\u00f6qt\u0259si idi\u201d. H\u0259qiq\u0259t\u0259n d\u0259 bu g\u00fcn yaln\u0131z siyasi d\u0259yi\u015fiklikl\u0259rin deyil, h\u0259m d\u0259 milli d\u00f6vl\u0259t\u00e7iliyimizin xilas\u0131 v\u0259 g\u0259l\u0259c\u0259k inki\u015faf strategiyas\u0131n\u0131n t\u0259m\u0259lini qoyan bir m\u0259rh\u0259l\u0259dir. 1991-ci ild\u0259 Az\u0259rbaycan d\u00f6vl\u0259t m\u00fcst\u0259qilliyini b\u0259rpa ets\u0259 d\u0259, o d\u00f6vrd\u0259 \u00f6lk\u0259d\u0259 siyasi v\u0259 iqtisadi xaos h\u00f6km s\u00fcr\u00fcrd\u00fc. Hakimiyy\u0259t u\u011frunda m\u00fcbariz\u0259l\u0259r, daxili qar\u015f\u0131durmalar, Erm\u0259nistanla m\u00fcharib\u0259d\u0259ki u\u011fursuzluqlar v\u0259 r\u0259hb\u0259rliyin s\u0259ri\u015ft\u0259sizliyi&hellip;<\/p>\n","protected":false},"author":2,"featured_media":810695,"comment_status":"closed","ping_status":"closed","sticky":false,"template":"","format":"standard","meta":{"om_disable_all_campaigns":false,"_monsterinsights_skip_tracking":false,"_monsterinsights_sitenote_active":false,"_monsterinsights_sitenote_note":"","_monsterinsights_sitenote_category":0},"categories":[19],"tags":[],"aioseo_notices":[],"gutentor_comment":0,"rttpg_featured_image_url":{"full":["https:\/\/arantv.az\/wp-content\/uploads\/2025\/06\/ea1818cb159221579717273152011111230-2.jpg",975,540,false],"landscape":["https:\/\/arantv.az\/wp-content\/uploads\/2025\/06\/ea1818cb159221579717273152011111230-2.jpg",975,540,false],"portraits":["https:\/\/arantv.az\/wp-content\/uploads\/2025\/06\/ea1818cb159221579717273152011111230-2.jpg",975,540,false],"thumbnail":["https:\/\/arantv.az\/wp-content\/uploads\/2025\/06\/ea1818cb159221579717273152011111230-2-500x280.jpg",500,280,true],"medium":["https:\/\/arantv.az\/wp-content\/uploads\/2025\/06\/ea1818cb159221579717273152011111230-2-660x365.jpg",660,365,true],"large":["https:\/\/arantv.az\/wp-content\/uploads\/2025\/06\/ea1818cb159221579717273152011111230-2-840x465.jpg",640,354,true],"1536x1536":["https:\/\/arantv.az\/wp-content\/uploads\/2025\/06\/ea1818cb159221579717273152011111230-2.jpg",975,540,false],"2048x2048":["https:\/\/arantv.az\/wp-content\/uploads\/2025\/06\/ea1818cb159221579717273152011111230-2.jpg",975,540,false],"post-thumbnail":["https:\/\/arantv.az\/wp-content\/uploads\/2025\/06\/ea1818cb159221579717273152011111230-2-240x172.jpg",240,172,true],"advps-thumb-one":["https:\/\/arantv.az\/wp-content\/uploads\/2025\/06\/ea1818cb159221579717273152011111230-2.jpg",975,540,false]},"rttpg_author":{"display_name":"V\u00fcsal Rafiqo\u011flu","author_link":"https:\/\/arantv.az\/?author=2"},"rttpg_comment":0,"rttpg_category":"<a href=\"https:\/\/arantv.az\/?cat=19\" rel=\"category\">G\u00fcnd\u0259m<\/a>","rttpg_excerpt":"Dan\u0131lmaz h\u0259qiq\u0259tdir ki, Az\u0259rbaycan\u0131n m\u00fcasir v\u0259 m\u00fcst\u0259qil d\u00f6vl\u0259t kimi m\u00f6vcudlu\u011fu, inki\u015faf\u0131 v\u0259 sabitliyi 1993-c\u00fc ilin iyununda ba\u015f ver\u0259n hadis\u0259l\u0259rl\u0259 \u2013 y\u0259ni Milli Qurtulu\u015f G\u00fcn\u00fc il\u0259 s\u0131x ba\u011fl\u0131d\u0131r. Prezident \u0130lham \u018fliyevin d\u0259 qeyd etdiyi kimi: \u201cQurtulu\u015f G\u00fcn\u00fc Az\u0259rbaycan tarixind\u0259 d\u00f6n\u00fc\u015f n\u00f6qt\u0259si idi\u201d. H\u0259qiq\u0259t\u0259n d\u0259 bu g\u00fcn yaln\u0131z siyasi d\u0259yi\u015fiklikl\u0259rin deyil, h\u0259m d\u0259 milli d\u00f6vl\u0259t\u00e7iliyimizin xilas\u0131 v\u0259&hellip;","_links":{"self":[{"href":"https:\/\/arantv.az\/index.php?rest_route=\/wp\/v2\/posts\/810694"}],"collection":[{"href":"https:\/\/arantv.az\/index.php?rest_route=\/wp\/v2\/posts"}],"about":[{"href":"https:\/\/arantv.az\/index.php?rest_route=\/wp\/v2\/types\/post"}],"author":[{"embeddable":true,"href":"https:\/\/arantv.az\/index.php?rest_route=\/wp\/v2\/users\/2"}],"replies":[{"embeddable":true,"href":"https:\/\/arantv.az\/index.php?rest_route=%2Fwp%2Fv2%2Fcomments&post=810694"}],"version-history":[{"count":1,"href":"https:\/\/arantv.az\/index.php?rest_route=\/wp\/v2\/posts\/810694\/revisions"}],"predecessor-version":[{"id":810696,"href":"https:\/\/arantv.az\/index.php?rest_route=\/wp\/v2\/posts\/810694\/revisions\/810696"}],"wp:featuredmedia":[{"embeddable":true,"href":"https:\/\/arantv.az\/index.php?rest_route=\/wp\/v2\/media\/810695"}],"wp:attachment":[{"href":"https:\/\/arantv.az\/index.php?rest_route=%2Fwp%2Fv2%2Fmedia&parent=810694"}],"wp:term":[{"taxonomy":"category","embeddable":true,"href":"https:\/\/arantv.az\/index.php?rest_route=%2Fwp%2Fv2%2Fcategories&post=810694"},{"taxonomy":"post_tag","embeddable":true,"href":"https:\/\/arantv.az\/index.php?rest_route=%2Fwp%2Fv2%2Ftags&post=810694"}],"curies":[{"name":"wp","href":"https:\/\/api.w.org\/{rel}","templated":true}]}}