{"id":810811,"date":"2025-06-13T09:43:23","date_gmt":"2025-06-13T05:43:23","guid":{"rendered":"https:\/\/arantv.az\/?p=810811"},"modified":"2025-06-13T09:43:23","modified_gmt":"2025-06-13T05:43:23","slug":"tarixi-kokl%c9%99r%c9%99-%c9%99saslanan-%c9%99m%c9%99kdasliq-numun%c9%99si","status":"publish","type":"post","link":"https:\/\/arantv.az\/?p=810811","title":{"rendered":"Tarixi k\u00f6kl\u0259r\u0259 \u0259saslanan \u0259m\u0259kda\u015fl\u0131q n\u00fcmun\u0259si"},"content":{"rendered":"<p><em><strong>\u00abAz\u0259rbaycan Respublikas\u0131 il\u0259 T\u00fcrkiy\u0259 Respublikas\u0131 aras\u0131nda m\u00fctt\u0259fiqlik m\u00fcnasib\u0259tl\u0259ri haqq\u0131nda \u015eu\u015fa B\u0259yannam\u0259si\u00bbnin imzalanmas\u0131 xalqlar\u0131m\u0131z\u0131n qarda\u015fl\u0131\u011f\u0131n\u0131n, yenilm\u0259zliyinin ifad\u0259sidir<\/strong><\/em><\/p>\n<p>Tarix boyu s\u0131naqlardan \u00e7\u0131xm\u0131\u015f bir h\u0259qiq\u0259t zaman\u0131ndan, m\u0259kan\u0131ndan as\u0131l\u0131 olmayaraq reall\u0131\u011f\u0131n\u0131 bu g\u00fcn d\u0259 qoruyur. \u00d6lk\u0259l\u0259ri birl\u0259\u015fdir\u0259n amill\u0259r \u00e7ox olsa da mili-m\u0259n\u0259vi d\u0259y\u0259rl\u0259ri, m\u0259d\u0259ni s\u0259rv\u0259tl\u0259ri eyni k\u00f6kd\u0259n qaynaqlanan T\u00fcrkiy\u0259-Az\u0259rbaycan qarda\u015fl\u0131\u011f\u0131 ill\u0259rin s\u0131na\u011f\u0131ndan \u00e7\u0131xm\u0131\u015f qarda\u015fl\u0131q n\u00fcmun\u0259sidir. T\u00fcrkiy\u0259-Az\u0259rbaycan \u0259laq\u0259l\u0259rini b\u0259\u015f\u0259riyy\u0259t \u00fc\u00e7\u00fcn bir n\u00fcmun\u0259 d\u0259 adland\u0131rmaq olar. \u00d6t\u0259n \u0259srin \u0259vv\u0259ll\u0259rind\u0259 az\u0259rbaycanl\u0131lar\u0131 erm\u0259ni da\u015fnaklar\u0131n\u0131n soyq\u0131r\u0131m\u0131ndan xilas ed\u0259n Qafqaz \u0130slam Ordusunun q\u0259hr\u0259manl\u0131qlar\u0131n\u0131 h\u0259r zaman d\u0259y\u0259rl\u0259ndir\u0259n xalq\u0131m\u0131z h\u0259min hadis\u0259l\u0259rd\u0259 h\u0259lak olan t\u00fcrk \u0259sg\u0259rl\u0259rinin xatir\u0259sini daim \u0259ziz tutur. Bunun ba\u015fl\u0131ca s\u0259b\u0259bi h\u0259r iki xalq\u0131n biri-birin\u0259 q\u0131r\u0131lmaz tell\u0259rl\u0259 ba\u011fl\u0131 olmas\u0131d\u0131r. Siyasi hakimiyy\u0259tl\u0259rd\u0259n as\u0131l\u0131 olmayaraq bu qarda\u015fl\u0131q xalqlar\u0131n simas\u0131nda m\u00f6hk\u0259ml\u0259nmi\u015f, b\u0259rkimi\u015fdir. \u00d6t\u0259n \u0259srin sonlar\u0131nda h\u0259r iki qarda\u015f aras\u0131nda davam ed\u0259n m\u00fcnasib\u0259tl\u0259r Ulu \u00d6nd\u0259r Heyd\u0259r \u018fliyevin aforizm\u0259 \u00e7evril\u0259n \u00abBir mill\u0259t, iki d\u00f6vl\u0259t\u00bb deyimini t\u0259sdiql\u0259m\u0259kl\u0259 \u00fcmumt\u00fcrk birliyinin m\u00f6hk\u0259ml\u0259ndirilm\u0259sinin Az\u0259rbaycan\u0131n xarici siyas\u0259tinin m\u00fch\u00fcm istiqam\u0259t\u0259rind\u0259n oldu\u011funu realla\u015fd\u0131rd\u0131. Ulu \u00d6nd\u0259r t\u00fcrkdilli d\u00f6vl\u0259tl\u0259rl\u0259 m\u00fcnasib\u0259tl\u0259rin g\u00fccl\u0259ndirilm\u0259sin\u0259 \u00fcst\u00fcnl\u00fck ver\u0259r\u0259k faydal\u0131 \u0259m\u0259kda\u015fl\u0131\u011f\u0131 geni\u015fl\u0259ndirm\u0259k, m\u00f6hk\u0259ml\u0259ndirm\u0259k , beyn\u0259lxalq t\u0259\u015fkilatlarda bu h\u0259mr\u0259yliyin g\u00fcc\u00fcn\u00fc g\u00f6st\u0259rm\u0259k \u00fc\u00e7\u00fcn tarixi xidm\u0259tl\u0259r\u0259 imza atm\u0131\u015fd\u0131r.<\/p>\n<p>\u00d6t\u0259n \u0259srin sonlar\u0131nda Erm\u0259nistan\u0131n torpaqlar\u0131m\u0131za t\u0259cav\u00fcz\u00fc n\u0259tic\u0259sind\u0259 i\u015f\u011fal\u00e7\u0131 t\u0259r\u0259find\u0259n blokadaya al\u0131nan Nax\u00e7\u0131van\u0131 T\u00fcrkiy\u0259 il\u0259 birl\u0259\u015fdir\u0259n \u00ab\u00dcmid\u00bb k\u00f6rp\u00fcs\u00fcn\u00fcn istifad\u0259y\u0259 verilm\u0259si il\u0259 ba\u011fl\u0131 sevincl\u0259rini \u00abBu g\u00fcn bizim arzu v\u0259 \u00fcmidl\u0259rimizin k\u00f6rp\u00fcs\u00fc a\u00e7\u0131l\u0131r\u00bb ifad\u0259si il\u0259 bildir\u0259n qarda\u015flar buna da inan\u0131rd\u0131lar ki, bu yol iki \u00f6lk\u0259 aras\u0131nda siyasi, iqtisadi, m\u0259d\u0259ni, h\u0259rbi \u0259m\u0259kda\u015fl\u0131\u011f\u0131n \u0259b\u0259diyy\u0259t r\u0259mzi olacaq. T\u00fcrkiy\u0259-Az\u0259rbaycan dostlu\u011funun sonrak\u0131 ill\u0259rd\u0259 b\u00fct\u00fcn sah\u0259l\u0259r \u00fczr\u0259 geni\u015fl\u0259n\u0259n co\u011frafiyas\u0131 bu \u0259minliyi t\u0259sdiql\u0259di.<\/p>\n<p>Prezident \u0130lham \u018fliyevin \u00abV\u0259t\u0259n m\u00fcharib\u0259sinin ilk g\u00fcnl\u0259rind\u0259n, daha do\u011frusu, ilk saatlar\u0131ndan biz T\u00fcrkiy\u0259nin d\u0259st\u0259yini hiss edirdik. T\u00fcrkiy\u0259nin C\u00fcmhurba\u015fqan\u0131 R\u0259c\u0259b Tayyib \u018frdo\u011fan ilk saatlardan Az\u0259rbaycan\u0131n haqq i\u015fin\u0259 \u00f6z d\u0259st\u0259yini verdi. Onun a\u00e7\u0131q, birm\u0259nal\u0131 v\u0259 s\u0259rt a\u00e7\u0131qlamalar\u0131 Az\u0259rbaycan xalq\u0131n\u0131 \u00e7ox sevindirdi. M\u0259nim qarda\u015f\u0131m demi\u015fdir ki, bu m\u00fcharib\u0259d\u0259 Az\u0259rbaycan haql\u0131d\u0131r, demi\u015fdir ki, Az\u0259rbaycan t\u0259k deyil v\u0259 T\u00fcrkiy\u0259 h\u0259r zaman Az\u0259rbaycan\u0131n yan\u0131ndad\u0131r. Bu, birliyimizin, qarda\u015fl\u0131\u011f\u0131m\u0131z\u0131n t\u0259zah\u00fcr\u00fcd\u00fcr. T\u00fcrkiy\u0259nin Az\u0259rbaycana verdiyi siyasi v\u0259 m\u0259n\u0259vi d\u0259st\u0259k h\u0259r bir Az\u0259rbaycan v\u0259t\u0259nda\u015f\u0131n\u0131 q\u00fcrurland\u0131r\u0131r, sevindirir\u00bb s\u00f6zl\u0259rinin real t\u0259sdiqi\u00a0Erm\u0259nistan \u00fcz\u0259rind\u0259 tarixi Q\u0259l\u0259b\u0259mizin qeyd olundu\u011fu\u00a0Z\u0259f\u0259r parad\u0131n\u0131 t\u00fcrkiy\u0259li h\u0259mkar\u0131 R\u0259c\u0259b Tayyib \u018frdo\u011fanla birg\u0259 izl\u0259y\u0259n Prezident \u0130lham \u018fliyevin m\u0259\u011frur g\u00f6r\u00fcn\u00fc\u015f\u00fc \u0259b\u0259di qalibiyy\u0259t simvolu idi. T\u00fcrkiy\u0259 kimi m\u00fctt\u0259fiqi olan Az\u0259rbaycan 30 il Erm\u0259nistan\u0131n i\u015f\u011fal\u0131 alt\u0131nda qalan torpaqlar\u0131n\u0131 beyn\u0259lxalq s\u0259viyy\u0259d\u0259 q\u0259bul olunan b\u0259yanatlardan, q\u0259rarlardan daha \u00f6n\u0259mli olan \u00f6z g\u00fcc\u00fc il\u0259 azad etdi. T\u00fcrkiy\u0259nin siyasi, m\u0259n\u0259vi d\u0259st\u0259yini daim y\u00fcks\u0259k qiym\u0259tl\u0259ndir\u0259n Az\u0259rbaycan xalq\u0131 da \u00e7\u0259tin g\u00fcnl\u0259rd\u0259 qarda\u015fl\u0131q k\u00f6m\u0259yini \u0259sirg\u0259m\u0259di. 2016-c\u0131 ild\u0259 qarda\u015f \u00f6lk\u0259d\u0259 ba\u015f ver\u0259n d\u00f6vl\u0259t \u00e7evrili\u015fin\u0259 c\u0259hd hadis\u0259l\u0259rind\u0259, \u00ab\u018fsrin f\u0259lak\u0259ti\u00bb adland\u0131r\u0131lan da\u011f\u0131d\u0131c\u0131 z\u0259lz\u0259l\u0259nin f\u0259sadlar\u0131n\u0131n aradan qald\u0131r\u0131lmas\u0131nda, Kahramanmara\u015fda \u00f6lk\u0259mizin d\u0259st\u0259yi il\u0259 sal\u0131nan \u00abAz\u0259rbaycan m\u0259h\u0259ll\u0259si\u00bbnin in\u015fas\u0131nda qarda\u015flar\u0131n\u0131n yan\u0131nda oldu.<\/p>\n<p>T\u00fcrkiy\u0259 Prezidenti R\u0259c\u0259b Tayyib \u018frdo\u011fan\u0131n ail\u0259likl\u0259 d\u0259f\u0259l\u0259rl\u0259 Az\u0259rbaycanda olmas\u0131, \u015eu\u015fada ke\u00e7iril\u0259n h\u0259mr\u0259ylik, birlik t\u0259dbirl\u0259rind\u0259 i\u015ftirak\u0131, b\u00f6y\u00fck tarixi \u0259h\u0259miyy\u0259t\u0259 malik \u00abAz\u0259rbaycan Respublikas\u0131 il\u0259 T\u00fcrkiy\u0259 Respublikas\u0131 aras\u0131nda m\u00fctt\u0259fiqlik m\u00fcnasib\u0259tl\u0259ri haqq\u0131nda \u015eu\u015fa B\u0259yannam\u0259si\u00bbnin imzalanmas\u0131 \u00abEl bir olsa, da\u011f oynadar yerind\u0259n\u00bb, \u00abBir \u0259lin n\u0259yi var, iki \u0259lin s\u0259si var\u00bb el deyiml\u0259rinin t\u0259sdiqi kimi yadda\u015flarda iz sald\u0131.<\/p>\n<p>\u00abBu s\u0259f\u0259rin tarixi \u0259h\u0259miyy\u0259ti var. \u00c7\u00fcnki bu g\u00fcn imzalanm\u0131\u015f Birg\u0259 B\u0259yannam\u0259 &#8211; M\u00fctt\u0259fiqlik haqq\u0131nda B\u0259yannam\u0259 \u0259laq\u0259l\u0259rimizi \u0259n y\u00fcks\u0259k zirv\u0259y\u0259 qald\u0131r\u0131r. B\u0259yannam\u0259nin ad\u0131 M\u00fctt\u0259fiqlik haqq\u0131nda B\u0259yannam\u0259dir v\u0259 bu ad \u00f6z\u00fc-\u00f6zl\u00fcy\u00fcnd\u0259 h\u0259r \u015feyi g\u00f6st\u0259rir, h\u0259r \u015feyi deyir. Biz bu g\u00fcn keyfiyy\u0259tc\u0259 yeni \u0259laq\u0259l\u0259r qurmu\u015fuq v\u0259 bu B\u0259yannam\u0259d\u0259 g\u00f6st\u0259ril\u0259n b\u00fct\u00fcn m\u00fcdd\u0259alar bizim g\u0259l\u0259c\u0259k i\u015f birliyimizin t\u0259minat\u00e7\u0131s\u0131d\u0131r\u00bb s\u00f6yl\u0259y\u0259n Prezident \u0130lham \u018fliyevin vur\u011fulad\u0131\u011f\u0131 kimi, T\u00fcrkiy\u0259 il\u0259 Az\u0259rbaycan aras\u0131ndak\u0131 tarixi, m\u0259n\u0259vi, ortaq etnik k\u00f6kl\u0259r\u0259 ba\u011fl\u0131l\u0131q, ox\u015far dilimiz, dinimiz, milli d\u0259y\u0259rl\u0259rimiz, milli maraqlar\u0131m\u0131z, xalqlar\u0131m\u0131z\u0131n h\u0259mr\u0259yliyi d\u00fcnya miqyas\u0131nda nadir \u0259m\u0259kda\u015fl\u0131q n\u00fcmun\u0259sidir. \u0130mzalanm\u0131\u015f B\u0259yannam\u0259 is\u0259 t\u00fcrk d\u00fcnyas\u0131n\u0131n \u00f6nd\u0259rl\u0259ri Mustafa Kamal Atat\u00fcrk\u00fcn v\u0259 Heyd\u0259r \u018fliyevin xalqlar\u0131m\u0131za \u0259rma\u011fan olan v\u0259siyy\u0259tl\u0259rin\u0259 sadiqlikdir.<\/p>\n<p>Bu v\u0259siyy\u0259t\u0259 sadiqliyin n\u00fcmun\u0259si olan \u015eu\u015fa B\u0259yannam\u0259sind\u0259 100 il bundan \u0259vv\u0259l g\u00fcneyli, quzeyli qarda\u015flar\u0131 ay\u0131rm\u0131\u015f Qars m\u00fcqavil\u0259sin\u0259 istinad olunmas\u0131, Z\u0259ng\u0259zur d\u0259hlizinin b\u0259rpas\u0131 il\u0259 ba\u011fl\u0131 g\u00f6st\u0259ril\u0259n q\u0259tiyy\u0259t d\u00f6vl\u0259tl\u0259raras\u0131 i\u015f birliyinin g\u0259l\u0259c\u0259k istiqam\u0259tl\u0259rini \u0259ks etdir\u0259n \u00abya\u015f\u0131l i\u015f\u0131qd\u0131r\u00bb. \u015eu\u015fada imzalanan M\u00fctt\u0259fiqlik B\u0259yannam\u0259sind\u0259 qeyd olunan \u00abT\u0259r\u0259fl\u0259r Az\u0259rbaycan v\u0259 T\u00fcrkiy\u0259ni birl\u0259\u015fdir\u0259n Az\u0259rbaycan Respublikas\u0131n\u0131n q\u0259rb rayonlar\u0131 il\u0259 Az\u0259rbaycan Respublikas\u0131n\u0131n Nax\u00e7\u0131van Muxtar Respublikas\u0131 aras\u0131nda d\u0259hlizin (Z\u0259ng\u0259zur d\u0259hlizi) a\u00e7\u0131lmas\u0131n\u0131n v\u0259 h\u0259min d\u0259hlizin davam\u0131 kimi Nax\u00e7\u0131van-Qars d\u0259mir yolunun tikintisinin iki \u00f6lk\u0259 aras\u0131nda n\u0259qliyyat-kommunikasiya \u0259laq\u0259l\u0259rinin intensivl\u0259\u015fm\u0259sin\u0259 m\u00fch\u00fcm t\u00f6hf\u0259 ver\u0259c\u0259yini qeyd edirl\u0259r\u00bb b\u0259ndi turan\u00e7\u0131l\u0131\u011fa a\u00e7\u0131lan daha bir qap\u0131, h\u0259mr\u0259ylik yoludur. \u015eu\u015fa B\u0259yannam\u0259sinin imzalanmas\u0131 bu qarda\u015fl\u0131\u011f\u0131n regionda yaratd\u0131\u011f\u0131 reall\u0131qlara, geosiyasi v\u0259ziyy\u0259tin t\u0259nziml\u0259nm\u0259sin\u0259 t\u00f6hf\u0259dir. Z\u0259ng\u0259zur d\u0259hlizinin a\u00e7\u0131lmas\u0131 il\u0259 ba\u011fl\u0131 B\u0259yannam\u0259d\u0259 \u00e7ox ayd\u0131n ifad\u0259l\u0259rin \u0259ksini tapmas\u0131 o dem\u0259kdir ki, b\u00fct\u00fcn t\u00fcrk d\u00fcnyas\u0131 bu qarda\u015fl\u0131\u011f\u0131n ayr\u0131lmaz par\u00e7as\u0131d\u0131r. Z\u0259ng\u0259zur d\u0259hlizinin b\u0259rpas\u0131n\u0131 \u015e\u0259rqd\u0259n Q\u0259rb\u0259 uzanan v\u0259 h\u0259r k\u0259sin istifad\u0259 ed\u0259 bil\u0259c\u0259yi yeni ortaq k\u00f6rp\u00fc adland\u0131r\u0131lmas\u0131, m\u00fcdafi\u0259 s\u0259nayesi, n\u0259qliyyat sah\u0259sind\u0259 qar\u015f\u0131l\u0131ql\u0131 \u0259laq\u0259l\u0259rin daha geni\u015f platformada inki\u015faf\u0131 il\u0259 ba\u011fl\u0131 b\u0259ndl\u0259rin realla\u015fmas\u0131 birg\u0259 q\u0259tiyy\u0259tin n\u0259tic\u0259sidir. F\u00fczuli, Z\u0259ngilan, La\u00e7\u0131n Beyn\u0259lxalq Hava limanlar\u0131n\u0131n istifad\u0259y\u0259 verilm\u0259si m\u0259rasiml\u0259rind\u0259 h\u0259r ik d\u00f6vl\u0259t ba\u015f\u00e7\u0131s\u0131n\u0131n birg\u0259 i\u015ftirak\u0131 strateji m\u00fctt\u0259fiqlik s\u0259viyy\u0259sin\u0259 \u00e7atd\u0131r\u0131lan \u0259laq\u0259l\u0259rin daha bir n\u00fcmun\u0259sidir. Prezident \u0130lham \u018fliyevin \u00abZ\u0259ng\u0259zur d\u0259hlizi m\u00fctl\u0259q olmal\u0131d\u0131r, Erm\u0259nistan ist\u0259s\u0259 d\u0259, ist\u0259m\u0259s\u0259 d\u0259\u00bb, R\u0259c\u0259b Tayyib \u018frdo\u011fan\u0131n \u00abG\u00fcn g\u0259l\u0259c\u0259k Z\u0259ng\u0259zurdan \u00e7\u0131x\u0131b \u0130stanbula q\u0259d\u0259r ged\u0259 bil\u0259c\u0259yik, \u0130\u011fd\u0131ra, Qarsa ged\u0259 bil\u0259c\u0259yik v\u0259 b\u00f6lg\u0259nin tranzit, logistika m\u0259rk\u0259zin\u0259 \u00e7evrilm\u0259 imkan\u0131 m\u00f6hk\u0259ml\u0259n\u0259c\u0259k\u00bb s\u00f6zl\u0259rin\u0259 \u0259minliyin ifad\u0259sidir. Bu q\u0259tiyy\u0259tin t\u0259m\u0259lind\u0259 m\u00fcnasib\u0259tl\u0259r\u0259 sadiqlik, firavan g\u0259l\u0259c\u0259k ist\u0259kl\u0259ri dayan\u0131r. Bu ist\u0259kl\u0259r h\u0259r iki xalq\u0131n m\u0259n\u0259vi s\u0259rv\u0259ti say\u0131lmaqla, d\u00fcnyada T\u00fcrkiy\u0259 v\u0259 Az\u0259rbaycan q\u0259d\u0259r biri-birin\u0259 ba\u011fl\u0131 \u00f6lk\u0259l\u0259rin olmad\u0131\u011f\u0131 h\u0259qiq\u0259tinin t\u0259c\u0259ss\u00fcm\u00fcd\u00fcr.<\/p>\n<p>\u015eu\u015fa B\u0259yannam\u0259sin\u0259 uy\u011fun olaraq son ill\u0259rd\u0259 iki \u00f6lk\u0259nin Silahl\u0131 Q\u00fcvv\u0259l\u0259rinin m\u00fcdafi\u0259 q\u00fcdr\u0259tinin art\u0131r\u0131lmas\u0131n\u0131 v\u0259 bu m\u0259qs\u0259dl\u0259 s\u0259lahiyy\u0259tli struktur v\u0259 qurumlar\u0131n \u0259laq\u0259li f\u0259aliyy\u0259tinin t\u0259min ed\u0259n t\u0259\u015f\u0259bb\u00fcsl\u0259rin d\u0259st\u0259kl\u0259nm\u0259si bu birliyi daha da g\u00fccl\u0259ndirir. \u00abTUR-AZ\u00bb, \u00abSars\u0131lmaz dostluq\u00bb adl\u0131 t\u0259lim-m\u0259\u015fql\u0259r, T\u00fcrkiy\u0259nin \u0130zmir b\u00f6lg\u0259sind\u0259 ke\u00e7iril\u0259n \u00abEfes-2022\u00bb\u201d \u00e7oxmill\u0259tli h\u0259rbi t\u0259liml\u0259rd\u0259 az\u0259rbaycanl\u0131 h\u0259rb\u00e7il\u0259rin u\u011furlu i\u015ftirak\u0131 ordu quruculu\u011fu sah\u0259sind\u0259 \u0259m\u0259kda\u015fl\u0131\u011f\u0131 daha da intensivl\u0259\u015fdirib.<\/p>\n<p>T\u00fcrk D\u00f6vl\u0259tl\u0259ri T\u0259\u015fkilat\u0131n\u0131n (TDT) \u015eu\u015fada ke\u00e7iril\u0259n qeyri-r\u0259smi Zirv\u0259 g\u00f6r\u00fc\u015f\u00fcnd\u0259 Qaraba\u011f B\u0259yannam\u0259sinin imzalanmas\u0131 M\u00fctt\u0259fiqlik B\u0259yannam\u0259sinin davam\u0131d\u0131r. Bu ilin may ay\u0131n\u0131n 21-d\u0259 Macar\u0131stan\u0131n paytaxt\u0131 Budape\u015ftd\u0259 TDT-d\u0259 t\u0259msil olunan d\u00f6vl\u0259t ba\u015f\u00e7\u0131lar\u0131n\u0131n qeyri-r\u0259smi Zirv\u0259 g\u00f6r\u00fc\u015f\u00fc ke\u00e7irilm\u0259si \u015eu\u015fa B\u0259yannam\u0259si il\u0259 daha m\u00f6hk\u0259ml\u0259n\u0259n bu birliyin art\u0131q beyn\u0259lxalq s\u0259viyy\u0259d\u0259 g\u00fcc m\u0259rk\u0259zin\u0259 \u00e7evrildiyinin g\u00f6st\u0259ricisidir. Tarixi \u015eu\u015fa g\u00f6r\u00fc\u015fl\u0259ri mahiyy\u0259ti v\u0259 \u0259h\u0259miyy\u0259ti bax\u0131m\u0131ndan f\u0259rqli olmaqla bu q\u0259dim m\u0259d\u0259niyy\u0259t m\u0259kan\u0131nda imzalanan M\u00fctt\u0259fiqlik B\u0259yannam\u0259si dem\u0259k olar ki T\u00fcrkiy\u0259- Az\u0259rbaycan \u0259m\u0259kda\u015fl\u0131\u011f\u0131n\u0131n yol x\u0259rit\u0259sidir. Az\u0259rbaycan v\u0259 T\u00fcrkiy\u0259 prezidentl\u0259ri \u0130lham \u018fliyevl\u0259 R\u0259c\u0259b Tayyib \u018frdo\u011fan\u0131n La\u00e7\u0131n Beyn\u0259lxalq Hava Liman\u0131n\u0131 a\u00e7\u0131l\u0131\u015f\u0131nda birg\u0259 i\u015ftiraklar\u0131 m\u00fctt\u0259fiqliyin, t\u00fcrk\u00e7\u00fcl\u00fcy\u00fcn daha bir u\u011furudur. \u018fminlikl\u0259 s\u00f6yl\u0259m\u0259k olar ki, g\u0259l\u0259c\u0259kd\u0259 Az\u0259rbaycan-T\u00fcrkiy\u0259 \u0259m\u0259kda\u015fl\u0131\u011f\u0131 daha da inki\u015faf ed\u0259c\u0259k v\u0259 t\u00fcrk d\u00fcnyas\u0131n\u0131n g\u00fccl\u0259nm\u0259sin\u0259 t\u00f6hf\u0259l\u0259r ver\u0259c\u0259k. Bu, yaln\u0131z regional deyil, qlobal t\u0259hl\u00fck\u0259sizlik v\u0259 iqtisadi inki\u015faf bax\u0131m\u0131ndan da m\u00fch\u00fcm \u0259h\u0259miyy\u0259t k\u0259sb edir.<\/p>\n<p><strong>Xuraman \u0130smay\u0131lq\u0131z\u0131, \u00ab\u0130ki sahil\u00bb<\/strong><\/p>\n","protected":false},"excerpt":{"rendered":"<p>\u00abAz\u0259rbaycan Respublikas\u0131 il\u0259 T\u00fcrkiy\u0259 Respublikas\u0131 aras\u0131nda m\u00fctt\u0259fiqlik m\u00fcnasib\u0259tl\u0259ri haqq\u0131nda \u015eu\u015fa B\u0259yannam\u0259si\u00bbnin imzalanmas\u0131 xalqlar\u0131m\u0131z\u0131n qarda\u015fl\u0131\u011f\u0131n\u0131n, yenilm\u0259zliyinin ifad\u0259sidir Tarix boyu s\u0131naqlardan \u00e7\u0131xm\u0131\u015f bir h\u0259qiq\u0259t zaman\u0131ndan, m\u0259kan\u0131ndan as\u0131l\u0131 olmayaraq reall\u0131\u011f\u0131n\u0131 bu g\u00fcn d\u0259 qoruyur. \u00d6lk\u0259l\u0259ri birl\u0259\u015fdir\u0259n amill\u0259r \u00e7ox olsa da mili-m\u0259n\u0259vi d\u0259y\u0259rl\u0259ri, m\u0259d\u0259ni s\u0259rv\u0259tl\u0259ri eyni k\u00f6kd\u0259n qaynaqlanan T\u00fcrkiy\u0259-Az\u0259rbaycan qarda\u015fl\u0131\u011f\u0131 ill\u0259rin s\u0131na\u011f\u0131ndan \u00e7\u0131xm\u0131\u015f qarda\u015fl\u0131q n\u00fcmun\u0259sidir. T\u00fcrkiy\u0259-Az\u0259rbaycan \u0259laq\u0259l\u0259rini b\u0259\u015f\u0259riyy\u0259t \u00fc\u00e7\u00fcn bir n\u00fcmun\u0259 d\u0259 adland\u0131rmaq olar. \u00d6t\u0259n \u0259srin \u0259vv\u0259ll\u0259rind\u0259 az\u0259rbaycanl\u0131lar\u0131 erm\u0259ni da\u015fnaklar\u0131n\u0131n soyq\u0131r\u0131m\u0131ndan xilas ed\u0259n Qafqaz \u0130slam Ordusunun q\u0259hr\u0259manl\u0131qlar\u0131n\u0131 h\u0259r zaman d\u0259y\u0259rl\u0259ndir\u0259n xalq\u0131m\u0131z h\u0259min hadis\u0259l\u0259rd\u0259 h\u0259lak olan t\u00fcrk \u0259sg\u0259rl\u0259rinin xatir\u0259sini daim \u0259ziz tutur. Bunun ba\u015fl\u0131ca s\u0259b\u0259bi&hellip;<\/p>\n","protected":false},"author":2,"featured_media":810648,"comment_status":"closed","ping_status":"closed","sticky":false,"template":"","format":"standard","meta":{"om_disable_all_campaigns":false,"_monsterinsights_skip_tracking":false,"_monsterinsights_sitenote_active":false,"_monsterinsights_sitenote_note":"","_monsterinsights_sitenote_category":0},"categories":[19],"tags":[],"aioseo_notices":[],"gutentor_comment":0,"rttpg_featured_image_url":{"full":["https:\/\/arantv.az\/wp-content\/uploads\/2025\/06\/989652ee174971791497291769310813727.jpg",975,540,false],"landscape":["https:\/\/arantv.az\/wp-content\/uploads\/2025\/06\/989652ee174971791497291769310813727.jpg",975,540,false],"portraits":["https:\/\/arantv.az\/wp-content\/uploads\/2025\/06\/989652ee174971791497291769310813727.jpg",975,540,false],"thumbnail":["https:\/\/arantv.az\/wp-content\/uploads\/2025\/06\/989652ee174971791497291769310813727-500x280.jpg",500,280,true],"medium":["https:\/\/arantv.az\/wp-content\/uploads\/2025\/06\/989652ee174971791497291769310813727-660x365.jpg",660,365,true],"large":["https:\/\/arantv.az\/wp-content\/uploads\/2025\/06\/989652ee174971791497291769310813727-840x465.jpg",640,354,true],"1536x1536":["https:\/\/arantv.az\/wp-content\/uploads\/2025\/06\/989652ee174971791497291769310813727.jpg",975,540,false],"2048x2048":["https:\/\/arantv.az\/wp-content\/uploads\/2025\/06\/989652ee174971791497291769310813727.jpg",975,540,false],"post-thumbnail":["https:\/\/arantv.az\/wp-content\/uploads\/2025\/06\/989652ee174971791497291769310813727-240x172.jpg",240,172,true],"advps-thumb-one":["https:\/\/arantv.az\/wp-content\/uploads\/2025\/06\/989652ee174971791497291769310813727.jpg",975,540,false]},"rttpg_author":{"display_name":"V\u00fcsal Rafiqo\u011flu","author_link":"https:\/\/arantv.az\/?author=2"},"rttpg_comment":0,"rttpg_category":"<a href=\"https:\/\/arantv.az\/?cat=19\" rel=\"category\">G\u00fcnd\u0259m<\/a>","rttpg_excerpt":"\u00abAz\u0259rbaycan Respublikas\u0131 il\u0259 T\u00fcrkiy\u0259 Respublikas\u0131 aras\u0131nda m\u00fctt\u0259fiqlik m\u00fcnasib\u0259tl\u0259ri haqq\u0131nda \u015eu\u015fa B\u0259yannam\u0259si\u00bbnin imzalanmas\u0131 xalqlar\u0131m\u0131z\u0131n qarda\u015fl\u0131\u011f\u0131n\u0131n, yenilm\u0259zliyinin ifad\u0259sidir Tarix boyu s\u0131naqlardan \u00e7\u0131xm\u0131\u015f bir h\u0259qiq\u0259t zaman\u0131ndan, m\u0259kan\u0131ndan as\u0131l\u0131 olmayaraq reall\u0131\u011f\u0131n\u0131 bu g\u00fcn d\u0259 qoruyur. \u00d6lk\u0259l\u0259ri birl\u0259\u015fdir\u0259n amill\u0259r \u00e7ox olsa da mili-m\u0259n\u0259vi d\u0259y\u0259rl\u0259ri, m\u0259d\u0259ni s\u0259rv\u0259tl\u0259ri eyni k\u00f6kd\u0259n qaynaqlanan T\u00fcrkiy\u0259-Az\u0259rbaycan qarda\u015fl\u0131\u011f\u0131 ill\u0259rin s\u0131na\u011f\u0131ndan \u00e7\u0131xm\u0131\u015f qarda\u015fl\u0131q n\u00fcmun\u0259sidir. T\u00fcrkiy\u0259-Az\u0259rbaycan \u0259laq\u0259l\u0259rini b\u0259\u015f\u0259riyy\u0259t \u00fc\u00e7\u00fcn&hellip;","_links":{"self":[{"href":"https:\/\/arantv.az\/index.php?rest_route=\/wp\/v2\/posts\/810811"}],"collection":[{"href":"https:\/\/arantv.az\/index.php?rest_route=\/wp\/v2\/posts"}],"about":[{"href":"https:\/\/arantv.az\/index.php?rest_route=\/wp\/v2\/types\/post"}],"author":[{"embeddable":true,"href":"https:\/\/arantv.az\/index.php?rest_route=\/wp\/v2\/users\/2"}],"replies":[{"embeddable":true,"href":"https:\/\/arantv.az\/index.php?rest_route=%2Fwp%2Fv2%2Fcomments&post=810811"}],"version-history":[{"count":1,"href":"https:\/\/arantv.az\/index.php?rest_route=\/wp\/v2\/posts\/810811\/revisions"}],"predecessor-version":[{"id":810813,"href":"https:\/\/arantv.az\/index.php?rest_route=\/wp\/v2\/posts\/810811\/revisions\/810813"}],"wp:featuredmedia":[{"embeddable":true,"href":"https:\/\/arantv.az\/index.php?rest_route=\/wp\/v2\/media\/810648"}],"wp:attachment":[{"href":"https:\/\/arantv.az\/index.php?rest_route=%2Fwp%2Fv2%2Fmedia&parent=810811"}],"wp:term":[{"taxonomy":"category","embeddable":true,"href":"https:\/\/arantv.az\/index.php?rest_route=%2Fwp%2Fv2%2Fcategories&post=810811"},{"taxonomy":"post_tag","embeddable":true,"href":"https:\/\/arantv.az\/index.php?rest_route=%2Fwp%2Fv2%2Ftags&post=810811"}],"curies":[{"name":"wp","href":"https:\/\/api.w.org\/{rel}","templated":true}]}}