{"id":810814,"date":"2025-06-13T09:46:41","date_gmt":"2025-06-13T05:46:41","guid":{"rendered":"https:\/\/arantv.az\/?p=810814"},"modified":"2025-06-13T09:46:41","modified_gmt":"2025-06-13T05:46:41","slug":"az%c9%99rbaycan-sozun-%c9%99sl-m%c9%99nasinda-dunya-miqyasinda-guclu-olk%c9%99l%c9%99r-sirasindadir","status":"publish","type":"post","link":"https:\/\/arantv.az\/?p=810814","title":{"rendered":"Az\u0259rbaycan, s\u00f6z\u00fcn \u0259sl m\u0259nas\u0131nda, d\u00fcnya miqyas\u0131nda g\u00fccl\u00fc \u00f6lk\u0259l\u0259r s\u0131ras\u0131ndad\u0131r"},"content":{"rendered":"<p><em><strong>1993-c\u00fc ilin 15 iyun tarixi \u00a0Az\u0259rbaycan\u0131n t\u0259n\u0259zz\u00fcld\u0259n xilas olaraq t\u0259r\u0259qqi yoluna \u00e7\u0131xmas\u0131, d\u00fcnya miqyas\u0131nda m\u00fcst\u0259qil siyas\u0259t h\u0259yata ke\u00e7ir\u0259n d\u00f6vl\u0259t kimi tan\u0131nmas\u0131, beyn\u0259lxalq al\u0259md\u0259 layiqli yerini tutmas\u0131 il\u0259 s\u0259ciyy\u0259l\u0259nir<\/strong><\/em><\/p>\n<p>44 g\u00fcnl\u00fck \u0130kinci Qaraba\u011f m\u00fcharib\u0259sind\u0259 m\u00f6ht\u0259\u015f\u0259m Z\u0259f\u0259rimizin, eyni zamanda, \u0259razi b\u00fct\u00f6vl\u00fcy\u00fcm\u00fcz\u00fcn v\u0259 suverenliyimizin tam b\u0259rpa edilm\u0259sinin ba\u015flan\u011f\u0131c\u0131 Milli Qurtulu\u015f G\u00fcn\u00fcd\u00fcr. \u00dcmummilli Lider Heyd\u0259r \u018fliyevin \u00a0ad\u0131 il\u0259 ba\u011fl\u0131 olan 15 iyun 1993-c\u00fc il tarixind\u0259n\u00a0 32 il ke\u00e7ir. Zaman hadis\u0259l\u0259rin d\u00fczg\u00fcn t\u0259hlilind\u0259 v\u0259 d\u0259y\u0259rl\u0259ndirilm\u0259sind\u0259 z\u0259ngin m\u0259nb\u0259dir. Bug\u00fcnk\u00fc Az\u0259rbaycan\u0131 32 il bundan \u00f6nc\u0259ki Az\u0259rbaycanla m\u00fcqayis\u0259 etdikd\u0259 \u00f6lk\u0259mizin m\u00fcst\u0259qilliyinin b\u0259rpas\u0131n\u0131n ilk ill\u0259rind\u0259 hans\u0131 faci\u0259l\u0259rl\u0259 \u00fcz-\u00fcz\u0259 qald\u0131\u011f\u0131n\u0131, 1993-c\u00fc ild\u0259 Ulu \u00d6nd\u0259r Heyd\u0259r \u018fliyev xalq\u0131n t\u0259kidli\u00a0 t\u0259l\u0259bi il\u0259 hakimiyy\u0259t\u0259 qay\u0131tmasayd\u0131 n\u0259l\u0259rin ba\u015f ver\u0259c\u0259yini daha ayd\u0131n g\u00f6r\u00fcr v\u0259 bir daha bu reall\u0131\u011f\u0131 \u00f6n\u0259 \u00e7\u0259kirik ki, h\u0259r bir \u00f6lk\u0259nin inki\u015faf\u0131nda Lider v\u0259 d\u00fc\u015f\u00fcn\u00fclm\u00fc\u015f siyas\u0259t amill\u0259ri \u0259sasd\u0131r. D\u00f6vl\u0259t ba\u015f\u00e7\u0131s\u0131 \u0130lham \u018fliyev \u00f6t\u0259n il yerli televiziya kanallar\u0131na m\u00fcsahib\u0259sind\u0259 \u00abYeni tarixi reall\u0131\u011f\u0131, yeni tarixi m\u0259rh\u0259l\u0259ni ya\u015fay\u0131r\u0131q. \u018fn b\u00f6y\u00fck reall\u0131q qeyd etdiyimiz kimi, Qaraba\u011f\u0131n tam azad olunmas\u0131, Qaraba\u011fdan separatizmin, terrorizmin t\u0259mizl\u0259nm\u0259si v\u0259 Sizin t\u0259birinizc\u0259 des\u0259k, tarixin zibilliyin\u0259 at\u0131lmas\u0131d\u0131r. \u018flb\u0259tt\u0259 ki, h\u0259r bir reall\u0131\u011f\u0131n arxas\u0131nda g\u00fcc, prinsipiall\u0131q, \u0259zm, irad\u0259 v\u0259 Sizin \u201cD\u0259mir yumru\u011funuzdur\u201d. M\u0259hz ona g\u00f6r\u0259 d\u0259 m\u0259n ist\u0259rdim el\u0259 ilk sual\u0131m\u0131 bug\u00fcnk\u00fc reall\u0131qlardan son 20 illik f\u0259aliyy\u0259t\u0259 n\u0259z\u0259r salmaqla ba\u015flayaq. Bu g\u00fcn \u0259razi b\u00fct\u00f6vl\u00fcy\u00fcn\u00fc tam b\u0259rpa etmi\u015f Az\u0259rbaycan\u0131m\u0131zdan, suverenliyimizi tam b\u0259rpa etmi\u015f Az\u0259rbaycan\u0131m\u0131zdan son 20 illik f\u0259aliyy\u0259t\u0259 n\u0259z\u0259r salsaq, hans\u0131 m\u0259nz\u0259r\u0259 canlan\u0131r? Biz bu 20 ild\u0259 haradan-haraya g\u0259lmi\u015fik\u00bb sual\u0131n\u0131 cavabland\u0131rark\u0259n bu m\u0259qamlara x\u00fcsusi diqq\u0259t y\u00f6n\u0259ltdi. Bildirdi ki, son 20 ilin tarixi g\u00f6z qaba\u011f\u0131ndad\u0131r v\u0259 \u0259sas m\u0259s\u0259l\u0259 ondad\u0131r ki, 2003-c\u00fc ild\u0259 Az\u0259rbaycan xalq\u0131 d\u00fczg\u00fcn se\u00e7im etmi\u015fdi. M\u00fcst\u0259qil tariximizin \u0259n h\u0259lledici m\u0259qam\u0131 m\u0259hz 2003-c\u00fc il idi. \u00c7\u00fcnki o vaxt \u00f6lk\u0259mizin g\u0259l\u0259c\u0259yi il\u0259 ba\u011fl\u0131 konseptual yana\u015fma tam \u00f6z\u00fcn\u00fc t\u0259sdiql\u0259mi\u015fdi.\u00a0 Heyd\u0259r \u018fliyev siyas\u0259ti davam etdirildi. \u018fg\u0259r tarix ba\u015fqa istiqam\u0259td\u0259 gets\u0259ydi, bilm\u0259k olmaz, xalq\u0131m\u0131z, d\u00f6vl\u0259timiz hans\u0131 b\u0259lalar, faci\u0259l\u0259rl\u0259 \u00fczl\u0259\u015f\u0259 bil\u0259rdi. H\u0259r halda, m\u00fcst\u0259qilliyimizin ilk iki ili \u0259yani \u015f\u0259kild\u0259 g\u00f6st\u0259rir ki, g\u00fccl\u00fc lider\u00a0 v\u0259 d\u00fc\u015f\u00fcn\u00fclm\u00fc\u015f siyas\u0259t olmadan ist\u0259nil\u0259n \u00f6lk\u0259, x\u00fcsusil\u0259 g\u0259nc m\u00fcst\u0259qil \u00f6lk\u0259 \u00e7ox ciddi t\u0259hl\u00fck\u0259l\u0259rl\u0259 \u00fczl\u0259\u015f\u0259 bil\u0259r. 2003-c\u00fc ild\u0259 \u0259sas\u0131 1993-c\u00fc ild\u0259 qoyulmu\u015f siyas\u0259t\u0259 bir daha d\u0259st\u0259k verildi. Bug\u00fcnk\u00fc reall\u0131qlar\u0131 biz 2003-c\u00fc ill\u0259 yox, 1993-c\u00fc ill\u0259 m\u00fcqayis\u0259 etm\u0259liyik. \u00c7\u00fcnki m\u0259hz o tarixd\u0259n ba\u015flayaraq Az\u0259rbaycan inki\u015faf yoluna q\u0259d\u0259m qoydu, sabitlik t\u0259min edildi, v\u0259t\u0259nda\u015f m\u00fcharib\u0259sin\u0259 son qoyuldu v\u0259 \u00f6lk\u0259miz beyn\u0259lxalq t\u0259cridd\u0259n \u00e7\u0131xd\u0131. 1993-2003-c\u00fc ill\u0259rin hadis\u0259l\u0259rin\u0259 n\u0259z\u0259r salsaq g\u00f6r\u0259rik ki, m\u0259hz bu ill\u0259r \u0259rzind\u0259 bug\u00fcnk\u00fc d\u00f6vl\u0259t\u00e7ilik prinsipl\u0259ri b\u0259rq\u0259rar olundu v\u0259 Az\u0259rbaycanda v\u0259t\u0259nda\u015f c\u0259miyy\u0259ti yarad\u0131ld\u0131, eyni zamanda, xalq-iqtidar birliyi art\u0131q \u00f6n\u0259mli bir amil\u0259 \u00e7evrildi.<\/p>\n<p>Bug\u00fcnk\u00fc Az\u0259rbaycan, s\u00f6z\u00fcn \u0259sl m\u0259nas\u0131nda, d\u00fcnya miqyas\u0131nda g\u00fccl\u00fc \u00f6lk\u0259l\u0259r s\u0131ras\u0131ndad\u0131r. H\u0259m beyn\u0259lxalq al\u0259md\u0259, h\u0259m regionda, eyni zamanda, daxili siyas\u0259t prioritetl\u0259rinin d\u00fczg\u00fcn se\u00e7ilm\u0259sind\u0259 bir \u00e7ox \u00f6lk\u0259l\u0259r \u00fc\u00e7\u00fcn n\u00fcmun\u0259 ola bil\u0259r. Suverenliyini b\u0259rpa etm\u0259kl\u0259 yeni d\u00f6vr\u0259 q\u0259d\u0259m qoyan Az\u0259rbaycan\u0131n qar\u015f\u0131s\u0131nda yeni h\u0259d\u0259fl\u0259r, \u00e7a\u011f\u0131r\u0131\u015flar dayan\u0131r. D\u00f6vl\u0259t ba\u015f\u00e7\u0131s\u0131 \u0130lham \u018fliyev bunu h\u0259m \u00f6t\u0259n il m\u00fcst\u0259qillik tariximizd\u0259 ilk d\u0259f\u0259 olaraq b\u00fct\u00fcn \u00f6lk\u0259 \u0259razisind\u0259 ke\u00e7iril\u0259n prezident se\u00e7kil\u0259rind\u0259 inaml\u0131 q\u0259l\u0259b\u0259sind\u0259n sonra andi\u00e7m\u0259 m\u0259rasimind\u0259, h\u0259m d\u0259 7-ci \u00e7a\u011f\u0131r\u0131\u015f Milli M\u0259clisin ilk iclas\u0131ndak\u0131 \u00e7\u0131x\u0131\u015f\u0131nda a\u00e7\u0131qlad\u0131. \u018fsas h\u0259d\u0259fl\u0259rd\u0259n biri B\u00f6y\u00fck Qay\u0131d\u0131\u015f Proqram\u0131n\u0131n u\u011furlu icras\u0131, Qaraba\u011f\u0131n v\u0259 \u015e\u0259rqi Z\u0259ng\u0259zurun dir\u00e7\u0259lm\u0259si, c\u0259nn\u0259t m\u0259kana \u00e7evrilm\u0259sidir. Az\u0259rbaycan art\u0131q iki ildir ki, \u0259razi b\u00fct\u00f6vl\u00fcy\u00fcn\u00fc v\u0259 suverenliyini tam b\u0259rpa etmi\u015f \u00f6lk\u0259 kimi diqq\u0259td\u0259dir. M\u00fcasir tariximizin yeni d\u00f6vr\u00fc m\u0259hz 2023-c\u00fc ilin 20 sentyabr\u0131ndan \u00a0ba\u015flay\u0131r.<\/p>\n<p>15 iyun 1993-c\u00fc il Milli Qurtulu\u015f G\u00fcn\u00fcnd\u0259n bizl\u0259ri ay\u0131ran 32 illik zaman Az\u0259rbaycan tarixin\u0259 biri-biring\u0259n m\u00f6ht\u0259\u015f\u0259m u\u011furlar\u0131 yazd\u0131. Bu g\u00fcn harada ya\u015famas\u0131ndan as\u0131l\u0131 olmayaraq h\u0259r bir az\u0259rbaycanl\u0131 qalib, suveren Az\u0259rbaycan\u0131n v\u0259t\u0259nda\u015f\u0131 olma\u011f\u0131 il\u0259 q\u00fcrur duyur, g\u0259l\u0259c\u0259y\u0259 do\u011fru b\u00f6y\u00fck inamla add\u0131mlay\u0131r. Bu inam\u0131, \u0259minliyi yaradan t\u0259bii ki, 1993-c\u00fc ild\u0259 Ulu \u00d6nd\u0259r Heyd\u0259r \u018fliyevin xalq\u0131n t\u0259kidli t\u0259l\u0259bi il\u0259 hakimiyy\u0259t\u0259 qay\u0131d\u0131\u015f\u0131 oldu.\u00a0 Milli Qurtulu\u015f G\u00fcn\u00fcnd\u0259 iki m\u00fch\u00fcm m\u0259qama diqq\u0259t y\u00f6n\u0259ldilir. Biri Az\u0259rbaycan\u0131n \u00f6z d\u00f6vl\u0259t m\u00fcst\u0259qilliyini yenid\u0259n b\u0259rpa etm\u0259sidirs\u0259, ikincisi Ulu \u00d6nd\u0259r Heyd\u0259r \u018fliyevin hakimiyy\u0259t\u0259 tarixi qay\u0131d\u0131\u015f\u0131 v\u0259 bu qay\u0131d\u0131\u015f\u0131n Az\u0259rbaycan\u0131n qar\u015f\u0131s\u0131nda a\u00e7d\u0131\u011f\u0131 imkanlard\u0131r. Milli Qurtulu\u015f G\u00fcn\u00fc tarixmizin \u0259n parlaq s\u0259hif\u0259si kimi qeyd olunur. Bu, onunla ba\u011fl\u0131d\u0131r ki, insanlar \u00f6z h\u0259yat t\u0259rzl\u0259rinin bug\u00fcnk\u00fc s\u0259viyy\u0259sini, Az\u0259rbaycan\u0131n davaml\u0131 u\u011furlar\u0131n\u0131 v\u0259 g\u0259l\u0259c\u0259k perspektivl\u0259rini\u00a0 Qurtulu\u015fla v\u0259 \u00dcmummilli Lider Heyd\u0259r \u018fliyevin hakimiyy\u0259t\u0259 tarixi qay\u0131d\u0131\u015f\u0131 il\u0259 \u0259laq\u0259l\u0259ndirirl\u0259r. M\u00fcst\u0259qiliyimizin ilk ill\u0259rind\u0259 Az\u0259rbaycan\u0131n ya\u015fad\u0131\u011f\u0131 durum h\u0259r k\u0259sin yadda\u015f\u0131ndad\u0131r. B\u00fct\u00fcn sah\u0259l\u0259rd\u0259 b\u00f6hran, xaos, anarxiya h\u00f6km s\u00fcrurd\u00fc.\u00a0 Xalq\u0131n sabaha \u00fcmidi yox idi.\u00a0 B\u00fct\u00fcn bunlar Ulu \u00d6nd\u0259r Heyd\u0259r \u018fliyevin hakimiyy\u0259t\u0259 tarixi qay\u0131d\u0131\u015f\u0131n\u0131\u00a0 \u015f\u0259rtl\u0259ndirdi v\u0259 reall\u0131\u011fa \u00e7evirdi. \u00dcmummilli Liderin d\u00fc\u015f\u00fcn\u00fclm\u00fc\u015f v\u0259 m\u0259qs\u0259dy\u00f6nl\u00fc siyas\u0259ti n\u0259tic\u0259sind\u0259 \u00f6lk\u0259d\u0259 sistemli iqtisadi islahatlar h\u0259yata ke\u00e7irildi. Az\u0259rbaycan\u0131n taleyind\u0259 \u0259hmiyy\u0259tli rol oynayan neft strategiyas\u0131 i\u015fl\u0259nib haz\u0131rland\u0131. Bu da \u00f6z n\u00f6vb\u0259sind\u0259 h\u0259m insanlar\u0131n, h\u0259m d\u0259 \u00f6lk\u0259mizin iqtisadi inki\u015faf\u0131na b\u00f6y\u00fck t\u00f6hf\u0259l\u0259r vermi\u015f oldu.<\/p>\n<p>\u00dcmummilli Lider Heyd\u0259r \u018fliyevin m\u00fc\u0259llifi oldu\u011fu neft strategiyas\u0131n\u0131n u\u011furlar\u0131 bu g\u00fcn Az\u0259rbaycan\u0131n b\u00fct\u00fcn b\u00f6lg\u0259l\u0259rinin, o c\u00fcml\u0259d\u0259n i\u015f\u011faldan azad edilmi\u015f \u0259razil\u0259rimizin yenid\u0259n qurulmas\u0131nda \u00f6z\u00fcn\u00fcn ayd\u0131n ifad\u0259sini tap\u0131r. 31\u00a0 il bundan \u00f6nc\u0259 X\u0259z\u0259r d\u0259nizinin Az\u0259rbaycan sektorunda yerl\u0259\u015f\u0259n \u201cAz\u0259ri\u201d, \u201c\u00c7\u0131raq\u201d v\u0259 \u201cG\u00fcn\u0259\u015fli\u201d yataqlar\u0131n\u0131n d\u0259rinlikd\u0259 yerl\u0259\u015f\u0259n hiss\u0259sinin k\u0259\u015ffiyyat\u0131, i\u015fl\u0259nm\u0259si v\u0259 hasilat\u0131n pay b\u00f6lg\u00fcs\u00fcn\u0259 dair sazi\u015fin imzalanmas\u0131 il\u0259 Az\u0259rbaycan\u0131n neft s\u0259nayesinin qap\u0131lar\u0131 xarici s\u0259rmay\u0259l\u0259rin \u00fcz\u00fcn\u0259 a\u00e7\u0131q elan olundu. \u201cG\u00fcl\u00fcstan\u201d saray\u0131nda ke\u00e7iril\u0259n imzalanma m\u0259rasimind\u0259 \u00e7\u0131x\u0131\u015f ed\u0259n \u00dcmummilli Lider at\u0131lan add\u0131m\u0131n \u0259h\u0259miyy\u0259tini bel\u0259 xarakteriz\u0259 etmi\u015fdir:\u00a0 \u201cBiz bel\u0259 bir add\u0131m atmaqla Az\u0259rbaycan\u0131n d\u00fcnya \u00fc\u00e7\u00fcn, d\u00fcnya iqtisadiyyat\u0131 \u00fc\u00e7\u00fcn a\u00e7\u0131q \u00f6lk\u0259 oldu\u011funu n\u00fcmayi\u015f etdiririk. Biz bu m\u00fcqavil\u0259ni imzalamaqla Az\u0259rbaycan Respublikas\u0131 il\u0259 d\u00fcnyan\u0131n inki\u015faf etmi\u015f d\u00f6vl\u0259tl\u0259ri, onlar\u0131n \u0259n b\u00f6y\u00fck \u015firk\u0259tl\u0259ri aras\u0131nda \u0259laq\u0259l\u0259r yarad\u0131r, Az\u0259rbaycan iqtisadiyyat\u0131n\u0131n d\u00fcnya iqtisadiyyat\u0131na, azad bazar iqtisadiyyat\u0131na qo\u015fulmas\u0131 \u00fc\u00e7\u00fcn \u0259sas yarad\u0131r\u0131q. Biz bu m\u00fcqavil\u0259ni imzalamaqla xarici \u00f6lk\u0259l\u0259rd\u0259n Az\u0259rbaycana investisiya qoyulmas\u0131 \u00fc\u00e7\u00fcn b\u00f6y\u00fck yol a\u00e7\u0131r\u0131q, dig\u0259r \u015firk\u0259tl\u0259rin d\u0259 Az\u0259rbaycanda f\u0259aliyy\u0259t g\u00f6st\u0259rm\u0259si \u00fc\u00e7\u00fcn z\u0259min yarad\u0131r\u0131q.\u00bb<\/p>\n<p>Son 21 ild\u0259n art\u0131q\u00a0 d\u00f6vrd\u0259 iqtisadi art\u0131m\u0131n qeyri-neft sektorunun hesab\u0131na olmas\u0131 \u00e7a\u011f\u0131r\u0131\u015f\u0131na uy\u011fun olaraq iqtisadiyyat\u0131n \u015fax\u0259l\u0259ndirilm\u0259si siyas\u0259ti u\u011furla h\u0259yata ke\u00e7irilir, n\u0259inki paytaxt Bak\u0131, eyni zamanda, b\u00f6lg\u0259l\u0259rimiz iqtisadi inki\u015faf\u0131 il\u0259 xarici investorlar\u0131n diqq\u0259tind\u0259dir. Bug\u00fcnk\u00fc reall\u0131qlar\u0131m\u0131z Az\u0259rbaycan\u0131n qar\u015f\u0131ya qoydu\u011fu b\u00fct\u00fcn h\u0259d\u0259fl\u0259r\u0259 y\u00fcks\u0259k s\u0259viyy\u0259d\u0259 \u00e7atd\u0131\u011f\u0131n\u0131 t\u0259sdiql\u0259yir. H\u0259r bir layih\u0259nin u\u011furlu sonluqla ba\u015fa \u00e7atmas\u0131 n\u00f6vb\u0259ti layih\u0259l\u0259nin g\u00fcnd\u0259m\u0259 g\u0259tirilm\u0259sini \u015f\u0259rtl\u0259ndirir. Az\u0259rbaycan beyn\u0259lxalq al\u0259md\u0259 t\u0259\u015f\u0259bb\u00fcsl\u0259ri ger\u00e7\u0259kliy\u0259 \u00e7evir\u0259n \u00f6lk\u0259 kimi tan\u0131n\u0131r v\u0259 n\u00fcfuz qazan\u0131r. D\u00f6vl\u0259t ba\u015f\u00e7\u0131s\u0131 \u0130lham \u018fliyev 2006-c\u0131 ild\u0259 Az\u0259rbaycan neftinin Ceyhan terminal\u0131na \u00e7atmas\u0131 m\u00fcnasib\u0259til\u0259 xalqa m\u00fcraci\u0259tind\u0259 bu m\u0259qam\u0131 x\u00fcsusi olaraq bildirmi\u015fdir ki, g\u0259lin f\u0259rz ed\u0259k ki, \u0259g\u0259r 1994-c\u00fc ild\u0259 \u00ab\u018fsrin m\u00fcqavil\u0259si\u00bb ba\u011flanmasayd\u0131, n\u0259 olard\u0131, \u0259g\u0259r \u00e7\u0259tin, a\u011f\u0131r \u015f\u0259raitd\u0259 Heyd\u0259r \u018fliyevin s\u0259yl\u0259ri n\u0259tic\u0259sind\u0259 biz Bak\u0131-Tbilisi-Ceyhan neft k\u0259m\u0259rinin tikintisin\u0259 ba\u015flamasayd\u0131q n\u0259 olard\u0131? Az\u0259rbaycan hans\u0131 probleml\u0259rl\u0259 \u00fczl\u0259\u015f\u0259rdi? \u0130ndi Az\u0259rbaycan\u0131n d\u00fcnyadak\u0131 m\u00f6vqel\u0259ri nec\u0259 ola bil\u0259rdi? \u018flb\u0259tt\u0259, bunu t\u0259s\u0259vv\u00fcr etm\u0259k \u00e7\u0259tin deyildir. Bu g\u00fcn Az\u0259rbaycan\u0131n inaml\u0131 inki\u015faf\u0131n\u0131n \u0259sas s\u0259b\u0259bi m\u0259hz 1990-c\u0131 ill\u0259rin ortalar\u0131nda Ulu \u00d6nd\u0259r Heyd\u0259r \u018fliyev t\u0259r\u0259find\u0259n ba\u015flanm\u0131\u015f neft strategiyas\u0131d\u0131r. Bu neft strategiyas\u0131 biz\u0259 b\u00f6y\u00fck imkanlar yaratd\u0131, b\u00f6y\u00fck imkanlar da yaradacaqd\u0131r v\u0259 biz bundan s\u0259m\u0259r\u0259li istifad\u0259 ed\u0259c\u0259yik.<\/p>\n<p>1999-cu ild\u0259 D\u00f6vl\u0259t Neft Fondunun yarad\u0131lmas\u0131 da \u00dcmummilli Lider\u00a0 Heyd\u0259r \u018fliyevin uzaqg\u00f6r\u0259n siyas\u0259tinin n\u0259tic\u0259sidir. Neft g\u0259lirl\u0259rind\u0259n s\u0259m\u0259r\u0259li istifad\u0259ni t\u0259min etm\u0259k m\u0259qs\u0259dil\u0259 yarad\u0131lan bu qurumun v\u0259saitl\u0259ri hesab\u0131na h\u0259yata ke\u00e7iril\u0259n sosial-iqtisadi layih\u0259l\u0259r \u00f6lk\u0259nin h\u0259rt\u0259r\u0259fli inki\u015faf\u0131na geni\u015f imkanlar a\u00e7\u0131r. \u00d6lk\u0259mizd\u0259 neft g\u0259lirl\u0259rinin \u0259dal\u0259t prinsipi \u0259sas\u0131nda b\u00f6l\u00fcnm\u0259si \u0259halinin sosial m\u00fcdafi\u0259sinin g\u00fccl\u0259ndirilm\u0259si istiqam\u0259tind\u0259 davaml\u0131 add\u0131mlar\u0131n at\u0131lmas\u0131n\u0131 t\u0259min edir. Ulu \u00d6nd\u0259rin \u0259sas\u0131n\u0131 qoydu\u011fu neft strategiyas\u0131n\u0131n u\u011furla davam etdirilm\u0259si istiqam\u0259tind\u0259 daha bir tarixi sazi\u015f imzaland\u0131. 2017-ci ilin sentyabr ay\u0131n\u0131n 14-d\u0259\u00a0 Heyd\u0259r \u018fliyev M\u0259rk\u0259zind\u0259 X\u0259z\u0259r d\u0259nizinin Az\u0259rbaycan sektorunda \u201cAz\u0259ri\u201d, \u201c\u00c7\u0131raq\u201d v\u0259 \u201cG\u00fcn\u0259\u015fli\u201d yataqlar\u0131n\u0131n d\u0259rinlikd\u0259 yerl\u0259\u015f\u0259n hiss\u0259sinin birg\u0259 i\u015fl\u0259nm\u0259si v\u0259 neft hasilat\u0131n\u0131n pay b\u00f6lg\u00fcs\u00fc haqq\u0131nda kontrakt\u0131n imzalanmas\u0131 m\u0259rasimi ke\u00e7irildi. H\u0259min s\u0259n\u0259d\u0259 \u0259sas\u0259n, neft yata\u011f\u0131n\u0131n i\u015fl\u0259nilm\u0259si 2050-ci il\u0259 q\u0259d\u0259r uzad\u0131ld\u0131. Yeni sazi\u015fin imzalanmas\u0131 m\u0259rasimind\u0259 \u201c\u018fsrin kontrakt\u0131\u201d Ulu \u00d6nd\u0259r Heyd\u0259r \u018fliyevin Az\u0259rbaycan xalq\u0131 qar\u015f\u0131s\u0131nda misilsiz xidm\u0259tl\u0259rind\u0259n biridir\u00bb s\u00f6yl\u0259y\u0259n d\u00f6vl\u0259t ba\u015f\u00e7\u0131s\u0131 \u0130lham \u018fliyev bu m\u0259qam\u0131 x\u00fcsusi qeyd etmi\u015fdir ki, b\u00fct\u00fcn Az\u0259rbaycan xalq\u0131 bu kontrakt\u0131n g\u00f6z\u0259l n\u0259tic\u0259l\u0259rini \u00f6z h\u0259yat\u0131nda g\u00f6r\u00fcr: \u00abHesab edir\u0259m ki, bug\u00fcnk\u00fc m\u0259rasimin Ulu \u00d6nd\u0259rin ad\u0131n\u0131 da\u015f\u0131yan Heyd\u0259r \u018fliyev M\u0259rk\u0259zind\u0259 ke\u00e7irilm\u0259si d\u0259 r\u0259mzi xarakter da\u015f\u0131y\u0131r. 1994-c\u00fc il sentyabr\u0131n 20-d\u0259 G\u00fcl\u00fcstan saray\u0131nda o tarixi g\u00fcnd\u0259 ulu \u00f6nd\u0259r Heyd\u0259r \u018fliyev \u00f6z \u00e7\u0131x\u0131\u015f\u0131nda kontrakt\u0131n \u0259h\u0259miyy\u0259tini qeyd etmi\u015fdir. Qeyd etmi\u015fdir ki, bu kontrakt\u0131n Az\u0259rbaycana \u00e7ox b\u00f6y\u00fck xeyri, faydas\u0131 olacaq. 23 ild\u0259n sonra biz bunun \u0259yani s\u00fcbutunu g\u00f6r\u00fcr\u00fck. 23 ild\u0259n sonra Ulu \u00d6nd\u0259rin ad\u0131n\u0131 da\u015f\u0131yan bu m\u00f6ht\u0259\u015f\u0259m, d\u00fcnya miqyas\u0131nda \u0259n g\u00f6z\u0259l memarl\u0131q abid\u0259l\u0259rind\u0259n biri olan Heyd\u0259r \u018fliyev M\u0259rk\u0259zind\u0259 imzalanma m\u0259rasimi ke\u00e7irilir. Yen\u0259 d\u0259 \u201cAz\u0259ri-\u00c7\u0131raq-G\u00fcn\u0259\u015fli\u201d yata\u011f\u0131 \u00fczr\u0259. Bu, eyni zamanda, onu g\u00f6st\u0259rir ki, bu g\u00fcn Az\u0259rbaycanda Heyd\u0259r \u018fliyev siyas\u0259ti ya\u015fay\u0131r v\u0259 ya\u015fayacaq.\u00bb<\/p>\n<p>Qurtulu\u015fdan ba\u015flanan tarixi yol u\u011furludur. Az\u0259rbaycan\u0131n bug\u00fcnk\u00fc\u00a0 inki\u015faf\u0131,\u00a0 Prezident \u0130lham \u018fliyevin h\u0259yata ke\u00e7irdiyi siyas\u0259t d\u0259\u00a0 Qurtulu\u015fdan ba\u015flay\u0131r, ondan g\u00fcc al\u0131r. \u00a0\u00a0Qurtulu\u015fun n\u0259tic\u0259si olaraq Az\u0259rbaycan el\u0259 bir\u00a0 \u00f6lk\u0259y\u0259 \u00e7evrilib ki, \u00f6z inki\u015faf\u0131n\u0131 davaml\u0131 etm\u0259k \u00fc\u00e7\u00fcn yeni-yeni h\u0259d\u0259fl\u0259ri m\u00fc\u0259yy\u0259nl\u0259\u015fdirir v\u0259 onlara \u00e7atmaq \u00fc\u00e7\u00fcn icra mexanizmi ortaya qoyur. Tarixi Z\u0259f\u0259rimizin yaratd\u0131\u011f\u0131 reall\u0131qlar yeni s\u0259n\u0259dl\u0259rin q\u0259bulunda da \u00f6z\u00fcn\u00fcn ayd\u0131n ifad\u0259sini tapd\u0131. Bel\u0259 ki, \u00abAz\u0259rbaycan 2030: sosial-iqtisadi inki\u015fafa dair Milli Prioritetl\u0259r\u00bb bunun bariz n\u00fcmun\u0259sidir. \u0130\u015f\u011faldan azad edilmi\u015f torpaqlar\u0131m\u0131z da daxil olmaqla b\u00fct\u00fcn regionlar\u0131n sosial-iqtisadi inki\u015faf\u0131n\u0131n s\u00fcr\u0259tl\u0259ndirilm\u0259si, onlar\u0131n malik olduqlar\u0131 potensialdan s\u0259m\u0259r\u0259li istifad\u0259 etm\u0259kl\u0259 \u00f6lk\u0259mizin dayanaql\u0131 inki\u015faf\u0131n\u0131n t\u0259min edilm\u0259sin\u0259 t\u00f6hf\u0259l\u0259rin verilm\u0259si prioritetdir. Haz\u0131rda i\u015f\u011faldan azad edlimi\u015f b\u00fct\u00fcn torpaqlar\u0131m\u0131z\u0131 c\u0259nn\u0259t m\u0259kana \u00e7evrilir. D\u00f6vr\u00fcn m\u00fcasir t\u0259l\u0259bl\u0259ri \u0259sas\u0131nda yenid\u0259n qurulan, b\u0259rpa edil\u0259n bu torpaqlarda h\u0259yat canlan\u0131r, soyda\u015flar\u0131m\u0131z qay\u0131d\u0131\u015fdan b\u00f6y\u00fck sevinc hissini ke\u00e7irirl\u0259r. Milli Qurtulu\u015f G\u00fcn\u00fc tariximiz\u0259 D\u00f6vl\u0259t Suverenliyi G\u00fcn\u00fcn\u00fcn yaz\u0131lmas\u0131na yol a\u00e7d\u0131. Bundan b\u00f6y\u00fck sevinc, xo\u015fb\u0259xtlik ola bil\u0259rmi? Qurtulu\u015f G\u00fcn\u00fcn\u00fcn m\u00fcasir s\u0259das\u0131 azad edilmi\u015f \u0259razil\u0259rimiz\u0259 yeni h\u0259yat\u0131n qay\u0131tmas\u0131d\u0131r.<\/p>\n<p><strong>Yegan\u0259 \u018fliyeva, \u00ab\u0130ki sahil\u00bb<\/strong><\/p>\n","protected":false},"excerpt":{"rendered":"<p>1993-c\u00fc ilin 15 iyun tarixi \u00a0Az\u0259rbaycan\u0131n t\u0259n\u0259zz\u00fcld\u0259n xilas olaraq t\u0259r\u0259qqi yoluna \u00e7\u0131xmas\u0131, d\u00fcnya miqyas\u0131nda m\u00fcst\u0259qil siyas\u0259t h\u0259yata ke\u00e7ir\u0259n d\u00f6vl\u0259t kimi tan\u0131nmas\u0131, beyn\u0259lxalq al\u0259md\u0259 layiqli yerini tutmas\u0131 il\u0259 s\u0259ciyy\u0259l\u0259nir 44 g\u00fcnl\u00fck \u0130kinci Qaraba\u011f m\u00fcharib\u0259sind\u0259 m\u00f6ht\u0259\u015f\u0259m Z\u0259f\u0259rimizin, eyni zamanda, \u0259razi b\u00fct\u00f6vl\u00fcy\u00fcm\u00fcz\u00fcn v\u0259 suverenliyimizin tam b\u0259rpa edilm\u0259sinin ba\u015flan\u011f\u0131c\u0131 Milli Qurtulu\u015f G\u00fcn\u00fcd\u00fcr. \u00dcmummilli Lider Heyd\u0259r \u018fliyevin \u00a0ad\u0131 il\u0259 ba\u011fl\u0131 olan 15 iyun 1993-c\u00fc il tarixind\u0259n\u00a0 32 il ke\u00e7ir. Zaman hadis\u0259l\u0259rin d\u00fczg\u00fcn t\u0259hlilind\u0259 v\u0259 d\u0259y\u0259rl\u0259ndirilm\u0259sind\u0259 z\u0259ngin m\u0259nb\u0259dir. Bug\u00fcnk\u00fc Az\u0259rbaycan\u0131 32 il bundan \u00f6nc\u0259ki Az\u0259rbaycanla m\u00fcqayis\u0259 etdikd\u0259 \u00f6lk\u0259mizin m\u00fcst\u0259qilliyinin b\u0259rpas\u0131n\u0131n ilk ill\u0259rind\u0259 hans\u0131 faci\u0259l\u0259rl\u0259 \u00fcz-\u00fcz\u0259 qald\u0131\u011f\u0131n\u0131,&hellip;<\/p>\n","protected":false},"author":2,"featured_media":810543,"comment_status":"closed","ping_status":"closed","sticky":false,"template":"","format":"standard","meta":{"om_disable_all_campaigns":false,"_monsterinsights_skip_tracking":false,"_monsterinsights_sitenote_active":false,"_monsterinsights_sitenote_note":"","_monsterinsights_sitenote_category":0},"categories":[19],"tags":[],"aioseo_notices":[],"gutentor_comment":0,"rttpg_featured_image_url":{"full":["https:\/\/arantv.az\/wp-content\/uploads\/2025\/06\/ea1818cb159221579717273152011111230-1.jpg",975,540,false],"landscape":["https:\/\/arantv.az\/wp-content\/uploads\/2025\/06\/ea1818cb159221579717273152011111230-1.jpg",975,540,false],"portraits":["https:\/\/arantv.az\/wp-content\/uploads\/2025\/06\/ea1818cb159221579717273152011111230-1.jpg",975,540,false],"thumbnail":["https:\/\/arantv.az\/wp-content\/uploads\/2025\/06\/ea1818cb159221579717273152011111230-1-500x280.jpg",500,280,true],"medium":["https:\/\/arantv.az\/wp-content\/uploads\/2025\/06\/ea1818cb159221579717273152011111230-1-660x365.jpg",660,365,true],"large":["https:\/\/arantv.az\/wp-content\/uploads\/2025\/06\/ea1818cb159221579717273152011111230-1-840x465.jpg",640,354,true],"1536x1536":["https:\/\/arantv.az\/wp-content\/uploads\/2025\/06\/ea1818cb159221579717273152011111230-1.jpg",975,540,false],"2048x2048":["https:\/\/arantv.az\/wp-content\/uploads\/2025\/06\/ea1818cb159221579717273152011111230-1.jpg",975,540,false],"post-thumbnail":["https:\/\/arantv.az\/wp-content\/uploads\/2025\/06\/ea1818cb159221579717273152011111230-1-240x172.jpg",240,172,true],"advps-thumb-one":["https:\/\/arantv.az\/wp-content\/uploads\/2025\/06\/ea1818cb159221579717273152011111230-1.jpg",975,540,false]},"rttpg_author":{"display_name":"V\u00fcsal Rafiqo\u011flu","author_link":"https:\/\/arantv.az\/?author=2"},"rttpg_comment":0,"rttpg_category":"<a href=\"https:\/\/arantv.az\/?cat=19\" rel=\"category\">G\u00fcnd\u0259m<\/a>","rttpg_excerpt":"1993-c\u00fc ilin 15 iyun tarixi \u00a0Az\u0259rbaycan\u0131n t\u0259n\u0259zz\u00fcld\u0259n xilas olaraq t\u0259r\u0259qqi yoluna \u00e7\u0131xmas\u0131, d\u00fcnya miqyas\u0131nda m\u00fcst\u0259qil siyas\u0259t h\u0259yata ke\u00e7ir\u0259n d\u00f6vl\u0259t kimi tan\u0131nmas\u0131, beyn\u0259lxalq al\u0259md\u0259 layiqli yerini tutmas\u0131 il\u0259 s\u0259ciyy\u0259l\u0259nir 44 g\u00fcnl\u00fck \u0130kinci Qaraba\u011f m\u00fcharib\u0259sind\u0259 m\u00f6ht\u0259\u015f\u0259m Z\u0259f\u0259rimizin, eyni zamanda, \u0259razi b\u00fct\u00f6vl\u00fcy\u00fcm\u00fcz\u00fcn v\u0259 suverenliyimizin tam b\u0259rpa edilm\u0259sinin ba\u015flan\u011f\u0131c\u0131 Milli Qurtulu\u015f G\u00fcn\u00fcd\u00fcr. \u00dcmummilli Lider Heyd\u0259r \u018fliyevin \u00a0ad\u0131 il\u0259 ba\u011fl\u0131&hellip;","_links":{"self":[{"href":"https:\/\/arantv.az\/index.php?rest_route=\/wp\/v2\/posts\/810814"}],"collection":[{"href":"https:\/\/arantv.az\/index.php?rest_route=\/wp\/v2\/posts"}],"about":[{"href":"https:\/\/arantv.az\/index.php?rest_route=\/wp\/v2\/types\/post"}],"author":[{"embeddable":true,"href":"https:\/\/arantv.az\/index.php?rest_route=\/wp\/v2\/users\/2"}],"replies":[{"embeddable":true,"href":"https:\/\/arantv.az\/index.php?rest_route=%2Fwp%2Fv2%2Fcomments&post=810814"}],"version-history":[{"count":1,"href":"https:\/\/arantv.az\/index.php?rest_route=\/wp\/v2\/posts\/810814\/revisions"}],"predecessor-version":[{"id":810815,"href":"https:\/\/arantv.az\/index.php?rest_route=\/wp\/v2\/posts\/810814\/revisions\/810815"}],"wp:featuredmedia":[{"embeddable":true,"href":"https:\/\/arantv.az\/index.php?rest_route=\/wp\/v2\/media\/810543"}],"wp:attachment":[{"href":"https:\/\/arantv.az\/index.php?rest_route=%2Fwp%2Fv2%2Fmedia&parent=810814"}],"wp:term":[{"taxonomy":"category","embeddable":true,"href":"https:\/\/arantv.az\/index.php?rest_route=%2Fwp%2Fv2%2Fcategories&post=810814"},{"taxonomy":"post_tag","embeddable":true,"href":"https:\/\/arantv.az\/index.php?rest_route=%2Fwp%2Fv2%2Ftags&post=810814"}],"curies":[{"name":"wp","href":"https:\/\/api.w.org\/{rel}","templated":true}]}}