{"id":810816,"date":"2025-06-13T09:48:10","date_gmt":"2025-06-13T05:48:10","guid":{"rendered":"https:\/\/arantv.az\/?p=810816"},"modified":"2025-06-13T09:48:10","modified_gmt":"2025-06-13T05:48:10","slug":"%c9%99halinin-sosial-mudafi%c9%99si-prioritetdir-novb%c9%99ti-sosial-paket","status":"publish","type":"post","link":"https:\/\/arantv.az\/?p=810816","title":{"rendered":"\u018fhalinin sosial m\u00fcdafi\u0259si prioritetdir &#8211; N\u00f6vb\u0259ti sosial paket"},"content":{"rendered":"<p><em><strong>Prezident \u0130lham \u018fliyevin r\u0259hb\u0259rliyi il\u0259 \u00f6lk\u0259mizd\u0259 h\u0259yata ke\u00e7iril\u0259n sosial siyas\u0259t n\u00fcmun\u0259vi xarakter da\u015f\u0131y\u0131r. Bel\u0259, h\u0259yata ke\u00e7iril\u0259n siyas\u0259tin m\u0259rk\u0259zind\u0259 v\u0259t\u0259nda\u015f dayan\u0131r. \u0130cra olunan sosial islahatlar v\u0259t\u0259nda\u015flar\u0131n rifah hal\u0131n\u0131n daha da yax\u015f\u0131la\u015fmas\u0131na y\u00f6n\u0259lib.<\/strong><\/em><\/p>\n<p>Prezident \u0130lham \u018fliyevin imzalad\u0131\u011f\u0131 yeni F\u0259rman bu ilin \u0259vv\u0259lind\u0259n realla\u015fd\u0131r\u0131lan n\u00f6vb\u0259ti, 2018-ci ild\u0259n \u00f6t\u0259n d\u00f6vrd\u0259 is\u0259 5-ci sosial islahat paketi \u00e7\u0259r\u00e7iv\u0259sind\u0259 \u015f\u0259hid ail\u0259l\u0259ri, \u0259lilliyi olan \u015f\u0259xsl\u0259r, be\u015fd\u0259n \u00e7ox u\u015fa\u011f\u0131 olan qad\u0131nlar, azt\u0259minatl\u0131 ail\u0259l\u0259r v\u0259 dig\u0259r kateqoriyalara y\u00f6n\u0259l\u0259n m\u00fcavin\u0259t v\u0259 t\u0259qa\u00fcdl\u0259rin d\u0259 art\u0131r\u0131lmas\u0131n\u0131 t\u0259min edir. Prezident \u0130lham \u018fliyevin 23 dekabr 2024-c\u00fc il tarixli S\u0259r\u0259ncam\u0131 il\u0259 icra olunan yeni sosial islahat paketi \u00e7\u0259r\u00e7iv\u0259sind\u0259 bu ilin \u0259vv\u0259lind\u0259n \u00f6lk\u0259mizd\u0259 minimum ayl\u0131q \u0259m\u0259khaqq\u0131 400 manata, minimum pensiya fevral\u0131n 1-d\u0259n 320 manata\u00a0 \u00e7atd\u0131r\u0131l\u0131b, h\u0259m\u00e7inin b\u00fct\u00fcn n\u00f6v pensiyalar ilin \u0259vv\u0259lind\u0259n 8,1 faiz indeksl\u0259\u015fdirilm\u0259kl\u0259 art\u0131r\u0131l\u0131b. \u00dcmumilikd\u0259, qeyd edil\u0259n n\u00f6vb\u0259ti sosial islahat paketi 3 milyon insan\u0131 \u0259hat\u0259 edir v\u0259 onlara y\u00f6n\u0259l\u0259n \u0259m\u0259khaqq\u0131, pensiya, m\u00fcavin\u0259t v\u0259 t\u0259qa\u00fcdl\u0259rin art\u0131r\u0131lmas\u0131 \u00fc\u00e7\u00fcn illik \u0259lav\u0259 olaraq 1,4 milyard manat ayr\u0131l\u0131b.<\/p>\n<p>Prezident \u0130lham \u018fliyevin 2019-cu ild\u0259n ba\u015flanan t\u0259kmil sosial islahatlar\u0131 \u00f6z m\u00fcsb\u0259t n\u0259tic\u0259sini verir. 2019-cu ild\u0259 4,2 milyon insan\u0131 \u0259hat\u0259 ed\u0259n iki sosial paket icra edildi. Bu paketd\u0259 yer alan\u00a0 problemli kreditl\u0259rin h\u0259lli, evl\u0259rin s\u0259n\u0259dl\u0259\u015fdirilm\u0259si kimi m\u0259s\u0259l\u0259l\u0259r \u0259hali t\u0259r\u0259find\u0259n b\u00f6y\u00fck r\u0259\u011fb\u0259tl\u0259 qar\u015f\u0131land\u0131. \u00d6lk\u0259 Prezidentinin t\u0259qdim etdiyi birinci sosial islahatlar paketi n\u0259tic\u0259sind\u0259 minimum \u0259m\u0259khaqq\u0131, minimum pensiya artd\u0131. \u018fm\u0259khaqlar\u0131n\u0131n, pensiyalar\u0131n art\u0131r\u0131lmas\u0131 m\u00fcsb\u0259t dinamikan\u0131n g\u00f6st\u0259ricisidir. Minimum, h\u0259m d\u0259 orta pensiyan\u0131n al\u0131c\u0131l\u0131q qabiliyy\u0259ti indeksin\u0259 g\u00f6r\u0259 Az\u0259rbaycan MDB m\u0259kan\u0131nda \u00f6z liderliyini qoruyur. Bu, ondan x\u0259b\u0259r verir ki, \u00f6lk\u0259nin iqtisadi inki\u015faf\u0131 y\u00fcks\u0259kdir, \u0259halinin sosial m\u00fcdafi\u0259si prioritetdir.<\/p>\n<p>Prezident \u0130lham \u018fliyevin imzalad\u0131\u011f\u0131 yeni F\u0259rmana \u0259sas\u0259n\u00a0 2025-c\u00fc ilin 1 iyulundan \u015f\u0259hid ail\u0259si, 20 Yanvar \u015f\u0259hidinin ail\u0259si, \u018ffqan\u0131standa h\u0259lak olan h\u0259rb\u00e7il\u0259rin ail\u0259l\u0259ri \u00fc\u00e7\u00fcn\u00a0 Prezidentin ayl\u0131q t\u0259qa\u00fcd\u00fc \u2013 700 manata \u00e7atd\u0131r\u0131l\u0131b. M\u00fcharib\u0259, 20 Yanvar hadis\u0259l\u0259ri, h\u0259rbi xidm\u0259t v\u0259zif\u0259l\u0259rini yerin\u0259 yetirm\u0259k v\u0259 \u00c7ernob\u0131l AES-d\u0259 h\u0259rbi xidm\u0259t il\u0259 \u0259laq\u0259dar \u0259lilliyi olan \u015f\u0259xsl\u0259r\u0259 Prezidentin ayl\u0131q t\u0259qa\u00fcd\u00fc, orqanizmin funksiyalar\u0131n\u0131n 81-100 faiz pozulmas\u0131na g\u00f6r\u0259 (I d\u0259r\u0259c\u0259)\u00a0 600 manata, 61-80 faiz pozulmas\u0131na g\u00f6r\u0259 (II d\u0259r\u0259c\u0259)\u00a0 500 manata, 31-60 faiz pozulmas\u0131na g\u00f6r\u0259 (III d\u0259r\u0259c\u0259)\u00a0 400 manata \u00e7atd\u0131r\u0131l\u0131b. V\u0259t\u0259n M\u00fcharib\u0259si Q\u0259hr\u0259manlar\u0131na Prezidentin ayl\u0131q t\u0259qa\u00fcd\u00fc 2200 manata, Milli Q\u0259hr\u0259manlara Prezidentin ayl\u0131q t\u0259qa\u00fcd\u00fc\u00a0 2000 manata, Prezidentin f\u0259rdi t\u0259qa\u00fcd\u00fc 1700 manata, u\u015fa\u011f\u0131n anadan olmas\u0131na g\u00f6r\u0259 bird\u0259f\u0259lik m\u00fcavin\u0259t\u00a0 600 manata, d\u0259fn \u00fc\u00e7\u00fcn bird\u0259f\u0259lik m\u00fcavin\u0259t 600 manata, himay\u0259dar ail\u0259y\u0259 verilmi\u015f \u0259lilliyi olan u\u015fa\u011fa g\u00f6r\u0259 ayl\u0131q m\u00fcavin\u0259t 0-6 ya\u015f aras\u0131 u\u015faq \u00fc\u00e7\u00fcn 500 manata, 7-13 ya\u015f aras\u0131 u\u015faq \u00fc\u00e7\u00fcn 600 manata, 14-18 ya\u015f aras\u0131 u\u015faq \u00fc\u00e7\u00fcn 650 manata \u00e7atd\u0131r\u0131l\u0131b. \u018flilliyi olan \u015f\u0259xsl\u0259r\u0259 m\u00fcavin\u0259t, orqanizmin funksiyalar\u0131n\u0131n 81-100 faiz pozulmas\u0131na g\u00f6r\u0259 (I d\u0259r\u0259c\u0259) 300 manata, 61-80 faiz pozulmas\u0131na g\u00f6r\u0259 (II d\u0259r\u0259c\u0259) 250 manata, 31-60 faiz pozulmas\u0131na g\u00f6r\u0259 (III d\u0259r\u0259c\u0259) 180 manata \u00e7atd\u0131r\u0131l\u0131b. \u00dcmumi s\u0259b\u0259bl\u0259rd\u0259n orqanizmin funksiyalar\u0131n\u0131n 81-100 faiz pozulmas\u0131na g\u00f6r\u0259 (I d\u0259r\u0259c\u0259) g\u00f6zd\u0259n \u0259lilliyi olan \u015f\u0259xsl\u0259r\u0259 Prezidentin ayl\u0131q t\u0259qa\u00fcd\u00fc 350 manata, \u00fcmumi s\u0259b\u0259bl\u0259rd\u0259n orqanizmin funksiyalar\u0131n\u0131n 81-100 faiz pozulmas\u0131na g\u00f6r\u0259 (I d\u0259r\u0259c\u0259) \u0259lilliyi olan \u015f\u0259xsl\u0259r\u0259 (g\u00f6zd\u0259n \u0259lilliyi olan \u015f\u0259xsl\u0259r istisna olmaqla)\u00a0 Prezidentin ayl\u0131q t\u0259qa\u00fcd\u00fc 250 manata, \u00f6vladl\u0131\u011fa g\u00f6t\u00fcr\u00fcl\u0259n h\u0259r u\u015fa\u011fa g\u00f6r\u0259 ayl\u0131q m\u00fcavin\u0259t\u00a0 240 manata, ail\u0259 ba\u015f\u00e7\u0131s\u0131n\u0131 itirm\u0259y\u0259 g\u00f6r\u0259 ayl\u0131q m\u00fcavin\u0259t (h\u0259r ail\u0259 \u00fczv\u00fc \u00fc\u00e7\u00fcn) 140 manata, bir ya\u015f\u0131nad\u0259k u\u015fa\u011f\u0131 olan azt\u0259minatl\u0131 ail\u0259l\u0259r\u0259 (\u00fcnvanl\u0131 yard\u0131m alan) h\u0259r u\u015fa\u011fa g\u00f6r\u0259 ayl\u0131q m\u00fcavin\u0259t 140 manata, be\u015fd\u0259n \u00e7ox u\u015fa\u011f\u0131 olan qad\u0131nlara h\u0259r u\u015fa\u011fa g\u00f6r\u0259 ayl\u0131q m\u00fcavin\u0259t 140 manata, m\u00fcdd\u0259tli h\u0259qiqi h\u0259rbi xidm\u0259t qulluq\u00e7ular\u0131n\u0131n u\u015faqlar\u0131na ayl\u0131q m\u00fcavin\u0259t (h\u0259r u\u015fa\u011fa g\u00f6r\u0259) 140 manata \u00e7atd\u0131r\u0131l\u0131b. Eyni zamanda, F\u0259rmana \u0259sas\u0259n valideynl\u0259rini itirmi\u015f v\u0259 valideyn himay\u0259sind\u0259n m\u0259hrum u\u015faqlar\u0131n q\u0259yyumlar\u0131 \u00fc\u00e7\u00fcn ayl\u0131q m\u00fcavin\u0259t 140 manata, orqanizmin funksiyalar\u0131n\u0131n 81-100 faiz pozulmas\u0131na g\u00f6r\u0259 (I d\u0259r\u0259c\u0259) v\u0259 \u0259lilliyi olan u\u015faqlara qulluq ed\u0259nl\u0259r\u0259 Prezidentin ayl\u0131q t\u0259qa\u00fcd\u00fc 120 manata \u00e7atd\u0131r\u0131l\u0131b. F\u0259xri adlara layiq g\u00f6r\u00fclm\u00fc\u015f \u015f\u0259xsl\u0259r\u0259 ayl\u0131q t\u0259qa\u00fcdl\u0259ri is\u0259 \u201cXalq\u201d f\u0259xri ad\u0131na g\u00f6r\u0259\u00a0 300 manata, \u201c\u018fm\u0259kdar\u201d f\u0259xri ad\u0131na g\u00f6r\u0259 200 manat \u00e7atd\u0131r\u0131l\u0131b.<\/p>\n<p><strong>Anar Miriyev, \u201c\u0130ki sahil\u201d<\/strong><\/p>\n","protected":false},"excerpt":{"rendered":"<p>Prezident \u0130lham \u018fliyevin r\u0259hb\u0259rliyi il\u0259 \u00f6lk\u0259mizd\u0259 h\u0259yata ke\u00e7iril\u0259n sosial siyas\u0259t n\u00fcmun\u0259vi xarakter da\u015f\u0131y\u0131r. Bel\u0259, h\u0259yata ke\u00e7iril\u0259n siyas\u0259tin m\u0259rk\u0259zind\u0259 v\u0259t\u0259nda\u015f dayan\u0131r. \u0130cra olunan sosial islahatlar v\u0259t\u0259nda\u015flar\u0131n rifah hal\u0131n\u0131n daha da yax\u015f\u0131la\u015fmas\u0131na y\u00f6n\u0259lib. Prezident \u0130lham \u018fliyevin imzalad\u0131\u011f\u0131 yeni F\u0259rman bu ilin \u0259vv\u0259lind\u0259n realla\u015fd\u0131r\u0131lan n\u00f6vb\u0259ti, 2018-ci ild\u0259n \u00f6t\u0259n d\u00f6vrd\u0259 is\u0259 5-ci sosial islahat paketi \u00e7\u0259r\u00e7iv\u0259sind\u0259 \u015f\u0259hid ail\u0259l\u0259ri, \u0259lilliyi olan \u015f\u0259xsl\u0259r, be\u015fd\u0259n \u00e7ox u\u015fa\u011f\u0131 olan qad\u0131nlar, azt\u0259minatl\u0131 ail\u0259l\u0259r v\u0259 dig\u0259r kateqoriyalara y\u00f6n\u0259l\u0259n m\u00fcavin\u0259t v\u0259 t\u0259qa\u00fcdl\u0259rin d\u0259 art\u0131r\u0131lmas\u0131n\u0131 t\u0259min edir. Prezident \u0130lham \u018fliyevin 23 dekabr 2024-c\u00fc il tarixli S\u0259r\u0259ncam\u0131 il\u0259 icra olunan yeni sosial islahat&hellip;<\/p>\n","protected":false},"author":2,"featured_media":810817,"comment_status":"closed","ping_status":"closed","sticky":false,"template":"","format":"standard","meta":{"om_disable_all_campaigns":false,"_monsterinsights_skip_tracking":false,"_monsterinsights_sitenote_active":false,"_monsterinsights_sitenote_note":"","_monsterinsights_sitenote_category":0},"categories":[1],"tags":[],"aioseo_notices":[],"gutentor_comment":0,"rttpg_featured_image_url":{"full":["https:\/\/arantv.az\/wp-content\/uploads\/2025\/06\/e92d74cc165521879634804798910846272.jpg",975,540,false],"landscape":["https:\/\/arantv.az\/wp-content\/uploads\/2025\/06\/e92d74cc165521879634804798910846272.jpg",975,540,false],"portraits":["https:\/\/arantv.az\/wp-content\/uploads\/2025\/06\/e92d74cc165521879634804798910846272.jpg",975,540,false],"thumbnail":["https:\/\/arantv.az\/wp-content\/uploads\/2025\/06\/e92d74cc165521879634804798910846272-500x280.jpg",500,280,true],"medium":["https:\/\/arantv.az\/wp-content\/uploads\/2025\/06\/e92d74cc165521879634804798910846272-660x365.jpg",660,365,true],"large":["https:\/\/arantv.az\/wp-content\/uploads\/2025\/06\/e92d74cc165521879634804798910846272-840x465.jpg",640,354,true],"1536x1536":["https:\/\/arantv.az\/wp-content\/uploads\/2025\/06\/e92d74cc165521879634804798910846272.jpg",975,540,false],"2048x2048":["https:\/\/arantv.az\/wp-content\/uploads\/2025\/06\/e92d74cc165521879634804798910846272.jpg",975,540,false],"post-thumbnail":["https:\/\/arantv.az\/wp-content\/uploads\/2025\/06\/e92d74cc165521879634804798910846272-240x172.jpg",240,172,true],"advps-thumb-one":["https:\/\/arantv.az\/wp-content\/uploads\/2025\/06\/e92d74cc165521879634804798910846272.jpg",975,540,false]},"rttpg_author":{"display_name":"V\u00fcsal Rafiqo\u011flu","author_link":"https:\/\/arantv.az\/?author=2"},"rttpg_comment":0,"rttpg_category":"<a href=\"https:\/\/arantv.az\/?cat=1\" rel=\"category\">C\u0259miyy\u0259t<\/a>","rttpg_excerpt":"Prezident \u0130lham \u018fliyevin r\u0259hb\u0259rliyi il\u0259 \u00f6lk\u0259mizd\u0259 h\u0259yata ke\u00e7iril\u0259n sosial siyas\u0259t n\u00fcmun\u0259vi xarakter da\u015f\u0131y\u0131r. Bel\u0259, h\u0259yata ke\u00e7iril\u0259n siyas\u0259tin m\u0259rk\u0259zind\u0259 v\u0259t\u0259nda\u015f dayan\u0131r. \u0130cra olunan sosial islahatlar v\u0259t\u0259nda\u015flar\u0131n rifah hal\u0131n\u0131n daha da yax\u015f\u0131la\u015fmas\u0131na y\u00f6n\u0259lib. Prezident \u0130lham \u018fliyevin imzalad\u0131\u011f\u0131 yeni F\u0259rman bu ilin \u0259vv\u0259lind\u0259n realla\u015fd\u0131r\u0131lan n\u00f6vb\u0259ti, 2018-ci ild\u0259n \u00f6t\u0259n d\u00f6vrd\u0259 is\u0259 5-ci sosial islahat paketi \u00e7\u0259r\u00e7iv\u0259sind\u0259 \u015f\u0259hid ail\u0259l\u0259ri, \u0259lilliyi&hellip;","_links":{"self":[{"href":"https:\/\/arantv.az\/index.php?rest_route=\/wp\/v2\/posts\/810816"}],"collection":[{"href":"https:\/\/arantv.az\/index.php?rest_route=\/wp\/v2\/posts"}],"about":[{"href":"https:\/\/arantv.az\/index.php?rest_route=\/wp\/v2\/types\/post"}],"author":[{"embeddable":true,"href":"https:\/\/arantv.az\/index.php?rest_route=\/wp\/v2\/users\/2"}],"replies":[{"embeddable":true,"href":"https:\/\/arantv.az\/index.php?rest_route=%2Fwp%2Fv2%2Fcomments&post=810816"}],"version-history":[{"count":1,"href":"https:\/\/arantv.az\/index.php?rest_route=\/wp\/v2\/posts\/810816\/revisions"}],"predecessor-version":[{"id":810818,"href":"https:\/\/arantv.az\/index.php?rest_route=\/wp\/v2\/posts\/810816\/revisions\/810818"}],"wp:featuredmedia":[{"embeddable":true,"href":"https:\/\/arantv.az\/index.php?rest_route=\/wp\/v2\/media\/810817"}],"wp:attachment":[{"href":"https:\/\/arantv.az\/index.php?rest_route=%2Fwp%2Fv2%2Fmedia&parent=810816"}],"wp:term":[{"taxonomy":"category","embeddable":true,"href":"https:\/\/arantv.az\/index.php?rest_route=%2Fwp%2Fv2%2Fcategories&post=810816"},{"taxonomy":"post_tag","embeddable":true,"href":"https:\/\/arantv.az\/index.php?rest_route=%2Fwp%2Fv2%2Ftags&post=810816"}],"curies":[{"name":"wp","href":"https:\/\/api.w.org\/{rel}","templated":true}]}}