{"id":810822,"date":"2025-06-13T09:52:19","date_gmt":"2025-06-13T05:52:19","guid":{"rendered":"https:\/\/arantv.az\/?p=810822"},"modified":"2025-06-13T09:52:19","modified_gmt":"2025-06-13T05:52:19","slug":"moskva-az%c9%99rbaycan-nato-%c9%99laq%c9%99l%c9%99rind%c9%99n-%c9%99ndis%c9%99d%c9%99","status":"publish","type":"post","link":"https:\/\/arantv.az\/?p=810822","title":{"rendered":"Moskva Az\u0259rbaycan-NATO \u0259laq\u0259l\u0259rind\u0259n \u0259ndi\u015f\u0259d\u0259"},"content":{"rendered":"<div class=\"text-content\" data-id=\"\" data-url=\"\">\n<p><strong>Bel\u0259 r\u0259y yarad\u0131l\u0131r ki, guya Bak\u0131 alyansla Rusiya il\u0259 m\u00fcnasib\u0259tl\u0259rd\u0259 yaranm\u0131\u015f g\u0259rginlikd\u0259n sonra \u0259m\u0259kda\u015fl\u0131\u011fa ba\u015flay\u0131b; X\u0130N r\u0259smisinin d\u0259 dil\u0259 g\u0259lm\u0259si&#8230;<\/strong><\/p>\n<p>Moskva Az\u0259rbaycan v\u0259 Erm\u0259nistan\u0131n NATO-nun C\u0259nubi Qafqaz regionundak\u0131 f\u0259aliyy\u0259tind\u0259n qaynaqlanan narahatl\u0131qlar\u0131 anlayaca\u011f\u0131na v\u0259 bel\u0259 \u201caqressiv h\u0259rbi blok\u201d il\u0259 \u0259m\u0259kda\u015fl\u0131\u011f\u0131n potensial t\u0259hl\u00fck\u0259l\u0259rini d\u0259rk ed\u0259c\u0259yin\u0259 \u00fcmid edir.<\/p>\n<p>Bu bar\u0259d\u0259 Rusiya Xarici \u0130\u015fl\u0259r Nazirliyinin s\u00f6z\u00e7\u00fcs\u00fc Mariya Zaxarova brifinqd\u0259 bildirib.<\/p>\n<p>Zaxarova qeyd edib ki, NATO-nun bu regionda m\u00f6vcudlu\u011fu t\u0259hl\u00fck\u0259sizlik \u00fc\u00e7\u00fcn fayda g\u0259tirmir, \u0259ksin\u0259, Q\u0259rb d\u00f6vl\u0259tl\u0259rinin \u0259sas m\u0259qs\u0259di b\u00f6lg\u0259d\u0259 g\u0259rginliyi art\u0131rmaq, qar\u015f\u0131durma n\u00f6qt\u0259l\u0259ri yaratmaqd\u0131r.<\/p>\n<p>O, h\u0259m Bak\u0131n\u0131n, h\u0259m d\u0259 \u0130r\u0259van\u0131n Rusiyan\u0131n \u0259sasland\u0131r\u0131lm\u0131\u015f narahatl\u0131qlar\u0131n\u0131 q\u0259bul etm\u0259sini v\u0259 \u0259m\u0259kda\u015fl\u0131\u011f\u0131n riskl\u0259rini qiym\u0259tl\u0259ndirm\u0259sini vacib say\u0131b.<\/p>\n<p><strong>Yada salaq ki, \u00f6t\u0259n h\u0259ft\u0259 Az\u0259rbaycan M\u00fcdafi\u0259 Nazirliyi v\u0259 NATO aras\u0131nda 2025-ci il \u00fc\u00e7\u00fcn \u201cF\u0259rdi T\u0259r\u0259fda\u015fl\u0131q \u00fczr\u0259 \u018fm\u0259kda\u015fl\u0131q Proqram\u0131\u201dna \u0259sas\u0259n, Niderland Krall\u0131\u011f\u0131n\u0131n Brunssum \u015f\u0259h\u0259rind\u0259 yerl\u0259\u015f\u0259n M\u00fc\u015ft\u0259r\u0259k Q\u00fcvv\u0259l\u0259r Komandanl\u0131\u011f\u0131n\u0131n Mobil T\u0259lim Qrupu il\u0259 \u201c\u018fm\u0259liyyatlar\u0131n planlama prosesi\u201d m\u00f6vzusunda treninq ke\u00e7irilib. Milli M\u00fcdafi\u0259 Universitetinin H\u0259rb Oyunlar\u0131 M\u0259rk\u0259zind\u0259 ke\u00e7iril\u0259n treninqd\u0259 NATO-da \u0259m\u0259liyyat planlama v\u0259 idar\u0259etm\u0259, el\u0259c\u0259 d\u0259 dig\u0259r m\u00f6vzularda n\u0259z\u0259ri v\u0259 praktiki m\u0259\u015f\u011f\u0259l\u0259l\u0259r t\u0259\u015fkil olunub.<\/strong><\/p>\n<p>\u0130nternetin Rusiya seqmentind\u0259 bel\u0259 r\u0259y yarad\u0131l\u0131b ki, guya Bak\u0131 il\u0259 NATO\u00a0 Moskva il\u0259 m\u00fcnasib\u0259tl\u0259rd\u0259 yaranm\u0131\u015f g\u0259rginlikd\u0259n sonra \u0259m\u0259kda\u015fl\u0131\u011fa ba\u015flay\u0131blar. B\u0259llidir ki, Az\u0259rbaycanla NATO aras\u0131nda \u00e7oxillik \u0259m\u0259kda\u015fl\u0131q \u00e7\u0259r\u00e7iv\u0259sind\u0259 h\u0259m n\u0259z\u0259ri, h\u0259m d\u0259 praktiki olaraq kifay\u0259t q\u0259d\u0259r t\u0259dbirl\u0259r ke\u00e7irilir ki, onlar\u0131n t\u0259\u015fkili \u00fc\u00e7\u00fcn suveren d\u00f6vl\u0259t kimi Az\u0259rbaycan \u00fc\u00e7\u00fcnc\u00fc t\u0259r\u0259fd\u0259n raz\u0131l\u0131q alma\u011fa borclu deyil. Bundan \u0259lav\u0259, Az\u0259rbaycan h\u0259rbi bloklardan k\u0259narda qalmaq statusuna sadiqdir v\u0259 bu q\u0259bild\u0259n olan ittihamlar g\u00fcl\u00fcnc g\u00f6r\u00fcn\u00fcr.\u00a0 Az\u0259rbaycan hakimiyy\u0259ti balansla\u015fd\u0131r\u0131lm\u0131\u015f xarici siyas\u0259tin amill\u0259rind\u0259n biri kimi 1994-c\u00fc ild\u0259 \u201cS\u00fclh namin\u0259 t\u0259r\u0259fda\u015fl\u0131q\u201d s\u0259n\u0259dini imzalamaqla\u00a0 NATO il\u0259 qar\u015f\u0131l\u0131ql\u0131 \u0259m\u0259kda\u015fl\u0131\u011fa ba\u015flay\u0131b. Az\u0259rbaycan-NATO t\u0259r\u0259fda\u015fl\u0131\u011f\u0131n\u0131n \u0259sas istiqam\u0259tl\u0259ri siyasi dialoq, s\u00fclhm\u0259raml\u0131 \u0259m\u0259liyyatlar, terrorizml\u0259 m\u00fcbariz\u0259, t\u0259hl\u00fck\u0259sizliyin t\u0259min edilm\u0259si v\u0259 m\u00fcdafi\u0259y\u0259 x\u00fcsusi \u00f6n\u0259m verilm\u0259kl\u0259 praktiki \u0259m\u0259kda\u015fl\u0131qd\u0131r. B\u00fct\u00fcn bu m\u0259qamlar Az\u0259rbaycan t\u0259r\u0259find\u0259n 30 il \u0259vv\u0259l b\u0259yan edilib v\u0259 he\u00e7 vaxt m\u0259xfilik t\u0259\u015fkil etm\u0259yib. G\u00f6r\u00fcn\u00fcr, Rusiyadak\u0131 b\u0259zi dair\u0259l\u0259r Az\u0259rbaycana qar\u015f\u0131 kin-k\u00fcdur\u0259tini b\u00fcruz\u0259 verm\u0259k \u00fc\u00e7\u00fcn h\u0259r bir f\u00fcrs\u0259td\u0259n istifad\u0259 edir.<\/p>\n<p><img src=\"https:\/\/demokrat.az\/cdn\/uploadedfiles\/custom\/2021\/8\/21\/1\/4cf4773b-265a-4802-b0bc-b20d5065e31e\/oqtay-qasimov1.jpg\" alt=\"Oqtay Qas\u0131mov: \u201c\u0130ki \u00f6lk\u0259 aras\u0131nda m\u00fcnasib\u0259tl\u0259rin intensivl\u0259\u015fm\u0259si m\u00fch\u00fcmd\u00fcr\u201d\" \/><\/p>\n<p><strong>Oqtay Qas\u0131mov<\/strong><\/p>\n<p>Politoloq Oqtay Qas\u0131mov \u201cYeni M\u00fcsavat\u201da bildirdi ki, Mariya Zaxarovan\u0131n bel\u0259 bir a\u00e7\u0131qlama ver\u0259c\u0259yi g\u00f6zl\u0259nil\u0259n idi. Zaxarovan\u0131n bu a\u00e7\u0131qlamas\u0131 ona g\u00f6r\u0259 g\u00f6zl\u0259nil\u0259n idi ki, Rusiya Ukrayna c\u0259bh\u0259sind\u0259 m\u00fc\u0259yy\u0259n n\u0259tic\u0259l\u0259r \u0259ld\u0259 el\u0259y\u0259nd\u0259n sonra ke\u00e7mi\u015f postsovet \u00f6lk\u0259l\u0259rin\u0259, ilk n\u00f6vb\u0259d\u0259 d\u0259 Az\u0259rbaycana t\u0259zyiq etm\u0259y\u0259 \u00e7al\u0131\u015facaq: \u201c\u00c7\u00fcnki Az\u0259rbaycan \u00f6z ordusunu m\u00fcasir standartlar s\u0259viyy\u0259sind\u0259 qurub, \u00f6z\u00fcn\u00fcn m\u00fcdafi\u0259 v\u0259 t\u0259hl\u00fck\u0259sizlik arxitekturas\u0131n\u0131 modernl\u0259\u015fdirib ki, bu da Rusiya t\u0259r\u0259find\u0259n he\u00e7 d\u0259 m\u0259mnunluqla qar\u015f\u0131lanm\u0131r. Rusiya postsovet respublikalar\u0131n\u0131 yaln\u0131z \u00f6z t\u0259sir dair\u0259sind\u0259 arzulay\u0131r v\u0259 bu \u00f6lk\u0259l\u0259ri \u00f6z\u00fcn\u00fcn arxa ba\u011f\u00e7as\u0131 hesab edir. Bu \u00f6lk\u0259l\u0259rd\u0259n hans\u0131 NATO il\u0259 yax\u0131nla\u015fma siyas\u0259ti apar\u0131rsa, Moskva ona qar\u015f\u0131 aqressivlik n\u00fcmayi\u015f etdirir, s\u0259rt add\u0131mlar at\u0131r. Biz bunu G\u00fcrc\u00fcstan\u0131n timsal\u0131nda, eyni zamanda Moldovan\u0131n v\u0259 haz\u0131rda Ukraynan\u0131n timsal\u0131nda g\u00f6rm\u0259kd\u0259yik. \u0130ndi Az\u0259rbaycana v\u0259 Erm\u0259nistana \u00fcnvanlanm\u0131\u015f mesaj da Rusiya t\u0259r\u0259find\u0259n x\u0259b\u0259rdarl\u0131q mesaj\u0131 kimi oxunmal\u0131d\u0131r. Amma bu mesajlar do\u011fru \u00fcnvanlara y\u00f6n\u0259libmi, o da ayr\u0131 bir m\u00f6vzudur. Son be\u015f ild\u0259 Erm\u0259nistan\u0131n h\u0259m NATO, h\u0259m d\u0259 Avropa \u0130ttifaq\u0131 il\u0259 m\u00fcnasib\u0259tl\u0259ri ciddi \u015f\u0259kild\u0259 inki\u015faf el\u0259yib, Avropa \u0130ttifaq\u0131n\u0131n yar\u0131mh\u0259rbi missiyas\u0131 Erm\u0259nistan-Az\u0259rbaycan s\u0259rh\u0259din\u0259 yerl\u0259\u015fdirilib, AB\u015e v\u0259 Fransa h\u0259rb\u00e7il\u0259ri il\u0259 Erm\u0259nistan\u0131n h\u0259rbi q\u00fcvv\u0259l\u0259ri birg\u0259 t\u0259liml\u0259r ke\u00e7ir, Avropa \u0130ttifaq\u0131 il\u0259 Erm\u0259nistan aras\u0131nda t\u0259hl\u00fck\u0259sizlik sah\u0259sind\u0259 m\u00fc\u0259yy\u0259n anla\u015fmalar m\u00f6vcuddur. NATO il\u0259 \u0259laq\u0259l\u0259r geni\u015fl\u0259nm\u0259kd\u0259dir, Erm\u0259nistan ordusunda amerikal\u0131 v\u0259 frans\u0131z h\u0259rb\u00e7il\u0259r t\u0259limat\u00e7\u0131, m\u00fc\u015favir v\u0259zif\u0259l\u0259rind\u0259 \u00e7al\u0131\u015f\u0131rlar, Erm\u0259nistan ciddi \u015f\u0259kild\u0259 Rusiyan\u0131n t\u0259hl\u00fck\u0259sizlik orbitind\u0259n uzaqla\u015fma\u011fa c\u0259hd edir, KTMT-d\u0259 f\u0259aliyy\u0259tini faktiki dayand\u0131rm\u0131\u015f v\u0259ziyy\u0259td\u0259dir.\u00a0 O ki qald\u0131 Az\u0259rbaycana, Az\u0259rbaycan\u0131n NATO il\u0259 \u0259m\u0259kda\u015fl\u0131\u011f\u0131 m\u00fcst\u0259qillik \u0259ld\u0259 etdikd\u0259n sonrak\u0131 ill\u0259rd\u0259n ba\u015flayaraq normal \u015f\u0259kild\u0259 inki\u015faf edib. Bu m\u00fcnasib\u0259tl\u0259r, sad\u0259c\u0259 olaraq, m\u00fc\u0259yy\u0259n bir s\u0259viyy\u0259d\u0259 davam etm\u0259kd\u0259dir. Az\u0259rbaycan r\u0259sm\u0259n b\u0259yan edib ki, onun Avropa \u0130ttifaq\u0131 v\u0259 NATO-ya \u00fczv olmaqla ba\u011fl\u0131 he\u00e7 bir plan\u0131 yoxdur. Sad\u0259c\u0259 olaraq, Az\u0259rbaycan\u0131n T\u00fcrkiy\u0259 v\u0259 Pakistanla h\u0259rbi-texniki sah\u0259d\u0259 ciddi \u0259m\u0259kda\u015fl\u0131\u011f\u0131 var. Bel\u0259 hesab etm\u0259k olar ki, Rusiya \u0259slind\u0259 bunu q\u0259bul etm\u0259kd\u0259 \u00e7\u0259tinlik \u00e7\u0259kir\u201d.<\/p>\n<p><strong>Politoloq qeyd etdi ki, Az\u0259rbaycan m\u00fcst\u0259qil \u00f6lk\u0259dir v\u0259 \u00f6z\u00fcn\u00fcn t\u0259hl\u00fck\u0259sizlik konsepsiyas\u0131na, h\u0259rbi doktrinas\u0131na uy\u011fun olaraq add\u0131mlar at\u0131r. Az\u0259rbaycan birm\u0259nal\u0131 \u015f\u0259kild\u0259 \u00f6z \u0259razind\u0259 qon\u015fular\u0131na qar\u015f\u0131 he\u00e7 zaman hans\u0131sa add\u0131m\u0131n at\u0131lmas\u0131na imkan verm\u0259yib v\u0259 bundan sonra da verm\u0259y\u0259c\u0259k: \u201cB\u00fct\u00fcn hallarda Rusiyadan g\u0259l\u0259n x\u0259b\u0259rdarl\u0131qlar m\u00fcst\u0259qil d\u00f6vl\u0259tin i\u015fin\u0259 qar\u0131\u015fmaqd\u0131r. Az\u0259rbaycan \u0259razisind\u0259n Rusiyaya qar\u015f\u0131 he\u00e7 bir t\u0259hdid yoxdur ki, Rusiya bu q\u0259d\u0259r narahat olsun v\u0259 ir\u0259li getsin. Rusiyadan veril\u0259n a\u00e7\u0131qlama imperialist d\u00fc\u015f\u00fcnc\u0259 t\u0259rzin\u0259 uy\u011fun a\u00e7\u0131qlamad\u0131r. Az\u0259rbaycan \u00f6z add\u0131mlar\u0131nda m\u00fcst\u0259qildir v\u0259 bu, Rusiyaya ayd\u0131nd\u0131r, ayd\u0131n olmal\u0131d\u0131r\u201d.\u00a0\u00a0\u00a0\u00a0\u00a0<\/strong><\/p>\n<p>Politoloq Elxan \u015eahino\u011flu is\u0259 bildirib ki, Rusiyan\u0131n \u201cR\u0130A Novosti\u201d agentliyinin \u201cMoskva Bak\u0131n\u0131n Rusiyan\u0131n yeni regionlar\u0131 v\u0259 Kr\u0131m\u0131 tan\u0131mas\u0131na \u00fcmid edir\u201d x\u0259b\u0259ri, X\u0130N s\u00f6z\u00e7\u00fcs\u00fc Mariya Zaxarovan\u0131n Az\u0259rbaycana \u201cNATO il\u0259 \u0259m\u0259kda\u015fl\u0131\u011f\u0131n riskl\u0259rini\u201d xat\u0131rlatmas\u0131, bunun ard\u0131nca Rusiyan\u0131n d\u00f6vl\u0259t \u201cR\u0130A Novosti\u201d agentliyinin \u201cMoskva Bak\u0131n\u0131n Rusiyan\u0131n yeni regionlar\u0131n\u0131 (Kr\u0131m v\u0259 dig\u0259r) tan\u0131mas\u0131n\u0131 g\u00f6zl\u0259yir\u201d yazmas\u0131 Kreml sahibinin k\u00f6m\u0259k\u00e7isi Vladimir Medinskinin son m\u00fcsahib\u0259sind\u0259 Qaraba\u011f\u0131 \u201cm\u00fcbahis\u0259li \u0259razi\u201d kimi adland\u0131rmas\u0131n\u0131n t\u0259sad\u00fcfi, y\u0259ni dil s\u00fcr\u00fc\u015fm\u0259si olmad\u0131\u011f\u0131n\u0131 bir daha g\u00f6st\u0259rir: \u201cRusiyan\u0131n d\u00f6vl\u0259t agentliyi bu x\u0259b\u0259ri ad\u0131n\u0131n \u00e7\u0259kilm\u0259sini ist\u0259m\u0259y\u0259n m\u0259nb\u0259y\u0259 istinad\u0259n yay\u0131l\u0131b. H\u0259min m\u0259nb\u0259nin Kremld\u0259n oldu\u011fu a\u015fkard\u0131r. Kremlin \u201dR\u0130A Novosti&#8221; vasit\u0259sil\u0259 Bak\u0131ya g\u00f6nd\u0259rdiyi mesaj\u0131 bel\u0259 oxumaq laz\u0131md\u0131r: \u201cAz\u0259rbaycan\u0131n Rusiyan\u0131n Ukraynadan qopard\u0131\u011f\u0131 b\u00f6lg\u0259l\u0259ri, o c\u00fcml\u0259d\u0259n Kr\u0131m\u0131 Rusiya \u0259razisi kimi tan\u0131mas\u0131n\u0131 ist\u0259yirik\u201d. \u00d6t\u0259n ilin dekabr\u0131nda Rusiya s\u0259mas\u0131nda Az\u0259rbaycan\u0131n m\u00fclki t\u0259yyar\u0259sini raketl\u0259 vurdu\u011funa v\u0259 v\u0259t\u0259nda\u015flar\u0131m\u0131z\u0131 \u00f6ld\u00fcrd\u00fcy\u00fcn\u0259 g\u00f6r\u0259 Az\u0259rbaycandan \u00fczr ist\u0259m\u0259y\u0259n, g\u00fcnahkarlar\u0131 c\u0259zaland\u0131rmayan Kreml h\u0259l\u0259 bizd\u0259n Ukraynan\u0131n i\u015f\u011fal\u0131n\u0131 tan\u0131mam\u0131z\u0131 ist\u0259yir. Eyni zamanda NATO il\u0259, dolay\u0131s\u0131 il\u0259 T\u00fcrkiy\u0259 il\u0259 h\u0259rbi \u0259m\u0259kda\u015fl\u0131\u011f\u0131m\u0131z\u0131 inki\u015faf etdirm\u0259m\u0259yi ist\u0259yir. Bu he\u00e7 zaman m\u00fcmk\u00fcn olmayacaq. Bel\u0259 olan halda Kremlin v\u0259 rusiyal\u0131 r\u0259smil\u0259rd\u0259n, deputatlardan v\u0259 diplomatlardan Az\u0259rbaycana m\u00fcnasib\u0259td\u0259 t\u0259xribatlar g\u00f6zl\u0259m\u0259liyik. Maraql\u0131d\u0131r, Kreml bu \u201cist\u0259yini\u201d ilk d\u0259f\u0259 Az\u0259rbaycan\u0131n ad\u0131n\u0131 \u00e7\u0259k\u0259r\u0259k s\u0259sl\u0259ndirib. Kreml eyni ist\u0259yinin yerin\u0259 yetirilm\u0259sini strateji t\u0259r\u0259fda\u015f adland\u0131rd\u0131\u011f\u0131 d\u00f6vl\u0259tl\u0259rd\u0259n, o c\u00fcml\u0259d\u0259n \u00c7ind\u0259n d\u0259 g\u00f6zl\u0259yirmi? Kreml Kollektiv T\u0259hl\u00fck\u0259sizlik M\u00fcqavil\u0259si T\u0259\u015fkilat\u0131 v\u0259 Avrasiya \u0130qtisadi Birliyi \u00fczvl\u0259rind\u0259n d\u0259 Kr\u0131m\u0131 Rusiya \u0259razisi kimi tan\u0131mas\u0131n\u0131 ist\u0259yirmi? Ba\u015fqalar\u0131n\u0131 bilmir\u0259m, Az\u0259rbaycan Xarici \u0130\u015fl\u0259r Nazirliyi \u201cR\u0130A Novosti\u201dnin t\u0259xribat\u00e7\u0131 x\u0259b\u0259rini cavabs\u0131z qoymamal\u0131d\u0131r&#8221;.<\/p>\n<p><strong>Etibar SEY\u0130DA\u011eA,<\/strong><br \/>\n<strong>\u201cYeni M\u00fcsavat\u201d<\/strong><\/p>\n<p><strong>\u00a0<\/strong><\/p>\n<\/div>\n<div><\/div>\n<div><\/div>\n<div class=\"inner-social-box\">\n<div class=\"subs-in-social subs-whatsapp\"><\/div>\n<\/div>\n","protected":false},"excerpt":{"rendered":"<p>Bel\u0259 r\u0259y yarad\u0131l\u0131r ki, guya Bak\u0131 alyansla Rusiya il\u0259 m\u00fcnasib\u0259tl\u0259rd\u0259 yaranm\u0131\u015f g\u0259rginlikd\u0259n sonra \u0259m\u0259kda\u015fl\u0131\u011fa ba\u015flay\u0131b; X\u0130N r\u0259smisinin d\u0259 dil\u0259 g\u0259lm\u0259si&#8230; Moskva Az\u0259rbaycan v\u0259 Erm\u0259nistan\u0131n NATO-nun C\u0259nubi Qafqaz regionundak\u0131 f\u0259aliyy\u0259tind\u0259n qaynaqlanan narahatl\u0131qlar\u0131 anlayaca\u011f\u0131na v\u0259 bel\u0259 \u201caqressiv h\u0259rbi blok\u201d il\u0259 \u0259m\u0259kda\u015fl\u0131\u011f\u0131n potensial t\u0259hl\u00fck\u0259l\u0259rini d\u0259rk ed\u0259c\u0259yin\u0259 \u00fcmid edir. Bu bar\u0259d\u0259 Rusiya Xarici \u0130\u015fl\u0259r Nazirliyinin s\u00f6z\u00e7\u00fcs\u00fc Mariya Zaxarova brifinqd\u0259 bildirib. Zaxarova qeyd edib ki, NATO-nun bu regionda m\u00f6vcudlu\u011fu t\u0259hl\u00fck\u0259sizlik \u00fc\u00e7\u00fcn fayda g\u0259tirmir, \u0259ksin\u0259, Q\u0259rb d\u00f6vl\u0259tl\u0259rinin \u0259sas m\u0259qs\u0259di b\u00f6lg\u0259d\u0259 g\u0259rginliyi art\u0131rmaq, qar\u015f\u0131durma n\u00f6qt\u0259l\u0259ri yaratmaqd\u0131r. O, h\u0259m Bak\u0131n\u0131n, h\u0259m d\u0259 \u0130r\u0259van\u0131n Rusiyan\u0131n \u0259sasland\u0131r\u0131lm\u0131\u015f narahatl\u0131qlar\u0131n\u0131 q\u0259bul etm\u0259sini&hellip;<\/p>\n","protected":false},"author":2,"featured_media":810823,"comment_status":"closed","ping_status":"closed","sticky":false,"template":"","format":"standard","meta":{"om_disable_all_campaigns":false,"_monsterinsights_skip_tracking":false,"_monsterinsights_sitenote_active":false,"_monsterinsights_sitenote_note":"","_monsterinsights_sitenote_category":0},"categories":[19],"tags":[],"aioseo_notices":[],"gutentor_comment":0,"rttpg_featured_image_url":{"full":["https:\/\/arantv.az\/wp-content\/uploads\/2025\/06\/b3e88e79559e3435bba2cb169b0fae0f.jpg",870,500,false],"landscape":["https:\/\/arantv.az\/wp-content\/uploads\/2025\/06\/b3e88e79559e3435bba2cb169b0fae0f.jpg",870,500,false],"portraits":["https:\/\/arantv.az\/wp-content\/uploads\/2025\/06\/b3e88e79559e3435bba2cb169b0fae0f.jpg",870,500,false],"thumbnail":["https:\/\/arantv.az\/wp-content\/uploads\/2025\/06\/b3e88e79559e3435bba2cb169b0fae0f-500x280.jpg",500,280,true],"medium":["https:\/\/arantv.az\/wp-content\/uploads\/2025\/06\/b3e88e79559e3435bba2cb169b0fae0f-635x365.jpg",635,365,true],"large":["https:\/\/arantv.az\/wp-content\/uploads\/2025\/06\/b3e88e79559e3435bba2cb169b0fae0f-840x483.jpg",640,368,true],"1536x1536":["https:\/\/arantv.az\/wp-content\/uploads\/2025\/06\/b3e88e79559e3435bba2cb169b0fae0f.jpg",870,500,false],"2048x2048":["https:\/\/arantv.az\/wp-content\/uploads\/2025\/06\/b3e88e79559e3435bba2cb169b0fae0f.jpg",870,500,false],"post-thumbnail":["https:\/\/arantv.az\/wp-content\/uploads\/2025\/06\/b3e88e79559e3435bba2cb169b0fae0f-240x172.jpg",240,172,true],"advps-thumb-one":["https:\/\/arantv.az\/wp-content\/uploads\/2025\/06\/b3e88e79559e3435bba2cb169b0fae0f.jpg",870,500,false]},"rttpg_author":{"display_name":"V\u00fcsal Rafiqo\u011flu","author_link":"https:\/\/arantv.az\/?author=2"},"rttpg_comment":0,"rttpg_category":"<a href=\"https:\/\/arantv.az\/?cat=19\" rel=\"category\">G\u00fcnd\u0259m<\/a>","rttpg_excerpt":"Bel\u0259 r\u0259y yarad\u0131l\u0131r ki, guya Bak\u0131 alyansla Rusiya il\u0259 m\u00fcnasib\u0259tl\u0259rd\u0259 yaranm\u0131\u015f g\u0259rginlikd\u0259n sonra \u0259m\u0259kda\u015fl\u0131\u011fa ba\u015flay\u0131b; X\u0130N r\u0259smisinin d\u0259 dil\u0259 g\u0259lm\u0259si&#8230; Moskva Az\u0259rbaycan v\u0259 Erm\u0259nistan\u0131n NATO-nun C\u0259nubi Qafqaz regionundak\u0131 f\u0259aliyy\u0259tind\u0259n qaynaqlanan narahatl\u0131qlar\u0131 anlayaca\u011f\u0131na v\u0259 bel\u0259 \u201caqressiv h\u0259rbi blok\u201d il\u0259 \u0259m\u0259kda\u015fl\u0131\u011f\u0131n potensial t\u0259hl\u00fck\u0259l\u0259rini d\u0259rk ed\u0259c\u0259yin\u0259 \u00fcmid edir. Bu bar\u0259d\u0259 Rusiya Xarici \u0130\u015fl\u0259r Nazirliyinin s\u00f6z\u00e7\u00fcs\u00fc Mariya Zaxarova brifinqd\u0259&hellip;","_links":{"self":[{"href":"https:\/\/arantv.az\/index.php?rest_route=\/wp\/v2\/posts\/810822"}],"collection":[{"href":"https:\/\/arantv.az\/index.php?rest_route=\/wp\/v2\/posts"}],"about":[{"href":"https:\/\/arantv.az\/index.php?rest_route=\/wp\/v2\/types\/post"}],"author":[{"embeddable":true,"href":"https:\/\/arantv.az\/index.php?rest_route=\/wp\/v2\/users\/2"}],"replies":[{"embeddable":true,"href":"https:\/\/arantv.az\/index.php?rest_route=%2Fwp%2Fv2%2Fcomments&post=810822"}],"version-history":[{"count":1,"href":"https:\/\/arantv.az\/index.php?rest_route=\/wp\/v2\/posts\/810822\/revisions"}],"predecessor-version":[{"id":810824,"href":"https:\/\/arantv.az\/index.php?rest_route=\/wp\/v2\/posts\/810822\/revisions\/810824"}],"wp:featuredmedia":[{"embeddable":true,"href":"https:\/\/arantv.az\/index.php?rest_route=\/wp\/v2\/media\/810823"}],"wp:attachment":[{"href":"https:\/\/arantv.az\/index.php?rest_route=%2Fwp%2Fv2%2Fmedia&parent=810822"}],"wp:term":[{"taxonomy":"category","embeddable":true,"href":"https:\/\/arantv.az\/index.php?rest_route=%2Fwp%2Fv2%2Fcategories&post=810822"},{"taxonomy":"post_tag","embeddable":true,"href":"https:\/\/arantv.az\/index.php?rest_route=%2Fwp%2Fv2%2Ftags&post=810822"}],"curies":[{"name":"wp","href":"https:\/\/api.w.org\/{rel}","templated":true}]}}