{"id":810826,"date":"2025-06-13T11:49:40","date_gmt":"2025-06-13T07:49:40","guid":{"rendered":"https:\/\/arantv.az\/?p=810826"},"modified":"2025-06-13T11:49:40","modified_gmt":"2025-06-13T07:49:40","slug":"los-ancelesd%c9%99-ssri-bayragi-bakidan-baxis","status":"publish","type":"post","link":"https:\/\/arantv.az\/?p=810826","title":{"rendered":"Los-Ancelesd\u0259 SSR\u0130 bayra\u011f\u0131 &#8211; Bak\u0131dan bax\u0131\u015f"},"content":{"rendered":"<div class=\"text-content\" data-id=\"\" data-url=\"\">\n<p><strong>Partiya funksionerl\u0259rin\u0259 g\u00f6r\u0259, bu, Tramp\u0131n \u201cPutinin adam\u0131\u201d olmas\u0131na, Amerikan\u0131n SSR\u0130 kimi da\u011f\u0131lmas\u0131na i\u015far\u0259 ola bil\u0259r&#8230;<\/strong><\/p>\n<p>Art\u0131q bir ne\u00e7\u0259 g\u00fcnd\u00fcr ki, Kaliforniyan\u0131n Los-Anceles \u015f\u0259h\u0259rind\u0259 k\u00fctl\u0259vi i\u011fti\u015fa\u015flar ba\u015flay\u0131b. Qeyri-qanuni m\u00fchacirl\u0259rin saxlanmas\u0131na qar\u015f\u0131 ke\u00e7iril\u0259n n\u00fcmayi\u015fl\u0259r tez bir zamanda polisl\u0259 toqqu\u015fmalara v\u0259 yerli hakimiyy\u0259t orqanlar\u0131n\u0131n qar\u015f\u0131s\u0131n\u0131 ala bilm\u0259diyi i\u011fti\u015fa\u015flara \u00e7evrilib. Bel\u0259 bir \u015f\u0259raitd\u0259 AB\u015e Prezidenti Donald Tramp Milli Qvardiyan\u0131n \u015f\u0259h\u0259r\u0259 yeridildiyini elan ed\u0259r\u0259k, ba\u015f ver\u0259nl\u0259ri qanuna v\u0259 suverenliy\u0259 zidd i\u011fti\u015fa\u015f adland\u0131r\u0131b.<\/p>\n<p><strong>Kaliforniya \u015ftat\u0131nda k\u00fctl\u0259vi etirazlara s\u0259b\u0259b immiqrasiya siyas\u0259tinin s\u0259rtl\u0259\u015fdirilm\u0259si olub.<\/strong><\/p>\n<p>Qeyd ed\u0259k ki, Los-Ancelesin \u0259halisinin \u00fc\u00e7d\u0259 biri miqrantd\u0131r. Etirazlarda h\u00fcquq m\u00fcdafi\u0259\u00e7il\u0259ri il\u0259 yana\u015f\u0131, Meksika v\u0259 AB\u015e-da f\u0259aliyy\u0259t g\u00f6st\u0259r\u0259n sol\u00e7u radikal \u201cUnion del Barrio\u201d qrupu da i\u015ftirak edib. Bunlar radikal \u00fcsullardan istifad\u0259 ed\u0259r\u0259k Lat\u0131n Amerikas\u0131ndan olanlar\u0131n h\u00fcquqlar\u0131 \u00fc\u00e7\u00fcn m\u00fcbariz\u0259 aparanlard\u0131r. Aksiya i\u015ftirak\u00e7\u0131lar\u0131 aras\u0131nda SSR\u0130 bayra\u011f\u0131 qald\u0131ranlar da olub.<\/p>\n<p>Rusiyal\u0131 politoloq Pavel Dubravski deyib ki, etirazlar\u0131n arxas\u0131nda m\u00fct\u0259\u015f\u0259kkil strukturlar dayan\u0131r: \u201cBunlar sol radikal qruplar v\u0259 ya &#8220;Union del Barrio&#8221; ola bil\u0259r. Stil \u00e7ox b\u0259nz\u0259yir: kims\u0259 polis\u0259 h\u00fccum edir v\u0259 yenid\u0259n izdiham\u0131n aras\u0131nda yox olur. Polis onu \u00e7\u0131xarma\u011fa \u00e7al\u0131\u015f\u0131r v\u0259 bu, ba\u015fqalar\u0131na qar\u015f\u0131 t\u0259cav\u00fcz\u0259 s\u0259b\u0259b olur&#8221;.<\/p>\n<p>A\u011f Ev etirazlar\u0131 milli t\u0259hl\u00fck\u0259sizliy\u0259 t\u0259hdid hesab edir. Tramp da \u00f6z n\u00f6vb\u0259sind\u0259 vur\u011fulay\u0131b ki, \u0259sas t\u0259hl\u00fck\u0259 miqrantlar\u0131n \u00f6zl\u0259ri deyil, i\u011fti\u015fa\u015flar\u0131 t\u0259\u015fkil ed\u0259n radikal sol qruplard\u0131r: \u201cT\u0259hrik\u00e7il\u0259r t\u0259r\u0259find\u0259n t\u0259\u015fkil edil\u0259n v\u0259 tez-tez fitn\u0259karlar t\u0259r\u0259find\u0259n h\u0259yata ke\u00e7iril\u0259n bu c\u00fcr sol\u00e7u radikal etirazlara icaz\u0259 verilm\u0259y\u0259c\u0259k\u201d.<\/p>\n<p><strong>Aksiyalar n\u0259 il\u0259 n\u0259tic\u0259l\u0259n\u0259c\u0259k?<\/strong><\/p>\n<p><strong><img src=\"https:\/\/azertag.az\/files\/2020\/1\/1200x630\/15864487723272711787_1200x630.jpg\" alt=\"El\u015f\u0259n Musayev: Az\u0259rbaycan c\u0259miyy\u0259ti d\u00f6vl\u0259timizin ba\u015f\u00e7\u0131s\u0131n\u0131n humanist  q\u0259rar\u0131n\u0131 alq\u0131\u015flay\u0131r - AZ\u018fRTAC\" \/><\/strong><\/p>\n<p><strong>\u00a0El\u015f\u0259n Musayev<\/strong><\/p>\n<p>Demokratik Maarif\u00e7ilik Partiyas\u0131n\u0131n s\u0259dri, deputat El\u015f\u0259n Musayev \u201cYeni M\u00fcsavat\u201da a\u00e7\u0131qlamas\u0131nda A\u011f Evin sahibinin h\u0259l\u0259 se\u00e7ki kampaniyas\u0131 vaxt\u0131 verdiyi v\u0259di indi h\u0259yata ke\u00e7irdiyini bildirdi: \u201c\u018fvv\u0259la, Tramp h\u0259l\u0259 se\u00e7ki t\u0259bli\u011fat\u0131 vaxt\u0131 s\u00f6yl\u0259mi\u015fdi ki, \u0259g\u0259r hakimiyy\u0259t\u0259 g\u0259l\u0259rs\u0259, immiqrasiya siyas\u0259tini s\u0259rtl\u0259\u015fdir\u0259c\u0259k. Y\u0259ni haz\u0131rk\u0131 gedi\u015fat, m\u00fc\u015fahid\u0259 edil\u0259n proses \u0259slind\u0259 g\u00f6zl\u0259nil\u0259n idi v\u0259 he\u00e7 \u015f\u00fcbh\u0259siz ki, AB\u015e Prezidentinin bununla ba\u011fl\u0131 \u00f6z \u0259sasland\u0131rmalar\u0131 var. Sad\u0259c\u0259, m\u0259s\u0259l\u0259 buras\u0131ndad\u0131r ki, Los &#8211; Anceles \u0259halisinin az qala \u00fc\u00e7d\u0259 biri miqrantlardan ibar\u0259tdir v\u0259 s\u0131rf bu s\u0259b\u0259bd\u0259n m\u0259lum icraat bir t\u0259k etirazlara deyil, h\u0259m d\u0259 idar\u0259\u00e7ilikl\u0259 ba\u011fl\u0131 ciddi probleml\u0259r\u0259 g\u0259tirib \u00e7\u0131xara bil\u0259r. Fikrimi daha d\u0259qiq ifad\u0259 edim: H\u0259min miqrantlar h\u0259m d\u0259 \u0259m\u0259k q\u00fcvv\u0259sidir, i\u015f\u00e7idir, vergi \u00f6d\u0259yicisidir v\u0259 ona g\u00f6r\u0259 d\u0259 m\u00f6vcud siyas\u0259t y\u00fcr\u00fcd\u00fcl\u0259rk\u0259n b\u0259zi m\u0259qamlar m\u00fctl\u0259q n\u0259z\u0259r\u0259 al\u0131nmal\u0131 idi. T\u0259s\u0259vv\u00fcr edin ki, 7 saat \u0259rzind\u0259 46 n\u0259f\u0259r h\u0259bs olunub v\u0259 y\u0259qin ki, bunun y\u00fcz qat\u0131 q\u0259d\u0259r insana da x\u00fcsusi x\u0259b\u0259rdarl\u0131q edilib, eyni zamanda \u00f6lk\u0259d\u0259n \u00e7\u0131x\u0131\u015fla ba\u011fl\u0131 vaxt qoyulub. H\u0259min insanlar\u0131n i\u00e7ind\u0259 is\u0259 b\u00fct\u00fcn h\u0259yat\u0131n\u0131, \u00fcmidl\u0259rini, \u00f6z\u00fcn\u00fcn v\u0259 ail\u0259sinin g\u0259l\u0259c\u0259yini bu \u015ftatla ba\u011flayanlar var. V\u0259 onlar\u0131n \u00f6z ya\u015fad\u0131\u011f\u0131 m\u0259kandan uzaqla\u015fmas\u0131, uzaqla\u015fd\u0131r\u0131lmas\u0131 t\u0259xmin\u0259n intihara b\u0259rab\u0259r bir \u015feydir. \u00dcmumiyy\u0259tl\u0259, d\u00fcnya praktikas\u0131nda bel\u0259 bir n\u00fcmun\u0259 var ki, \u0259g\u0259r \u00f6lk\u0259d\u0259 miqrant siyas\u0259ti b\u0259nz\u0259r \u015f\u0259kild\u0259 s\u0259rtl\u0259\u015fdirilirs\u0259, bu siyas\u0259t \u0259sas\u0259n m\u0259lum q\u0259rardan sonrak\u0131 d\u00f6vr\u0259 aid edilir v\u0259 k\u00f6hn\u0259l\u0259r\u0259 d\u0259yilmir. Ya da b\u0259lli kateqoriyalar m\u00fc\u0259yy\u0259nl\u0259\u015fir. Amma b\u00fct\u00fcn hallarda AB\u015e-\u0131n siyas\u0259ti nec\u0259, hans\u0131 formada y\u00fcr\u00fctm\u0259si, y\u00fcr\u00fcd\u0259c\u0259yi onun \u00f6z daxili i\u015fidir v\u0259 bu s\u0259b\u0259bd\u0259n d\u0259 biz\u0259 m\u0259s\u0259l\u0259ni t\u0259fti\u015f yox, sad\u0259c\u0259 m\u00fczakir\u0259 etm\u0259k d\u00fc\u015f\u0259r\u201d.<\/p>\n<p><img src=\"https:\/\/moderator.az\/file\/articles\/2024\/11\/18\/1731944302_niyameddin1.jpg\" alt=\"Niyam\u0259ddin Orduxanl\u0131: &quot;B\u0259zi dair\u0259l\u0259ri susdurduq&quot;\" \/><\/p>\n<p><strong>Niyam\u0259ddin Orduxanl\u0131\u00a0<\/strong><\/p>\n<p><strong>\u018fdal\u0259t, H\u00fcquq v\u0259 Demokratiya Partiyas\u0131 s\u0259drinin m\u00fcavini, politoloq Niyam\u0259ddin Orduxanl\u0131 is\u0259 qeyd etdi ki, Tramp avtoritar idar\u0259etm\u0259y\u0259 \u00fcst\u00fcnl\u00fck verir:<\/strong>\u00a0\u201cAB\u015e-da tam m\u00fcst\u0259qil olmasa da, m\u0259hk\u0259m\u0259 hakimiyy\u0259ti, qism\u0259n azad media, xalq\u0131n irad\u0259si il\u0259 formala\u015fan Konqres, v\u0259t\u0259nda\u015f c\u0259miyy\u0259ti institutlar\u0131, m\u00fcxalif\u0259t var. AB\u015e h\u0259m d\u0259 federal d\u00f6vl\u0259tdir, \u015ftatlar, federasiyan\u0131n subyektl\u0259ri geni\u015f s\u0259lahiyy\u0259tl\u0259r\u0259 malikdir. Ona g\u00f6r\u0259 Tramp\u0131n onlar\u0131 ram etm\u0259si \u00e7\u0259tin olacaq. \u0130mpulsiv, qanunlara \u00e7ox da h\u00f6rm\u0259t etm\u0259y\u0259n v\u0259 Putinin adam\u0131 say\u0131lan Tramp v\u0259zif\u0259d\u0259 qalmaqda davam ed\u0259rs\u0259, AB\u015e-\u0131 yenid\u0259n b\u00f6y\u00fck olmaq yox, yox olmaq t\u0259hl\u00fck\u0259si g\u00f6zl\u0259yir. AB\u015e-\u0131n \u00e7\u00f6k\u00fc\u015f\u00fcnd\u0259n b\u00fct\u00fcn d\u00fcnya \u0259ziyy\u0259t \u00e7\u0259k\u0259 bil\u0259r. Kaliforniyan\u0131n Los-Anceles \u015f\u0259h\u0259rind\u0259 k\u00fctl\u0259vi i\u011fti\u015fa\u015flar ke\u00e7irilm\u0259sin\u0259 g\u0259ldikd\u0259 is\u0259 bu, Tramp\u0131n qeyri-qanuni m\u00fchacirl\u0259r\u0259 elan etdiyi m\u00fcharib\u0259dir. Bu, uzun ill\u0259r AB\u015e-a g\u0259lib ya\u015fayan, i\u015fl\u0259y\u0259n, ev-e\u015fik sahib olan y\u00fcz minl\u0259rl\u0259 insan\u0131n h\u0259r \u015feyini \u0259lind\u0259n almaq dem\u0259kdir. T\u0259k Los-Ancelesd\u0259 1 milyondan art\u0131q miqrant var. Bu adamlar\u0131n art\u0131q itir\u0259c\u0259yi he\u00e7 n\u0259 yoxdur. Ona g\u00f6r\u0259 d\u0259 tez bir zamanda polisl\u0259 toqqu\u015fmalara v\u0259 yerli hakimiyy\u0259t orqanlar\u0131n\u0131n qar\u015f\u0131s\u0131n\u0131 ala bilm\u0259diyi i\u011fti\u015fa\u015flara \u00e7evrildi. Bu c\u00fcr add\u0131mlar\u0131 il\u0259 Tramp c\u0259miyy\u0259td\u0259 yaranm\u0131\u015f m\u0259nfi imicini d\u0259yi\u015fdirm\u0259k ist\u0259yir. H\u0259tta ordu q\u00fcvv\u0259l\u0259rini c\u0259lb etm\u0259kl\u0259, q\u0259tiyy\u0259tli prezident oldu\u011funu g\u00f6st\u0259rm\u0259k ist\u0259yir. Aksiyada SSR\u0130 bayra\u011f\u0131 t\u0259sad\u00fcf ola bilm\u0259z. Burada mesaj verilmi\u015f olur. Tramp\u0131n Putinin adam\u0131 oldu\u011funu n\u00fcmayi\u015f etdirm\u0259k ist\u0259yirl\u0259r. H\u0259m d\u0259 dem\u0259k ist\u0259yirl\u0259r ki, Amerika da SSR\u0130 kimi da\u011f\u0131la, m\u0259hv ola bil\u0259r.<\/p>\n<p>Tramp miqrantlara qar\u015f\u0131 k\u0259skin q\u0259rarlar\u0131ndan geri \u00e7\u0259kilm\u0259s\u0259, bu daha geni\u015f v\u0259 b\u00fct\u00fcn \u015ftatlara siray\u0259t ed\u0259n k\u00fctl\u0259vi aksiyalara g\u0259tirib \u00e7\u0131xaracaq. \u0130dar\u0259 olunmaz i\u011fti\u015fa\u015flar, talan\u00e7\u0131l\u0131q, ordu q\u00fcvv\u0259l\u0259ri il\u0259 aksiya\u00e7\u0131lar aras\u0131nda sava\u015f ba\u015flayacaq. Xeyli sayda insan \u00f6l\u00fcm\u00fcn\u0259 s\u0259b\u0259b ola bil\u0259r. N\u0259z\u0259rd\u0259n qa\u00e7\u0131rmayaq ki, Amerikada uzun ill\u0259rdir silah sat\u0131\u015f\u0131 a\u00e7\u0131q formada davam edir. Onun \u00fc\u00e7\u00fcn d\u0259 unutmayaq ki, aksiya\u00e7\u0131lar aras\u0131ndan da silahdan istifad\u0259 hallar\u0131 ba\u015f ver\u0259 bil\u0259r&#8221;.<\/p>\n<p><strong>Cavan\u015fir ABBASLI,<\/strong><br \/>\n<strong>\u201cYeni M\u00fcsavat\u201d<\/strong><\/p>\n<\/div>\n<div><\/div>\n<div><\/div>\n<div class=\"inner-social-box\">\n<div class=\"subs-in-social subs-whatsapp\"><\/div>\n<\/div>\n","protected":false},"excerpt":{"rendered":"<p>Partiya funksionerl\u0259rin\u0259 g\u00f6r\u0259, bu, Tramp\u0131n \u201cPutinin adam\u0131\u201d olmas\u0131na, Amerikan\u0131n SSR\u0130 kimi da\u011f\u0131lmas\u0131na i\u015far\u0259 ola bil\u0259r&#8230; Art\u0131q bir ne\u00e7\u0259 g\u00fcnd\u00fcr ki, Kaliforniyan\u0131n Los-Anceles \u015f\u0259h\u0259rind\u0259 k\u00fctl\u0259vi i\u011fti\u015fa\u015flar ba\u015flay\u0131b. Qeyri-qanuni m\u00fchacirl\u0259rin saxlanmas\u0131na qar\u015f\u0131 ke\u00e7iril\u0259n n\u00fcmayi\u015fl\u0259r tez bir zamanda polisl\u0259 toqqu\u015fmalara v\u0259 yerli hakimiyy\u0259t orqanlar\u0131n\u0131n qar\u015f\u0131s\u0131n\u0131 ala bilm\u0259diyi i\u011fti\u015fa\u015flara \u00e7evrilib. Bel\u0259 bir \u015f\u0259raitd\u0259 AB\u015e Prezidenti Donald Tramp Milli Qvardiyan\u0131n \u015f\u0259h\u0259r\u0259 yeridildiyini elan ed\u0259r\u0259k, ba\u015f ver\u0259nl\u0259ri qanuna v\u0259 suverenliy\u0259 zidd i\u011fti\u015fa\u015f adland\u0131r\u0131b. Kaliforniya \u015ftat\u0131nda k\u00fctl\u0259vi etirazlara s\u0259b\u0259b immiqrasiya siyas\u0259tinin s\u0259rtl\u0259\u015fdirilm\u0259si olub. Qeyd ed\u0259k ki, Los-Ancelesin \u0259halisinin \u00fc\u00e7d\u0259 biri miqrantd\u0131r. Etirazlarda h\u00fcquq m\u00fcdafi\u0259\u00e7il\u0259ri il\u0259 yana\u015f\u0131, Meksika&hellip;<\/p>\n","protected":false},"author":2,"featured_media":810827,"comment_status":"closed","ping_status":"closed","sticky":false,"template":"","format":"standard","meta":{"om_disable_all_campaigns":false,"_monsterinsights_skip_tracking":false,"_monsterinsights_sitenote_active":false,"_monsterinsights_sitenote_note":"","_monsterinsights_sitenote_category":0},"categories":[19],"tags":[],"aioseo_notices":[],"gutentor_comment":0,"rttpg_featured_image_url":{"full":["https:\/\/arantv.az\/wp-content\/uploads\/2025\/06\/0cea3a861344a9c17bd4228ce5f42325.jpg",756,500,false],"landscape":["https:\/\/arantv.az\/wp-content\/uploads\/2025\/06\/0cea3a861344a9c17bd4228ce5f42325.jpg",756,500,false],"portraits":["https:\/\/arantv.az\/wp-content\/uploads\/2025\/06\/0cea3a861344a9c17bd4228ce5f42325.jpg",756,500,false],"thumbnail":["https:\/\/arantv.az\/wp-content\/uploads\/2025\/06\/0cea3a861344a9c17bd4228ce5f42325-500x280.jpg",500,280,true],"medium":["https:\/\/arantv.az\/wp-content\/uploads\/2025\/06\/0cea3a861344a9c17bd4228ce5f42325-552x365.jpg",552,365,true],"large":["https:\/\/arantv.az\/wp-content\/uploads\/2025\/06\/0cea3a861344a9c17bd4228ce5f42325.jpg",640,423,false],"1536x1536":["https:\/\/arantv.az\/wp-content\/uploads\/2025\/06\/0cea3a861344a9c17bd4228ce5f42325.jpg",756,500,false],"2048x2048":["https:\/\/arantv.az\/wp-content\/uploads\/2025\/06\/0cea3a861344a9c17bd4228ce5f42325.jpg",756,500,false],"post-thumbnail":["https:\/\/arantv.az\/wp-content\/uploads\/2025\/06\/0cea3a861344a9c17bd4228ce5f42325-240x172.jpg",240,172,true],"advps-thumb-one":["https:\/\/arantv.az\/wp-content\/uploads\/2025\/06\/0cea3a861344a9c17bd4228ce5f42325.jpg",756,500,false]},"rttpg_author":{"display_name":"V\u00fcsal Rafiqo\u011flu","author_link":"https:\/\/arantv.az\/?author=2"},"rttpg_comment":0,"rttpg_category":"<a href=\"https:\/\/arantv.az\/?cat=19\" rel=\"category\">G\u00fcnd\u0259m<\/a>","rttpg_excerpt":"Partiya funksionerl\u0259rin\u0259 g\u00f6r\u0259, bu, Tramp\u0131n \u201cPutinin adam\u0131\u201d olmas\u0131na, Amerikan\u0131n SSR\u0130 kimi da\u011f\u0131lmas\u0131na i\u015far\u0259 ola bil\u0259r&#8230; Art\u0131q bir ne\u00e7\u0259 g\u00fcnd\u00fcr ki, Kaliforniyan\u0131n Los-Anceles \u015f\u0259h\u0259rind\u0259 k\u00fctl\u0259vi i\u011fti\u015fa\u015flar ba\u015flay\u0131b. Qeyri-qanuni m\u00fchacirl\u0259rin saxlanmas\u0131na qar\u015f\u0131 ke\u00e7iril\u0259n n\u00fcmayi\u015fl\u0259r tez bir zamanda polisl\u0259 toqqu\u015fmalara v\u0259 yerli hakimiyy\u0259t orqanlar\u0131n\u0131n qar\u015f\u0131s\u0131n\u0131 ala bilm\u0259diyi i\u011fti\u015fa\u015flara \u00e7evrilib. Bel\u0259 bir \u015f\u0259raitd\u0259 AB\u015e Prezidenti Donald Tramp Milli Qvardiyan\u0131n&hellip;","_links":{"self":[{"href":"https:\/\/arantv.az\/index.php?rest_route=\/wp\/v2\/posts\/810826"}],"collection":[{"href":"https:\/\/arantv.az\/index.php?rest_route=\/wp\/v2\/posts"}],"about":[{"href":"https:\/\/arantv.az\/index.php?rest_route=\/wp\/v2\/types\/post"}],"author":[{"embeddable":true,"href":"https:\/\/arantv.az\/index.php?rest_route=\/wp\/v2\/users\/2"}],"replies":[{"embeddable":true,"href":"https:\/\/arantv.az\/index.php?rest_route=%2Fwp%2Fv2%2Fcomments&post=810826"}],"version-history":[{"count":1,"href":"https:\/\/arantv.az\/index.php?rest_route=\/wp\/v2\/posts\/810826\/revisions"}],"predecessor-version":[{"id":810828,"href":"https:\/\/arantv.az\/index.php?rest_route=\/wp\/v2\/posts\/810826\/revisions\/810828"}],"wp:featuredmedia":[{"embeddable":true,"href":"https:\/\/arantv.az\/index.php?rest_route=\/wp\/v2\/media\/810827"}],"wp:attachment":[{"href":"https:\/\/arantv.az\/index.php?rest_route=%2Fwp%2Fv2%2Fmedia&parent=810826"}],"wp:term":[{"taxonomy":"category","embeddable":true,"href":"https:\/\/arantv.az\/index.php?rest_route=%2Fwp%2Fv2%2Fcategories&post=810826"},{"taxonomy":"post_tag","embeddable":true,"href":"https:\/\/arantv.az\/index.php?rest_route=%2Fwp%2Fv2%2Ftags&post=810826"}],"curies":[{"name":"wp","href":"https:\/\/api.w.org\/{rel}","templated":true}]}}