{"id":811764,"date":"2025-06-19T13:15:06","date_gmt":"2025-06-19T09:15:06","guid":{"rendered":"https:\/\/arantv.az\/?p=811764"},"modified":"2025-06-19T13:15:06","modified_gmt":"2025-06-19T09:15:06","slug":"%c9%99rdogandan-az%c9%99rbaycan-m%c9%99h%c9%99ll%c9%99si-paylasimi-z%c9%99lz%c9%99l%c9%99-bolg%c9%99sind%c9%99-250-mininci-m%c9%99nzil-t%c9%99hvil-verildi","status":"publish","type":"post","link":"https:\/\/arantv.az\/?p=811764","title":{"rendered":"\u018frdo\u011fandan \u201cAz\u0259rbaycan m\u0259h\u0259ll\u0259si\u201d payla\u015f\u0131m\u0131\u2013 Z\u0259lz\u0259l\u0259 b\u00f6lg\u0259sind\u0259 250 mininci m\u0259nzil t\u0259hvil verildi"},"content":{"rendered":"<p><strong>T\u00fcrkiy\u0259 Prezidenti R\u0259c\u0259b Tayyib \u018frdo\u011fan Kahramanmara\u015fda z\u0259lz\u0259l\u0259d\u0259n z\u0259r\u0259r\u00e7\u0259kmi\u015fl\u0259r \u00fc\u00e7\u00fcn sal\u0131nm\u0131\u015f ya\u015fay\u0131\u015f kompleksl\u0259rind\u0259n biri \u2013\u201cAz\u0259rbaycan m\u0259h\u0259ll\u0259si\u201d haqq\u0131nda payla\u015f\u0131m edib. Bu bar\u0259d\u0259 d\u00f6vl\u0259t ba\u015f\u00e7\u0131s\u0131 \u201cX\u201d (ke\u00e7mi\u015f \u201cTwitter\u201d) sosial \u015f\u0259b\u0259k\u0259sind\u0259ki r\u0259smi hesab\u0131nda m\u0259lumat verib.<\/strong><\/p>\n<p><strong>ARANTV.AZ\u00a0<\/strong> x\u0259b\u0259r verir ki, Prezident \u018frdo\u011fan qeyd edib:<\/p>\n<p>\u201cBu g\u00fcn z\u0259lz\u0259l\u0259 b\u00f6lg\u0259mizd\u0259 Can Az\u0259rbaycan\u0131n d\u0259st\u0259yi il\u0259 in\u015fa edil\u0259n \u201cAz\u0259rbaycan m\u0259h\u0259ll\u0259si\u2019\u201dnd\u0259ki m\u0259nzill\u0259r d\u0259 daxil olmaqla, \u00fcmumilikd\u0259 49 min 56 m\u0259nzil v\u0259 i\u015f yeri h\u00fcquq sahibl\u0259rin\u0259 t\u0259hvil verilir. Bel\u0259likl\u0259, indiy\u0259d\u0259k t\u0259hvil veril\u0259n m\u0259nzill\u0259rin \u00fcmumi say\u0131 250 min\u0259 \u00e7atd\u0131r\u0131l\u0131r\u201d.<\/p>\n<p>Prezident \u018frdo\u011fan payla\u015f\u0131m\u0131nda Az\u0259rbaycanla T\u00fcrkiy\u0259 aras\u0131ndak\u0131 qarda\u015fl\u0131q m\u00fcnasib\u0259tl\u0259rin\u0259 i\u015far\u0259 ed\u0259r\u0259k, Az\u0259rbaycana bu \u00e7\u0259tin g\u00fcnl\u0259rd\u0259 verdiyi d\u0259st\u0259y\u0259 t\u0259\u015f\u0259kk\u00fcr\u00fcn\u00fc bildirib.<\/p>\n<p><strong>Qeyd ed\u0259k ki, \u201cAz\u0259rbaycan m\u0259h\u0259ll\u0259si\u201d \u2013 2023-c\u00fc ilin fevral ay\u0131nda Kahramanmara\u015f v\u0259 \u0259traf vilay\u0259tl\u0259rd\u0259 ba\u015f vermi\u015f da\u011f\u0131d\u0131c\u0131 z\u0259lz\u0259l\u0259l\u0259rd\u0259n sonra Az\u0259rbaycan h\u00f6kum\u0259tinin maliyy\u0259 v\u0259 texniki d\u0259st\u0259yi il\u0259 in\u015fa edilmi\u015f ya\u015fay\u0131\u015f kompleksidir. Layih\u0259 \u00e7\u0259r\u00e7iv\u0259sind\u0259 Kahramanmara\u015f\u0131n Oniki\u015fubat rayonunda 1 000-d\u0259n art\u0131q m\u0259nzil, m\u0259kt\u0259b, u\u015faq ba\u011f\u00e7as\u0131, park v\u0259 ictimai xidm\u0259t obyektl\u0259ri tikilib.<\/strong><\/p>\n<p>Az\u0259rbaycan bu layih\u0259 il\u0259 t\u0259kc\u0259 maddi deyil, simvolik v\u0259 m\u0259n\u0259vi d\u0259st\u0259yini d\u0259 ortaya qoymu\u015f, T\u00fcrkiy\u0259y\u0259 \u201cbir mill\u0259t \u2013 iki d\u00f6vl\u0259t\u201d prinsipinin b\u00f6hran anlar\u0131nda da ya\u015fad\u0131\u011f\u0131n\u0131 g\u00f6st\u0259rmi\u015fdi.<\/p>\n<p>\u00d6t\u0259n ilin aprel ay\u0131nda \u201cAz\u0259rbaycan m\u0259h\u0259ll\u0259si\u201dnin t\u0259m\u0259lqoyma m\u0259rasimind\u0259 T\u00fcrkiy\u0259 v\u0259 Az\u0259rbaycan r\u0259smil\u0259ri birg\u0259 i\u015ftirak etmi\u015f, layih\u0259 Az\u0259rbaycan xalq\u0131 ad\u0131ndan T\u00fcrkiy\u0259 v\u0259t\u0259nda\u015flar\u0131na t\u0259qdim olunmu\u015fdu.<\/p>\n<p>Az\u0259rbaycan Prezidenti \u0130lham \u018fliyev T\u00fcrkiy\u0259 Prezidenti R\u0259c\u0259b Tayyib \u018frdo\u011fan\u0131n d\u0259v\u0259ti il\u0259 bu g\u00fcn T\u00fcrkiy\u0259y\u0259 s\u0259f\u0259r ed\u0259c\u0259k v\u0259 h\u0259r iki d\u00f6vl\u0259t ba\u015f\u00e7\u0131s\u0131n\u0131n i\u015ftirak\u0131 il\u0259 \u201cAz\u0259rbaycan m\u0259h\u0259ll\u0259si\u201dnin a\u00e7\u0131l\u0131\u015f\u0131 olacaq.<\/p>\n","protected":false},"excerpt":{"rendered":"<p>T\u00fcrkiy\u0259 Prezidenti R\u0259c\u0259b Tayyib \u018frdo\u011fan Kahramanmara\u015fda z\u0259lz\u0259l\u0259d\u0259n z\u0259r\u0259r\u00e7\u0259kmi\u015fl\u0259r \u00fc\u00e7\u00fcn sal\u0131nm\u0131\u015f ya\u015fay\u0131\u015f kompleksl\u0259rind\u0259n biri \u2013\u201cAz\u0259rbaycan m\u0259h\u0259ll\u0259si\u201d haqq\u0131nda payla\u015f\u0131m edib. Bu bar\u0259d\u0259 d\u00f6vl\u0259t ba\u015f\u00e7\u0131s\u0131 \u201cX\u201d (ke\u00e7mi\u015f \u201cTwitter\u201d) sosial \u015f\u0259b\u0259k\u0259sind\u0259ki r\u0259smi hesab\u0131nda m\u0259lumat verib. ARANTV.AZ\u00a0 x\u0259b\u0259r verir ki, Prezident \u018frdo\u011fan qeyd edib: \u201cBu g\u00fcn z\u0259lz\u0259l\u0259 b\u00f6lg\u0259mizd\u0259 Can Az\u0259rbaycan\u0131n d\u0259st\u0259yi il\u0259 in\u015fa edil\u0259n \u201cAz\u0259rbaycan m\u0259h\u0259ll\u0259si\u2019\u201dnd\u0259ki m\u0259nzill\u0259r d\u0259 daxil olmaqla, \u00fcmumilikd\u0259 49 min 56 m\u0259nzil v\u0259 i\u015f yeri h\u00fcquq sahibl\u0259rin\u0259 t\u0259hvil verilir. Bel\u0259likl\u0259, indiy\u0259d\u0259k t\u0259hvil veril\u0259n m\u0259nzill\u0259rin \u00fcmumi say\u0131 250 min\u0259 \u00e7atd\u0131r\u0131l\u0131r\u201d. Prezident \u018frdo\u011fan payla\u015f\u0131m\u0131nda Az\u0259rbaycanla T\u00fcrkiy\u0259 aras\u0131ndak\u0131 qarda\u015fl\u0131q m\u00fcnasib\u0259tl\u0259rin\u0259 i\u015far\u0259 ed\u0259r\u0259k, Az\u0259rbaycana bu \u00e7\u0259tin&hellip;<\/p>\n","protected":false},"author":2,"featured_media":811765,"comment_status":"closed","ping_status":"closed","sticky":false,"template":"","format":"standard","meta":{"om_disable_all_campaigns":false,"_monsterinsights_skip_tracking":false,"_monsterinsights_sitenote_active":false,"_monsterinsights_sitenote_note":"","_monsterinsights_sitenote_category":0},"categories":[19],"tags":[],"aioseo_notices":[],"gutentor_comment":0,"rttpg_featured_image_url":{"full":["https:\/\/arantv.az\/wp-content\/uploads\/2025\/06\/ed59d50bf75a3e1ae60803dc0b147162.jpg",870,500,false],"landscape":["https:\/\/arantv.az\/wp-content\/uploads\/2025\/06\/ed59d50bf75a3e1ae60803dc0b147162.jpg",870,500,false],"portraits":["https:\/\/arantv.az\/wp-content\/uploads\/2025\/06\/ed59d50bf75a3e1ae60803dc0b147162.jpg",870,500,false],"thumbnail":["https:\/\/arantv.az\/wp-content\/uploads\/2025\/06\/ed59d50bf75a3e1ae60803dc0b147162-500x280.jpg",500,280,true],"medium":["https:\/\/arantv.az\/wp-content\/uploads\/2025\/06\/ed59d50bf75a3e1ae60803dc0b147162-635x365.jpg",635,365,true],"large":["https:\/\/arantv.az\/wp-content\/uploads\/2025\/06\/ed59d50bf75a3e1ae60803dc0b147162-840x483.jpg",640,368,true],"1536x1536":["https:\/\/arantv.az\/wp-content\/uploads\/2025\/06\/ed59d50bf75a3e1ae60803dc0b147162.jpg",870,500,false],"2048x2048":["https:\/\/arantv.az\/wp-content\/uploads\/2025\/06\/ed59d50bf75a3e1ae60803dc0b147162.jpg",870,500,false],"post-thumbnail":["https:\/\/arantv.az\/wp-content\/uploads\/2025\/06\/ed59d50bf75a3e1ae60803dc0b147162-240x172.jpg",240,172,true],"advps-thumb-one":["https:\/\/arantv.az\/wp-content\/uploads\/2025\/06\/ed59d50bf75a3e1ae60803dc0b147162.jpg",870,500,false]},"rttpg_author":{"display_name":"V\u00fcsal Rafiqo\u011flu","author_link":"https:\/\/arantv.az\/?author=2"},"rttpg_comment":0,"rttpg_category":"<a href=\"https:\/\/arantv.az\/?cat=19\" rel=\"category\">G\u00fcnd\u0259m<\/a>","rttpg_excerpt":"T\u00fcrkiy\u0259 Prezidenti R\u0259c\u0259b Tayyib \u018frdo\u011fan Kahramanmara\u015fda z\u0259lz\u0259l\u0259d\u0259n z\u0259r\u0259r\u00e7\u0259kmi\u015fl\u0259r \u00fc\u00e7\u00fcn sal\u0131nm\u0131\u015f ya\u015fay\u0131\u015f kompleksl\u0259rind\u0259n biri \u2013\u201cAz\u0259rbaycan m\u0259h\u0259ll\u0259si\u201d haqq\u0131nda payla\u015f\u0131m edib. Bu bar\u0259d\u0259 d\u00f6vl\u0259t ba\u015f\u00e7\u0131s\u0131 \u201cX\u201d (ke\u00e7mi\u015f \u201cTwitter\u201d) sosial \u015f\u0259b\u0259k\u0259sind\u0259ki r\u0259smi hesab\u0131nda m\u0259lumat verib. ARANTV.AZ\u00a0 x\u0259b\u0259r verir ki, Prezident \u018frdo\u011fan qeyd edib: \u201cBu g\u00fcn z\u0259lz\u0259l\u0259 b\u00f6lg\u0259mizd\u0259 Can Az\u0259rbaycan\u0131n d\u0259st\u0259yi il\u0259 in\u015fa edil\u0259n \u201cAz\u0259rbaycan m\u0259h\u0259ll\u0259si\u2019\u201dnd\u0259ki m\u0259nzill\u0259r d\u0259 daxil olmaqla,&hellip;","_links":{"self":[{"href":"https:\/\/arantv.az\/index.php?rest_route=\/wp\/v2\/posts\/811764"}],"collection":[{"href":"https:\/\/arantv.az\/index.php?rest_route=\/wp\/v2\/posts"}],"about":[{"href":"https:\/\/arantv.az\/index.php?rest_route=\/wp\/v2\/types\/post"}],"author":[{"embeddable":true,"href":"https:\/\/arantv.az\/index.php?rest_route=\/wp\/v2\/users\/2"}],"replies":[{"embeddable":true,"href":"https:\/\/arantv.az\/index.php?rest_route=%2Fwp%2Fv2%2Fcomments&post=811764"}],"version-history":[{"count":1,"href":"https:\/\/arantv.az\/index.php?rest_route=\/wp\/v2\/posts\/811764\/revisions"}],"predecessor-version":[{"id":811766,"href":"https:\/\/arantv.az\/index.php?rest_route=\/wp\/v2\/posts\/811764\/revisions\/811766"}],"wp:featuredmedia":[{"embeddable":true,"href":"https:\/\/arantv.az\/index.php?rest_route=\/wp\/v2\/media\/811765"}],"wp:attachment":[{"href":"https:\/\/arantv.az\/index.php?rest_route=%2Fwp%2Fv2%2Fmedia&parent=811764"}],"wp:term":[{"taxonomy":"category","embeddable":true,"href":"https:\/\/arantv.az\/index.php?rest_route=%2Fwp%2Fv2%2Fcategories&post=811764"},{"taxonomy":"post_tag","embeddable":true,"href":"https:\/\/arantv.az\/index.php?rest_route=%2Fwp%2Fv2%2Ftags&post=811764"}],"curies":[{"name":"wp","href":"https:\/\/api.w.org\/{rel}","templated":true}]}}