{"id":811851,"date":"2025-06-19T18:53:59","date_gmt":"2025-06-19T14:53:59","guid":{"rendered":"https:\/\/arantv.az\/?p=811851"},"modified":"2025-06-19T18:53:59","modified_gmt":"2025-06-19T14:53:59","slug":"az%c9%99rbaycan-xalqi-6-fevral-faci%c9%99sini-oz-faci%c9%99si-kimi-q%c9%99bul-etdi","status":"publish","type":"post","link":"https:\/\/arantv.az\/?p=811851","title":{"rendered":"Az\u0259rbaycan xalq\u0131 6 fevral faci\u0259sini \u00f6z faci\u0259si kimi q\u0259bul etdi"},"content":{"rendered":"<p><strong>Az\u0259rbaycan xalq\u0131 bu faci\u0259ni (2023-c\u00fc il fevral\u0131n 6-da ba\u015f ver\u0259n z\u0259lz\u0259l\u0259ni) \u00f6z faci\u0259si kimi q\u0259bul etdi.<\/strong><\/p>\n<p><b>ARANTV.AZ\u00a0 <\/b>x\u0259b\u0259r verir ki, bu bar\u0259d\u0259 Az\u0259rbaycan Prezidenti \u0130lham \u018fliyev iyunun 19-da Kahramanmara\u015fda &#8220;Az\u0259rbaycan&#8221; m\u0259h\u0259ll\u0259sinin a\u00e7\u0131l\u0131\u015f m\u0259rasimind\u0259 bildirib.<\/p>\n<p>D\u00f6vl\u0259t ba\u015f\u00e7\u0131s\u0131 qeyd edib ki, Az\u0259rbaycan z\u0259lz\u0259l\u0259nin ilk g\u00fcn\u00fcnd\u0259n T\u00fcrkiy\u0259y\u0259 axtar\u0131\u015f-xilasetm\u0259, h\u0259kim qruplar\u0131 g\u00f6nd\u0259rib:<\/p>\n<p>&#8220;Az\u0259rbaycan\u0131n g\u00f6nd\u0259rdiyi axtar\u0131\u015f xilasetm\u0259 qrupu 53 n\u0259f\u0259ri da\u011f\u0131nt\u0131lar alt\u0131ndan \u00e7\u0131xar\u0131b. \u0130lk g\u00fcnd\u0259n qarda\u015fl\u0131q borcunu yerin\u0259 yetirm\u0259k \u00fc\u00e7\u00fcn on minl\u0259rl\u0259 az\u0259rbaycanl\u0131 Bak\u0131da, Az\u0259rbaycan\u0131n m\u00fcxt\u0259lif \u015f\u0259h\u0259rl\u0259rind\u0259 humanitar yard\u0131m g\u00f6st\u0259rm\u0259k \u00fc\u00e7\u00fcn m\u0259nt\u0259q\u0259l\u0259r\u0259 g\u0259lib \u00f6z qarda\u015fl\u0131q yard\u0131m\u0131n\u0131 g\u00f6st\u0259rm\u0259y\u0259 ba\u015flam\u0131\u015fd\u0131r&#8221;.<\/p>\n<p>\u0130lham \u018fliyev vur\u011fulay\u0131b ki, q\u0131sa m\u00fcdd\u0259t \u0259rzind\u0259 on minl\u0259rl\u0259 insan yeni m\u0259nzill\u0259rl\u0259 t\u0259min olunub:<\/p>\n<p>&#8220;Bu, g\u00fccl\u00fc T\u00fcrkiy\u0259nin t\u0259zah\u00fcr\u00fcd\u00fcr v\u0259 R\u0259c\u0259b Tayyib \u018frdo\u011fan\u0131n xalq\u0131na ba\u011fl\u0131l\u0131\u011f\u0131n\u0131n g\u00f6st\u0259ricisidir&#8221;.<\/p>\n","protected":false},"excerpt":{"rendered":"<p>Az\u0259rbaycan xalq\u0131 bu faci\u0259ni (2023-c\u00fc il fevral\u0131n 6-da ba\u015f ver\u0259n z\u0259lz\u0259l\u0259ni) \u00f6z faci\u0259si kimi q\u0259bul etdi. ARANTV.AZ\u00a0 x\u0259b\u0259r verir ki, bu bar\u0259d\u0259 Az\u0259rbaycan Prezidenti \u0130lham \u018fliyev iyunun 19-da Kahramanmara\u015fda &#8220;Az\u0259rbaycan&#8221; m\u0259h\u0259ll\u0259sinin a\u00e7\u0131l\u0131\u015f m\u0259rasimind\u0259 bildirib. D\u00f6vl\u0259t ba\u015f\u00e7\u0131s\u0131 qeyd edib ki, Az\u0259rbaycan z\u0259lz\u0259l\u0259nin ilk g\u00fcn\u00fcnd\u0259n T\u00fcrkiy\u0259y\u0259 axtar\u0131\u015f-xilasetm\u0259, h\u0259kim qruplar\u0131 g\u00f6nd\u0259rib: &#8220;Az\u0259rbaycan\u0131n g\u00f6nd\u0259rdiyi axtar\u0131\u015f xilasetm\u0259 qrupu 53 n\u0259f\u0259ri da\u011f\u0131nt\u0131lar alt\u0131ndan \u00e7\u0131xar\u0131b. \u0130lk g\u00fcnd\u0259n qarda\u015fl\u0131q borcunu yerin\u0259 yetirm\u0259k \u00fc\u00e7\u00fcn on minl\u0259rl\u0259 az\u0259rbaycanl\u0131 Bak\u0131da, Az\u0259rbaycan\u0131n m\u00fcxt\u0259lif \u015f\u0259h\u0259rl\u0259rind\u0259 humanitar yard\u0131m g\u00f6st\u0259rm\u0259k \u00fc\u00e7\u00fcn m\u0259nt\u0259q\u0259l\u0259r\u0259 g\u0259lib \u00f6z qarda\u015fl\u0131q yard\u0131m\u0131n\u0131 g\u00f6st\u0259rm\u0259y\u0259 ba\u015flam\u0131\u015fd\u0131r&#8221;. \u0130lham \u018fliyev vur\u011fulay\u0131b ki, q\u0131sa m\u00fcdd\u0259t \u0259rzind\u0259&hellip;<\/p>\n","protected":false},"author":2,"featured_media":811852,"comment_status":"closed","ping_status":"closed","sticky":false,"template":"","format":"standard","meta":{"om_disable_all_campaigns":false,"_monsterinsights_skip_tracking":false,"_monsterinsights_sitenote_active":false,"_monsterinsights_sitenote_note":"","_monsterinsights_sitenote_category":0},"categories":[4],"tags":[],"aioseo_notices":[],"gutentor_comment":0,"rttpg_featured_image_url":{"full":["https:\/\/arantv.az\/wp-content\/uploads\/2025\/06\/7ef32de8868f84d5899aec491e73bb9b.jpg",870,500,false],"landscape":["https:\/\/arantv.az\/wp-content\/uploads\/2025\/06\/7ef32de8868f84d5899aec491e73bb9b.jpg",870,500,false],"portraits":["https:\/\/arantv.az\/wp-content\/uploads\/2025\/06\/7ef32de8868f84d5899aec491e73bb9b.jpg",870,500,false],"thumbnail":["https:\/\/arantv.az\/wp-content\/uploads\/2025\/06\/7ef32de8868f84d5899aec491e73bb9b-500x280.jpg",500,280,true],"medium":["https:\/\/arantv.az\/wp-content\/uploads\/2025\/06\/7ef32de8868f84d5899aec491e73bb9b-635x365.jpg",635,365,true],"large":["https:\/\/arantv.az\/wp-content\/uploads\/2025\/06\/7ef32de8868f84d5899aec491e73bb9b-840x483.jpg",640,368,true],"1536x1536":["https:\/\/arantv.az\/wp-content\/uploads\/2025\/06\/7ef32de8868f84d5899aec491e73bb9b.jpg",870,500,false],"2048x2048":["https:\/\/arantv.az\/wp-content\/uploads\/2025\/06\/7ef32de8868f84d5899aec491e73bb9b.jpg",870,500,false],"post-thumbnail":["https:\/\/arantv.az\/wp-content\/uploads\/2025\/06\/7ef32de8868f84d5899aec491e73bb9b-240x172.jpg",240,172,true],"advps-thumb-one":["https:\/\/arantv.az\/wp-content\/uploads\/2025\/06\/7ef32de8868f84d5899aec491e73bb9b.jpg",870,500,false]},"rttpg_author":{"display_name":"V\u00fcsal Rafiqo\u011flu","author_link":"https:\/\/arantv.az\/?author=2"},"rttpg_comment":0,"rttpg_category":"<a href=\"https:\/\/arantv.az\/?cat=4\" rel=\"category\">Siyas\u0259t<\/a>","rttpg_excerpt":"Az\u0259rbaycan xalq\u0131 bu faci\u0259ni (2023-c\u00fc il fevral\u0131n 6-da ba\u015f ver\u0259n z\u0259lz\u0259l\u0259ni) \u00f6z faci\u0259si kimi q\u0259bul etdi. ARANTV.AZ\u00a0 x\u0259b\u0259r verir ki, bu bar\u0259d\u0259 Az\u0259rbaycan Prezidenti \u0130lham \u018fliyev iyunun 19-da Kahramanmara\u015fda &#8220;Az\u0259rbaycan&#8221; m\u0259h\u0259ll\u0259sinin a\u00e7\u0131l\u0131\u015f m\u0259rasimind\u0259 bildirib. D\u00f6vl\u0259t ba\u015f\u00e7\u0131s\u0131 qeyd edib ki, Az\u0259rbaycan z\u0259lz\u0259l\u0259nin ilk g\u00fcn\u00fcnd\u0259n T\u00fcrkiy\u0259y\u0259 axtar\u0131\u015f-xilasetm\u0259, h\u0259kim qruplar\u0131 g\u00f6nd\u0259rib: &#8220;Az\u0259rbaycan\u0131n g\u00f6nd\u0259rdiyi axtar\u0131\u015f xilasetm\u0259 qrupu 53 n\u0259f\u0259ri&hellip;","_links":{"self":[{"href":"https:\/\/arantv.az\/index.php?rest_route=\/wp\/v2\/posts\/811851"}],"collection":[{"href":"https:\/\/arantv.az\/index.php?rest_route=\/wp\/v2\/posts"}],"about":[{"href":"https:\/\/arantv.az\/index.php?rest_route=\/wp\/v2\/types\/post"}],"author":[{"embeddable":true,"href":"https:\/\/arantv.az\/index.php?rest_route=\/wp\/v2\/users\/2"}],"replies":[{"embeddable":true,"href":"https:\/\/arantv.az\/index.php?rest_route=%2Fwp%2Fv2%2Fcomments&post=811851"}],"version-history":[{"count":1,"href":"https:\/\/arantv.az\/index.php?rest_route=\/wp\/v2\/posts\/811851\/revisions"}],"predecessor-version":[{"id":811853,"href":"https:\/\/arantv.az\/index.php?rest_route=\/wp\/v2\/posts\/811851\/revisions\/811853"}],"wp:featuredmedia":[{"embeddable":true,"href":"https:\/\/arantv.az\/index.php?rest_route=\/wp\/v2\/media\/811852"}],"wp:attachment":[{"href":"https:\/\/arantv.az\/index.php?rest_route=%2Fwp%2Fv2%2Fmedia&parent=811851"}],"wp:term":[{"taxonomy":"category","embeddable":true,"href":"https:\/\/arantv.az\/index.php?rest_route=%2Fwp%2Fv2%2Fcategories&post=811851"},{"taxonomy":"post_tag","embeddable":true,"href":"https:\/\/arantv.az\/index.php?rest_route=%2Fwp%2Fv2%2Ftags&post=811851"}],"curies":[{"name":"wp","href":"https:\/\/api.w.org\/{rel}","templated":true}]}}