{"id":811870,"date":"2025-06-19T18:59:54","date_gmt":"2025-06-19T14:59:54","guid":{"rendered":"https:\/\/arantv.az\/?p=811870"},"modified":"2025-06-19T18:59:54","modified_gmt":"2025-06-19T14:59:54","slug":"prezident-ilham-%c9%99liyev-turkiy%c9%99y%c9%99-s%c9%99f%c9%99r-etdi-%c9%99rdogan-ozu-qarsiladifoto","status":"publish","type":"post","link":"https:\/\/arantv.az\/?p=811870","title":{"rendered":"Prezident \u0130lham \u018fliyev T\u00fcrkiy\u0259y\u0259 s\u0259f\u0259r etdi \u2013 \u018frdo\u011fan \u00f6z\u00fc qar\u015f\u0131lad\u0131FOTO"},"content":{"rendered":"<div class=\"text-content\" data-id=\"\" data-url=\"\">\n<p><strong>Az\u0259rbaycan Respublikas\u0131n\u0131n Prezidenti \u0130lham \u018fliyev iyunun 19-da T\u00fcrkiy\u0259y\u0259 i\u015fg\u00fczar s\u0259f\u0259r\u0259 g\u0259lib.<\/strong><\/p>\n<p><b>ARANTV.AZ\u00a0 <\/b>x\u0259b\u0259r verir ki, Kahramanmara\u015f Beyn\u0259lxalq Hava Liman\u0131nda Az\u0259rbaycan Prezidentinin \u015f\u0259r\u0259fin\u0259 f\u0259xri qarovul d\u0259st\u0259si d\u00fcz\u00fclm\u00fc\u015fd\u00fc.<\/p>\n<p>D\u00f6vl\u0259timizin ba\u015f\u00e7\u0131s\u0131n\u0131 T\u00fcrkiy\u0259 Respublikas\u0131n\u0131n Prezidenti R\u0259c\u0259b Tayyib \u018frdo\u011fan qar\u015f\u0131lad\u0131.<\/p>\n<\/div>\n<div>\n<div class=\"form-group\"><img class=\"img-responsive\" src=\"https:\/\/cdn.musavat.com\/news\/images\/%C4%B0QBAL%20YEN%C4%B0\/b3ce998a-d73c-3656-b5c3-5a11673b.jpg\" \/><\/div>\n<div class=\"form-group\"><img class=\"img-responsive\" src=\"https:\/\/cdn.musavat.com\/news\/images\/%C4%B0QBAL%20YEN%C4%B0\/712aaa51-7123-388e-804a-6b781822.jpg\" \/><\/div>\n<div class=\"form-group\"><img class=\"img-responsive\" src=\"https:\/\/cdn.musavat.com\/news\/images\/%C4%B0QBAL%20YEN%C4%B0\/a1504a74-d471-3549-92e7-0648c9c8.jpg\" \/><\/div>\n<div class=\"form-group\"><img class=\"img-responsive\" src=\"https:\/\/cdn.musavat.com\/news\/images\/%C4%B0QBAL%20YEN%C4%B0\/a563acd1-cd3f-38e5-9fb1-111b00c8.jpg\" \/><\/div>\n<div class=\"form-group\"><img class=\"img-responsive\" src=\"https:\/\/cdn.musavat.com\/news\/images\/%C4%B0QBAL%20YEN%C4%B0\/b93443d2-b7a4-3a83-8569-a9de6e2f.jpg\" \/><\/div>\n<\/div>\n","protected":false},"excerpt":{"rendered":"<p>Az\u0259rbaycan Respublikas\u0131n\u0131n Prezidenti \u0130lham \u018fliyev iyunun 19-da T\u00fcrkiy\u0259y\u0259 i\u015fg\u00fczar s\u0259f\u0259r\u0259 g\u0259lib. ARANTV.AZ\u00a0 x\u0259b\u0259r verir ki, Kahramanmara\u015f Beyn\u0259lxalq Hava Liman\u0131nda Az\u0259rbaycan Prezidentinin \u015f\u0259r\u0259fin\u0259 f\u0259xri qarovul d\u0259st\u0259si d\u00fcz\u00fclm\u00fc\u015fd\u00fc. D\u00f6vl\u0259timizin ba\u015f\u00e7\u0131s\u0131n\u0131 T\u00fcrkiy\u0259 Respublikas\u0131n\u0131n Prezidenti R\u0259c\u0259b Tayyib \u018frdo\u011fan qar\u015f\u0131lad\u0131.<\/p>\n","protected":false},"author":2,"featured_media":811871,"comment_status":"closed","ping_status":"closed","sticky":false,"template":"","format":"standard","meta":{"om_disable_all_campaigns":false,"_monsterinsights_skip_tracking":false,"_monsterinsights_sitenote_active":false,"_monsterinsights_sitenote_note":"","_monsterinsights_sitenote_category":0},"categories":[19],"tags":[],"aioseo_notices":[],"gutentor_comment":0,"rttpg_featured_image_url":{"full":["https:\/\/arantv.az\/wp-content\/uploads\/2025\/06\/2aef4e4ed5b99d6df25cf6ba99aee47a.jpg",870,500,false],"landscape":["https:\/\/arantv.az\/wp-content\/uploads\/2025\/06\/2aef4e4ed5b99d6df25cf6ba99aee47a.jpg",870,500,false],"portraits":["https:\/\/arantv.az\/wp-content\/uploads\/2025\/06\/2aef4e4ed5b99d6df25cf6ba99aee47a.jpg",870,500,false],"thumbnail":["https:\/\/arantv.az\/wp-content\/uploads\/2025\/06\/2aef4e4ed5b99d6df25cf6ba99aee47a-500x280.jpg",500,280,true],"medium":["https:\/\/arantv.az\/wp-content\/uploads\/2025\/06\/2aef4e4ed5b99d6df25cf6ba99aee47a-635x365.jpg",635,365,true],"large":["https:\/\/arantv.az\/wp-content\/uploads\/2025\/06\/2aef4e4ed5b99d6df25cf6ba99aee47a-840x483.jpg",640,368,true],"1536x1536":["https:\/\/arantv.az\/wp-content\/uploads\/2025\/06\/2aef4e4ed5b99d6df25cf6ba99aee47a.jpg",870,500,false],"2048x2048":["https:\/\/arantv.az\/wp-content\/uploads\/2025\/06\/2aef4e4ed5b99d6df25cf6ba99aee47a.jpg",870,500,false],"post-thumbnail":["https:\/\/arantv.az\/wp-content\/uploads\/2025\/06\/2aef4e4ed5b99d6df25cf6ba99aee47a-240x172.jpg",240,172,true],"advps-thumb-one":["https:\/\/arantv.az\/wp-content\/uploads\/2025\/06\/2aef4e4ed5b99d6df25cf6ba99aee47a.jpg",870,500,false]},"rttpg_author":{"display_name":"V\u00fcsal Rafiqo\u011flu","author_link":"https:\/\/arantv.az\/?author=2"},"rttpg_comment":0,"rttpg_category":"<a href=\"https:\/\/arantv.az\/?cat=19\" rel=\"category\">G\u00fcnd\u0259m<\/a>","rttpg_excerpt":"Az\u0259rbaycan Respublikas\u0131n\u0131n Prezidenti \u0130lham \u018fliyev iyunun 19-da T\u00fcrkiy\u0259y\u0259 i\u015fg\u00fczar s\u0259f\u0259r\u0259 g\u0259lib. ARANTV.AZ\u00a0 x\u0259b\u0259r verir ki, Kahramanmara\u015f Beyn\u0259lxalq Hava Liman\u0131nda Az\u0259rbaycan Prezidentinin \u015f\u0259r\u0259fin\u0259 f\u0259xri qarovul d\u0259st\u0259si d\u00fcz\u00fclm\u00fc\u015fd\u00fc. D\u00f6vl\u0259timizin ba\u015f\u00e7\u0131s\u0131n\u0131 T\u00fcrkiy\u0259 Respublikas\u0131n\u0131n Prezidenti R\u0259c\u0259b Tayyib \u018frdo\u011fan qar\u015f\u0131lad\u0131.","_links":{"self":[{"href":"https:\/\/arantv.az\/index.php?rest_route=\/wp\/v2\/posts\/811870"}],"collection":[{"href":"https:\/\/arantv.az\/index.php?rest_route=\/wp\/v2\/posts"}],"about":[{"href":"https:\/\/arantv.az\/index.php?rest_route=\/wp\/v2\/types\/post"}],"author":[{"embeddable":true,"href":"https:\/\/arantv.az\/index.php?rest_route=\/wp\/v2\/users\/2"}],"replies":[{"embeddable":true,"href":"https:\/\/arantv.az\/index.php?rest_route=%2Fwp%2Fv2%2Fcomments&post=811870"}],"version-history":[{"count":1,"href":"https:\/\/arantv.az\/index.php?rest_route=\/wp\/v2\/posts\/811870\/revisions"}],"predecessor-version":[{"id":811873,"href":"https:\/\/arantv.az\/index.php?rest_route=\/wp\/v2\/posts\/811870\/revisions\/811873"}],"wp:featuredmedia":[{"embeddable":true,"href":"https:\/\/arantv.az\/index.php?rest_route=\/wp\/v2\/media\/811871"}],"wp:attachment":[{"href":"https:\/\/arantv.az\/index.php?rest_route=%2Fwp%2Fv2%2Fmedia&parent=811870"}],"wp:term":[{"taxonomy":"category","embeddable":true,"href":"https:\/\/arantv.az\/index.php?rest_route=%2Fwp%2Fv2%2Fcategories&post=811870"},{"taxonomy":"post_tag","embeddable":true,"href":"https:\/\/arantv.az\/index.php?rest_route=%2Fwp%2Fv2%2Ftags&post=811870"}],"curies":[{"name":"wp","href":"https:\/\/api.w.org\/{rel}","templated":true}]}}