{"id":812955,"date":"2025-06-25T09:31:08","date_gmt":"2025-06-25T05:31:08","guid":{"rendered":"https:\/\/arantv.az\/?p=812955"},"modified":"2025-06-25T09:31:08","modified_gmt":"2025-06-25T05:31:08","slug":"kremlin-ir%c9%99vanda-h%c9%99bsd%c9%99ki-adami-hakimiyy%c9%99t-iddiasinda","status":"publish","type":"post","link":"https:\/\/arantv.az\/?p=812955","title":{"rendered":"Kremlin \u0130r\u0259vanda h\u0259bsd\u0259ki adam\u0131 hakimiyy\u0259t iddias\u0131nda"},"content":{"rendered":"<h3><strong>Samvel Karapetyan b\u0259yanat yayd\u0131: \u201cBiz m\u00fcbariz\u0259 aparaca\u011f\u0131q&#8230;\u201d<\/strong><\/h3>\n<p>\u201cTa\u015fir\u201d \u015eirk\u0259tl\u0259r Qrupunun r\u0259hb\u0259ri Samvel Karapetyan\u0131n Erm\u0259nistanda h\u0259bsi Avropa \u0130ttifaq\u0131na s\u0259rf\u0259lidir. Bu fikri RT-y\u0259 m\u00fcsahib\u0259sind\u0259 Qlobal Siyas\u0259t \u0130nstitutunun ba\u015f elmi i\u015f\u00e7isi Corc Samueli deyib.<\/p>\n<p>Samueli deyib ki, i\u015f adam\u0131na qar\u015f\u0131 ittihamlara Br\u00fcsseld\u0259 m\u00fcsb\u0259t bax\u0131l\u0131r, \u00e7\u00fcnki o, \u0130r\u0259vanla Moskva aras\u0131nda s\u0131x iqtisadi \u0259laq\u0259l\u0259r yaratma\u011fa \u00e7al\u0131\u015f\u0131r v\u0259 bu, Avropa \u0130ttifaq\u0131n\u0131n maraqlar\u0131na zidd idi. \u201cH\u0259bs a\u00e7\u0131q \u015f\u0259kild\u0259 Erm\u0259nistan\u0131n ba\u015f naziri Pa\u015finyan\u0131n Avropa \u0130ttifaq\u0131na r\u0259\u011fb\u0259t qazand\u0131rma\u011fa v\u0259 \u0259n\u0259n\u0259vi m\u00fctt\u0259fiqi Rusiyadan uzaqla\u015fma\u011fa y\u00f6n\u0259lmi\u015f s\u0259yl\u0259rin\u0259 uy\u011fundur\u201d, &#8211; ekspert bildirib.<\/p>\n<p>AB\u015e k\u0259\u015ffiyyat\u0131n\u0131n ke\u00e7mi\u015f \u0259m\u0259kda\u015f\u0131 Skott Ritter \u201cSputnik \u0130nternational\u201da bildirib ki, Karapetyan\u0131n h\u0259bsi v\u0259 Erm\u0259ni Apostol Kils\u0259sin\u0259 h\u00fccumlar \u00f6lk\u0259d\u0259ki daxili siyasi m\u00fcnaqi\u015f\u0259nin t\u0259rkib hiss\u0259sidir.<\/p>\n<p>Onun s\u00f6zl\u0259rin\u0259 g\u00f6r\u0259, \u0130r\u0259van Avropa \u0130ttifaq\u0131n\u0131n t\u0259siri alt\u0131nda Rusiyadan uzaqla\u015fma\u011fa \u00e7al\u0131\u015f\u0131b v\u0259 NATO-ya \u00fczv olmaq imkanlar\u0131n\u0131 m\u00fczakir\u0259 edib.<\/p>\n<p><strong>\u00d6z n\u00f6vb\u0259sind\u0259, \u201c\u018fl-Farabi\u201d Misir Strateji v\u0259 Siyasi Ara\u015fd\u0131rmalar M\u0259rk\u0259zinin ba\u015f katibi Muxtar Quba\u015fi \u201cR\u0130A Novosti\u201dy\u0259 deyib ki, Karapetyan Erm\u0259nistan\u0131n \u0259n b\u00f6y\u00fck investoru kimi c\u0259miyy\u0259td\u0259 ciddi \u00e7\u0259kiy\u0259 malikdir v\u0259 y\u0259qin ki, hakimiyy\u0259ti narahat ed\u0259n d\u0259 budur.<\/strong><\/p>\n<p>Samvel Karapetyan h\u0259ft\u0259sonu b\u0259yanat yay\u0131b. B\u0259yanatda o ittihamlar\u0131 r\u0259dd ed\u0259r\u0259k \u201cbiz m\u0259hk\u0259m\u0259l\u0259ri m\u00fcst\u0259qil ed\u0259c\u0259yik\u201d deyib. Az\u0259rbaycan\u0131n bar\u0259sind\u0259 axtar\u0131\u015f elan etdiyi biznesmen h\u0259bsd\u0259 xeyli g\u00fcnahs\u0131z g\u0259ncin oldu\u011funu iddia edib v\u0259 v\u0259d edib ki \u201ch\u00fcquq\u015f\u00fcnas komandas\u0131 h\u0259r bir erm\u0259ninin pozulmu\u015f h\u00fcquqlar\u0131 u\u011frunda m\u00fcbariz\u0259 aparma\u011fa haz\u0131r olan m\u00fcst\u0259qil v\u0259kill\u0259ri proses\u0259 c\u0259lb ed\u0259c\u0259k v\u0259 bunun \u00fc\u00e7\u00fcn laz\u0131m olan v\u0259saiti ay\u0131rma\u011fa haz\u0131rd\u0131r. Tezlikl\u0259 \u0259dal\u0259t v\u0259 \u0259dal\u0259t b\u0259rpa olunacaq. Biz m\u00fcbariz\u0259 aparaca\u011f\u0131q. Davam\u0131 olacaq&#8230;\u201d, &#8211; dey\u0259 m\u00fcraci\u0259td\u0259 bildirilir.<\/p>\n<p>Samvel Karapetyan iyunun 18-d\u0259 hakimiyy\u0259tin \u0259l\u0259 ke\u00e7irilm\u0259sin\u0259 a\u00e7\u0131q \u00e7a\u011f\u0131r\u0131\u015flar etm\u0259k ittiham\u0131 il\u0259 \u0130r\u0259vanda iki ay m\u00fcdd\u0259tin\u0259 h\u0259bs edilib. Cinay\u0259t i\u015fi onun bir g\u00fcn \u0259vv\u0259l Erm\u0259ni Apostol Kils\u0259sinin m\u00fcdafi\u0259si \u00fc\u00e7\u00fcn a\u00e7\u0131q \u00e7\u0131x\u0131\u015f\u0131ndan sonra a\u00e7\u0131l\u0131b. Rusiya Xarici \u0130\u015fl\u0259r Nazirliyi bildirib ki, Moskva da Rusiya v\u0259t\u0259nda\u015fl\u0131\u011f\u0131n\u0131 da\u015f\u0131yan Karapetyan \u0259traf\u0131nda v\u0259ziyy\u0259ti diqq\u0259tl\u0259 izl\u0259yir. Ekspertl\u0259r\u0259 g\u00f6r\u0259, haz\u0131rda Moskva il\u0259 \u0130r\u0259van aras\u0131nda m\u00fc\u0259yy\u0259n istil\u0259\u015fm\u0259 oldu\u011fundan, Rusiya t\u0259r\u0259fi \u00e7ox g\u00fcman ki, ictimaiyy\u0259t qar\u015f\u0131s\u0131nda bu v\u0259ziyy\u0259t\u0259 ehtiyatl\u0131 reaksiya ver\u0259c\u0259k. Eyni zamanda y\u0259qin ki, ictimai olmayan dan\u0131\u015f\u0131qlar \u00e7\u0259r\u00e7iv\u0259sind\u0259 bu m\u00f6vzuya daha f\u0259al toxunacaq.<\/p>\n<p><img src=\"https:\/\/pravda.az\/cdn\/2019\/november\/24\/sona1.jpg\" alt=\"Sona \u018fliyeva: \u201cD\u00fcnyan\u0131n apar\u0131c\u0131 d\u00f6vl\u0259tl\u0259ri Az\u0259rbaycan\u0131n t\u0259cr\u00fcb\u0259sini  \u00f6yr\u0259nm\u0259y\u0259 h\u0259v\u0259sli g\u00f6r\u00fcn\u00fcrl\u0259r\u201d Pravda.az\" \/><\/p>\n<p><strong>Sona \u018fliyeva<\/strong><\/p>\n<p><strong>Siyasi t\u0259hlil\u00e7i Sona \u018fliyeva hesab edir ki, Samvel Karapetyan\u0131n h\u0259bs m\u00fcdd\u0259ti uzad\u0131lacaq:<\/strong>\u00a0\u201cSamvel Karapetyan uzun ill\u0259r Rusiyada iqtisadi &#8220;qara qutu&#8221;lardan hesab olunub. H\u0259tta bir m\u00fcdd\u0259t onun ad\u0131 silah qa\u00e7aqmal\u00e7\u0131l\u0131\u011f\u0131 v\u0259 kriminal al\u0259md\u0259 b\u0259zi erm\u0259ni \u0259silli \u015f\u0259xsl\u0259rin maliyy\u0259l\u0259\u015fdirilm\u0259si i\u015find\u0259 hallan\u0131rd\u0131. Kreml zaman ke\u00e7dikc\u0259 media vasit\u0259sil\u0259 bu \u015f\u0259xsd\u0259n a\u011f fiqur d\u00fcz\u0259ltm\u0259y\u0259 \u00e7al\u0131\u015fd\u0131. Onu tap\u015f\u0131r\u0131q \u0259sas\u0131nda Rusiyadan Erm\u0259nistana g\u00f6nd\u0259rdi. Amma onun f\u0259aliyy\u0259ti v\u0259 niyy\u0259tini \u00e7ox g\u00fcman ki, dig\u0259r milyon\u00e7u Qagik Sarukyan \u0259l\u0259 verdi. \u00c7\u00fcnki bu iki \u015f\u0259xs aras\u0131nda uzun m\u00fcdd\u0259tdir ki, iqtisadi \u0259dav\u0259t v\u0259 qeyri-sa\u011flam r\u0259qab\u0259t m\u00f6vcuddur. Karapetyan\u0131n s\u00fcr\u0259tl\u0259 \u0130r\u0259vandak\u0131 siyasi dair\u0259l\u0259r\u0259 n\u00fcfuz etm\u0259y\u0259 \u00e7al\u0131\u015fd\u0131. H\u0259tta Nikol Pa\u015finyan \u0259leyhin\u0259 bir s\u0131ra aksiyalar\u0131, mitinql\u0259ri t\u0259\u015fkil etdi. Daha sonra mediada \u00f6z piar\u0131 \u00fc\u00e7\u00fcn xeyli v\u0259sait x\u0259rcl\u0259di. Bu da Erm\u0259nistandak\u0131 AB\u015e v\u0259 Q\u0259rb k\u0259\u015ffiyyat\u0131n\u0131n g\u00f6z\u00fcnd\u0259n yay\u0131nmad\u0131. M\u0259hz Q\u0259rb k\u0259\u015ffiyyat\u0131n\u0131n Karapetyan haqq\u0131nda dol\u011fun dosyesinin Pa\u015finyan\u0131n qar\u015f\u0131s\u0131na qoyulmas\u0131ndan sonra onun h\u0259bsi lab\u00fcdl\u0259\u015fdi. H\u0259tta bu i\u015fd\u0259 Karapetyana Erm\u0259nistan x\u00fcsusi xidm\u0259t orqanlar\u0131n\u0131n da d\u0259st\u0259k verdiyi iddia edildi. Ona g\u00f6r\u0259 d\u0259 Nikol Pa\u015finyan 7 il yol g\u0259ldiyi DTK s\u0259drini i\u015fd\u0259n \u00e7\u0131xard\u0131. B\u00fct\u00fcn bunlar onu g\u00f6st\u0259rir ki, Kremlin \u0130r\u0259vanda hakimiyy\u0259t d\u0259yi\u015fikliyi il\u0259 ba\u011fl\u0131 n\u00f6vb\u0259ti plan\u0131 suya d\u00fc\u015fd\u00fc. Samvel Karapetyan\u0131n h\u0259bs m\u00fcdd\u0259tinin uzad\u0131laca\u011f\u0131 istisna deyil. Haz\u0131rda Erm\u0259nistanda k\u0259\u015ffiyyat d\u00f6y\u00fc\u015f\u00fcnd\u0259 Q\u0259rbin Rusiyadan bir add\u0131m \u00f6nd\u0259 oldu\u011funu son hadis\u0259l\u0259r bir daha s\u00fcbut edir&#8221;.<\/p>\n<p><img src=\"https:\/\/mia.az\/uploads\/img\/posts\/2024\/08\/31\/eli-orucjpg-1725048208.jpg\" alt=\"\u018fli Orucov: &quot;M\u0259n \u00fcz\u0259rim\u0259 b\u00f6y\u00fck m\u0259suliyy\u0259t g\u00f6t\u00fcrd\u00fcy\u00fcm\u00fcn f\u0259rqind\u0259y\u0259m...&quot; -  M\u00dcSAH\u0130B\u018f\" \/><\/p>\n<p><strong>\u00a0\u018fli Orucov<\/strong><\/p>\n<p><strong>Politoloq \u018fli Orucov hesab edir ki, Rusiya Erm\u0259nistanda se\u00e7ki qaba\u011f\u0131 f\u0259alla\u015faraq arsenal\u0131nda olan b\u00fct\u00fcn vasit\u0259 v\u0259 al\u0259tl\u0259rd\u0259n istifad\u0259 etm\u0259kd\u0259dir:<\/strong>\u00a0\u201cPa\u015finyan\u0131n hakimiyy\u0259td\u0259 qalmas\u0131 Moskva \u00fc\u00e7\u00fcn m\u00fc\u0259yy\u0259n xo\u015f olmayan ovqat yarad\u0131r v\u0259 sistemli \u015f\u0259kild\u0259 onu \u00f6z kadrlar\u0131 il\u0259 \u0259v\u0259zl\u0259m\u0259kd\u0259 q\u0259rarl\u0131 g\u00f6r\u00fcn\u00fcr. Ancaq problem ondad\u0131r ki, Pa\u015finyan z\u0259if olmas\u0131na baxmayaraq onu rusiyap\u0259r\u0259st alternativl\u0259ri-sabiq prezidentl\u0259r K\u00f6\u00e7\u0259ryan v\u0259 S\u0259rkisyan ondan qat-qat z\u0259ifdirl\u0259r. C\u0259miyy\u0259td\u0259 dayaqlar\u0131 yoxdur, \u00f6zl\u0259rin\u0259 m\u0259nfi imic formala\u015fd\u0131r\u0131blar. Ona g\u00f6r\u0259 Rusiya daha t\u0259sirli fiqurlar\u0131 meydana burax\u0131b. Erm\u0259ni Apastol kils\u0259si v\u0259 rusiyal\u0131 i\u015f adam\u0131, &#8220;Ta\u015fir&#8221; \u015eirk\u0259tl\u0259r Qrupunun r\u0259hb\u0259ri \u00e7irkli pullar\u0131n d\u00f6vriyy\u0259sin\u0259 b\u00f6y\u00fck qazanclar g\u00f6t\u00fcr\u0259n Samvel Karapetyan ba\u015f plana g\u0259tirilib. Erm\u0259ni Qriqoryan kils\u0259si erm\u0259ni xalq\u0131 v\u0259 c\u0259miyy\u0259ti \u00fcz\u0259rind\u0259 t\u0259sir\u0259 malikdir v\u0259 \u0259srl\u0259r boyu erm\u0259ni kimliyinin bir n\u00f6v simvoluna, maraqlar\u0131n\u0131n m\u00fcdafi\u0259\u00e7isin\u0259 \u00e7evrilib. Lakin kils\u0259d\u0259 uzun m\u00fcdd\u0259t gizli saxlan\u0131lan neqativ hallar v\u0259 katolikos bar\u0259d\u0259 ciddi kompromatlar\u0131n \u00fcz\u0259 \u00e7\u0131xmas\u0131 Qaregeni \u00e7\u0131x\u0131lmaz duruma sald\u0131 v\u0259 onun \u00fcz\u0259rind\u0259n qurulan proyekt iflasa u\u011framaqdad\u0131r. Alternativ variant kimi mafioz i\u015f adam\u0131 t\u0259\u015f\u0259bb\u00fcs\u0259 yiy\u0259l\u0259nm\u0259kl\u0259 Pa\u015finyana problem yaratmaq mexanizml\u0259ri i\u015f\u0259 sal\u0131nd\u0131. G\u00f6r\u00fcnd\u00fcy\u00fc kimi, art\u0131q o da h\u0259bsd\u0259dir.<\/p>\n<p>Pa\u015finyan g\u0259l\u0259n ilin parlament se\u00e7kil\u0259rin\u0259 daha haz\u0131rl\u0131ql\u0131 v\u0259 t\u0259hl\u00fck\u0259siz getm\u0259yi planlad\u0131\u011f\u0131ndan h\u0259r n\u0259 varsa ona qar\u015f\u0131 bir-bir s\u0131radan \u00e7\u0131xar\u0131r. T\u0259bii ki, Q\u0259rbin d\u0259st\u0259yini almaqla. Son d\u00f6vrl\u0259r \u0130r\u0259van\u0131n Moskva il\u0259 m\u00fcnasib\u0259tl\u0259ri d\u0259 h\u0259liml\u0259\u015fir. Kremld\u0259n g\u0259l\u0259n basq\u0131lar\u0131 v\u0259 t\u0259hl\u00fck\u0259l\u0259ri azaltma\u011fa \u00e7al\u0131\u015f\u0131r. Konfrontasiyadan q\u0259ti sur\u0259td\u0259 qa\u00e7\u0131r. Bel\u0259 g\u00f6r\u00fcn\u00fcr ki, Ta\u015furin r\u0259hb\u0259ri s\u00f6vd\u0259l\u0259\u015fm\u0259l\u0259rin qurban\u0131na \u00e7evrilir v\u0259 onun iddial\u0131 b\u0259yanatlar\u0131 \u0259h\u0259miyy\u0259t k\u0259sb etm\u0259y\u0259c\u0259k. \u0130ndiki d\u00f6n\u0259md\u0259 d\u0259 m\u0259n z\u0259nn etmir\u0259m ki, Kreml \u00f6z forpostunda ciddi qar\u015f\u0131durmada, xaos v\u0259 toqqu\u015fmalarda maraql\u0131 olsun. Pa\u015finyan Bak\u0131 v\u0259 Ankara il\u0259 d\u0259 kompromisl\u0259rd\u0259 maraql\u0131 ola bil\u0259r. \u00c7\u00fcnki onun taleyi h\u0259r iki paytaxt\u0131n m\u00fcnasib\u0259tl\u0259rind\u0259n bilavasit\u0259 as\u0131l\u0131d\u0131r. Ona g\u00f6r\u0259 d\u0259 Pa\u015finyan Ankaraya s\u0259f\u0259ri v\u0259 verdiyi mesajlar daha \u00e7ox \u00f6z\u00fcn\u00fc qorumaq v\u0259 d\u0259st\u0259k almaq kimi d\u0259 yozula bil\u0259r. M\u0259nc\u0259, Karapetyan m\u00f6vzusu art\u0131q qapanm\u0131\u015f m\u00f6vzu da ola bil\u0259r. Bu prosesl\u0259rin gedi\u015fi il\u0259 d\u0259 \u00f6z\u00fcn\u00fc a\u00e7\u0131q b\u00fcruz\u0259 ver\u0259c\u0259k&#8221;.<\/p>\n<p><strong>Cavan\u015fir ABBASLI,<\/strong><br \/>\n<strong>\u201cYeni M\u00fcsavat\u201d<\/strong><\/p>\n","protected":false},"excerpt":{"rendered":"<p>Samvel Karapetyan b\u0259yanat yayd\u0131: \u201cBiz m\u00fcbariz\u0259 aparaca\u011f\u0131q&#8230;\u201d \u201cTa\u015fir\u201d \u015eirk\u0259tl\u0259r Qrupunun r\u0259hb\u0259ri Samvel Karapetyan\u0131n Erm\u0259nistanda h\u0259bsi Avropa \u0130ttifaq\u0131na s\u0259rf\u0259lidir. Bu fikri RT-y\u0259 m\u00fcsahib\u0259sind\u0259 Qlobal Siyas\u0259t \u0130nstitutunun ba\u015f elmi i\u015f\u00e7isi Corc Samueli deyib. Samueli deyib ki, i\u015f adam\u0131na qar\u015f\u0131 ittihamlara Br\u00fcsseld\u0259 m\u00fcsb\u0259t bax\u0131l\u0131r, \u00e7\u00fcnki o, \u0130r\u0259vanla Moskva aras\u0131nda s\u0131x iqtisadi \u0259laq\u0259l\u0259r yaratma\u011fa \u00e7al\u0131\u015f\u0131r v\u0259 bu, Avropa \u0130ttifaq\u0131n\u0131n maraqlar\u0131na zidd idi. \u201cH\u0259bs a\u00e7\u0131q \u015f\u0259kild\u0259 Erm\u0259nistan\u0131n ba\u015f naziri Pa\u015finyan\u0131n Avropa \u0130ttifaq\u0131na r\u0259\u011fb\u0259t qazand\u0131rma\u011fa v\u0259 \u0259n\u0259n\u0259vi m\u00fctt\u0259fiqi Rusiyadan uzaqla\u015fma\u011fa y\u00f6n\u0259lmi\u015f s\u0259yl\u0259rin\u0259 uy\u011fundur\u201d, &#8211; ekspert bildirib. AB\u015e k\u0259\u015ffiyyat\u0131n\u0131n ke\u00e7mi\u015f \u0259m\u0259kda\u015f\u0131 Skott Ritter \u201cSputnik \u0130nternational\u201da bildirib ki,&hellip;<\/p>\n","protected":false},"author":2,"featured_media":812956,"comment_status":"closed","ping_status":"closed","sticky":false,"template":"","format":"standard","meta":{"om_disable_all_campaigns":false,"_monsterinsights_skip_tracking":false,"_monsterinsights_sitenote_active":false,"_monsterinsights_sitenote_note":"","_monsterinsights_sitenote_category":0},"categories":[4],"tags":[],"aioseo_notices":[],"gutentor_comment":0,"rttpg_featured_image_url":{"full":["https:\/\/arantv.az\/wp-content\/uploads\/2025\/06\/63564aacc2664e62d244d0214cc24a94.jpg",850,500,false],"landscape":["https:\/\/arantv.az\/wp-content\/uploads\/2025\/06\/63564aacc2664e62d244d0214cc24a94.jpg",850,500,false],"portraits":["https:\/\/arantv.az\/wp-content\/uploads\/2025\/06\/63564aacc2664e62d244d0214cc24a94.jpg",850,500,false],"thumbnail":["https:\/\/arantv.az\/wp-content\/uploads\/2025\/06\/63564aacc2664e62d244d0214cc24a94-500x280.jpg",500,280,true],"medium":["https:\/\/arantv.az\/wp-content\/uploads\/2025\/06\/63564aacc2664e62d244d0214cc24a94-621x365.jpg",621,365,true],"large":["https:\/\/arantv.az\/wp-content\/uploads\/2025\/06\/63564aacc2664e62d244d0214cc24a94-840x494.jpg",640,376,true],"1536x1536":["https:\/\/arantv.az\/wp-content\/uploads\/2025\/06\/63564aacc2664e62d244d0214cc24a94.jpg",850,500,false],"2048x2048":["https:\/\/arantv.az\/wp-content\/uploads\/2025\/06\/63564aacc2664e62d244d0214cc24a94.jpg",850,500,false],"post-thumbnail":["https:\/\/arantv.az\/wp-content\/uploads\/2025\/06\/63564aacc2664e62d244d0214cc24a94-240x172.jpg",240,172,true],"advps-thumb-one":["https:\/\/arantv.az\/wp-content\/uploads\/2025\/06\/63564aacc2664e62d244d0214cc24a94.jpg",850,500,false]},"rttpg_author":{"display_name":"V\u00fcsal Rafiqo\u011flu","author_link":"https:\/\/arantv.az\/?author=2"},"rttpg_comment":0,"rttpg_category":"<a href=\"https:\/\/arantv.az\/?cat=4\" rel=\"category\">Siyas\u0259t<\/a>","rttpg_excerpt":"Samvel Karapetyan b\u0259yanat yayd\u0131: \u201cBiz m\u00fcbariz\u0259 aparaca\u011f\u0131q&#8230;\u201d \u201cTa\u015fir\u201d \u015eirk\u0259tl\u0259r Qrupunun r\u0259hb\u0259ri Samvel Karapetyan\u0131n Erm\u0259nistanda h\u0259bsi Avropa \u0130ttifaq\u0131na s\u0259rf\u0259lidir. Bu fikri RT-y\u0259 m\u00fcsahib\u0259sind\u0259 Qlobal Siyas\u0259t \u0130nstitutunun ba\u015f elmi i\u015f\u00e7isi Corc Samueli deyib. Samueli deyib ki, i\u015f adam\u0131na qar\u015f\u0131 ittihamlara Br\u00fcsseld\u0259 m\u00fcsb\u0259t bax\u0131l\u0131r, \u00e7\u00fcnki o, \u0130r\u0259vanla Moskva aras\u0131nda s\u0131x iqtisadi \u0259laq\u0259l\u0259r yaratma\u011fa \u00e7al\u0131\u015f\u0131r v\u0259 bu, Avropa \u0130ttifaq\u0131n\u0131n&hellip;","_links":{"self":[{"href":"https:\/\/arantv.az\/index.php?rest_route=\/wp\/v2\/posts\/812955"}],"collection":[{"href":"https:\/\/arantv.az\/index.php?rest_route=\/wp\/v2\/posts"}],"about":[{"href":"https:\/\/arantv.az\/index.php?rest_route=\/wp\/v2\/types\/post"}],"author":[{"embeddable":true,"href":"https:\/\/arantv.az\/index.php?rest_route=\/wp\/v2\/users\/2"}],"replies":[{"embeddable":true,"href":"https:\/\/arantv.az\/index.php?rest_route=%2Fwp%2Fv2%2Fcomments&post=812955"}],"version-history":[{"count":1,"href":"https:\/\/arantv.az\/index.php?rest_route=\/wp\/v2\/posts\/812955\/revisions"}],"predecessor-version":[{"id":812957,"href":"https:\/\/arantv.az\/index.php?rest_route=\/wp\/v2\/posts\/812955\/revisions\/812957"}],"wp:featuredmedia":[{"embeddable":true,"href":"https:\/\/arantv.az\/index.php?rest_route=\/wp\/v2\/media\/812956"}],"wp:attachment":[{"href":"https:\/\/arantv.az\/index.php?rest_route=%2Fwp%2Fv2%2Fmedia&parent=812955"}],"wp:term":[{"taxonomy":"category","embeddable":true,"href":"https:\/\/arantv.az\/index.php?rest_route=%2Fwp%2Fv2%2Fcategories&post=812955"},{"taxonomy":"post_tag","embeddable":true,"href":"https:\/\/arantv.az\/index.php?rest_route=%2Fwp%2Fv2%2Ftags&post=812955"}],"curies":[{"name":"wp","href":"https:\/\/api.w.org\/{rel}","templated":true}]}}