{"id":812958,"date":"2025-06-25T09:32:11","date_gmt":"2025-06-25T05:32:11","guid":{"rendered":"https:\/\/arantv.az\/?p=812958"},"modified":"2025-06-25T09:32:11","modified_gmt":"2025-06-25T05:32:11","slug":"referendum-ucun-gerisayim-basladi","status":"publish","type":"post","link":"https:\/\/arantv.az\/?p=812958","title":{"rendered":"Referendum \u00fc\u00e7\u00fcn gerisay\u0131m BA\u015eLADI"},"content":{"rendered":"<h4><strong>\u201cKonstitusiya v\u0259 Suverenlik \u0130li\u201dnd\u0259 \u00fcmumxalq s\u0259sverm\u0259si idar\u0259etm\u0259 modelind\u0259 hans\u0131 strateji d\u00f6n\u00fc\u015f\u00fc n\u0259z\u0259rd\u0259 tutur? &#8211; h\u00fcquq\u015f\u00fcnas r\u0259yi<\/strong><\/h4>\n<p><strong>\u201cPrezident \u0130lham \u018fliyevin 2025-ci ili &#8220;Konstitusiya v\u0259 Suverenlik \u0130li&#8221; elan etm\u0259si h\u00fcquqi v\u0259 siyasi sistemd\u0259 d\u0259rin transformasiyan\u0131n ba\u015flan\u011f\u0131c\u0131d\u0131r&#8221;. \u201cYeni M\u00fcsavat\u201d x\u0259b\u0259r verir ki, bunu politoloq Zaur M\u0259mm\u0259dov deyib. Az\u0259rbaycanda Konstitusiya referendumunun ke\u00e7iril\u0259c\u0259yini bildir\u0259n ekspertin s\u00f6zl\u0259rin\u0259 g\u00f6r\u0259, qar\u015f\u0131dak\u0131 d\u00f6vrd\u0259 planla\u015fd\u0131r\u0131lan \u00fcmumxalq s\u0259sverm\u0259si &#8211; referendum yaln\u0131z texniki d\u0259yi\u015fiklikl\u0259ri deyil, d\u00f6vl\u0259tin suverenlik anlay\u0131\u015f\u0131, idar\u0259etm\u0259 modeli v\u0259 \u0259razi-inzibati arxitekturas\u0131 \u00fczr\u0259 strateji d\u00f6n\u00fc\u015f\u00fc n\u0259z\u0259rd\u0259 tutur.<\/strong><\/p>\n<p>Z.M\u0259mm\u0259dov qeyd edib ki, referendumun \u0259sas f\u0259ls\u0259f\u0259si Az\u0259rbaycan\u0131n postm\u00fcnaqi\u015f\u0259 d\u00f6vr\u00fcnd\u0259 yeni reall\u0131qlar\u0131 n\u0259z\u0259r\u0259 alaraq milli h\u00fcquqi sistemini xarici h\u00fcquq istinadlar\u0131ndan t\u0259mizl\u0259m\u0259k v\u0259 tam suveren normativ bazaya ke\u00e7m\u0259kdir: \u201cAz\u0259rbaycan\u0131n 1995-ci ild\u0259 q\u0259bul olunmu\u015f konstitusiyas\u0131 sonrak\u0131 ill\u0259rd\u0259 &#8211; 2002, 2009 v\u0259 2016-c\u0131 ill\u0259rd\u0259 d\u0259yi\u015fiklikl\u0259r\u0259 u\u011frasa da, bu d\u0259f\u0259 planla\u015fd\u0131r\u0131lan d\u0259yi\u015fiklikl\u0259r daha geni\u015fmiqyasl\u0131 v\u0259 strateji olacaq. Bu d\u0259yi\u015fiklikl\u0259r d\u00f6vl\u0259tin h\u00fcquqi sistemini m\u00fcasirl\u0259\u015fdirm\u0259k v\u0259 suveren h\u00fcququ g\u00fccl\u0259ndirm\u0259k m\u0259qs\u0259di da\u015f\u0131y\u0131r\u201d.<\/p>\n<p><img src=\"https:\/\/bizim.media\/file\/articles\/2025\/02\/27\/1740645858_5332751765923292500.jpg\" alt=\"Zaur M\u0259mm\u0259dov y\u00fcks\u0259k v\u0259zif\u0259y\u0259 T\u018fY\u0130N ED\u0130LD\u0130\" \/><\/p>\n<p><strong>Zaur M\u0259mm\u0259dov<\/strong><\/p>\n<p><strong>O bildirib ki, konstitusiyaya t\u0259klif olunan d\u00fcz\u0259li\u015fl\u0259r 4 \u0259sas faktora \u0259saslan\u0131r:<\/strong><\/p>\n<p>Postm\u00fcnaqi\u015f\u0259 reall\u0131qlar\u0131 &#8211; i\u015f\u011faldan azad edil\u0259n \u0259razil\u0259rin vahid h\u00fcquqi \u00e7\u0259r\u00e7iv\u0259y\u0259 inteqrasiyas\u0131;<\/p>\n<p>Suverenlik anlay\u0131\u015f\u0131n\u0131n yenid\u0259n t\u0259rifi &#8211; beyn\u0259lxalq m\u00fcqavil\u0259l\u0259r\u0259 istinad\u0131n azald\u0131lmas\u0131, milli h\u00fcququn \u0259sas g\u00f6t\u00fcr\u00fclm\u0259si;<\/p>\n<p>R\u0259q\u0259msal d\u00f6vr\u00fcn \u00e7a\u011f\u0131r\u0131\u015flar\u0131 &#8211; informasiya t\u0259hl\u00fck\u0259sizliyi v\u0259 r\u0259q\u0259msal idar\u0259etm\u0259 \u00fc\u00e7\u00fcn h\u00fcquqi mexanizml\u0259rin t\u0259kmill\u0259\u015fdirilm\u0259si;<\/p>\n<p><strong>\u0130dar\u0259etm\u0259nin modernl\u0259\u015fdirilm\u0259si &#8211; Prezident v\u0259 h\u00f6kum\u0259t aras\u0131nda s\u0259lahiyy\u0259t b\u00f6lg\u00fcs\u00fcn\u00fcn \u00e7evikl\u0259\u015fdirilm\u0259si.<\/strong><\/p>\n<p>Onun s\u00f6zl\u0259rin\u0259 g\u00f6r\u0259, d\u0259yi\u015fiklikl\u0259r yaln\u0131z d\u00f6vl\u0259t idar\u0259\u00e7iliyin\u0259 deyil, ictimai konsensusa, q\u0259rarverici m\u0259rk\u0259zl\u0259rin legitimliyin\u0259 v\u0259 v\u0259t\u0259nda\u015flarla d\u00f6vl\u0259t aras\u0131ndak\u0131 etimada da ciddi t\u0259sir g\u00f6st\u0259r\u0259c\u0259k.<\/p>\n<p>Z.M\u0259mm\u0259dov onu da deyib ki, 2025-ci ild\u0259 regional v\u0259 yerli idar\u0259etm\u0259 sistemind\u0259 d\u0259 k\u00f6kl\u00fc struktur islahatlar\u0131 planla\u015fd\u0131r\u0131l\u0131r. Onun s\u00f6zl\u0259rin\u0259 g\u00f6r\u0259, icra hakimiyy\u0259tl\u0259ri sovet miras\u0131 kimi tarix\u0259 qovu\u015facaq v\u0259 onlar\u0131n yerini koordinasiya \u0259sasl\u0131 d\u00f6vl\u0259t n\u00fcmay\u0259nd\u0259likl\u0259ri alacaq: \u201cBu d\u0259yi\u015fiklik vahid h\u00fcquqi m\u0259kan\u0131n yarad\u0131lmas\u0131, idar\u0259etm\u0259d\u0259 \u00e7evikliyin t\u0259min olunmas\u0131 v\u0259 hesabatl\u0131l\u0131q prinsipinin g\u00fccl\u0259ndirilm\u0259si bax\u0131m\u0131ndan \u00f6n\u0259mlidir\u201d.<\/p>\n<p><em>Politoloq vur\u011fulay\u0131b ki, idar\u0259etm\u0259 mexanizml\u0259rinin m\u0259rk\u0259zd\u0259n vahid \u015f\u0259kild\u0259 koordinasiya olunmas\u0131 institusional s\u0259m\u0259r\u0259liliyi art\u0131racaq, eyni zamanda regionlarda d\u00f6vl\u0259t n\u0259zar\u0259tini g\u00fccl\u0259ndir\u0259c\u0259k. Sonda \u0259lav\u0259 edib ki, bu d\u0259yi\u015fiklikl\u0259r d\u00f6vl\u0259tin strateji inki\u015faf x\u0259rit\u0259sin\u0259 uy\u011fun h\u0259yata ke\u00e7irilir v\u0259 uzunm\u00fcdd\u0259tli d\u00f6vr \u00fc\u00e7\u00fcn h\u00fcquqi-inzibati sabitlik yaradacaq.<\/em><\/p>\n<p>Haz\u0131rda h\u0259m d\u00fcnyada, h\u0259m regionda v\u0259ziyy\u0259t qeyri-q\u0259na\u0259tb\u0259x\u015fdir. Ona g\u00f6r\u0259 m\u00fcmk\u00fcnd\u00fcr ki, referendum iddialar\u0131 t\u0259sdiql\u0259n\u0259rs\u0259, oktyabr-noyabr aylar\u0131nda ger\u00e7\u0259kl\u0259\u015f\u0259 bil\u0259r. \u00dcmumiyy\u0259tl\u0259, referendum ke\u00e7iril\u0259c\u0259yi bar\u0259d\u0259 vaxta\u015f\u0131r\u0131 proqnozlar s\u0259sl\u0259nir. H\u0259tta d\u0259yi\u015fiklikl\u0259rd\u0259 Nax\u00e7\u0131van\u0131n muxtar statusunun l\u0259\u011fvi, deputat say\u0131n\u0131n art\u0131r\u0131lmas\u0131 n\u0259z\u0259rd\u0259 tutula bil\u0259r.<\/p>\n<p><img src=\"https:\/\/sherg.az\/\/storage\/posts\/June2024\/602OFs9NcUve4cMEP4MB.jpg\" alt=\"Qulamh\u00fcseyn \u018flib\u0259yli: \u201cDeputatlar korpusunda d\u0259yi\u015fiklik vacibdir\u201d -M\u00dcSAH\u0130B\u018f\" \/><\/p>\n<p><strong>Qulamh\u00fcseyn \u018flib\u0259yli<\/strong><\/p>\n<p><strong>\u201cYeni M\u00fcsavat\u201da dan\u0131\u015fan h\u00fcquq\u015f\u00fcnas Qulamh\u00fcseyn \u018flib\u0259yliy\u0259 g\u00f6r\u0259, konstitusiyada islahatlar apar\u0131lmas\u0131na z\u0259rur\u0259t var, lakin haz\u0131rk\u0131 geosiyasi reall\u0131qlarda hakimiyy\u0259tin referenduma ged\u0259c\u0259yi g\u00f6zl\u0259nilmir. Q.\u018flib\u0259yli qanunvericiliy\u0259 d\u0259yi\u015fikliyi ona g\u00f6r\u0259 vacib hesab etmir ki, 2025 \u201cKonstitusiya v\u0259 Suverenlik \u0130li\u201d elan olunub:<\/strong>\u00a0\u201cAz\u0259rbaycanda h\u0259r ilin bir ad\u0131 olur. Sad\u0259c\u0259, referendumla qanunlardak\u0131 bo\u015fluqlar, b\u00fct\u00f6vl\u00fckd\u0259 h\u00fcquqi m\u0259kanda olan \u00e7at\u0131\u015fmazl\u0131qlar aradan qald\u0131r\u0131la bil\u0259r. Ona g\u00f6r\u0259 konstitusiyaya d\u0259yi\u015fiklikl\u0259r z\u0259ruridir. Y\u0259ni d\u00fc\u015f\u00fcnm\u00fcr\u0259m ki, yerli icra hakimiyy\u0259tl\u0259rinin f\u0259aliyy\u0259ti v\u0259 dig\u0259r m\u0259s\u0259l\u0259l\u0259r\u0259 g\u00f6r\u0259 referenduma gedilm\u0259sin\u0259 ehtiyac var. Eyni zamanda Prezident Administrasiyas\u0131n\u0131n i\u015f b\u00f6lg\u00fcs\u00fc apar\u0131l\u0131b, \u00fcmum\u0259n idar\u0259etm\u0259 modeli var, bunun \u00fc\u00e7\u00fcn konstitusiyada d\u0259yi\u015fikliy\u0259 z\u0259rur\u0259t hiss olunmur. Amma dediyim kimi, geosiyasi \u015f\u0259raitd\u0259 Az\u0259rbaycan hakimiyy\u0259tinin \u00fcmumxalq s\u0259sverm\u0259sin\u0259 ged\u0259c\u0259yini g\u00f6zl\u0259mir\u0259m\u201d.<\/p>\n<p><strong>Q.\u018flib\u0259yli hesab edir ki, haz\u0131rda regionda h\u0259ssas d\u00f6n\u0259mdir, \u00fcst\u0259g\u0259l, Bak\u0131n\u0131n \u0130r\u0259vandan g\u00f6zl\u0259ntil\u0259ri var, bel\u0259 \u015f\u0259raitd\u0259 Az\u0259rbaycanda referendum elan olunmayacaq:<\/strong>\u00a0\u201cErm\u0259nistanla s\u00fclh m\u00fcqavil\u0259si il\u0259 ba\u011fl\u0131 dan\u0131\u015f\u0131qlar gedir, d\u00fc\u015fm\u0259n \u00f6lk\u0259nin \u00f6z\u00fc konstitusiyas\u0131nda Az\u0259rbaycana olan t\u0259hdidl\u0259ri aradan qald\u0131rmal\u0131d\u0131r, o s\u0259b\u0259bd\u0259n biz \u00fcmumxalq s\u0259sverm\u0259sin\u0259 getm\u0259rik. \u00c7\u00fcnki Erm\u0259nistan regionda &#8220;yeni \u0130srail&#8221; rolunu oynamaqdad\u0131r v\u0259 add\u0131mlar\u0131 il\u0259 s\u00fclh prosesini yubad\u0131r. G\u0259l\u0259c\u0259kd\u0259 referendum ona g\u00f6r\u0259 ke\u00e7iril\u0259 bil\u0259r ki, parlament\u0259 yer say\u0131 art\u0131r\u0131ls\u0131n, qanunvericiliy\u0259 d\u0259yi\u015fiklikl\u0259r olsun. \u018fg\u0259r geosiyasi g\u0259rginlik fonunda referendum ke\u00e7iril\u0259rs\u0259, xaricd\u0259ki prosesl\u0259r daxil\u0259 t\u0259sir ed\u0259 bil\u0259r. Ona g\u00f6r\u0259 indi zaman\u0131 deyil, amma Az\u0259rbaycan h\u00fcquqi m\u0259kan\u0131nda olan bo\u015fluqlara, Nax\u00e7\u0131van\u0131n statusuna v\u0259 dig\u0259r amill\u0259r\u0259 g\u00f6r\u0259 g\u0259l\u0259c\u0259kd\u0259 konstitusiyaya d\u0259yi\u015fiklikl\u0259r z\u0259ruridir&#8221;.<\/p>\n<p><img src=\"https:\/\/sozcu.az\/uploads\/2023-04-19\/fbdcd61da9e8a7e9729a39b8e6a1a122.jpg\" alt=\"S\u00f6zc\u00fc - X\u0259z\u0259r Teyyublu: M\u00fcst\u0259qil H\u0259mkarlar Birliyinin qaynar x\u0259tti yarad\u0131ld\u0131\" \/><\/p>\n<p><strong>X\u0259z\u0259r Teyyublu<\/strong><\/p>\n<p><strong>H\u00fcquq m\u00fcdafi\u0259\u00e7isi X\u0259z\u0259r Teyyublu pay\u0131zda referendum ke\u00e7irilm\u0259sini regiondak\u0131 prosesl\u0259rin inki\u015faf\u0131ndan as\u0131l\u0131 say\u0131r. Onun fikrinc\u0259, \u015fimal v\u0259 c\u0259nub qon\u015fular\u0131m\u0131zda m\u00fcnaqi\u015f\u0259l\u0259r, h\u0259rbi eskalasiyalar s\u0259ngim\u0259k bilmir:<\/strong>\u00a0\u201cH\u0259m\u00e7inin Erm\u0259nistan\u0131n b\u00f6lg\u0259d\u0259ki destruktiv h\u0259r\u0259k\u0259tl\u0259ri, Avropa \u0130ttifaq\u0131n\u0131n &#8220;casus \u015f\u0259b\u0259k\u0259si&#8221;ni s\u0259rh\u0259dimiz\u0259 yerl\u0259\u015fdirm\u0259si, s\u00fclh prosesi il\u0259 ba\u011fl\u0131 Bak\u0131n\u0131n iki m\u0259lum t\u0259l\u0259bini yerin\u0259 yetirm\u0259m\u0259si referendum planlar\u0131n\u0131 t\u0259xir\u0259 sala bil\u0259r. \u00c7\u00fcnki d\u00fcnyada ba\u015f ver\u0259n hadis\u0259l\u0259r Az\u0259rbaycana bu v\u0259 ya dig\u0259r \u015f\u0259kild\u0259 t\u0259sir edir. D\u00f6vl\u0259t add\u0131mlar\u0131n\u0131 sa\u011flam atma\u011fa \u00e7al\u0131\u015f\u0131r v\u0259 h\u0259r hans\u0131 g\u0259rginliyin i\u00e7\u0259ri siray\u0259t etm\u0259m\u0259si \u00fc\u00e7\u00fcn ehtiyat\u0131n\u0131 m\u00f6hk\u0259m tutur. S\u00f6zs\u00fcz ki, konstitusiyaya d\u0259yi\u015fiklikl\u0259r m\u00fcmk\u00fcnd\u00fcr, amma bunun davam\u0131 kimi n\u00f6vb\u0259d\u0259nk\u0259nar parlament se\u00e7kil\u0259ri ke\u00e7irilm\u0259lidir, Nax\u00e7\u0131van\u0131n muxtar statusuna bax\u0131lmal\u0131d\u0131r. \u018fg\u0259r Z\u0259ng\u0259zur d\u0259hlizi realla\u015fmay\u0131bsa, muxtar respublika bu statusunu h\u0259l\u0259lik itir\u0259 bilm\u0259z. Ona g\u00f6r\u0259 qeyri-m\u00fc\u0259yy\u0259nlik \u00e7oxdur v\u0259 Az\u0259rbaycan d\u00f6vl\u0259tind\u0259n d\u0259 as\u0131l\u0131 deyil. G\u0259r\u0259k Erm\u0259nistan real add\u0131mlara ata ki, bunun m\u0259ntiqi n\u0259tic\u0259si kimi biz d\u0259 postm\u00fcnaqi\u015f\u0259 d\u00f6n\u0259mind\u0259 idar\u0259\u00e7ilik modelind\u0259 yeni add\u0131mlar ataq. T\u0259bii ki, bir \u00e7ox qanunlar d\u0259yi\u015f\u0259, t\u0259kmill\u0259\u015f\u0259, i\u015fl\u0259k v\u0259ziyy\u0259t\u0259 g\u0259tiril\u0259 bil\u0259r, amma referendumun n\u0259h\u0259ng proses oldu\u011funu n\u0259z\u0259r\u0259 almal\u0131y\u0131q&#8221;.<\/p>\n<p>M\u00fcst\u0259qil Az\u0259rbaycan\u0131n ilk Konstitusiyas\u0131 12 noyabr 1995-ci ild\u0259 \u00fcmumxalq referendumu vasit\u0259sil\u0259 q\u0259bul edilib. Az\u0259rbaycan\u0131n yeni Konstitusiyas\u0131 5 b\u00f6lm\u0259d\u0259n, 12 f\u0259sild\u0259n v\u0259 158 madd\u0259d\u0259n ibar\u0259tdir. 2002, 2009 v\u0259 2016-ci ill\u0259rd\u0259 \u00fcmumxalq referendum yolu il\u0259 Konstitusiyaya d\u0259yi\u015fiklik v\u0259 \u0259lav\u0259l\u0259r edilib.<\/p>\n<p><strong>Emil SALAMO\u011eLU,<\/strong><br \/>\n<strong>\u201cYeni M\u00fcsavat\u201d<\/strong><\/p>\n","protected":false},"excerpt":{"rendered":"<p>\u201cKonstitusiya v\u0259 Suverenlik \u0130li\u201dnd\u0259 \u00fcmumxalq s\u0259sverm\u0259si idar\u0259etm\u0259 modelind\u0259 hans\u0131 strateji d\u00f6n\u00fc\u015f\u00fc n\u0259z\u0259rd\u0259 tutur? &#8211; h\u00fcquq\u015f\u00fcnas r\u0259yi \u201cPrezident \u0130lham \u018fliyevin 2025-ci ili &#8220;Konstitusiya v\u0259 Suverenlik \u0130li&#8221; elan etm\u0259si h\u00fcquqi v\u0259 siyasi sistemd\u0259 d\u0259rin transformasiyan\u0131n ba\u015flan\u011f\u0131c\u0131d\u0131r&#8221;. \u201cYeni M\u00fcsavat\u201d x\u0259b\u0259r verir ki, bunu politoloq Zaur M\u0259mm\u0259dov deyib. Az\u0259rbaycanda Konstitusiya referendumunun ke\u00e7iril\u0259c\u0259yini bildir\u0259n ekspertin s\u00f6zl\u0259rin\u0259 g\u00f6r\u0259, qar\u015f\u0131dak\u0131 d\u00f6vrd\u0259 planla\u015fd\u0131r\u0131lan \u00fcmumxalq s\u0259sverm\u0259si &#8211; referendum yaln\u0131z texniki d\u0259yi\u015fiklikl\u0259ri deyil, d\u00f6vl\u0259tin suverenlik anlay\u0131\u015f\u0131, idar\u0259etm\u0259 modeli v\u0259 \u0259razi-inzibati arxitekturas\u0131 \u00fczr\u0259 strateji d\u00f6n\u00fc\u015f\u00fc n\u0259z\u0259rd\u0259 tutur. Z.M\u0259mm\u0259dov qeyd edib ki, referendumun \u0259sas f\u0259ls\u0259f\u0259si Az\u0259rbaycan\u0131n postm\u00fcnaqi\u015f\u0259 d\u00f6vr\u00fcnd\u0259 yeni reall\u0131qlar\u0131 n\u0259z\u0259r\u0259 alaraq&hellip;<\/p>\n","protected":false},"author":2,"featured_media":812959,"comment_status":"closed","ping_status":"closed","sticky":false,"template":"","format":"standard","meta":{"om_disable_all_campaigns":false,"_monsterinsights_skip_tracking":false,"_monsterinsights_sitenote_active":false,"_monsterinsights_sitenote_note":"","_monsterinsights_sitenote_category":0},"categories":[19],"tags":[],"aioseo_notices":[],"gutentor_comment":0,"rttpg_featured_image_url":{"full":["https:\/\/arantv.az\/wp-content\/uploads\/2025\/06\/c12b4d3b57b444151e02795b05defec4.jpg",800,450,false],"landscape":["https:\/\/arantv.az\/wp-content\/uploads\/2025\/06\/c12b4d3b57b444151e02795b05defec4.jpg",800,450,false],"portraits":["https:\/\/arantv.az\/wp-content\/uploads\/2025\/06\/c12b4d3b57b444151e02795b05defec4.jpg",800,450,false],"thumbnail":["https:\/\/arantv.az\/wp-content\/uploads\/2025\/06\/c12b4d3b57b444151e02795b05defec4-500x280.jpg",500,280,true],"medium":["https:\/\/arantv.az\/wp-content\/uploads\/2025\/06\/c12b4d3b57b444151e02795b05defec4-649x365.jpg",649,365,true],"large":["https:\/\/arantv.az\/wp-content\/uploads\/2025\/06\/c12b4d3b57b444151e02795b05defec4.jpg",640,360,false],"1536x1536":["https:\/\/arantv.az\/wp-content\/uploads\/2025\/06\/c12b4d3b57b444151e02795b05defec4.jpg",800,450,false],"2048x2048":["https:\/\/arantv.az\/wp-content\/uploads\/2025\/06\/c12b4d3b57b444151e02795b05defec4.jpg",800,450,false],"post-thumbnail":["https:\/\/arantv.az\/wp-content\/uploads\/2025\/06\/c12b4d3b57b444151e02795b05defec4-240x172.jpg",240,172,true],"advps-thumb-one":["https:\/\/arantv.az\/wp-content\/uploads\/2025\/06\/c12b4d3b57b444151e02795b05defec4.jpg",800,450,false]},"rttpg_author":{"display_name":"V\u00fcsal Rafiqo\u011flu","author_link":"https:\/\/arantv.az\/?author=2"},"rttpg_comment":0,"rttpg_category":"<a href=\"https:\/\/arantv.az\/?cat=19\" rel=\"category\">G\u00fcnd\u0259m<\/a>","rttpg_excerpt":"\u201cKonstitusiya v\u0259 Suverenlik \u0130li\u201dnd\u0259 \u00fcmumxalq s\u0259sverm\u0259si idar\u0259etm\u0259 modelind\u0259 hans\u0131 strateji d\u00f6n\u00fc\u015f\u00fc n\u0259z\u0259rd\u0259 tutur? &#8211; h\u00fcquq\u015f\u00fcnas r\u0259yi \u201cPrezident \u0130lham \u018fliyevin 2025-ci ili &#8220;Konstitusiya v\u0259 Suverenlik \u0130li&#8221; elan etm\u0259si h\u00fcquqi v\u0259 siyasi sistemd\u0259 d\u0259rin transformasiyan\u0131n ba\u015flan\u011f\u0131c\u0131d\u0131r&#8221;. \u201cYeni M\u00fcsavat\u201d x\u0259b\u0259r verir ki, bunu politoloq Zaur M\u0259mm\u0259dov deyib. Az\u0259rbaycanda Konstitusiya referendumunun ke\u00e7iril\u0259c\u0259yini bildir\u0259n ekspertin s\u00f6zl\u0259rin\u0259 g\u00f6r\u0259, qar\u015f\u0131dak\u0131 d\u00f6vrd\u0259 planla\u015fd\u0131r\u0131lan&hellip;","_links":{"self":[{"href":"https:\/\/arantv.az\/index.php?rest_route=\/wp\/v2\/posts\/812958"}],"collection":[{"href":"https:\/\/arantv.az\/index.php?rest_route=\/wp\/v2\/posts"}],"about":[{"href":"https:\/\/arantv.az\/index.php?rest_route=\/wp\/v2\/types\/post"}],"author":[{"embeddable":true,"href":"https:\/\/arantv.az\/index.php?rest_route=\/wp\/v2\/users\/2"}],"replies":[{"embeddable":true,"href":"https:\/\/arantv.az\/index.php?rest_route=%2Fwp%2Fv2%2Fcomments&post=812958"}],"version-history":[{"count":1,"href":"https:\/\/arantv.az\/index.php?rest_route=\/wp\/v2\/posts\/812958\/revisions"}],"predecessor-version":[{"id":812960,"href":"https:\/\/arantv.az\/index.php?rest_route=\/wp\/v2\/posts\/812958\/revisions\/812960"}],"wp:featuredmedia":[{"embeddable":true,"href":"https:\/\/arantv.az\/index.php?rest_route=\/wp\/v2\/media\/812959"}],"wp:attachment":[{"href":"https:\/\/arantv.az\/index.php?rest_route=%2Fwp%2Fv2%2Fmedia&parent=812958"}],"wp:term":[{"taxonomy":"category","embeddable":true,"href":"https:\/\/arantv.az\/index.php?rest_route=%2Fwp%2Fv2%2Fcategories&post=812958"},{"taxonomy":"post_tag","embeddable":true,"href":"https:\/\/arantv.az\/index.php?rest_route=%2Fwp%2Fv2%2Ftags&post=812958"}],"curies":[{"name":"wp","href":"https:\/\/api.w.org\/{rel}","templated":true}]}}