{"id":812961,"date":"2025-06-25T09:33:11","date_gmt":"2025-06-25T05:33:11","guid":{"rendered":"https:\/\/arantv.az\/?p=812961"},"modified":"2025-06-25T09:33:11","modified_gmt":"2025-06-25T05:33:11","slug":"yen%c9%99-sulh-s%c9%99n%c9%99di-%c9%99v%c9%99zin%c9%99-sulh-k%c9%99sism%c9%99si","status":"publish","type":"post","link":"https:\/\/arantv.az\/?p=812961","title":{"rendered":"Yen\u0259 s\u00fclh s\u0259n\u0259di \u0259v\u0259zin\u0259 \u201cS\u00fclh k\u0259si\u015fm\u0259si\u201d"},"content":{"rendered":"<p><strong>Pa\u015finyan Z\u0259ng\u0259zur d\u0259hlizin\u0259 qar\u015f\u0131 olan bu mifik layih\u0259ni reklam edir &#8211; bu d\u0259f\u0259 \u018frdo\u011fana t\u0259qdim etdiyini a\u00e7\u0131qlay\u0131b, b\u0259s Ankaran\u0131n cavab\u0131 n\u0259 olacaq?<\/strong><\/p>\n<p>Erm\u0259nistan\u0131n ba\u015f naziri Nikol Pa\u015finyan \u201cS\u00fclh k\u0259si\u015fm\u0259si\u201d ad\u0131 alt\u0131nda t\u0259qdim etdiyi \u201ciddial\u0131 layih\u0259si\u201dni yenid\u0259n reklam etm\u0259y\u0259 ba\u015flay\u0131b. T\u00fcrkiy\u0259y\u0259 \u00f6t\u0259n h\u0259ft\u0259sonu etdiyi s\u0259f\u0259rind\u0259 d\u0259 ba\u015f nazir bu f\u00fcrs\u0259td\u0259n yararlan\u0131b.<\/p>\n<p>T\u00fcrkiy\u0259d\u0259ki erm\u0259ni icmas\u0131n\u0131n n\u00fcmay\u0259nd\u0259l\u0259ri il\u0259 g\u00f6r\u00fc\u015f\u00fcnd\u0259 Pa\u015finyan deyib ki, \u201cS\u00fclh k\u0259si\u015fm\u0259si\u201d art\u0131q iki ildir m\u00f6vcuddur v\u0259 ilk d\u0259f\u0259 T\u00fcrkiy\u0259 prezidenti il\u0259 \u00fcz-\u00fcz\u0259 bu proqram\u0131 ona t\u0259qdim ed\u0259c\u0259k. Pa\u015finyan vur\u011fulay\u0131b ki, T\u00fcrkiy\u0259 cavab verm\u0259zd\u0259n \u0259vv\u0259l Erm\u0259nistan \u00f6z proqram\u0131n\u0131 tam \u015f\u0259kild\u0259 t\u0259qdim etm\u0259lidir. \u201c\u018fvv\u0259lc\u0259 biz proqram\u0131m\u0131z\u0131 t\u0259qdim etm\u0259liyik, n\u0259d\u0259n b\u0259hs edir, sonra T\u00fcrkiy\u0259nin n\u0259 d\u00fc\u015f\u00fcnd\u00fcy\u00fc il\u0259 ba\u011fl\u0131 n\u0259tic\u0259 \u00e7\u0131xarmal\u0131y\u0131q. D\u00fc\u015f\u00fcn\u00fcr\u0259m ki, bu, olmaya bilm\u0259z, \u00e7\u00fcnki \u0259n az\u0131 bu g\u00fcn\u0259 q\u0259d\u0259r apard\u0131\u011f\u0131m\u0131z s\u00f6hb\u0259tl\u0259r v\u0259 d\u00fcnyada ba\u015f ver\u0259n hadis\u0259l\u0259r onu g\u00f6st\u0259rir ki, \u201d S\u00fclh k\u0259si\u015fm\u0259si&#8221; h\u0259yata ke\u00e7iril\u0259c\u0259k&#8221;, &#8211; ba\u015f nazir vur\u011fulay\u0131b.<\/p>\n<p><strong>T\u00fcrkiy\u0259 bel\u0259 bir layih\u0259 ald\u0131\u011f\u0131 bar\u0259d\u0259 he\u00e7 bir a\u00e7\u0131qlama verm\u0259yib. Pa\u015finyan\u0131n dediyind\u0259n is\u0259 b\u0259lli olan budur ki, \u018frdo\u011fana s\u0259n\u0259d t\u0259qdim edilib. Sad\u0259c\u0259, Pa\u015finyan h\u0259r \u0259lin\u0259 d\u00fc\u015f\u0259n f\u00fcrs\u0259td\u0259 inand\u0131rma\u011fa \u00e7al\u0131\u015f\u0131r ki, bu layih\u0259 region \u00f6lk\u0259l\u0259ri \u00fc\u00e7\u00fcn son d\u0259r\u0259c\u0259 faydal\u0131d\u0131r, Erm\u0259nistan \u0259razisind\u0259n ke\u00e7\u0259n yol X\u0259z\u0259r d\u0259nizini Aral\u0131q d\u0259nizi il\u0259, Fars k\u00f6rf\u0259zini Qara d\u0259nizl\u0259 birl\u0259\u015fdir\u0259n \u0259n q\u0131sa , \u0259n s\u0259m\u0259r\u0259li d\u0259mir yolu, h\u0259m\u00e7inin avtomobil mar\u015frutuna \u00e7evril\u0259c\u0259k. V\u0259 n\u0259hay\u0259t, Pa\u015finyan\u0131n \u0259sas arqumenti ondan ibar\u0259tdir ki, \u201cS\u00fclh k\u0259si\u015fm\u0259si\u201d ideyas\u0131 Erm\u0259nistan h\u00f6kum\u0259tinin h\u0259yata ke\u00e7irm\u0259k niyy\u0259tind\u0259 oldu\u011fu regional s\u00fclh g\u00fcnd\u0259liyinin t\u0259rkib hiss\u0259sidir.<\/strong><\/p>\n<p>Erm\u0259nistan Nazirl\u0259r Kabinetinin layih\u0259sin\u0259 \u0259sas\u0259n, \u201cS\u00fclh k\u0259si\u015fm\u0259si\u201d realla\u015farsa, \u0130r\u0259van Erm\u0259nistan\u0131n c\u0259nubundan t\u0259kc\u0259 Az\u0259rbaycan v\u0259 Erm\u0259nistan\u0131 deyil, h\u0259m d\u0259 onun c\u0259nub rayonlar\u0131n\u0131 \u015fimal-q\u0259rb rayonlar\u0131 il\u0259, el\u0259c\u0259 d\u0259 Az\u0259rbaycan\u0131n c\u0259nub-q\u0259rb rayonlar\u0131n\u0131 Nax\u00e7\u0131van Muxtar Respublikas\u0131 il\u0259 birl\u0259\u015fdir\u0259c\u0259k Mehri d\u0259mir yolunu b\u0259rpa etm\u0259y\u0259 haz\u0131r olacaq. Bu, g\u0259l\u0259c\u0259kd\u0259 Erm\u0259nistan\u0131 T\u00fcrkiy\u0259 il\u0259, Az\u0259rbaycan\u0131 T\u00fcrkiy\u0259 v\u0259 G\u00fcrc\u00fcstanla, h\u0259m d\u0259 Az\u0259rbaycan v\u0259 Erm\u0259nistan\u0131 \u0130ranla birl\u0259\u015fdir\u0259c\u0259k. Layih\u0259nin h\u0259yata ke\u00e7irilm\u0259si \u015e\u0259rql\u0259 Q\u0259rbi X\u0259z\u0259r d\u0259nizind\u0259n Aral\u0131q d\u0259nizin\u0259, \u015eimal v\u0259 C\u0259nubu Fars k\u00f6rf\u0259zind\u0259n Qara d\u0259niz\u0259 birl\u0259\u015fdir\u0259c\u0259k.<\/p>\n<p><strong>Z\u0259ng\u0259zur d\u0259hlizi Az\u0259rbaycan\u0131n q\u0259rb rayonlar\u0131 il\u0259 onun eksklav\u0131 olan Nax\u00e7\u0131van Muxtar Respublikas\u0131 aras\u0131nda n\u0259qliyyat \u0259laq\u0259l\u0259rini t\u0259min etm\u0259k \u00fc\u00e7\u00fcn m\u00fcmk\u00fcn vasit\u0259 hesab edil\u0259n Erm\u0259nistan\u0131n S\u00fcnik rayonu \u0259razisind\u0259n ke\u00e7\u0259n t\u0259xmin\u0259n 40 km uzunlu\u011funda n\u0259qliyyat d\u0259hlizi \u00fc\u00e7\u00fcn Az\u0259rbaycan t\u0259r\u0259find\u0259n ir\u0259li s\u00fcr\u00fcl\u0259n layih\u0259dir. Lakin g\u00f6r\u00fcnd\u00fcy\u00fc kimi, Erm\u0259nistan\u0131n ba\u015f naziri Az\u0259rbaycan\u0131n s\u00fclh sazi\u015fin\u0259 \u0259ng\u0259l olan iki t\u0259l\u0259bi realla\u015fd\u0131rm\u0131r, \u0259v\u0259zind\u0259 yen\u0259 zaman qazanaraq s\u00fclh m\u00fcqavil\u0259sinin imzalanmas\u0131n\u0131 yubad\u0131r.\u00a0\u00a0<\/strong><\/p>\n<p>\u201cErm\u0259nistan\u0131n &#8220;S\u00fclh k\u0259si\u015fm\u0259si&#8221; layih\u0259sinin Az\u0259rbaycans\u0131z iki q\u0259piklik d\u0259 qiym\u0259ti yoxdur&#8221;. \u201cYeni M\u00fcsavat\u201d xat\u0131rlad\u0131r ki, Prezident \u0130lham \u018fliyev bu il yanvar\u0131n 28-d\u0259 n\u0259qliyyat m\u0259s\u0259l\u0259l\u0259rin\u0259 h\u0259sr olunmu\u015f m\u00fc\u015favir\u0259d\u0259 \u00e7\u0131x\u0131\u015f\u0131 zaman\u0131 bel\u0259 deyib. D\u00f6vl\u0259t ba\u015f\u00e7\u0131s\u0131 bildirib ki, Erm\u0259nistan d\u0131rnaqaras\u0131 \u201cS\u00fclh k\u0259si\u015fm\u0259si\u201d layih\u0259sini ortal\u0131\u011fa at\u0131b: \u201c\u0130ndi d\u00fcnyada bir \u00f6lk\u0259 qalmay\u0131b ki, o \u00f6lk\u0259y\u0259 bu layih\u0259 t\u0259qdim edilm\u0259sin. Halbuki bu d\u0131rnaqaras\u0131 layih\u0259nin Az\u0259rbaycans\u0131z iki q\u0259piklik d\u0259 qiym\u0259ti yoxdur. \u018fg\u0259r siz bu layih\u0259ni do\u011frudan da h\u0259yata ke\u00e7irm\u0259k ist\u0259yirsinizs\u0259, ilk n\u00f6vb\u0259d\u0259, Az\u0259rbaycana m\u00fcraci\u0259t etm\u0259lisiniz. \u00c7\u00fcnki bizsiz bu, sad\u0259c\u0259 olaraq, ka\u011f\u0131z par\u00e7as\u0131d\u0131r, bizim \u015f\u0259rtl\u0259rimiz is\u0259 \u0259dal\u0259tlidir, beyn\u0259lxalq h\u00fcquqa \u0259saslan\u0131r v\u0259 Erm\u0259nistan\u0131n \u00f6z\u00fcn\u00fcn g\u00f6t\u00fcrd\u00fcy\u00fc \u00f6hd\u0259likl\u0259rin\u0259 \u0259saslan\u0131r\u201d.<\/p>\n<p><img src=\"https:\/\/amip.az\/wp-content\/uploads\/2022\/06\/Arzuxan_Alizade_01.jpg\" alt=\"Az\u0259rbaycan Milli \u0130stiqlal Partiyas\u0131n\u0131n S\u0259dri - Az\u0259rbaycan Milli \u0130stiqlal  Partiyas\u0131\" \/><\/p>\n<p><strong>\u00a0Arzuxan \u018flizad\u0259\u00a0<\/strong><\/p>\n<p>Deputat Arzuxan \u018flizad\u0259 \u201cYeni M\u00fcsavat\u201da \u015f\u0259rhind\u0259 Pa\u015finyan\u0131n bu layih\u0259ni ne\u00e7\u0259nci d\u0259f\u0259dir ki, g\u00fcnd\u0259m\u0259 g\u0259tirdiyini qeyd etdi. Onun s\u00f6zl\u0259rin\u0259 g\u00f6r\u0259, \u0130r\u0259van \u00f6z\u00fcn\u00fc s\u00fclh s\u0259n\u0259di imzalama\u011fa haz\u0131r t\u0259r\u0259f kimi q\u0259l\u0259m\u0259 verir: \u201cGuya Az\u0259rbaycan \u0259ng\u0259l olur v\u0259 r\u0259smi Bak\u0131n\u0131n raz\u0131l\u0131\u011f\u0131 qal\u0131b. M\u0259s\u0259l\u0259 buras\u0131ndad\u0131r ki, b\u00f6lg\u0259d\u0259 b\u00f6y\u00fck g\u0259rginlik yaran\u0131b v\u0259 Erm\u0259nistan himay\u0259darlar\u0131ndan d\u0259st\u0259k ala bilmir dey\u0259 T\u00fcrkiy\u0259 il\u0259 Az\u0259rbaycana yax\u0131nla\u015fmaq x\u0259tti tutub. X\u00fcsus\u0259n d\u0259 \u0130ran hadis\u0259l\u0259ri Erm\u0259nistan\u0131n i\u015fini q\u0259lizl\u0259\u015fdirib. Ona g\u00f6r\u0259 &#8220;S\u00fclh k\u0259si\u015fm\u0259si&#8221; ad\u0131 il\u0259 regionda n\u0259qliyyat kommunikasiyalar\u0131n\u0131n blokadadan \u00e7\u0131xmas\u0131n\u0131 ist\u0259yir. \u00c7\u00fcnki bununla \u00f6z piar\u0131n\u0131 aparmaq m\u0259qs\u0259di g\u00fcd\u00fcr&#8221;.<\/p>\n<p>A.\u018flizad\u0259nin fikrinc\u0259, \u00fcst\u0259g\u0259l, Erm\u0259nistan\u0131 se\u00e7ki g\u00f6zl\u0259yir v\u0259 Pa\u015finyan kabineti s\u0259sverm\u0259y\u0259 q\u0259d\u0259r \u0259n az\u0131 T\u00fcrkiy\u0259 il\u0259 normalla\u015fma prosesini tam yekunla\u015fd\u0131rmaq niyy\u0259tind\u0259dir ki, m\u00fcsb\u0259t xal qazana bilsin: \u201cAmma onun s\u0259yl\u0259ri \u0259b\u0259sdir. Bu administrasiya bilm\u0259lidir ki, T\u00fcrkiy\u0259 Az\u0259rbaycans\u0131z h\u0259r hans\u0131 add\u0131m atmayacaq. Odur ki, se\u00e7kiqaba\u011f\u0131 divident qazanmaq ist\u0259yirs\u0259, Az\u0259rbaycan\u0131n t\u0259l\u0259bl\u0259rini yerin\u0259 yetirm\u0259lidir, b\u00f6lg\u0259d\u0259 v\u0259ziyy\u0259ti Bak\u0131 v\u0259 Ankara il\u0259 uzla\u015fd\u0131rmal\u0131d\u0131r. O s\u0259b\u0259bd\u0259n, Z\u0259ng\u0259zur koridorunun daha tez a\u00e7\u0131lmas\u0131 \u00fc\u00e7\u00fcn imkan yaran\u0131r. Erm\u0259nistan bunun f\u0259rqind\u0259dir v\u0259 Pa\u015finyan hakimiyy\u0259ti T\u00fcrkiy\u0259 vasit\u0259sil\u0259 Az\u0259rbaycan\u0131n n\u0259d\u0259s\u0259 raz\u0131l\u0131\u011f\u0131n\u0131 alaca\u011f\u0131na \u00fcmid edir. Sad\u0259c\u0259, bu, al\u0131nan i\u015f deyil, r\u0259smi Bak\u0131n\u0131n konkret t\u0259l\u0259bl\u0259ri var\u201d.<\/p>\n<p><img src=\"https:\/\/lent.az\/storage\/news\/2023\/december\/18\/big\/657ff8a925c96657ff8a925c971702885545657ff8a925c93657ff8a925c95.jpg\" alt=\"Fuad \u018fliyevin prezidentliy\u0259 namiz\u0259dliyi ir\u0259li s\u00fcr\u00fcld\u00fc\" \/><\/p>\n<p><strong>Fuad \u018fliyev<\/strong><\/p>\n<p><strong>Siyasi \u015f\u0259rh\u00e7i Fuad \u018fliyevin s\u00f6zl\u0259rin\u0259 g\u00f6r\u0259, \u201cS\u00fclh k\u0259si\u015fm\u0259si\u201d ideyas\u0131 ilk d\u0259f\u0259 Tiflisd\u0259 ortaya at\u0131l\u0131b:<\/strong>\u00a0\u201c\u018fslind\u0259 bu layih\u0259 uzun m\u00fcdd\u0259tdir he\u00e7 k\u0259sin \u00fcz\u00fcn\u0259 bel\u0259 baxmad\u0131\u011f\u0131 &#8220;erm\u0259ni qov\u015fa\u011f\u0131&#8221;n\u0131n ad\u0131 d\u0259yi\u015fdirilmi\u015f formas\u0131d\u0131r. Pa\u015finyan komandas\u0131 layih\u0259nin realla\u015fa bilm\u0259 analizini aparmaqdansa, onun reklam\u0131 il\u0259 m\u0259\u015f\u011ful olma\u011f\u0131 \u00fcst\u00fcn tutub. \u201cS\u00fclh k\u0259si\u015fm\u0259si\u201d \u00e7eyn\u0259nmi\u015f fikirl\u0259r, o\u011furluq ideyalarla z\u0259ngindir. Layih\u0259 Az\u0259rbaycan, G\u00fcrc\u00fcstan, T\u00fcrkiy\u0259 v\u0259 \u0130ran aras\u0131nda onsuz da uzun m\u00fcdd\u0259tdir ki, realla\u015f\u0131b. Bundan \u0259lav\u0259, \u201cS\u00fclh k\u0259si\u015fm\u0259si\u201d g\u00f6mr\u00fck r\u00fcsumlar\u0131 v\u0259 t\u0259hl\u00fck\u0259sizlik yoxlan\u0131\u015flar\u0131 olmadan ke\u00e7idin t\u0259mini \u00fc\u00e7\u00fcn h\u0259r hans\u0131 t\u0259klif ir\u0259li s\u00fcrm\u00fcr. Ona g\u00f6r\u0259 d\u0259 mifik ideya kimi g\u00f6r\u00fcnm\u0259kd\u0259dir&#8221;.<\/p>\n<p>F.\u018fliyev hesab edir ki, Pa\u015finyan \u201cS\u00fclh k\u0259si\u015fm\u0259si\u201dn\u0259 Z\u0259ng\u0259zur d\u0259hlizinin a\u00e7\u0131lmas\u0131 prosesini pozmaq kimi bax\u0131r: \u201cErm\u0259nistan \u0259vv\u0259l &#8220;S\u00fclh k\u0259si\u015fm\u0259si&#8221; adl\u0131 layih\u0259d\u0259 Hindistan, \u0130ran, Erm\u0259nistan, G\u00fcrc\u00fcstan vasit\u0259sil\u0259 Qara d\u0259nizd\u0259n ke\u00e7\u0259n v\u0259 Avropaya n\u0259ql edil\u0259n kommunikasiya x\u0259tl\u0259rini n\u0259z\u0259rd\u0259 tuturdu. Sonra bu proyekt d\u0259yi\u015fdi, Az\u0259rbaycan\u0131, el\u0259c\u0259 d\u0259 T\u00fcrkiy\u0259ni \u0259hat\u0259 etdil\u0259r. Pa\u015finyan hakimiyy\u0259ti ba\u015fa d\u00fc\u015fd\u00fc ki, Az\u0259rbaycan v\u0259 T\u00fcrkiy\u0259 olmadan b\u00f6lg\u0259d\u0259 h\u0259r hans\u0131 layih\u0259nin realla\u015fmas\u0131 m\u00fcmk\u00fcn deyil. Amma s\u00f6hb\u0259t Az\u0259rbaycan\u0131n \u0259sas hiss\u0259sind\u0259n Nax\u00e7\u0131vana v\u0259 geriy\u0259 istiqam\u0259td\u0259 da\u015f\u0131nan mallardan gedirs\u0259, g\u00f6mr\u00fck prosedurlar\u0131n\u0131n h\u0259yata ke\u00e7irilm\u0259si bizim \u00fc\u00e7\u00fcn m\u0259qbul deyil. Y\u0259ni \u0130r\u0259van Az\u0259rbaycandan Nax\u00e7\u0131vana istiqam\u0259tl\u0259n\u0259n mar\u015frut \u00fc\u00e7\u00fcn Bak\u0131ya Erm\u0259nistan\u0131n n\u0259zar\u0259tind\u0259 olan yolun verilm\u0259sini t\u0259klif edir. Bunun \u00fc\u00e7\u00fcn Pa\u015finyan hakimiyy\u0259ti \u201cS\u00fclh k\u0259si\u015fm\u0259si\u201d ad\u0131 alt\u0131nda bir layih\u0259 t\u0259qdim edib. Bu layih\u0259 d\u0259 Z\u0259ng\u0259zur d\u0259hlizin\u0259 alternativdir. Bir s\u00f6zl\u0259, \u201cS\u00fclh k\u0259si\u015fm\u0259si\u201d t\u0259klifi birm\u0259nal\u0131 olaraq Erm\u0259nistan\u0131n maraqlar\u0131na uy\u011fundur. T\u00fcrkiy\u0259nin raz\u0131la\u015faca\u011f\u0131n\u0131 birm\u0259nal\u0131 istisna edir\u0259m&#8221;.<\/p>\n<p>Xat\u0131rladaq ki, r\u0259smi Bak\u0131n\u0131n t\u0259l\u0259bi Az\u0259rbaycandan Nax\u00e7\u0131vana d\u0259hliz m\u0259ntiqi il\u0259 yol a\u00e7\u0131lmas\u0131d\u0131r. Bu mar\u015frut kommunikasiya d\u0259hliz m\u0259ntiqi il\u0259 qurulmal\u0131d\u0131r. 2020-ci il 10 noyabr tarixli \u00fc\u00e7t\u0259r\u0259fli raz\u0131la\u015fman\u0131n 9-cu madd\u0259sin\u0259 uy\u011fun olaraq, Z\u0259ng\u0259zur d\u0259hlizinin \u0259sas t\u0259m\u0259li qoyulub. Orada yaz\u0131l\u0131b ki, q\u00fcvv\u0259l\u0259r t\u0259r\u0259find\u0259n t\u0259hl\u00fck\u0259sizlik t\u0259min edilir v\u0259 Erm\u0259nistan\u0131n bu kommunikasiyaya he\u00e7 bir n\u0259zar\u0259ti olmur. Bel\u0259 des\u0259k, Az\u0259rbaycandan Nax\u00e7\u0131vana ged\u0259n s\u0259rni\u015finl\u0259r, da\u015f\u0131nan y\u00fckl\u0259r g\u00f6mr\u00fck v\u0259 s\u0259rh\u0259d yoxlan\u0131\u015f\u0131na m\u0259ruz qalm\u0131r. Amma dig\u0259r \u00f6lk\u0259l\u0259r bu prosesd\u0259 i\u015ftirak ed\u0259rs\u0259, onlar Erm\u0259nistan t\u0259r\u0259finin g\u00f6mr\u00fck v\u0259 s\u0259rh\u0259d yoxlan\u0131\u015f\u0131ndan ke\u00e7\u0259c\u0259kl\u0259r.<\/p>\n<p><strong>Emil SALAMO\u011eLU,<\/strong><br \/>\n<strong>\u201cYeni M\u00fcsavat\u201d<\/strong><\/p>\n","protected":false},"excerpt":{"rendered":"<p>Pa\u015finyan Z\u0259ng\u0259zur d\u0259hlizin\u0259 qar\u015f\u0131 olan bu mifik layih\u0259ni reklam edir &#8211; bu d\u0259f\u0259 \u018frdo\u011fana t\u0259qdim etdiyini a\u00e7\u0131qlay\u0131b, b\u0259s Ankaran\u0131n cavab\u0131 n\u0259 olacaq? Erm\u0259nistan\u0131n ba\u015f naziri Nikol Pa\u015finyan \u201cS\u00fclh k\u0259si\u015fm\u0259si\u201d ad\u0131 alt\u0131nda t\u0259qdim etdiyi \u201ciddial\u0131 layih\u0259si\u201dni yenid\u0259n reklam etm\u0259y\u0259 ba\u015flay\u0131b. T\u00fcrkiy\u0259y\u0259 \u00f6t\u0259n h\u0259ft\u0259sonu etdiyi s\u0259f\u0259rind\u0259 d\u0259 ba\u015f nazir bu f\u00fcrs\u0259td\u0259n yararlan\u0131b. T\u00fcrkiy\u0259d\u0259ki erm\u0259ni icmas\u0131n\u0131n n\u00fcmay\u0259nd\u0259l\u0259ri il\u0259 g\u00f6r\u00fc\u015f\u00fcnd\u0259 Pa\u015finyan deyib ki, \u201cS\u00fclh k\u0259si\u015fm\u0259si\u201d art\u0131q iki ildir m\u00f6vcuddur v\u0259 ilk d\u0259f\u0259 T\u00fcrkiy\u0259 prezidenti il\u0259 \u00fcz-\u00fcz\u0259 bu proqram\u0131 ona t\u0259qdim ed\u0259c\u0259k. Pa\u015finyan vur\u011fulay\u0131b ki, T\u00fcrkiy\u0259 cavab verm\u0259zd\u0259n \u0259vv\u0259l Erm\u0259nistan \u00f6z proqram\u0131n\u0131 tam \u015f\u0259kild\u0259 t\u0259qdim&hellip;<\/p>\n","protected":false},"author":2,"featured_media":812962,"comment_status":"closed","ping_status":"closed","sticky":false,"template":"","format":"standard","meta":{"om_disable_all_campaigns":false,"_monsterinsights_skip_tracking":false,"_monsterinsights_sitenote_active":false,"_monsterinsights_sitenote_note":"","_monsterinsights_sitenote_category":0},"categories":[4],"tags":[],"aioseo_notices":[],"gutentor_comment":0,"rttpg_featured_image_url":{"full":["https:\/\/arantv.az\/wp-content\/uploads\/2025\/06\/211f53b6b56364affd7b800efb6203fc.jpg",870,500,false],"landscape":["https:\/\/arantv.az\/wp-content\/uploads\/2025\/06\/211f53b6b56364affd7b800efb6203fc.jpg",870,500,false],"portraits":["https:\/\/arantv.az\/wp-content\/uploads\/2025\/06\/211f53b6b56364affd7b800efb6203fc.jpg",870,500,false],"thumbnail":["https:\/\/arantv.az\/wp-content\/uploads\/2025\/06\/211f53b6b56364affd7b800efb6203fc-500x280.jpg",500,280,true],"medium":["https:\/\/arantv.az\/wp-content\/uploads\/2025\/06\/211f53b6b56364affd7b800efb6203fc-635x365.jpg",635,365,true],"large":["https:\/\/arantv.az\/wp-content\/uploads\/2025\/06\/211f53b6b56364affd7b800efb6203fc-840x483.jpg",640,368,true],"1536x1536":["https:\/\/arantv.az\/wp-content\/uploads\/2025\/06\/211f53b6b56364affd7b800efb6203fc.jpg",870,500,false],"2048x2048":["https:\/\/arantv.az\/wp-content\/uploads\/2025\/06\/211f53b6b56364affd7b800efb6203fc.jpg",870,500,false],"post-thumbnail":["https:\/\/arantv.az\/wp-content\/uploads\/2025\/06\/211f53b6b56364affd7b800efb6203fc-240x172.jpg",240,172,true],"advps-thumb-one":["https:\/\/arantv.az\/wp-content\/uploads\/2025\/06\/211f53b6b56364affd7b800efb6203fc.jpg",870,500,false]},"rttpg_author":{"display_name":"V\u00fcsal Rafiqo\u011flu","author_link":"https:\/\/arantv.az\/?author=2"},"rttpg_comment":0,"rttpg_category":"<a href=\"https:\/\/arantv.az\/?cat=4\" rel=\"category\">Siyas\u0259t<\/a>","rttpg_excerpt":"Pa\u015finyan Z\u0259ng\u0259zur d\u0259hlizin\u0259 qar\u015f\u0131 olan bu mifik layih\u0259ni reklam edir &#8211; bu d\u0259f\u0259 \u018frdo\u011fana t\u0259qdim etdiyini a\u00e7\u0131qlay\u0131b, b\u0259s Ankaran\u0131n cavab\u0131 n\u0259 olacaq? Erm\u0259nistan\u0131n ba\u015f naziri Nikol Pa\u015finyan \u201cS\u00fclh k\u0259si\u015fm\u0259si\u201d ad\u0131 alt\u0131nda t\u0259qdim etdiyi \u201ciddial\u0131 layih\u0259si\u201dni yenid\u0259n reklam etm\u0259y\u0259 ba\u015flay\u0131b. T\u00fcrkiy\u0259y\u0259 \u00f6t\u0259n h\u0259ft\u0259sonu etdiyi s\u0259f\u0259rind\u0259 d\u0259 ba\u015f nazir bu f\u00fcrs\u0259td\u0259n yararlan\u0131b. T\u00fcrkiy\u0259d\u0259ki erm\u0259ni icmas\u0131n\u0131n n\u00fcmay\u0259nd\u0259l\u0259ri il\u0259&hellip;","_links":{"self":[{"href":"https:\/\/arantv.az\/index.php?rest_route=\/wp\/v2\/posts\/812961"}],"collection":[{"href":"https:\/\/arantv.az\/index.php?rest_route=\/wp\/v2\/posts"}],"about":[{"href":"https:\/\/arantv.az\/index.php?rest_route=\/wp\/v2\/types\/post"}],"author":[{"embeddable":true,"href":"https:\/\/arantv.az\/index.php?rest_route=\/wp\/v2\/users\/2"}],"replies":[{"embeddable":true,"href":"https:\/\/arantv.az\/index.php?rest_route=%2Fwp%2Fv2%2Fcomments&post=812961"}],"version-history":[{"count":2,"href":"https:\/\/arantv.az\/index.php?rest_route=\/wp\/v2\/posts\/812961\/revisions"}],"predecessor-version":[{"id":812965,"href":"https:\/\/arantv.az\/index.php?rest_route=\/wp\/v2\/posts\/812961\/revisions\/812965"}],"wp:featuredmedia":[{"embeddable":true,"href":"https:\/\/arantv.az\/index.php?rest_route=\/wp\/v2\/media\/812962"}],"wp:attachment":[{"href":"https:\/\/arantv.az\/index.php?rest_route=%2Fwp%2Fv2%2Fmedia&parent=812961"}],"wp:term":[{"taxonomy":"category","embeddable":true,"href":"https:\/\/arantv.az\/index.php?rest_route=%2Fwp%2Fv2%2Fcategories&post=812961"},{"taxonomy":"post_tag","embeddable":true,"href":"https:\/\/arantv.az\/index.php?rest_route=%2Fwp%2Fv2%2Ftags&post=812961"}],"curies":[{"name":"wp","href":"https:\/\/api.w.org\/{rel}","templated":true}]}}