{"id":812969,"date":"2025-06-25T09:35:32","date_gmt":"2025-06-25T05:35:32","guid":{"rendered":"https:\/\/arantv.az\/?p=812969"},"modified":"2025-06-25T09:35:32","modified_gmt":"2025-06-25T05:35:32","slug":"kiyev%c9%99-h%c9%99rbi-yardim-nato-nun-mudafi%c9%99-x%c9%99rcl%c9%99rin%c9%99-daxil-edil%c9%99c%c9%99k","status":"publish","type":"post","link":"https:\/\/arantv.az\/?p=812969","title":{"rendered":"Kiyev\u0259 h\u0259rbi yard\u0131m NATO-nun m\u00fcdafi\u0259 x\u0259rcl\u0259rin\u0259 daxil edil\u0259c\u0259k"},"content":{"rendered":"<div class=\"text-content\" data-id=\"\" data-url=\"\">\n<p>NATO-ya \u00fczv d\u00f6vl\u0259tl\u0259rin Ukraynaya g\u00f6st\u0259rdiyi h\u0259rbi yard\u0131m onlar\u0131n m\u00fcdafi\u0259 x\u0259rcl\u0259rin\u0259 hesablana bil\u0259r v\u0259 bu ad\u0259t\u0259n \u00dcDM-in 5 %-n\u0259 \u00e7atmal\u0131d\u0131r.<\/p>\n<p>\u201cReport\u201d xarici K\u0130V-\u0259 istinad\u0259n x\u0259b\u0259r verir ki, bunu Litva Prezidenti Qitanas Nauseda bildirib.<\/p>\n<p>Q.Nauseda qeyd edib ki, NATO-ya \u00fczv \u00f6lk\u0259l\u0259rin m\u00fcdafi\u0259 x\u0259rcl\u0259rini art\u0131rmaq ambisiyalar\u0131 \u0259vv\u0259lkind\u0259n qat-qat \u0259h\u0259miyy\u0259tlidir: &#8220;Bu, Haaqa sammitinin \u0259n m\u00fch\u00fcm n\u0259tic\u0259si olmal\u0131d\u0131r&#8221;, &#8211; Litva Prezidenti deyib.<\/p>\n<p>Qeyd ed\u0259k ki, 2024-c\u00fc ild\u0259 Litva h\u0259r il \u00dcDM-in 0,25 %-ni Kiyev\u0259 m\u00fcdafi\u0259 v\u0259 t\u0259hl\u00fck\u0259sizlik ehtiyaclar\u0131 \u00fc\u00e7\u00fcn ay\u0131rma\u011f\u0131 \u00f6hd\u0259sin\u0259 g\u00f6t\u00fcr\u00fcb ki, bu da t\u0259xmin\u0259n 190 milyon avro t\u0259\u015fkil edir.<\/p>\n<\/div>\n<div><\/div>\n<div><\/div>\n<div class=\"inner-social-box\">\n<div class=\"subs-in-social subs-whatsapp\"><\/div>\n<\/div>\n","protected":false},"excerpt":{"rendered":"<p>NATO-ya \u00fczv d\u00f6vl\u0259tl\u0259rin Ukraynaya g\u00f6st\u0259rdiyi h\u0259rbi yard\u0131m onlar\u0131n m\u00fcdafi\u0259 x\u0259rcl\u0259rin\u0259 hesablana bil\u0259r v\u0259 bu ad\u0259t\u0259n \u00dcDM-in 5 %-n\u0259 \u00e7atmal\u0131d\u0131r. \u201cReport\u201d xarici K\u0130V-\u0259 istinad\u0259n x\u0259b\u0259r verir ki, bunu Litva Prezidenti Qitanas Nauseda bildirib. Q.Nauseda qeyd edib ki, NATO-ya \u00fczv \u00f6lk\u0259l\u0259rin m\u00fcdafi\u0259 x\u0259rcl\u0259rini art\u0131rmaq ambisiyalar\u0131 \u0259vv\u0259lkind\u0259n qat-qat \u0259h\u0259miyy\u0259tlidir: &#8220;Bu, Haaqa sammitinin \u0259n m\u00fch\u00fcm n\u0259tic\u0259si olmal\u0131d\u0131r&#8221;, &#8211; Litva Prezidenti deyib. Qeyd ed\u0259k ki, 2024-c\u00fc ild\u0259 Litva h\u0259r il \u00dcDM-in 0,25 %-ni Kiyev\u0259 m\u00fcdafi\u0259 v\u0259 t\u0259hl\u00fck\u0259sizlik ehtiyaclar\u0131 \u00fc\u00e7\u00fcn ay\u0131rma\u011f\u0131 \u00f6hd\u0259sin\u0259 g\u00f6t\u00fcr\u00fcb ki, bu da t\u0259xmin\u0259n 190 milyon avro t\u0259\u015fkil edir.<\/p>\n","protected":false},"author":2,"featured_media":812970,"comment_status":"closed","ping_status":"closed","sticky":false,"template":"","format":"standard","meta":{"om_disable_all_campaigns":false,"_monsterinsights_skip_tracking":false,"_monsterinsights_sitenote_active":false,"_monsterinsights_sitenote_note":"","_monsterinsights_sitenote_category":0},"categories":[7],"tags":[],"aioseo_notices":[],"gutentor_comment":0,"rttpg_featured_image_url":{"full":["https:\/\/arantv.az\/wp-content\/uploads\/2025\/06\/95b75b9720e413de2dad7e8f8fa3e6ea.jpg",850,500,false],"landscape":["https:\/\/arantv.az\/wp-content\/uploads\/2025\/06\/95b75b9720e413de2dad7e8f8fa3e6ea.jpg",850,500,false],"portraits":["https:\/\/arantv.az\/wp-content\/uploads\/2025\/06\/95b75b9720e413de2dad7e8f8fa3e6ea.jpg",850,500,false],"thumbnail":["https:\/\/arantv.az\/wp-content\/uploads\/2025\/06\/95b75b9720e413de2dad7e8f8fa3e6ea-500x280.jpg",500,280,true],"medium":["https:\/\/arantv.az\/wp-content\/uploads\/2025\/06\/95b75b9720e413de2dad7e8f8fa3e6ea-621x365.jpg",621,365,true],"large":["https:\/\/arantv.az\/wp-content\/uploads\/2025\/06\/95b75b9720e413de2dad7e8f8fa3e6ea-840x494.jpg",640,376,true],"1536x1536":["https:\/\/arantv.az\/wp-content\/uploads\/2025\/06\/95b75b9720e413de2dad7e8f8fa3e6ea.jpg",850,500,false],"2048x2048":["https:\/\/arantv.az\/wp-content\/uploads\/2025\/06\/95b75b9720e413de2dad7e8f8fa3e6ea.jpg",850,500,false],"post-thumbnail":["https:\/\/arantv.az\/wp-content\/uploads\/2025\/06\/95b75b9720e413de2dad7e8f8fa3e6ea-240x172.jpg",240,172,true],"advps-thumb-one":["https:\/\/arantv.az\/wp-content\/uploads\/2025\/06\/95b75b9720e413de2dad7e8f8fa3e6ea.jpg",850,500,false]},"rttpg_author":{"display_name":"V\u00fcsal Rafiqo\u011flu","author_link":"https:\/\/arantv.az\/?author=2"},"rttpg_comment":0,"rttpg_category":"<a href=\"https:\/\/arantv.az\/?cat=7\" rel=\"category\">D\u00fcnya<\/a>","rttpg_excerpt":"NATO-ya \u00fczv d\u00f6vl\u0259tl\u0259rin Ukraynaya g\u00f6st\u0259rdiyi h\u0259rbi yard\u0131m onlar\u0131n m\u00fcdafi\u0259 x\u0259rcl\u0259rin\u0259 hesablana bil\u0259r v\u0259 bu ad\u0259t\u0259n \u00dcDM-in 5 %-n\u0259 \u00e7atmal\u0131d\u0131r. \u201cReport\u201d xarici K\u0130V-\u0259 istinad\u0259n x\u0259b\u0259r verir ki, bunu Litva Prezidenti Qitanas Nauseda bildirib. Q.Nauseda qeyd edib ki, NATO-ya \u00fczv \u00f6lk\u0259l\u0259rin m\u00fcdafi\u0259 x\u0259rcl\u0259rini art\u0131rmaq ambisiyalar\u0131 \u0259vv\u0259lkind\u0259n qat-qat \u0259h\u0259miyy\u0259tlidir: &#8220;Bu, Haaqa sammitinin \u0259n m\u00fch\u00fcm n\u0259tic\u0259si olmal\u0131d\u0131r&#8221;, &#8211; Litva&hellip;","_links":{"self":[{"href":"https:\/\/arantv.az\/index.php?rest_route=\/wp\/v2\/posts\/812969"}],"collection":[{"href":"https:\/\/arantv.az\/index.php?rest_route=\/wp\/v2\/posts"}],"about":[{"href":"https:\/\/arantv.az\/index.php?rest_route=\/wp\/v2\/types\/post"}],"author":[{"embeddable":true,"href":"https:\/\/arantv.az\/index.php?rest_route=\/wp\/v2\/users\/2"}],"replies":[{"embeddable":true,"href":"https:\/\/arantv.az\/index.php?rest_route=%2Fwp%2Fv2%2Fcomments&post=812969"}],"version-history":[{"count":1,"href":"https:\/\/arantv.az\/index.php?rest_route=\/wp\/v2\/posts\/812969\/revisions"}],"predecessor-version":[{"id":812971,"href":"https:\/\/arantv.az\/index.php?rest_route=\/wp\/v2\/posts\/812969\/revisions\/812971"}],"wp:featuredmedia":[{"embeddable":true,"href":"https:\/\/arantv.az\/index.php?rest_route=\/wp\/v2\/media\/812970"}],"wp:attachment":[{"href":"https:\/\/arantv.az\/index.php?rest_route=%2Fwp%2Fv2%2Fmedia&parent=812969"}],"wp:term":[{"taxonomy":"category","embeddable":true,"href":"https:\/\/arantv.az\/index.php?rest_route=%2Fwp%2Fv2%2Fcategories&post=812969"},{"taxonomy":"post_tag","embeddable":true,"href":"https:\/\/arantv.az\/index.php?rest_route=%2Fwp%2Fv2%2Ftags&post=812969"}],"curies":[{"name":"wp","href":"https:\/\/api.w.org\/{rel}","templated":true}]}}