{"id":813179,"date":"2025-06-26T11:08:57","date_gmt":"2025-06-26T07:08:57","guid":{"rendered":"https:\/\/arantv.az\/?p=813179"},"modified":"2025-06-26T11:08:57","modified_gmt":"2025-06-26T07:08:57","slug":"muavin%c9%99t-t%c9%99qaud-v%c9%99-sosial-yardimlar-bu-gun-od%c9%99nilib","status":"publish","type":"post","link":"https:\/\/arantv.az\/?p=813179","title":{"rendered":"M\u00fcavin\u0259t, t\u0259qa\u00fcd v\u0259 sosial yard\u0131mlar bu g\u00fcn \u00f6d\u0259nilib"},"content":{"rendered":"<p>\u0130yun ay\u0131n\u0131n m\u00fcavin\u0259t, t\u0259qa\u00fcd v\u0259 \u00fcnvanl\u0131 d\u00f6vl\u0259t sosial yard\u0131mlar\u0131 bu g\u00fcn \u00f6d\u0259nilib.<\/p>\n<p>Bu bar\u0259d\u0259 &#8220;\u0130ki sahil&#8221;\u0259\u00a0\u018fm\u0259k v\u0259 \u018fhalininin Sosial M\u00fcdafi\u0259si Nazirliyinin tabeliyind\u0259 D\u00f6vl\u0259t Sosial M\u00fcdafi\u0259 Fondundan m\u0259lumat verilib.<\/p>\n<p>Qeyd edilib ki, iyunun 5-d\u0259 Bak\u0131, Sumqay\u0131t \u015f\u0259h\u0259rl\u0259ri, Ab\u015feron rayonu, Nax\u00e7\u0131van Muxtar Respublikas\u0131, iyunun 21-d\u0259 is\u0259 dig\u0259r b\u00f6lg\u0259l\u0259r \u00fczr\u0259, habel\u0259 g\u00fcz\u0259\u015ftli \u015f\u0259rtl\u0259rl\u0259 pensiya alan \u015f\u0259xsl\u0259rin iyun ay\u0131n\u0131n pensiya \u00f6d\u0259ni\u015fl\u0259ri h\u0259yata ke\u00e7irilib.<\/p>\n","protected":false},"excerpt":{"rendered":"<p>\u0130yun ay\u0131n\u0131n m\u00fcavin\u0259t, t\u0259qa\u00fcd v\u0259 \u00fcnvanl\u0131 d\u00f6vl\u0259t sosial yard\u0131mlar\u0131 bu g\u00fcn \u00f6d\u0259nilib. Bu bar\u0259d\u0259 &#8220;\u0130ki sahil&#8221;\u0259\u00a0\u018fm\u0259k v\u0259 \u018fhalininin Sosial M\u00fcdafi\u0259si Nazirliyinin tabeliyind\u0259 D\u00f6vl\u0259t Sosial M\u00fcdafi\u0259 Fondundan m\u0259lumat verilib. Qeyd edilib ki, iyunun 5-d\u0259 Bak\u0131, Sumqay\u0131t \u015f\u0259h\u0259rl\u0259ri, Ab\u015feron rayonu, Nax\u00e7\u0131van Muxtar Respublikas\u0131, iyunun 21-d\u0259 is\u0259 dig\u0259r b\u00f6lg\u0259l\u0259r \u00fczr\u0259, habel\u0259 g\u00fcz\u0259\u015ftli \u015f\u0259rtl\u0259rl\u0259 pensiya alan \u015f\u0259xsl\u0259rin iyun ay\u0131n\u0131n pensiya \u00f6d\u0259ni\u015fl\u0259ri h\u0259yata ke\u00e7irilib.<\/p>\n","protected":false},"author":2,"featured_media":813180,"comment_status":"closed","ping_status":"closed","sticky":false,"template":"","format":"standard","meta":{"om_disable_all_campaigns":false,"_monsterinsights_skip_tracking":false,"_monsterinsights_sitenote_active":false,"_monsterinsights_sitenote_note":"","_monsterinsights_sitenote_category":0},"categories":[1],"tags":[],"aioseo_notices":[],"gutentor_comment":0,"rttpg_featured_image_url":{"full":["https:\/\/arantv.az\/wp-content\/uploads\/2025\/06\/3d863b36170920463657147757210209854.jpg",975,540,false],"landscape":["https:\/\/arantv.az\/wp-content\/uploads\/2025\/06\/3d863b36170920463657147757210209854.jpg",975,540,false],"portraits":["https:\/\/arantv.az\/wp-content\/uploads\/2025\/06\/3d863b36170920463657147757210209854.jpg",975,540,false],"thumbnail":["https:\/\/arantv.az\/wp-content\/uploads\/2025\/06\/3d863b36170920463657147757210209854-500x280.jpg",500,280,true],"medium":["https:\/\/arantv.az\/wp-content\/uploads\/2025\/06\/3d863b36170920463657147757210209854-660x365.jpg",660,365,true],"large":["https:\/\/arantv.az\/wp-content\/uploads\/2025\/06\/3d863b36170920463657147757210209854-840x465.jpg",640,354,true],"1536x1536":["https:\/\/arantv.az\/wp-content\/uploads\/2025\/06\/3d863b36170920463657147757210209854.jpg",975,540,false],"2048x2048":["https:\/\/arantv.az\/wp-content\/uploads\/2025\/06\/3d863b36170920463657147757210209854.jpg",975,540,false],"post-thumbnail":["https:\/\/arantv.az\/wp-content\/uploads\/2025\/06\/3d863b36170920463657147757210209854-240x172.jpg",240,172,true],"advps-thumb-one":["https:\/\/arantv.az\/wp-content\/uploads\/2025\/06\/3d863b36170920463657147757210209854.jpg",975,540,false]},"rttpg_author":{"display_name":"V\u00fcsal Rafiqo\u011flu","author_link":"https:\/\/arantv.az\/?author=2"},"rttpg_comment":0,"rttpg_category":"<a href=\"https:\/\/arantv.az\/?cat=1\" rel=\"category\">C\u0259miyy\u0259t<\/a>","rttpg_excerpt":"\u0130yun ay\u0131n\u0131n m\u00fcavin\u0259t, t\u0259qa\u00fcd v\u0259 \u00fcnvanl\u0131 d\u00f6vl\u0259t sosial yard\u0131mlar\u0131 bu g\u00fcn \u00f6d\u0259nilib. Bu bar\u0259d\u0259 &#8220;\u0130ki sahil&#8221;\u0259\u00a0\u018fm\u0259k v\u0259 \u018fhalininin Sosial M\u00fcdafi\u0259si Nazirliyinin tabeliyind\u0259 D\u00f6vl\u0259t Sosial M\u00fcdafi\u0259 Fondundan m\u0259lumat verilib. Qeyd edilib ki, iyunun 5-d\u0259 Bak\u0131, Sumqay\u0131t \u015f\u0259h\u0259rl\u0259ri, Ab\u015feron rayonu, Nax\u00e7\u0131van Muxtar Respublikas\u0131, iyunun 21-d\u0259 is\u0259 dig\u0259r b\u00f6lg\u0259l\u0259r \u00fczr\u0259, habel\u0259 g\u00fcz\u0259\u015ftli \u015f\u0259rtl\u0259rl\u0259 pensiya alan \u015f\u0259xsl\u0259rin iyun ay\u0131n\u0131n&hellip;","_links":{"self":[{"href":"https:\/\/arantv.az\/index.php?rest_route=\/wp\/v2\/posts\/813179"}],"collection":[{"href":"https:\/\/arantv.az\/index.php?rest_route=\/wp\/v2\/posts"}],"about":[{"href":"https:\/\/arantv.az\/index.php?rest_route=\/wp\/v2\/types\/post"}],"author":[{"embeddable":true,"href":"https:\/\/arantv.az\/index.php?rest_route=\/wp\/v2\/users\/2"}],"replies":[{"embeddable":true,"href":"https:\/\/arantv.az\/index.php?rest_route=%2Fwp%2Fv2%2Fcomments&post=813179"}],"version-history":[{"count":1,"href":"https:\/\/arantv.az\/index.php?rest_route=\/wp\/v2\/posts\/813179\/revisions"}],"predecessor-version":[{"id":813181,"href":"https:\/\/arantv.az\/index.php?rest_route=\/wp\/v2\/posts\/813179\/revisions\/813181"}],"wp:featuredmedia":[{"embeddable":true,"href":"https:\/\/arantv.az\/index.php?rest_route=\/wp\/v2\/media\/813180"}],"wp:attachment":[{"href":"https:\/\/arantv.az\/index.php?rest_route=%2Fwp%2Fv2%2Fmedia&parent=813179"}],"wp:term":[{"taxonomy":"category","embeddable":true,"href":"https:\/\/arantv.az\/index.php?rest_route=%2Fwp%2Fv2%2Fcategories&post=813179"},{"taxonomy":"post_tag","embeddable":true,"href":"https:\/\/arantv.az\/index.php?rest_route=%2Fwp%2Fv2%2Ftags&post=813179"}],"curies":[{"name":"wp","href":"https:\/\/api.w.org\/{rel}","templated":true}]}}