{"id":813200,"date":"2025-06-26T11:12:49","date_gmt":"2025-06-26T07:12:49","guid":{"rendered":"https:\/\/arantv.az\/?p=813200"},"modified":"2025-06-26T11:12:49","modified_gmt":"2025-06-26T07:12:49","slug":"ir%c9%99vana-veril%c9%99n-son-mohl%c9%99t-dekabrdan-sonra","status":"publish","type":"post","link":"https:\/\/arantv.az\/?p=813200","title":{"rendered":"\u0130r\u0259vana veril\u0259n son m\u00f6hl\u0259t &#8211; dekabrdan sonra&#8230;"},"content":{"rendered":"<div class=\"text-content\" data-id=\"\" data-url=\"\">\n<p><strong>Erm\u0259nistan \u201crus-NATO\u201dsunu t\u0259rk ed\u0259 bil\u0259r; \u201cErm\u0259nistan\u0131 bu h\u0259rbi alyansdan \u00e7\u0131xarmaq onu faktiki olaraq Q\u0259rbin quca\u011f\u0131na atma\u011fa b\u0259rab\u0259rdir\u201d<\/strong><\/p>\n<p>Rusiya xarici i\u015fl\u0259r nazirinin m\u00fcavini Aleksandr Pankin Erm\u0259nistan\u0131 \u00f6z t\u0259hl\u00fck\u0259sizlik imkanlar\u0131n\u0131, o c\u00fcml\u0259d\u0259n Kollektiv T\u0259hl\u00fck\u0259sizlik M\u00fcqavil\u0259si T\u0259\u015fkilat\u0131 (KTMT) \u00e7\u0259r\u00e7iv\u0259sind\u0259 kollektiv formatda s\u0259mimi v\u0259 realist \u015f\u0259kild\u0259 yenid\u0259n qiym\u0259tl\u0259ndirm\u0259y\u0259 \u00e7a\u011f\u0131r\u0131b.<\/p>\n<p><strong>Pankin bildirib ki, Erm\u0259nistan\u0131n KTMT-d\u0259ki f\u0259aliyy\u0259tini \u201cdondurmas\u0131\u201d v\u0259 q\u0259rarlar\u0131n q\u0259bulunda i\u015ftirak etm\u0259m\u0259si fonunda \u00f6lk\u0259nin \u00f6z t\u0259hl\u00fck\u0259sizliyini nec\u0259 t\u0259min ed\u0259c\u0259yi sual alt\u0131ndad\u0131r: \u201cB\u00fct\u00fcn t\u0259r\u0259fl\u0259r anlay\u0131r ki, Erm\u0259nistan art\u0131q t\u0259\u015fkilat\u0131n q\u0259rarlar\u0131nda i\u015ftirak etmir. Amma bu \u00f6lk\u0259 KTMT-nin kollektiv mexanizml\u0259rin\u0259 v\u0259 \u00f6z t\u0259hl\u00fck\u0259sizlik ehtiyaclar\u0131na obyektiv yana\u015fmal\u0131d\u0131r\u201d.<\/strong><\/p>\n<p>Pankin h\u0259m\u00e7inin bildirib ki, Erm\u0259nistan\u0131n KTMT-y\u0259 \u00fczvl\u00fck haqq\u0131n\u0131 \u00f6d\u0259m\u0259m\u0259si m\u0259s\u0259l\u0259si 2025-ci ilin dekabr\u0131ndan sonra m\u00fczakir\u0259y\u0259 \u00e7\u0131xar\u0131lacaq. Bu q\u0259rar\u0131n hans\u0131 formatda veril\u0259c\u0259yi is\u0259 h\u0259l\u0259lik b\u0259lli deyil.<\/p>\n<p>Erm\u0259nistan r\u0259smi olaraq KTMT-d\u0259n \u00e7\u0131xmasa da, son ill\u0259rd\u0259 t\u0259\u015fkilatla \u0259laq\u0259l\u0259rini minimuma endirib: t\u0259dbirl\u0259rd\u0259 i\u015ftirakdan imtina edir, birg\u0259 t\u0259liml\u0259r\u0259 qat\u0131lm\u0131r v\u0259 maliyy\u0259 \u00f6hd\u0259likl\u0259rini yerin\u0259 yetirmir. Moskvan\u0131n bu a\u00e7\u0131qlamas\u0131 Erm\u0259nistan\u0131n Q\u0259rbl\u0259 yax\u0131nla\u015fmas\u0131na v\u0259 KTMT-d\u0259n uzaqla\u015fmas\u0131na qar\u015f\u0131 diplomatik x\u0259b\u0259rdarl\u0131q kimi qiym\u0259tl\u0259ndirilir.<\/p>\n<p>Pankinin timsal\u0131nda r\u0259smi Moskva n\u00f6vb\u0259ti d\u0259f\u0259 \u0130r\u0259vana x\u0259b\u0259rdarl\u0131q edib v\u0259 \u0259n \u0259sas\u0131, ilin sonuna q\u0259d\u0259r vaxt verilib. Dekabrdan sonra Erm\u0259nistan KTMT il\u0259 ba\u011fl\u0131 c\u0131\u011fall\u0131\u011f\u0131na v\u0259 oyunpozanl\u0131\u011f\u0131na ayd\u0131nl\u0131q g\u0259tirm\u0259li, se\u00e7im etm\u0259lidir &#8211; ya de-yure blokdan \u00e7\u0131x\u0131r, ya da \u201cdondurma\u201dn\u0131 uzun m\u00fcdd\u0259t davam etdir\u0259 bilm\u0259y\u0259c\u0259k.<\/p>\n<p><strong>Ekspertl\u0259rin q\u0259na\u0259ti n\u0259dir, \u0130r\u0259van\u0131n se\u00e7imi n\u0259 olacaq?<\/strong><\/p>\n<p><strong><img src=\"https:\/\/amip.az\/wp-content\/uploads\/2022\/07\/amip-01-Rashad-Bayramov-01-632x760.jpg\" alt=\"R\u0259\u015fad Bayramov: \u201cRusiyan\u0131n bu layih\u0259nin inki\u015faf etdirilm\u0259si \u00fc\u00e7\u00fcn \u0259n b\u00f6y\u00fck  problemi maliyy\u0259 \u00e7at\u0131\u015fmazl\u0131\u011f\u0131d\u0131r\u201d - Az\u0259rbaycan Milli \u0130stiqlal Partiyas\u0131\" \/><\/strong><\/p>\n<p><strong>\u00a0R\u0259\u015fad Bayramov<\/strong><\/p>\n<p>Politoloq R\u0259\u015fad Bayramov \u201cYeni M\u00fcsavat\u201da a\u00e7\u0131qlamas\u0131nda qeyd etdi ki, Pankin art\u0131q ne\u00e7\u0259nci d\u0259f\u0259dir ki, Erm\u0259nistan\u0131n KTMT \u00fczv\u00fc olaraq \u00f6hd\u0259liyini xat\u0131rladan b\u0259yanatla \u00e7\u0131x\u0131\u015f edir: \u201cSon olaraq bir ne\u00e7\u0259 ay \u0259vv\u0259l ox\u015far a\u00e7\u0131qlama ver\u0259n Pankin bildirmi\u015fdi ki, Erm\u0259nistan 2025-ci ilin sonuna q\u0259d\u0259r Kollektiv T\u0259hl\u00fck\u0259sizlik M\u00fcqavil\u0259si T\u0259\u015fkilat\u0131n\u0131n (KTMT) b\u00fcdc\u0259sin\u0259 \u00f6d\u0259ni\u015f etm\u0259s\u0259, t\u0259\u015fkilat\u0131n dig\u0259r \u00fczv \u00f6lk\u0259l\u0259ri m\u00fcxt\u0259lif ssenaril\u0259ri n\u0259z\u0259rd\u0259n ke\u00e7ir\u0259 bil\u0259r. Lakin Erm\u0259nistan\u0131n qurumdan \u00e7\u0131xar\u0131lmas\u0131 g\u00f6zl\u0259nilmir. \u0130ndi d\u0259 Erm\u0259nistan\u0131n KTMT-y\u0259 \u00fczvl\u00fck haqq\u0131n\u0131 \u00f6d\u0259m\u0259m\u0259si m\u0259s\u0259l\u0259sinin 2025-ci ilin dekabr\u0131ndan sonra m\u00fczakir\u0259y\u0259 \u00e7\u0131xar\u0131laca\u011f\u0131n\u0131 dey\u0259n Pankin yen\u0259 d\u0259 q\u0259rar\u0131n hans\u0131 formatda veril\u0259c\u0259yinin b\u0259lli olmad\u0131\u011f\u0131n\u0131 bildirib. \u018fslind\u0259 Pankinin bu istiqam\u0259td\u0259 b\u0259yanatlar\u0131 ba\u015fad\u00fc\u015f\u00fcl\u0259ndir. Erm\u0259nistan h\u0259l\u0259 d\u0259 KTMT \u00fczv\u00fc olaraq qal\u0131rsa, dem\u0259k, m\u00fcvafiq \u00fczvl\u00fck haqq\u0131 \u00f6d\u0259ni\u015fl\u0259rini d\u0259 etm\u0259lidir. Amma m\u0259s\u0259l\u0259 buras\u0131ndad\u0131r ki, KTMT nizamnam\u0259sind\u0259 bu m\u0259s\u0259l\u0259 \u00fczv \u00f6lk\u0259l\u0259rin \u00f6hd\u0259likl\u0259ri kimi g\u00f6st\u0259rils\u0259 d\u0259, \u00f6hd\u0259liyin yerin\u0259 yetirilm\u0259m\u0259si hal\u0131nda hans\u0131 add\u0131mlar\u0131n at\u0131la bil\u0259c\u0259yi il\u0259 ba\u011fl\u0131 konkret bir \u015fey g\u00f6st\u0259rilm\u0259yib.<\/p>\n<p>T\u0259bii ki, Rusiya ba\u015fda olmaqla, \u00fczv \u00f6lk\u0259l\u0259r m\u00fcvafiq q\u0259rarlar q\u0259bul edib, Erm\u0259nistan\u0131 \u00f6z s\u0131ralar\u0131ndan xaric ed\u0259 bil\u0259rl\u0259r. Amma indiki halda bu, Rusiya \u00fc\u00e7\u00fcn m\u0259qbul deyil. \u00c7\u00fcnki birincisi, Rusiyan\u0131n problemi Erm\u0259nistanla yox, Erm\u0259nistan hakimiyy\u0259ti il\u0259 ba\u011fl\u0131d\u0131r. \u0130kincisi is\u0259 Erm\u0259nistan\u0131 bu h\u0259rbi alyansdan \u00e7\u0131xarmaq onu faktiki olaraq Q\u0259rbin quca\u011f\u0131na atma\u011fa b\u0259rab\u0259rdir. Bu is\u0259 Rusiya \u00fc\u00e7\u00fcn he\u00e7 bir halda m\u0259qbul deyil&#8221;.<\/p>\n<p>Ekspert Rusiyan\u0131n bu istiqam\u0259td\u0259 he\u00e7 bir add\u0131m atmayaca\u011f\u0131 q\u0259na\u0259tind\u0259dir: \u201cErm\u0259nistan \u00f6z\u00fc d\u0259 indiki m\u0259rh\u0259l\u0259d\u0259 KTMT \u00fczvl\u00fcy\u00fcnd\u0259n \u00e7\u0131xma\u011fa t\u0259l\u0259smir. Sad\u0259c\u0259, f\u0259aliyy\u0259tini dondurmaqla \u00f6zl\u0259ri \u00fc\u00e7\u00fcn Q\u0259rbin d\u0259st\u0259yini t\u0259min edir. Q\u0259rbd\u0259n h\u0259m maliyy\u0259, h\u0259m d\u0259 silah v\u0259 texnika al\u0131r. Dig\u0259r t\u0259r\u0259fd\u0259n is\u0259 Rusiyan\u0131 q\u0131c\u0131qland\u0131rmamaqla \u00fcz\u0259rl\u0259rin\u0259 g\u0259l\u0259 bil\u0259c\u0259k t\u0259zyiql\u0259ri minimalla\u015fd\u0131r\u0131r. H\u0259r iki \u00f6lk\u0259nin iqtisadi c\u0259h\u0259td\u0259n bir-birind\u0259n faydalanmas\u0131 da burada \u0259sas rol oynay\u0131r.<\/p>\n<p>Odur ki, m\u0259n Erm\u0259nistan\u0131n KTMT-d\u0259n a\u00e7\u0131q \u015f\u0259kild\u0259 imtina ed\u0259c\u0259yini d\u00fc\u015f\u00fcnm\u00fcr\u0259m. Amma \u0259g\u0259r KTMT \u00fczvl\u00fcy\u00fcnd\u0259n \u00e7\u0131xar\u0131lacaqsa, buna etiraz da etm\u0259y\u0259c\u0259k, \u0259ksin\u0259, sevin\u0259c\u0259k. \u00c7\u00fcnki Rusiyadan t\u0259dric\u0259n d\u0259 olsa uzaqla\u015fmaq Pa\u015finyan\u0131n Q\u0259rb qar\u015f\u0131s\u0131nda g\u00f6t\u00fcrd\u00fcy\u00fc \u00f6hd\u0259likdir v\u0259 \u0259slind\u0259 el\u0259 KTMT-ni h\u0259r m\u0259nada boykot etm\u0259kd\u0259 d\u0259 m\u0259qs\u0259d m\u0259suliyy\u0259ti dig\u0259r t\u0259r\u0259fin \u00fcz\u0259rin\u0259 atmaqdan ibar\u0259tdir.<\/p>\n<p>Amma m\u0259n Rusiyan\u0131n da \u00f6z n\u00f6vb\u0259sind\u0259 Erm\u0259nistan\u0131 t\u0259\u015fkilatdan \u00e7\u0131xarmaq \u00fc\u00e7\u00fcn h\u0259r hans\u0131 add\u0131m atmayaca\u011f\u0131 q\u0259na\u0259tind\u0259y\u0259m. \u018fn maksimum halda m\u00fcvafiq r\u00fcsumlar\u0131n \u00f6d\u0259nilm\u0259m\u0259sin\u0259 g\u00f6r\u0259 Erm\u0259nistan\u0131n t\u0259\u015fkilatda s\u0259sverm\u0259 h\u00fcququnun \u0259lind\u0259n al\u0131nmas\u0131 haqq\u0131nda q\u0259rar q\u0259bul oluna bil\u0259r ki, bu da faktiki olaraq he\u00e7 n\u0259yi d\u0259yi\u015fmir&#8221;.<\/p>\n<p><img src=\"https:\/\/respublika-news.az\/uploads\/images\/news\/994fdb034e-Asif-nerimanli-azerbaycan-danisiqlar-prosesinde-fransanin-istirakina-imkan-vermir.jpg\" alt=\"Asif N\u0259rimanl\u0131: Az\u0259rbaycan dan\u0131\u015f\u0131qlar prosesind\u0259 Fransan\u0131n i\u015ftirak\u0131na imkan  vermir\" \/><\/p>\n<p><strong>\u00a0Asif N\u0259rimanl\u0131<\/strong><\/p>\n<p><strong>Siyasi analitik Asif N\u0259rimanl\u0131n\u0131n fikrinc\u0259, Erm\u0259nistan Rusiyan\u0131n onu qorumad\u0131\u011f\u0131 m\u0259s\u0259l\u0259sini yenid\u0259n g\u00fcnd\u0259m\u0259 g\u0259tir\u0259 bil\u0259r:<\/strong>\u00a0\u201cM\u00f6vcud \u015f\u0259rtl\u0259rd\u0259 Erm\u0259nistan\u0131n KTMT-y\u0259 qar\u015f\u0131 antireaksiya imkanlar\u0131 t\u00fck\u0259nir. \u00c7\u00fcnki Tramp\u0131n g\u0259li\u015find\u0259n sonra Q\u0259rbd\u0259 Erm\u0259nistana veril\u0259n d\u0259st\u0259k azal\u0131b. \u018fvv\u0259ll\u0259r Avropa \u0130ttifaq\u0131 il\u0259 yana\u015f\u0131, AB\u015e da d\u0259st\u0259k verirdis\u0259, indi yaln\u0131z Avropadan d\u0259st\u0259k var. Bununla yana\u015f\u0131, Ukrayna m\u00fcharib\u0259sind\u0259 ba\u015flanan dan\u0131\u015f\u0131qlar m\u0259rh\u0259l\u0259si Rusiyan\u0131n regiona qay\u0131tmas\u0131 reall\u0131\u011f\u0131n\u0131 yarad\u0131r v\u0259 Moskva ilk \u00f6nc\u0259 \u0259n \u00e7ox itki verdiyi Erm\u0259nistanda m\u00f6vqel\u0259rini g\u00fccl\u0259ndirm\u0259y\u0259 \u00e7al\u0131\u015facaq. Bu v\u0259ziyy\u0259td\u0259 Erm\u0259nistan\u0131n Rusiya v\u0259 Rusiyan\u0131n lideri oldu\u011fu ittifaqlara qar\u015f\u0131 s\u0259rgil\u0259diyi m\u00f6vqe z\u0259ifl\u0259yir. KTMT il\u0259 ba\u011fl\u0131 se\u00e7im an\u0131n\u0131n yax\u0131nla\u015fmas\u0131 \u0130r\u0259van\u0131 \u00e7\u0259tin v\u0259ziyy\u0259t\u0259 salacaq. M\u0259s\u0259l\u0259 ondad\u0131r ki, Erm\u0259nistan KTMT-d\u0259n \u00e7\u0131xa bilmir, \u00e7\u00fcnki alternativ t\u0259hl\u00fck\u0259sizlik z\u0259man\u0259ti yoxdur, Avropadan da laz\u0131mi d\u0259st\u0259k ala bilmir, eyni zamanda regionda \u0259sas m\u00fctt\u0259fiq kimi g\u00f6rd\u00fcy\u00fc \u0130ran\u0131n d\u00fc\u015fd\u00fcy\u00fc v\u0259ziyy\u0259t d\u0259 ortadad\u0131r. Lakin KTMT-d\u0259 yenid\u0259n aktiv f\u0259aliyy\u0259t g\u00f6st\u0259rm\u0259k d\u0259 Erm\u0259nistan hakimiyy\u0259tinin avropay\u00f6n\u00fcml\u00fc xarici siyasi kursuna uy\u011fun deyil. Fikrimc\u0259, r\u0259smi \u0130r\u0259van bu dilemmativ v\u0259ziyy\u0259td\u0259n \u00e7\u0131xmaq \u00fc\u00e7\u00fcn KTMT-y\u0259 qar\u015f\u0131 ittihamlar\u0131n\u0131 aktualla\u015fd\u0131ra, h\u0259tta s\u0259rh\u0259dd\u0259 m\u00fc\u0259yy\u0259n t\u0259xribatlar t\u00f6r\u0259tm\u0259kl\u0259 KTMT-nin Erm\u0259nistan\u0131 qorumad\u0131\u011f\u0131 arqumentini yenid\u0259n g\u00fcnd\u0259m\u0259 g\u0259tir\u0259 bil\u0259r\u201d.<\/p>\n<p><strong>Cavan\u015fir ABBASLI,<\/strong><br \/>\n<strong>\u201cYeni M\u00fcsavat\u201d<\/strong><\/p>\n<\/div>\n<div><\/div>\n<div><\/div>\n<div class=\"inner-social-box\">\n<div class=\"subs-in-social subs-whatsapp\"><\/div>\n<\/div>\n","protected":false},"excerpt":{"rendered":"<p>Erm\u0259nistan \u201crus-NATO\u201dsunu t\u0259rk ed\u0259 bil\u0259r; \u201cErm\u0259nistan\u0131 bu h\u0259rbi alyansdan \u00e7\u0131xarmaq onu faktiki olaraq Q\u0259rbin quca\u011f\u0131na atma\u011fa b\u0259rab\u0259rdir\u201d Rusiya xarici i\u015fl\u0259r nazirinin m\u00fcavini Aleksandr Pankin Erm\u0259nistan\u0131 \u00f6z t\u0259hl\u00fck\u0259sizlik imkanlar\u0131n\u0131, o c\u00fcml\u0259d\u0259n Kollektiv T\u0259hl\u00fck\u0259sizlik M\u00fcqavil\u0259si T\u0259\u015fkilat\u0131 (KTMT) \u00e7\u0259r\u00e7iv\u0259sind\u0259 kollektiv formatda s\u0259mimi v\u0259 realist \u015f\u0259kild\u0259 yenid\u0259n qiym\u0259tl\u0259ndirm\u0259y\u0259 \u00e7a\u011f\u0131r\u0131b. Pankin bildirib ki, Erm\u0259nistan\u0131n KTMT-d\u0259ki f\u0259aliyy\u0259tini \u201cdondurmas\u0131\u201d v\u0259 q\u0259rarlar\u0131n q\u0259bulunda i\u015ftirak etm\u0259m\u0259si fonunda \u00f6lk\u0259nin \u00f6z t\u0259hl\u00fck\u0259sizliyini nec\u0259 t\u0259min ed\u0259c\u0259yi sual alt\u0131ndad\u0131r: \u201cB\u00fct\u00fcn t\u0259r\u0259fl\u0259r anlay\u0131r ki, Erm\u0259nistan art\u0131q t\u0259\u015fkilat\u0131n q\u0259rarlar\u0131nda i\u015ftirak etmir. Amma bu \u00f6lk\u0259 KTMT-nin kollektiv mexanizml\u0259rin\u0259 v\u0259 \u00f6z t\u0259hl\u00fck\u0259sizlik ehtiyaclar\u0131na obyektiv yana\u015fmal\u0131d\u0131r\u201d. Pankin h\u0259m\u00e7inin&hellip;<\/p>\n","protected":false},"author":2,"featured_media":813201,"comment_status":"closed","ping_status":"closed","sticky":false,"template":"","format":"standard","meta":{"om_disable_all_campaigns":false,"_monsterinsights_skip_tracking":false,"_monsterinsights_sitenote_active":false,"_monsterinsights_sitenote_note":"","_monsterinsights_sitenote_category":0},"categories":[7],"tags":[],"aioseo_notices":[],"gutentor_comment":0,"rttpg_featured_image_url":{"full":["https:\/\/arantv.az\/wp-content\/uploads\/2025\/06\/c4e6c69ff6d06dabdeb4d09179448d12.jpg",549,366,false],"landscape":["https:\/\/arantv.az\/wp-content\/uploads\/2025\/06\/c4e6c69ff6d06dabdeb4d09179448d12.jpg",549,366,false],"portraits":["https:\/\/arantv.az\/wp-content\/uploads\/2025\/06\/c4e6c69ff6d06dabdeb4d09179448d12.jpg",549,366,false],"thumbnail":["https:\/\/arantv.az\/wp-content\/uploads\/2025\/06\/c4e6c69ff6d06dabdeb4d09179448d12-500x280.jpg",500,280,true],"medium":["https:\/\/arantv.az\/wp-content\/uploads\/2025\/06\/c4e6c69ff6d06dabdeb4d09179448d12.jpg",548,365,false],"large":["https:\/\/arantv.az\/wp-content\/uploads\/2025\/06\/c4e6c69ff6d06dabdeb4d09179448d12.jpg",549,366,false],"1536x1536":["https:\/\/arantv.az\/wp-content\/uploads\/2025\/06\/c4e6c69ff6d06dabdeb4d09179448d12.jpg",549,366,false],"2048x2048":["https:\/\/arantv.az\/wp-content\/uploads\/2025\/06\/c4e6c69ff6d06dabdeb4d09179448d12.jpg",549,366,false],"post-thumbnail":["https:\/\/arantv.az\/wp-content\/uploads\/2025\/06\/c4e6c69ff6d06dabdeb4d09179448d12-240x172.jpg",240,172,true],"advps-thumb-one":["https:\/\/arantv.az\/wp-content\/uploads\/2025\/06\/c4e6c69ff6d06dabdeb4d09179448d12.jpg",549,366,false]},"rttpg_author":{"display_name":"V\u00fcsal Rafiqo\u011flu","author_link":"https:\/\/arantv.az\/?author=2"},"rttpg_comment":0,"rttpg_category":"<a href=\"https:\/\/arantv.az\/?cat=7\" rel=\"category\">D\u00fcnya<\/a>","rttpg_excerpt":"Erm\u0259nistan \u201crus-NATO\u201dsunu t\u0259rk ed\u0259 bil\u0259r; \u201cErm\u0259nistan\u0131 bu h\u0259rbi alyansdan \u00e7\u0131xarmaq onu faktiki olaraq Q\u0259rbin quca\u011f\u0131na atma\u011fa b\u0259rab\u0259rdir\u201d Rusiya xarici i\u015fl\u0259r nazirinin m\u00fcavini Aleksandr Pankin Erm\u0259nistan\u0131 \u00f6z t\u0259hl\u00fck\u0259sizlik imkanlar\u0131n\u0131, o c\u00fcml\u0259d\u0259n Kollektiv T\u0259hl\u00fck\u0259sizlik M\u00fcqavil\u0259si T\u0259\u015fkilat\u0131 (KTMT) \u00e7\u0259r\u00e7iv\u0259sind\u0259 kollektiv formatda s\u0259mimi v\u0259 realist \u015f\u0259kild\u0259 yenid\u0259n qiym\u0259tl\u0259ndirm\u0259y\u0259 \u00e7a\u011f\u0131r\u0131b. Pankin bildirib ki, Erm\u0259nistan\u0131n KTMT-d\u0259ki f\u0259aliyy\u0259tini \u201cdondurmas\u0131\u201d v\u0259 q\u0259rarlar\u0131n q\u0259bulunda&hellip;","_links":{"self":[{"href":"https:\/\/arantv.az\/index.php?rest_route=\/wp\/v2\/posts\/813200"}],"collection":[{"href":"https:\/\/arantv.az\/index.php?rest_route=\/wp\/v2\/posts"}],"about":[{"href":"https:\/\/arantv.az\/index.php?rest_route=\/wp\/v2\/types\/post"}],"author":[{"embeddable":true,"href":"https:\/\/arantv.az\/index.php?rest_route=\/wp\/v2\/users\/2"}],"replies":[{"embeddable":true,"href":"https:\/\/arantv.az\/index.php?rest_route=%2Fwp%2Fv2%2Fcomments&post=813200"}],"version-history":[{"count":1,"href":"https:\/\/arantv.az\/index.php?rest_route=\/wp\/v2\/posts\/813200\/revisions"}],"predecessor-version":[{"id":813202,"href":"https:\/\/arantv.az\/index.php?rest_route=\/wp\/v2\/posts\/813200\/revisions\/813202"}],"wp:featuredmedia":[{"embeddable":true,"href":"https:\/\/arantv.az\/index.php?rest_route=\/wp\/v2\/media\/813201"}],"wp:attachment":[{"href":"https:\/\/arantv.az\/index.php?rest_route=%2Fwp%2Fv2%2Fmedia&parent=813200"}],"wp:term":[{"taxonomy":"category","embeddable":true,"href":"https:\/\/arantv.az\/index.php?rest_route=%2Fwp%2Fv2%2Fcategories&post=813200"},{"taxonomy":"post_tag","embeddable":true,"href":"https:\/\/arantv.az\/index.php?rest_route=%2Fwp%2Fv2%2Ftags&post=813200"}],"curies":[{"name":"wp","href":"https:\/\/api.w.org\/{rel}","templated":true}]}}