{"id":813317,"date":"2025-06-27T13:21:26","date_gmt":"2025-06-27T09:21:26","guid":{"rendered":"https:\/\/arantv.az\/?p=813317"},"modified":"2025-06-27T13:21:26","modified_gmt":"2025-06-27T09:21:26","slug":"ilham-%c9%99liyev-yeni-s%c9%99firl%c9%99ri-q%c9%99bul-etdi-fotolar","status":"publish","type":"post","link":"https:\/\/arantv.az\/?p=813317","title":{"rendered":"\u0130lham \u018fliyev yeni s\u0259firl\u0259ri q\u0259bul etdi- Fotolar"},"content":{"rendered":"<p><strong>Az\u0259rbaycan Prezidenti \u0130lham \u018fliyev iyunun 27-d\u0259 Pol\u015fan\u0131n \u00f6lk\u0259mizd\u0259 yeni t\u0259yin olunmu\u015f f\u00f6vq\u0259lad\u0259 v\u0259 s\u0259lahiyy\u0259tli s\u0259firi Pavel Radomskinin etimadnam\u0259sini q\u0259bul edib.<\/strong><\/p>\n<p><strong>ARANTV.AZ<\/strong> x\u0259b\u0259r verir ki, s\u0259fir etimadnam\u0259sini d\u00f6vl\u0259t ba\u015f\u00e7\u0131s\u0131na t\u0259qdim edib.<\/p>\n<p>Prezident \u0130lham \u018fliyev s\u0259firl\u0259 s\u00f6hb\u0259t edib.<\/p>\n<p>D\u00f6vl\u0259t ba\u015f\u00e7\u0131s\u0131 Az\u0259rbaycanla Pol\u015fa aras\u0131nda bir \u00e7ox istiqam\u0259td\u0259 \u0259m\u0259kda\u015fl\u0131\u011f\u0131 geni\u015fl\u0259ndirm\u0259k \u00fc\u00e7\u00fcn b\u00f6y\u00fck potensial\u0131n oldu\u011funu vur\u011fulay\u0131b, siyasi v\u0259 iqtisadi sah\u0259d\u0259 \u0259laq\u0259l\u0259rimizin inki\u015faf\u0131ndan m\u0259mnunlu\u011funu bildirib.<\/p>\n<p>Prezident \u0130lham \u018fliyev Pol\u015fan\u0131n Avropa \u0130ttifaq\u0131n\u0131n \u00fczv\u00fc oldu\u011funu dey\u0259r\u0259k Az\u0259rbaycan-Avropa \u0130ttifaq\u0131 \u0259m\u0259kda\u015fl\u0131\u011f\u0131 istiqam\u0259tind\u0259 d\u0259 \u00f6lk\u0259l\u0259rimiz aras\u0131nda qar\u015f\u0131l\u0131ql\u0131 f\u0259aliyy\u0259tin \u00f6n\u0259min\u0259 toxunub. D\u00f6vl\u0259timizin ba\u015f\u00e7\u0131s\u0131 son d\u00f6vrl\u0259rd\u0259 Az\u0259rbaycan il\u0259 Avropa \u0130ttifaq\u0131 aras\u0131nda y\u00fcks\u0259k s\u0259viyy\u0259li t\u0259maslar\u0131n ikit\u0259r\u0259fli m\u00fcnasib\u0259tl\u0259rd\u0259 yeni s\u0259hif\u0259nin a\u00e7\u0131lmas\u0131na \u015f\u0259rait yaratd\u0131\u011f\u0131n\u0131 qeyd edib.<\/p>\n<p>S\u0259fir Pol\u015fa Prezidenti Andjey Dudan\u0131n salamlar\u0131n\u0131 d\u00f6vl\u0259t ba\u015f\u00e7\u0131s\u0131na \u00e7atd\u0131r\u0131b.<\/p>\n<p>Prezident \u0130lham \u018fliyev salamlara g\u00f6r\u0259 minn\u0259tdarl\u0131\u011f\u0131n\u0131 bildirib, onun da salamlar\u0131n\u0131 Andjey Dudaya \u00e7atd\u0131rma\u011f\u0131 xahi\u015f edib.<\/p>\n<p>Pavel Radomski Bak\u0131n\u0131n inki\u015faf\u0131n\u0131n \u015fahidi oldu\u011funu dey\u0259r\u0259k, i\u015f\u011faldan azad edilmi\u015f torpaqlar\u0131m\u0131za s\u0259f\u0259r etdiyini bildirib v\u0259 orada apar\u0131lan geni\u015fmiqyasl\u0131 quruculuq i\u015fl\u0259rinin, h\u0259m\u00e7inin h\u0259min \u0259razil\u0259rin t\u0259bi\u0259tinin onda d\u0259rin t\u0259\u0259ss\u00fcrat hissi yaratd\u0131\u011f\u0131n\u0131 vur\u011fulay\u0131b.<\/p>\n<p>S\u00f6hb\u0259t zaman\u0131 m\u00fcnasib\u0259tl\u0259rimizin geni\u015fl\u0259ndirilm\u0259sind\u0259 iqtisadi \u0259m\u0259kda\u015fl\u0131q \u00fczr\u0259 H\u00f6kum\u0259tl\u0259raras\u0131 Komissiyan\u0131n v\u0259 Parlamentl\u0259raras\u0131 \u0259laq\u0259l\u0259r \u00fczr\u0259 i\u015f\u00e7i qruplar\u0131n\u0131n f\u0259aliyy\u0259tinin \u0259h\u0259miyy\u0259ti qeyd edilib.<\/p>\n<p>G\u00f6r\u00fc\u015fd\u0259 iqtisadi-ticari, energetika, n\u0259qliyyat v\u0259 dig\u0259r sah\u0259l\u0259rd\u0259 \u0259m\u0259kda\u015fl\u0131\u011f\u0131n perspektivl\u0259ri il\u0259 ba\u011fl\u0131 fikir m\u00fcbadil\u0259si apar\u0131l\u0131b.<\/p>\n<p>***<\/p>\n<p>Az\u0259rbaycan Prezidenti \u0130lham \u018fliyev Sudan\u0131n yeni t\u0259yin olunmu\u015f f\u00f6vq\u0259lad\u0259 v\u0259 s\u0259lahiyy\u0259tli s\u0259firi \u018fn\u0259s Eltayeb Elqaylani Mustafan\u0131n etimadnam\u0259sini q\u0259bul edib.<\/p>\n<p>S\u0259fir etimadnam\u0259sini d\u00f6vl\u0259t ba\u015f\u00e7\u0131s\u0131na t\u0259qdim edib.<\/p>\n<p>Prezident \u0130lham \u018fliyev s\u0259firl\u0259 s\u00f6hb\u0259t edib.<\/p>\n<p>D\u00f6vl\u0259t ba\u015f\u00e7\u0131s\u0131 Az\u0259rbaycanla Sudan\u0131n daim bir-birinin \u0259razi b\u00fct\u00f6vl\u00fcy\u00fcn\u00fc v\u0259 suverenliyini d\u0259st\u0259kl\u0259diyini, Birl\u0259\u015fmi\u015f Mill\u0259tl\u0259r T\u0259\u015fkilat\u0131nda (BMT), \u0130slam \u018fm\u0259kda\u015fl\u0131q T\u0259\u015fkilat\u0131nda (\u0130\u018fT), Qo\u015fulmama H\u0259r\u0259kat\u0131nda v\u0259 dig\u0259r beyn\u0259lxalq t\u0259\u015fkilatlarda iki \u00f6lk\u0259nin u\u011furlu \u0259m\u0259kda\u015fl\u0131\u011f\u0131n\u0131 vur\u011fulay\u0131b.<\/p>\n<p>Prezident \u0130lham \u018fliyev Sudan\u0131n Suveren Ke\u00e7id \u015euras\u0131n\u0131n S\u0259dri il\u0259 Qo\u015fulmama H\u0259r\u0259kat\u0131n\u0131n Bak\u0131da ke\u00e7irilmi\u015f Zirv\u0259 toplant\u0131s\u0131 v\u0259 Antalya Diplomatiya Forumu \u00e7\u0259r\u00e7iv\u0259sind\u0259 g\u00f6r\u00fc\u015fl\u0259rini, ikit\u0259r\u0259fli \u0259laq\u0259l\u0259rin inki\u015faf\u0131na dair m\u00fczakir\u0259l\u0259ri m\u0259mnunluqla xat\u0131rlad\u0131b.<\/p>\n<p>S\u0259fir Sudan Respublikas\u0131n\u0131n Suveren Ke\u00e7id \u015euras\u0131n\u0131n S\u0259dri Abdel Fattah Al-Burhan Abdelrahman Al-Burhan\u0131n salamlar\u0131n\u0131 d\u00f6vl\u0259t ba\u015f\u00e7\u0131s\u0131na \u00e7atd\u0131r\u0131b.<\/p>\n<p>Prezident salamlara g\u00f6r\u0259 minn\u0259tdarl\u0131\u011f\u0131n\u0131 bildirib, onun da salamlar\u0131n\u0131 Abdel Fattah Al-Burhan Abdelrahman Al-Burhana \u00e7atd\u0131rma\u011f\u0131 xahi\u015f edib.<\/p>\n<p>S\u0259fir Az\u0259rbaycan\u0131n Sudan\u0131n \u0259razi b\u00fct\u00f6vl\u00fcy\u00fcn\u0259, suverenliyin\u0259 v\u0259 siyasi birliyin\u0259 g\u00f6st\u0259rdiyi d\u0259st\u0259yin\u0259 g\u00f6r\u0259 minn\u0259tdarl\u0131\u011f\u0131n\u0131 bildirib. O, iki \u00f6lk\u0259nin d\u00f6vl\u0259t ba\u015f\u00e7\u0131lar\u0131n\u0131n tap\u015f\u0131r\u0131qlar\u0131na uy\u011fun olaraq ikit\u0259r\u0259fli \u0259laq\u0259l\u0259rin inki\u015faf etdirilm\u0259si \u00fc\u00e7\u00fcn Sudan t\u0259r\u0259find\u0259n i\u015f\u00e7i qrupunun yarad\u0131ld\u0131\u011f\u0131n\u0131 vur\u011fulay\u0131b.<\/p>\n<p>\u018fn\u0259s Eltayeb Elqaylani Mustafa sudanl\u0131 t\u0259l\u0259b\u0259l\u0259r\u0259 \u00f6lk\u0259miz t\u0259r\u0259find\u0259n t\u0259hsil t\u0259qa\u00fcd\u00fcn\u00fcn ayr\u0131lmas\u0131na g\u00f6r\u0259 minn\u0259tdarl\u0131\u011f\u0131n\u0131 bildir\u0259r\u0259k, bu t\u0259qa\u00fcdl\u0259rinin art\u0131r\u0131lmas\u0131n\u0131 xahi\u015f edib.<\/p>\n<p>&nbsp;<\/p>\n<div><\/div>\n<div><img class=\"img-responsive\" title=\"\" src=\"https:\/\/qafqazinfo.az\/uploads\/1751009135\/1.jpg\" alt=\"\" \/><br \/>\n<img class=\"img-responsive\" title=\"\" src=\"https:\/\/qafqazinfo.az\/uploads\/1751009135\/2.jpg\" alt=\"\" \/><br \/>\n<img class=\"img-responsive\" title=\"\" src=\"https:\/\/qafqazinfo.az\/uploads\/1751009135\/3.jpg\" alt=\"\" \/><br \/>\n<img class=\"img-responsive\" title=\"\" src=\"https:\/\/qafqazinfo.az\/uploads\/1751009135\/4.jpg\" alt=\"\" \/><br \/>\n<img class=\"img-responsive\" title=\"\" src=\"https:\/\/qafqazinfo.az\/uploads\/1751009135\/5.jpg\" alt=\"\" \/><br \/>\n<img class=\"img-responsive\" title=\"\" src=\"https:\/\/qafqazinfo.az\/uploads\/1751010459\/6.jpg\" alt=\"\" \/><br \/>\n<img class=\"img-responsive\" title=\"\" src=\"https:\/\/qafqazinfo.az\/uploads\/1751010459\/7.jpg\" alt=\"\" \/><br \/>\n<img class=\"img-responsive\" title=\"\" src=\"https:\/\/qafqazinfo.az\/uploads\/1751010459\/8.jpg\" alt=\"\" \/><br \/>\n<img class=\"img-responsive\" title=\"\" src=\"https:\/\/qafqazinfo.az\/uploads\/1751010459\/9.jpg\" alt=\"\" \/><br \/>\n<img class=\"img-responsive\" title=\"\" src=\"https:\/\/qafqazinfo.az\/uploads\/1751010459\/10.jpg\" alt=\"\" \/><\/div>\n","protected":false},"excerpt":{"rendered":"<p>Az\u0259rbaycan Prezidenti \u0130lham \u018fliyev iyunun 27-d\u0259 Pol\u015fan\u0131n \u00f6lk\u0259mizd\u0259 yeni t\u0259yin olunmu\u015f f\u00f6vq\u0259lad\u0259 v\u0259 s\u0259lahiyy\u0259tli s\u0259firi Pavel Radomskinin etimadnam\u0259sini q\u0259bul edib. ARANTV.AZ x\u0259b\u0259r verir ki, s\u0259fir etimadnam\u0259sini d\u00f6vl\u0259t ba\u015f\u00e7\u0131s\u0131na t\u0259qdim edib. Prezident \u0130lham \u018fliyev s\u0259firl\u0259 s\u00f6hb\u0259t edib. D\u00f6vl\u0259t ba\u015f\u00e7\u0131s\u0131 Az\u0259rbaycanla Pol\u015fa aras\u0131nda bir \u00e7ox istiqam\u0259td\u0259 \u0259m\u0259kda\u015fl\u0131\u011f\u0131 geni\u015fl\u0259ndirm\u0259k \u00fc\u00e7\u00fcn b\u00f6y\u00fck potensial\u0131n oldu\u011funu vur\u011fulay\u0131b, siyasi v\u0259 iqtisadi sah\u0259d\u0259 \u0259laq\u0259l\u0259rimizin inki\u015faf\u0131ndan m\u0259mnunlu\u011funu bildirib. Prezident \u0130lham \u018fliyev Pol\u015fan\u0131n Avropa \u0130ttifaq\u0131n\u0131n \u00fczv\u00fc oldu\u011funu dey\u0259r\u0259k Az\u0259rbaycan-Avropa \u0130ttifaq\u0131 \u0259m\u0259kda\u015fl\u0131\u011f\u0131 istiqam\u0259tind\u0259 d\u0259 \u00f6lk\u0259l\u0259rimiz aras\u0131nda qar\u015f\u0131l\u0131ql\u0131 f\u0259aliyy\u0259tin \u00f6n\u0259min\u0259 toxunub. D\u00f6vl\u0259timizin ba\u015f\u00e7\u0131s\u0131 son d\u00f6vrl\u0259rd\u0259 Az\u0259rbaycan il\u0259 Avropa \u0130ttifaq\u0131 aras\u0131nda y\u00fcks\u0259k s\u0259viyy\u0259li&hellip;<\/p>\n","protected":false},"author":2,"featured_media":813318,"comment_status":"closed","ping_status":"closed","sticky":false,"template":"","format":"standard","meta":{"om_disable_all_campaigns":false,"_monsterinsights_skip_tracking":false,"_monsterinsights_sitenote_active":false,"_monsterinsights_sitenote_note":"","_monsterinsights_sitenote_category":0},"categories":[4],"tags":[],"aioseo_notices":[],"gutentor_comment":0,"rttpg_featured_image_url":{"full":["https:\/\/arantv.az\/wp-content\/uploads\/2025\/06\/dbc1109b673754356e995cc6d3d93490.jpg",850,500,false],"landscape":["https:\/\/arantv.az\/wp-content\/uploads\/2025\/06\/dbc1109b673754356e995cc6d3d93490.jpg",850,500,false],"portraits":["https:\/\/arantv.az\/wp-content\/uploads\/2025\/06\/dbc1109b673754356e995cc6d3d93490.jpg",850,500,false],"thumbnail":["https:\/\/arantv.az\/wp-content\/uploads\/2025\/06\/dbc1109b673754356e995cc6d3d93490-500x280.jpg",500,280,true],"medium":["https:\/\/arantv.az\/wp-content\/uploads\/2025\/06\/dbc1109b673754356e995cc6d3d93490-621x365.jpg",621,365,true],"large":["https:\/\/arantv.az\/wp-content\/uploads\/2025\/06\/dbc1109b673754356e995cc6d3d93490-840x494.jpg",640,376,true],"1536x1536":["https:\/\/arantv.az\/wp-content\/uploads\/2025\/06\/dbc1109b673754356e995cc6d3d93490.jpg",850,500,false],"2048x2048":["https:\/\/arantv.az\/wp-content\/uploads\/2025\/06\/dbc1109b673754356e995cc6d3d93490.jpg",850,500,false],"post-thumbnail":["https:\/\/arantv.az\/wp-content\/uploads\/2025\/06\/dbc1109b673754356e995cc6d3d93490-240x172.jpg",240,172,true],"advps-thumb-one":["https:\/\/arantv.az\/wp-content\/uploads\/2025\/06\/dbc1109b673754356e995cc6d3d93490.jpg",850,500,false]},"rttpg_author":{"display_name":"V\u00fcsal Rafiqo\u011flu","author_link":"https:\/\/arantv.az\/?author=2"},"rttpg_comment":0,"rttpg_category":"<a href=\"https:\/\/arantv.az\/?cat=4\" rel=\"category\">Siyas\u0259t<\/a>","rttpg_excerpt":"Az\u0259rbaycan Prezidenti \u0130lham \u018fliyev iyunun 27-d\u0259 Pol\u015fan\u0131n \u00f6lk\u0259mizd\u0259 yeni t\u0259yin olunmu\u015f f\u00f6vq\u0259lad\u0259 v\u0259 s\u0259lahiyy\u0259tli s\u0259firi Pavel Radomskinin etimadnam\u0259sini q\u0259bul edib. ARANTV.AZ x\u0259b\u0259r verir ki, s\u0259fir etimadnam\u0259sini d\u00f6vl\u0259t ba\u015f\u00e7\u0131s\u0131na t\u0259qdim edib. Prezident \u0130lham \u018fliyev s\u0259firl\u0259 s\u00f6hb\u0259t edib. D\u00f6vl\u0259t ba\u015f\u00e7\u0131s\u0131 Az\u0259rbaycanla Pol\u015fa aras\u0131nda bir \u00e7ox istiqam\u0259td\u0259 \u0259m\u0259kda\u015fl\u0131\u011f\u0131 geni\u015fl\u0259ndirm\u0259k \u00fc\u00e7\u00fcn b\u00f6y\u00fck potensial\u0131n oldu\u011funu vur\u011fulay\u0131b, siyasi v\u0259 iqtisadi sah\u0259d\u0259&hellip;","_links":{"self":[{"href":"https:\/\/arantv.az\/index.php?rest_route=\/wp\/v2\/posts\/813317"}],"collection":[{"href":"https:\/\/arantv.az\/index.php?rest_route=\/wp\/v2\/posts"}],"about":[{"href":"https:\/\/arantv.az\/index.php?rest_route=\/wp\/v2\/types\/post"}],"author":[{"embeddable":true,"href":"https:\/\/arantv.az\/index.php?rest_route=\/wp\/v2\/users\/2"}],"replies":[{"embeddable":true,"href":"https:\/\/arantv.az\/index.php?rest_route=%2Fwp%2Fv2%2Fcomments&post=813317"}],"version-history":[{"count":1,"href":"https:\/\/arantv.az\/index.php?rest_route=\/wp\/v2\/posts\/813317\/revisions"}],"predecessor-version":[{"id":813319,"href":"https:\/\/arantv.az\/index.php?rest_route=\/wp\/v2\/posts\/813317\/revisions\/813319"}],"wp:featuredmedia":[{"embeddable":true,"href":"https:\/\/arantv.az\/index.php?rest_route=\/wp\/v2\/media\/813318"}],"wp:attachment":[{"href":"https:\/\/arantv.az\/index.php?rest_route=%2Fwp%2Fv2%2Fmedia&parent=813317"}],"wp:term":[{"taxonomy":"category","embeddable":true,"href":"https:\/\/arantv.az\/index.php?rest_route=%2Fwp%2Fv2%2Fcategories&post=813317"},{"taxonomy":"post_tag","embeddable":true,"href":"https:\/\/arantv.az\/index.php?rest_route=%2Fwp%2Fv2%2Ftags&post=813317"}],"curies":[{"name":"wp","href":"https:\/\/api.w.org\/{rel}","templated":true}]}}