{"id":813380,"date":"2025-06-28T15:05:00","date_gmt":"2025-06-28T11:05:00","guid":{"rendered":"https:\/\/arantv.az\/?p=813380"},"modified":"2025-06-28T15:05:17","modified_gmt":"2025-06-28T11:05:17","slug":"az%c9%99rbaycan-xin-rusiyada-az%c9%99rbaycanlilara-hucumlarla-bagli-b%c9%99yanat-yayib","status":"publish","type":"post","link":"https:\/\/arantv.az\/?p=813380","title":{"rendered":"Az\u0259rbaycan X\u0130N Rusiyada az\u0259rbaycanl\u0131lara h\u00fccumlarla ba\u011fl\u0131 b\u0259yanat yay\u0131b"},"content":{"rendered":"<p>Az\u0259rbaycan Xarici \u0130\u015fl\u0259r Nazirliyi Rusiyan\u0131n Yekaterinburq \u015f\u0259h\u0259rind\u0259 az\u0259rbaycanl\u0131lara qar\u015f\u0131 h\u00fccumlarla ba\u011fl\u0131 b\u0259yanat yay\u0131b.<\/p>\n<p>X\u0130N-d\u0259n\u00a0<strong>Musavat.com<\/strong>-a daxil olan s\u0259n\u0259dd\u0259 iyunun 27-d\u0259 s\u0259h\u0259r saatlar\u0131nda Rusiyan\u0131n Federal T\u0259hl\u00fck\u0259sizlik Xidm\u0259tinin Yekaterinburq \u015f\u0259h\u0259rind\u0259 az\u0259rbaycanl\u0131lar\u0131n ya\u015fad\u0131\u011f\u0131 evl\u0259r\u0259 basq\u0131n\u0131 n\u0259tic\u0259sind\u0259 h\u0259mv\u0259t\u0259nl\u0259rin h\u0259lak olmas\u0131 v\u0259 b\u0259zil\u0259rinin a\u011f\u0131r b\u0259d\u0259n x\u0259sar\u0259tl\u0259ri n\u0259tic\u0259sind\u0259 yaralanmas\u0131, habel\u0259 9 n\u0259f\u0259rin saxlanmas\u0131 il\u0259 ba\u011fl\u0131 d\u0259rin narahatl\u0131q ifad\u0259 olunub.<\/p>\n<p>&#8220;Rusiyan\u0131n m\u0259s\u0259l\u0259 il\u0259 ba\u011fl\u0131 t\u0259xir\u0259sal\u0131nmaz ara\u015fd\u0131r\u0131lma aparmas\u0131n\u0131 v\u0259 bu q\u0259buledilm\u0259z zorak\u0131l\u0131\u011f\u0131 t\u00f6r\u0259d\u0259nl\u0259rin q\u0131sa m\u00fcdd\u0259t \u0259rzind\u0259 m\u0259suliyy\u0259t\u0259 c\u0259lb edilm\u0259sini g\u00f6zl\u0259yirik&#8221;, &#8211; b\u0259yanatda vur\u011fulan\u0131b.<\/p>\n","protected":false},"excerpt":{"rendered":"<p>Az\u0259rbaycan Xarici \u0130\u015fl\u0259r Nazirliyi Rusiyan\u0131n Yekaterinburq \u015f\u0259h\u0259rind\u0259 az\u0259rbaycanl\u0131lara qar\u015f\u0131 h\u00fccumlarla ba\u011fl\u0131 b\u0259yanat yay\u0131b. X\u0130N-d\u0259n\u00a0Musavat.com-a daxil olan s\u0259n\u0259dd\u0259 iyunun 27-d\u0259 s\u0259h\u0259r saatlar\u0131nda Rusiyan\u0131n Federal T\u0259hl\u00fck\u0259sizlik Xidm\u0259tinin Yekaterinburq \u015f\u0259h\u0259rind\u0259 az\u0259rbaycanl\u0131lar\u0131n ya\u015fad\u0131\u011f\u0131 evl\u0259r\u0259 basq\u0131n\u0131 n\u0259tic\u0259sind\u0259 h\u0259mv\u0259t\u0259nl\u0259rin h\u0259lak olmas\u0131 v\u0259 b\u0259zil\u0259rinin a\u011f\u0131r b\u0259d\u0259n x\u0259sar\u0259tl\u0259ri n\u0259tic\u0259sind\u0259 yaralanmas\u0131, habel\u0259 9 n\u0259f\u0259rin saxlanmas\u0131 il\u0259 ba\u011fl\u0131 d\u0259rin narahatl\u0131q ifad\u0259 olunub. &#8220;Rusiyan\u0131n m\u0259s\u0259l\u0259 il\u0259 ba\u011fl\u0131 t\u0259xir\u0259sal\u0131nmaz ara\u015fd\u0131r\u0131lma aparmas\u0131n\u0131 v\u0259 bu q\u0259buledilm\u0259z zorak\u0131l\u0131\u011f\u0131 t\u00f6r\u0259d\u0259nl\u0259rin q\u0131sa m\u00fcdd\u0259t \u0259rzind\u0259 m\u0259suliyy\u0259t\u0259 c\u0259lb edilm\u0259sini g\u00f6zl\u0259yirik&#8221;, &#8211; b\u0259yanatda vur\u011fulan\u0131b.<\/p>\n","protected":false},"author":2,"featured_media":813381,"comment_status":"closed","ping_status":"closed","sticky":false,"template":"","format":"standard","meta":{"om_disable_all_campaigns":false,"_monsterinsights_skip_tracking":false,"_monsterinsights_sitenote_active":false,"_monsterinsights_sitenote_note":"","_monsterinsights_sitenote_category":0},"categories":[19],"tags":[],"aioseo_notices":[],"gutentor_comment":0,"rttpg_featured_image_url":{"full":["https:\/\/arantv.az\/wp-content\/uploads\/2025\/06\/4c1a64ba1b57371b6306c9dbb2c0d108.jpg",824,452,false],"landscape":["https:\/\/arantv.az\/wp-content\/uploads\/2025\/06\/4c1a64ba1b57371b6306c9dbb2c0d108.jpg",824,452,false],"portraits":["https:\/\/arantv.az\/wp-content\/uploads\/2025\/06\/4c1a64ba1b57371b6306c9dbb2c0d108.jpg",824,452,false],"thumbnail":["https:\/\/arantv.az\/wp-content\/uploads\/2025\/06\/4c1a64ba1b57371b6306c9dbb2c0d108-500x280.jpg",500,280,true],"medium":["https:\/\/arantv.az\/wp-content\/uploads\/2025\/06\/4c1a64ba1b57371b6306c9dbb2c0d108-660x362.jpg",660,362,true],"large":["https:\/\/arantv.az\/wp-content\/uploads\/2025\/06\/4c1a64ba1b57371b6306c9dbb2c0d108.jpg",640,351,false],"1536x1536":["https:\/\/arantv.az\/wp-content\/uploads\/2025\/06\/4c1a64ba1b57371b6306c9dbb2c0d108.jpg",824,452,false],"2048x2048":["https:\/\/arantv.az\/wp-content\/uploads\/2025\/06\/4c1a64ba1b57371b6306c9dbb2c0d108.jpg",824,452,false],"post-thumbnail":["https:\/\/arantv.az\/wp-content\/uploads\/2025\/06\/4c1a64ba1b57371b6306c9dbb2c0d108-240x172.jpg",240,172,true],"advps-thumb-one":["https:\/\/arantv.az\/wp-content\/uploads\/2025\/06\/4c1a64ba1b57371b6306c9dbb2c0d108.jpg",824,452,false]},"rttpg_author":{"display_name":"V\u00fcsal Rafiqo\u011flu","author_link":"https:\/\/arantv.az\/?author=2"},"rttpg_comment":0,"rttpg_category":"<a href=\"https:\/\/arantv.az\/?cat=19\" rel=\"category\">G\u00fcnd\u0259m<\/a>","rttpg_excerpt":"Az\u0259rbaycan Xarici \u0130\u015fl\u0259r Nazirliyi Rusiyan\u0131n Yekaterinburq \u015f\u0259h\u0259rind\u0259 az\u0259rbaycanl\u0131lara qar\u015f\u0131 h\u00fccumlarla ba\u011fl\u0131 b\u0259yanat yay\u0131b. X\u0130N-d\u0259n\u00a0Musavat.com-a daxil olan s\u0259n\u0259dd\u0259 iyunun 27-d\u0259 s\u0259h\u0259r saatlar\u0131nda Rusiyan\u0131n Federal T\u0259hl\u00fck\u0259sizlik Xidm\u0259tinin Yekaterinburq \u015f\u0259h\u0259rind\u0259 az\u0259rbaycanl\u0131lar\u0131n ya\u015fad\u0131\u011f\u0131 evl\u0259r\u0259 basq\u0131n\u0131 n\u0259tic\u0259sind\u0259 h\u0259mv\u0259t\u0259nl\u0259rin h\u0259lak olmas\u0131 v\u0259 b\u0259zil\u0259rinin a\u011f\u0131r b\u0259d\u0259n x\u0259sar\u0259tl\u0259ri n\u0259tic\u0259sind\u0259 yaralanmas\u0131, habel\u0259 9 n\u0259f\u0259rin saxlanmas\u0131 il\u0259 ba\u011fl\u0131 d\u0259rin narahatl\u0131q ifad\u0259 olunub. &#8220;Rusiyan\u0131n m\u0259s\u0259l\u0259 il\u0259&hellip;","_links":{"self":[{"href":"https:\/\/arantv.az\/index.php?rest_route=\/wp\/v2\/posts\/813380"}],"collection":[{"href":"https:\/\/arantv.az\/index.php?rest_route=\/wp\/v2\/posts"}],"about":[{"href":"https:\/\/arantv.az\/index.php?rest_route=\/wp\/v2\/types\/post"}],"author":[{"embeddable":true,"href":"https:\/\/arantv.az\/index.php?rest_route=\/wp\/v2\/users\/2"}],"replies":[{"embeddable":true,"href":"https:\/\/arantv.az\/index.php?rest_route=%2Fwp%2Fv2%2Fcomments&post=813380"}],"version-history":[{"count":2,"href":"https:\/\/arantv.az\/index.php?rest_route=\/wp\/v2\/posts\/813380\/revisions"}],"predecessor-version":[{"id":813383,"href":"https:\/\/arantv.az\/index.php?rest_route=\/wp\/v2\/posts\/813380\/revisions\/813383"}],"wp:featuredmedia":[{"embeddable":true,"href":"https:\/\/arantv.az\/index.php?rest_route=\/wp\/v2\/media\/813381"}],"wp:attachment":[{"href":"https:\/\/arantv.az\/index.php?rest_route=%2Fwp%2Fv2%2Fmedia&parent=813380"}],"wp:term":[{"taxonomy":"category","embeddable":true,"href":"https:\/\/arantv.az\/index.php?rest_route=%2Fwp%2Fv2%2Fcategories&post=813380"},{"taxonomy":"post_tag","embeddable":true,"href":"https:\/\/arantv.az\/index.php?rest_route=%2Fwp%2Fv2%2Ftags&post=813380"}],"curies":[{"name":"wp","href":"https:\/\/api.w.org\/{rel}","templated":true}]}}