{"id":814553,"date":"2025-07-06T13:32:06","date_gmt":"2025-07-06T09:32:06","guid":{"rendered":"https:\/\/arantv.az\/?p=814553"},"modified":"2025-07-06T13:32:06","modified_gmt":"2025-07-06T09:32:06","slug":"akademik-yusif-m%c9%99mm%c9%99d%c9%99liyevin-120-illiyi-qeyd-edil%c9%99c%c9%99k-s%c9%99r%c9%99ncam","status":"publish","type":"post","link":"https:\/\/arantv.az\/?p=814553","title":{"rendered":"Akademik Yusif M\u0259mm\u0259d\u0259liyevin 120 illiyi qeyd edil\u0259c\u0259k &#8211; S\u018fR\u018fNCAM"},"content":{"rendered":"<p>Az\u0259rbaycan Elml\u0259r Akademiyas\u0131n\u0131n t\u0259\u015fkilat\u00e7\u0131lar\u0131ndan biri, \u018fm\u0259kdar elm xadimi, kimya elml\u0259ri doktoru, akademik Yusif M\u0259mm\u0259d\u0259liyevin 120 illiyi qeyd edil\u0259c\u0259k.<\/p>\n<p><strong>ARANTV.AZ\u00a0 x\u0259b\u0259r verir ki,<\/strong>\u00a0Prezident \u0130lham \u018fliyev bununla ba\u011fl\u0131 S\u0259r\u0259ncam imzalay\u0131b.<\/p>\n<p>S\u0259r\u0259ncamla Az\u0259rbaycan Milli Elml\u0259r Akademiyas\u0131 Elm v\u0259 T\u0259hsil Nazirliyi il\u0259 birlikd\u0259 akademik Yusif M\u0259mm\u0259d\u0259liyevin 120 illiyin\u0259 h\u0259sr olunmu\u015f t\u0259dbirl\u0259r plan\u0131 haz\u0131rlayacaq.<\/p>\n<p>Nazirl\u0259r Kabinetin\u0259 is\u0259 S\u0259r\u0259ncamdan ir\u0259li g\u0259l\u0259n m\u0259s\u0259l\u0259l\u0259ri h\u0259ll etm\u0259k tap\u015f\u0131r\u0131l\u0131b.<\/p>\n<p>Qeyd ed\u0259k ki, bu ilin dekabr ay\u0131nda g\u00f6rk\u0259mli alim v\u0259 ictimai xadim, Az\u0259rbaycan Elml\u0259r Akademiyas\u0131n\u0131n t\u0259\u015fkilat\u00e7\u0131lar\u0131ndan biri, SSR\u0130 Elml\u0259r Akademiyas\u0131n\u0131n m\u00fcxbir \u00fczv\u00fc, SSR\u0130 D\u00f6vl\u0259t m\u00fckafat\u0131 laureat\u0131, \u018fm\u0259kdar elm xadimi, kimya elml\u0259ri doktoru, akademik Yusif Heyd\u0259r o\u011flu M\u0259mm\u0259d\u0259liyevin anadan olmas\u0131n\u0131n 120 ili tamam olur.<\/p>\n","protected":false},"excerpt":{"rendered":"<p>Az\u0259rbaycan Elml\u0259r Akademiyas\u0131n\u0131n t\u0259\u015fkilat\u00e7\u0131lar\u0131ndan biri, \u018fm\u0259kdar elm xadimi, kimya elml\u0259ri doktoru, akademik Yusif M\u0259mm\u0259d\u0259liyevin 120 illiyi qeyd edil\u0259c\u0259k. ARANTV.AZ\u00a0 x\u0259b\u0259r verir ki,\u00a0Prezident \u0130lham \u018fliyev bununla ba\u011fl\u0131 S\u0259r\u0259ncam imzalay\u0131b. S\u0259r\u0259ncamla Az\u0259rbaycan Milli Elml\u0259r Akademiyas\u0131 Elm v\u0259 T\u0259hsil Nazirliyi il\u0259 birlikd\u0259 akademik Yusif M\u0259mm\u0259d\u0259liyevin 120 illiyin\u0259 h\u0259sr olunmu\u015f t\u0259dbirl\u0259r plan\u0131 haz\u0131rlayacaq. Nazirl\u0259r Kabinetin\u0259 is\u0259 S\u0259r\u0259ncamdan ir\u0259li g\u0259l\u0259n m\u0259s\u0259l\u0259l\u0259ri h\u0259ll etm\u0259k tap\u015f\u0131r\u0131l\u0131b. Qeyd ed\u0259k ki, bu ilin dekabr ay\u0131nda g\u00f6rk\u0259mli alim v\u0259 ictimai xadim, Az\u0259rbaycan Elml\u0259r Akademiyas\u0131n\u0131n t\u0259\u015fkilat\u00e7\u0131lar\u0131ndan biri, SSR\u0130 Elml\u0259r Akademiyas\u0131n\u0131n m\u00fcxbir \u00fczv\u00fc, SSR\u0130 D\u00f6vl\u0259t m\u00fckafat\u0131 laureat\u0131, \u018fm\u0259kdar elm xadimi, kimya elml\u0259ri&hellip;<\/p>\n","protected":false},"author":2,"featured_media":814554,"comment_status":"closed","ping_status":"closed","sticky":false,"template":"","format":"standard","meta":{"om_disable_all_campaigns":false,"_monsterinsights_skip_tracking":false,"_monsterinsights_sitenote_active":false,"_monsterinsights_sitenote_note":"","_monsterinsights_sitenote_category":0},"categories":[4],"tags":[],"aioseo_notices":[],"gutentor_comment":0,"rttpg_featured_image_url":{"full":["https:\/\/arantv.az\/wp-content\/uploads\/2025\/07\/4a1c2f4d17488700996810839651000554.jpg",975,540,false],"landscape":["https:\/\/arantv.az\/wp-content\/uploads\/2025\/07\/4a1c2f4d17488700996810839651000554.jpg",975,540,false],"portraits":["https:\/\/arantv.az\/wp-content\/uploads\/2025\/07\/4a1c2f4d17488700996810839651000554.jpg",975,540,false],"thumbnail":["https:\/\/arantv.az\/wp-content\/uploads\/2025\/07\/4a1c2f4d17488700996810839651000554-500x280.jpg",500,280,true],"medium":["https:\/\/arantv.az\/wp-content\/uploads\/2025\/07\/4a1c2f4d17488700996810839651000554-660x365.jpg",660,365,true],"large":["https:\/\/arantv.az\/wp-content\/uploads\/2025\/07\/4a1c2f4d17488700996810839651000554-840x465.jpg",640,354,true],"1536x1536":["https:\/\/arantv.az\/wp-content\/uploads\/2025\/07\/4a1c2f4d17488700996810839651000554.jpg",975,540,false],"2048x2048":["https:\/\/arantv.az\/wp-content\/uploads\/2025\/07\/4a1c2f4d17488700996810839651000554.jpg",975,540,false],"post-thumbnail":["https:\/\/arantv.az\/wp-content\/uploads\/2025\/07\/4a1c2f4d17488700996810839651000554-240x172.jpg",240,172,true],"advps-thumb-one":["https:\/\/arantv.az\/wp-content\/uploads\/2025\/07\/4a1c2f4d17488700996810839651000554.jpg",975,540,false]},"rttpg_author":{"display_name":"V\u00fcsal Rafiqo\u011flu","author_link":"https:\/\/arantv.az\/?author=2"},"rttpg_comment":0,"rttpg_category":"<a href=\"https:\/\/arantv.az\/?cat=4\" rel=\"category\">Siyas\u0259t<\/a>","rttpg_excerpt":"Az\u0259rbaycan Elml\u0259r Akademiyas\u0131n\u0131n t\u0259\u015fkilat\u00e7\u0131lar\u0131ndan biri, \u018fm\u0259kdar elm xadimi, kimya elml\u0259ri doktoru, akademik Yusif M\u0259mm\u0259d\u0259liyevin 120 illiyi qeyd edil\u0259c\u0259k. ARANTV.AZ\u00a0 x\u0259b\u0259r verir ki,\u00a0Prezident \u0130lham \u018fliyev bununla ba\u011fl\u0131 S\u0259r\u0259ncam imzalay\u0131b. S\u0259r\u0259ncamla Az\u0259rbaycan Milli Elml\u0259r Akademiyas\u0131 Elm v\u0259 T\u0259hsil Nazirliyi il\u0259 birlikd\u0259 akademik Yusif M\u0259mm\u0259d\u0259liyevin 120 illiyin\u0259 h\u0259sr olunmu\u015f t\u0259dbirl\u0259r plan\u0131 haz\u0131rlayacaq. Nazirl\u0259r Kabinetin\u0259 is\u0259 S\u0259r\u0259ncamdan ir\u0259li g\u0259l\u0259n&hellip;","_links":{"self":[{"href":"https:\/\/arantv.az\/index.php?rest_route=\/wp\/v2\/posts\/814553"}],"collection":[{"href":"https:\/\/arantv.az\/index.php?rest_route=\/wp\/v2\/posts"}],"about":[{"href":"https:\/\/arantv.az\/index.php?rest_route=\/wp\/v2\/types\/post"}],"author":[{"embeddable":true,"href":"https:\/\/arantv.az\/index.php?rest_route=\/wp\/v2\/users\/2"}],"replies":[{"embeddable":true,"href":"https:\/\/arantv.az\/index.php?rest_route=%2Fwp%2Fv2%2Fcomments&post=814553"}],"version-history":[{"count":1,"href":"https:\/\/arantv.az\/index.php?rest_route=\/wp\/v2\/posts\/814553\/revisions"}],"predecessor-version":[{"id":814555,"href":"https:\/\/arantv.az\/index.php?rest_route=\/wp\/v2\/posts\/814553\/revisions\/814555"}],"wp:featuredmedia":[{"embeddable":true,"href":"https:\/\/arantv.az\/index.php?rest_route=\/wp\/v2\/media\/814554"}],"wp:attachment":[{"href":"https:\/\/arantv.az\/index.php?rest_route=%2Fwp%2Fv2%2Fmedia&parent=814553"}],"wp:term":[{"taxonomy":"category","embeddable":true,"href":"https:\/\/arantv.az\/index.php?rest_route=%2Fwp%2Fv2%2Fcategories&post=814553"},{"taxonomy":"post_tag","embeddable":true,"href":"https:\/\/arantv.az\/index.php?rest_route=%2Fwp%2Fv2%2Ftags&post=814553"}],"curies":[{"name":"wp","href":"https:\/\/api.w.org\/{rel}","templated":true}]}}