{"id":814577,"date":"2025-07-06T20:07:30","date_gmt":"2025-07-06T16:07:30","guid":{"rendered":"https:\/\/arantv.az\/?p=814577"},"modified":"2025-07-06T20:07:30","modified_gmt":"2025-07-06T16:07:30","slug":"putin-danisiqlar-ucun-bakiya-onu-gond%c9%99rir-sensasion-iddia","status":"publish","type":"post","link":"https:\/\/arantv.az\/?p=814577","title":{"rendered":"Putin dan\u0131\u015f\u0131qlar \u00fc\u00e7\u00fcn Bak\u0131ya onu g\u00f6nd\u0259rir &#8211; sensasion iddia"},"content":{"rendered":"<h3><strong>Rusiya medias\u0131: \u201cAz\u0259rbaycan\u0131n hakimiyy\u0259t \u00a0n\u00fcmay\u0259nd\u0259l\u0259ri il\u0259 \u015f\u0259xsi m\u00fcnasib\u0259tl\u0259ri yax\u015f\u0131 olan general polkovnik Aleksandr Kurenkov&#8230;\u201d<\/strong><\/h3>\n<p><strong>\u201cKreml Az\u0259rbaycana qeyri-r\u0259smi n\u00fcmay\u0259nd\u0259 hey\u0259ti g\u00f6nd\u0259rm\u0259yi planla\u015fd\u0131r\u0131r\u201d. Musavat.com x\u0259b\u0259r verir ki,\u00a0 \u201ckomp1.guru\u201d sayt\u0131nda m\u00fc\u0259llif\u00a0 Sergey Var\u00e7enko bel\u0259 yaz\u0131b.\u00a0 \u201cM\u0259nb\u0259nin s\u00f6zl\u0259rin\u0259 g\u00f6r\u0259, Moskvada g\u0259l\u0259n h\u0259ft\u0259 qeyri-r\u0259smi missiya il\u0259 Bak\u0131ya ged\u0259c\u0259k n\u00fcmay\u0259nd\u0259 hey\u0259ti formala\u015f\u0131r. M\u0259qs\u0259d iki \u00f6lk\u0259 aras\u0131ndak\u0131 yaranm\u0131\u015f g\u0259rginliyi h\u0259ll etm\u0259kdir\u201d dey\u0259,\u00a0 x\u0259b\u0259rd\u0259 bildirilib.<\/strong><\/p>\n<p>M\u0259nb\u0259 istisna etmir ki, qeyri-r\u0259smi n\u00fcmay\u0259nd\u0259 hey\u0259tin\u0259 Putinin ke\u00e7mi\u015f \u015f\u0259xsi adyutant\u0131, indiki m\u00fclki m\u00fcdafi\u0259, f\u00f6vq\u0259lad\u0259 hallar v\u0259 t\u0259bii f\u0259lak\u0259tl\u0259rin n\u0259tic\u0259l\u0259rinin aradan qald\u0131r\u0131lmas\u0131 naziri,\u00a0 Az\u0259rbaycan\u0131n hakimiyy\u0259t \u00a0n\u00fcmay\u0259nd\u0259l\u0259ri il\u0259 \u015f\u0259xsi m\u00fcnasib\u0259tl\u0259ri yax\u015f\u0131 olan general polkovnik Aleksandr Kurenkov r\u0259hb\u0259rlik ed\u0259 bil\u0259r.<\/p>\n<p>\u201cRusiya il\u0259 Az\u0259rbaycan aras\u0131nda m\u00fcnasib\u0259tl\u0259rd\u0259 ciddi soyuqla\u015fma 2024-c\u00fc ilin dekabr\u0131nda Rusiyan\u0131n Az\u0259rbaycan Hava Yollar\u0131na m\u0259xsus E-190 t\u0259yyar\u0259sini s\u0259hv\u0259n vurmas\u0131 v\u0259 38 s\u0259rni\u015finin h\u0259lak olmas\u0131 il\u0259 ba\u015flay\u0131b. \u018fvv\u0259lc\u0259 Rusiya vurulan t\u0259yyar\u0259y\u0259 g\u00f6r\u0259 \u00fczr ist\u0259m\u0259k v\u0259 g\u00fcnah\u0131n\u0131 etiraf etm\u0259k \u0259v\u0259zin\u0259, h\u0259r \u015feyi inkar etm\u0259y\u0259 v\u0259 g\u00fcnah\u0131 ba\u015fqalar\u0131n\u0131n \u00fcz\u0259rin\u0259 atma\u011fa ba\u015flay\u0131b. O vaxtdan m\u00fcnasib\u0259tl\u0259r s\u0259rinl\u0259\u015fdi, \u018fliyev may\u0131n 9-da Moskvaya s\u0259f\u0259rini l\u0259\u011fv etdi\u201d dey\u0259, x\u0259b\u0259rd\u0259 bildirilir.<\/p>\n<p>Sayt son hadis\u0259l\u0259ri d\u0259 yada sal\u0131b: \u201c2025-ci il iyunun sonunda is\u0259 Yekaterinburqda FTX, D\u0130N v\u0259 \u0130stintaq Komit\u0259sinin \u0259m\u0259kda\u015flar\u0131 Az\u0259rbaycandan olan \u015f\u0259xsl\u0259r\u0259 qar\u015f\u0131 reydl\u0259r ke\u00e7irib, h\u0259bs zaman\u0131 \u0259sass\u0131z fiziki g\u00fcc t\u0259tbiq edilib, n\u0259tic\u0259d\u0259 iki az\u0259rbaycanl\u0131 \u00f6ld\u00fcr\u00fcl\u00fcb.<\/p>\n<p>Bu hadis\u0259\u00a0 m\u00fcnasib\u0259tl\u0259ri yenid\u0259n g\u0259rginl\u0259\u015fdirib,\u00a0 Bak\u0131 da \u00a0rusiyal\u0131lara qar\u015f\u0131 s\u0259rt h\u0259bsl\u0259r h\u0259yata ke\u00e7irib. Sayt\u0131n m\u0259nb\u0259si hesab edir ki, Az\u0259rbaycanla m\u00fcnasib\u0259tl\u0259rd\u0259 g\u0259rginlik haz\u0131rda Kremlin planlar\u0131na uy\u011fun deyil. \u201cBu, indi Moskva \u00fc\u00e7\u00fcn s\u0259rf\u0259li deyil v\u0259 bir ne\u00e7\u0259 istiqam\u0259td\u0259 konflikt aparmaq v\u0259 m\u00fch\u00fcm regionda strateji t\u0259r\u0259fda\u015f\u0131n\u0131 itirm\u0259k \u00a0fikri yoxdur\u201d dey\u0259, x\u0259b\u0259rin sonunda qeyd edilir.<\/p>\n<p><img loading=\"lazy\" src=\"https:\/\/cdn.musavat.com\/news\/thumbnails\/2e4060bc0fe9d2422602c4e8355017d4.jpg\" alt=\"1706614602_alexander_kurenkov.jpg (64 KB)\" width=\"770\" height=\"510\" \/><\/p>\n<p>Qeyd ed\u0259k ki, iki g\u00fcn \u0259vv\u0259l T\u00fcrkiy\u0259 Prezidenti R\u0259c\u0259b Tayyib \u018frdo\u011fan Xank\u0259ndid\u0259n qay\u0131dark\u0259n t\u0259yyar\u0259d\u0259 Az\u0259rbaycan-Rusiya g\u0259rginliyin\u0259 m\u00fcnasib\u0259t bildirib. \u018frdo\u011fan \u201cT\u00fcrkiy\u0259 h\u0259m Az\u0259rbaycan, h\u0259m d\u0259 Rusiya il\u0259 d\u0259rin diplomatik v\u0259 strateji \u0259laq\u0259l\u0259ri olan \u00f6lk\u0259dir. Biz g\u0259rginliyi diqq\u0259tl\u0259 izl\u0259yirik v\u0259 h\u0259r iki \u00f6lk\u0259ni t\u0259mkinli olma\u011fa \u00e7a\u011f\u0131r\u0131r\u0131q\u201d deyib. \u201cDiplomatik g\u0259rginliyi azaldacaq b\u0259yanatlarla m\u0259s\u0259l\u0259nin daha asan v\u0259 \u0259sasl\u0131 \u015f\u0259kild\u0259 h\u0259ll olunaca\u011f\u0131na inan\u0131r\u0131q. \u00dcmid edir\u0259m ki, iki \u00f6lk\u0259 aras\u0131ndak\u0131 neqativ hallar \u0259n q\u0131sa zamanda sona \u00e7atacaq\u201d, &#8211; dey\u0259 \u018frdo\u011fan qeyd edib.<\/p>\n<p><img loading=\"lazy\" src=\"https:\/\/cdn.musavat.com\/news\/thumbnails\/80a37edc4370a4e436b44e448f8d3a8a.jpg\" alt=\"ali.jpg (128 KB)\" width=\"800\" height=\"510\" \/><\/p>\n<p><strong>T\u00fcrkiy\u0259 lideri bu m\u0259s\u0259l\u0259ni Az\u0259rbaycana s\u0259f\u0259ri zaman\u0131 Prezident\u00a0\u0130lham \u018fliyevl\u0259\u00a0m\u00fczakir\u0259 etdiyini d\u0259 bildirib: &#8220;\u0130lham \u018fliyev \u00e7ox diqq\u0259tli v\u0259 t\u0259dbirli add\u0131mlar at\u0131r. O, bu m\u0259s\u0259l\u0259ni g\u0259rginl\u0259\u015fdirm\u0259yin t\u0259r\u0259fdar\u0131 deyil&#8221;.<\/strong><\/p>\n<p>M\u0259lumat \u00fc\u00e7\u00fcn dey\u0259k ki, Rusiyan\u0131n m\u00fclki m\u00fcdafi\u0259, f\u00f6vq\u0259lad\u0259 hallar v\u0259 t\u0259bii f\u0259lak\u0259tl\u0259rin n\u0259tic\u0259l\u0259rinin aradan qald\u0131r\u0131lmas\u0131 naziri, general-polkovnik Kurenkov 2 iyun 1972-ci ild\u0259 Moskva vilay\u0259tind\u0259 anadan olub.<\/p>\n<p>Moskva D\u00f6vl\u0259t B\u0259d\u0259n T\u0259rbiy\u0259si Akademiyas\u0131n\u0131 v\u0259 Moskva Psixoloji-Sosial \u0130nstitutunu bitirib.\u00a0 1999-cu ild\u0259 d\u00f6vl\u0259t t\u0259hl\u00fck\u0259sizlik orqanlar\u0131na i\u015f\u0259 q\u0259bul olunub. 1999-2002-ci ill\u0259rd\u0259 Rusiya Federal T\u0259hl\u00fck\u0259sizlik Xidm\u0259tind\u0259 m\u00fcxt\u0259lif v\u0259zif\u0259l\u0259rd\u0259 \u00e7al\u0131\u015f\u0131b. 2002-ci ild\u0259n 2021-ci il\u0259 q\u0259d\u0259r &#8211; Rusiya Federal M\u00fchafiz\u0259 Xidm\u0259tind\u0259 \u00e7al\u0131\u015f\u0131b, Prezident Putinin \u0259n yax\u0131n qorumalar\u0131nda(cang\u00fcd\u0259nl\u0259rind\u0259n) olub.\u00a0 2021-2022-ci ill\u0259rd\u0259 Rusiya Milli Qvardiya Qo\u015funlar\u0131n\u0131n Federal Xidm\u0259tind\u0259 k\u00f6m\u0259k\u00e7i, sonra direktor m\u00fcavini i\u015fl\u0259yib.\u00a0 2022-ci ilin 25 may\u0131nda nazir t\u0259yin edilib. Kurenkov sonuncu d\u0259f\u0259 \u00f6t\u0259n il Bak\u0131da s\u0259f\u0259rd\u0259 olub, ba\u015f nazir \u018fli \u018fs\u0259d\u0259dovla g\u00f6r\u00fc\u015f\u00fcb.<\/p>\n<p><strong>\u00a0Musavat.com\u00a0<\/strong><\/p>\n","protected":false},"excerpt":{"rendered":"<p>Rusiya medias\u0131: \u201cAz\u0259rbaycan\u0131n hakimiyy\u0259t \u00a0n\u00fcmay\u0259nd\u0259l\u0259ri il\u0259 \u015f\u0259xsi m\u00fcnasib\u0259tl\u0259ri yax\u015f\u0131 olan general polkovnik Aleksandr Kurenkov&#8230;\u201d \u201cKreml Az\u0259rbaycana qeyri-r\u0259smi n\u00fcmay\u0259nd\u0259 hey\u0259ti g\u00f6nd\u0259rm\u0259yi planla\u015fd\u0131r\u0131r\u201d. Musavat.com x\u0259b\u0259r verir ki,\u00a0 \u201ckomp1.guru\u201d sayt\u0131nda m\u00fc\u0259llif\u00a0 Sergey Var\u00e7enko bel\u0259 yaz\u0131b.\u00a0 \u201cM\u0259nb\u0259nin s\u00f6zl\u0259rin\u0259 g\u00f6r\u0259, Moskvada g\u0259l\u0259n h\u0259ft\u0259 qeyri-r\u0259smi missiya il\u0259 Bak\u0131ya ged\u0259c\u0259k n\u00fcmay\u0259nd\u0259 hey\u0259ti formala\u015f\u0131r. M\u0259qs\u0259d iki \u00f6lk\u0259 aras\u0131ndak\u0131 yaranm\u0131\u015f g\u0259rginliyi h\u0259ll etm\u0259kdir\u201d dey\u0259,\u00a0 x\u0259b\u0259rd\u0259 bildirilib. M\u0259nb\u0259 istisna etmir ki, qeyri-r\u0259smi n\u00fcmay\u0259nd\u0259 hey\u0259tin\u0259 Putinin ke\u00e7mi\u015f \u015f\u0259xsi adyutant\u0131, indiki m\u00fclki m\u00fcdafi\u0259, f\u00f6vq\u0259lad\u0259 hallar v\u0259 t\u0259bii f\u0259lak\u0259tl\u0259rin n\u0259tic\u0259l\u0259rinin aradan qald\u0131r\u0131lmas\u0131 naziri,\u00a0 Az\u0259rbaycan\u0131n hakimiyy\u0259t \u00a0n\u00fcmay\u0259nd\u0259l\u0259ri il\u0259 \u015f\u0259xsi m\u00fcnasib\u0259tl\u0259ri yax\u015f\u0131 olan general polkovnik&hellip;<\/p>\n","protected":false},"author":2,"featured_media":814578,"comment_status":"closed","ping_status":"closed","sticky":false,"template":"","format":"standard","meta":{"om_disable_all_campaigns":false,"_monsterinsights_skip_tracking":false,"_monsterinsights_sitenote_active":false,"_monsterinsights_sitenote_note":"","_monsterinsights_sitenote_category":0},"categories":[4],"tags":[],"aioseo_notices":[],"gutentor_comment":0,"rttpg_featured_image_url":{"full":["https:\/\/arantv.az\/wp-content\/uploads\/2025\/07\/5380b07c52bb0c9ed244d73557ee19ed.png",870,500,false],"landscape":["https:\/\/arantv.az\/wp-content\/uploads\/2025\/07\/5380b07c52bb0c9ed244d73557ee19ed.png",870,500,false],"portraits":["https:\/\/arantv.az\/wp-content\/uploads\/2025\/07\/5380b07c52bb0c9ed244d73557ee19ed.png",870,500,false],"thumbnail":["https:\/\/arantv.az\/wp-content\/uploads\/2025\/07\/5380b07c52bb0c9ed244d73557ee19ed-500x280.png",500,280,true],"medium":["https:\/\/arantv.az\/wp-content\/uploads\/2025\/07\/5380b07c52bb0c9ed244d73557ee19ed-635x365.png",635,365,true],"large":["https:\/\/arantv.az\/wp-content\/uploads\/2025\/07\/5380b07c52bb0c9ed244d73557ee19ed-840x483.png",640,368,true],"1536x1536":["https:\/\/arantv.az\/wp-content\/uploads\/2025\/07\/5380b07c52bb0c9ed244d73557ee19ed.png",870,500,false],"2048x2048":["https:\/\/arantv.az\/wp-content\/uploads\/2025\/07\/5380b07c52bb0c9ed244d73557ee19ed.png",870,500,false],"post-thumbnail":["https:\/\/arantv.az\/wp-content\/uploads\/2025\/07\/5380b07c52bb0c9ed244d73557ee19ed-240x172.png",240,172,true],"advps-thumb-one":["https:\/\/arantv.az\/wp-content\/uploads\/2025\/07\/5380b07c52bb0c9ed244d73557ee19ed.png",870,500,false]},"rttpg_author":{"display_name":"V\u00fcsal Rafiqo\u011flu","author_link":"https:\/\/arantv.az\/?author=2"},"rttpg_comment":0,"rttpg_category":"<a href=\"https:\/\/arantv.az\/?cat=4\" rel=\"category\">Siyas\u0259t<\/a>","rttpg_excerpt":"Rusiya medias\u0131: \u201cAz\u0259rbaycan\u0131n hakimiyy\u0259t \u00a0n\u00fcmay\u0259nd\u0259l\u0259ri il\u0259 \u015f\u0259xsi m\u00fcnasib\u0259tl\u0259ri yax\u015f\u0131 olan general polkovnik Aleksandr Kurenkov&#8230;\u201d \u201cKreml Az\u0259rbaycana qeyri-r\u0259smi n\u00fcmay\u0259nd\u0259 hey\u0259ti g\u00f6nd\u0259rm\u0259yi planla\u015fd\u0131r\u0131r\u201d. Musavat.com x\u0259b\u0259r verir ki,\u00a0 \u201ckomp1.guru\u201d sayt\u0131nda m\u00fc\u0259llif\u00a0 Sergey Var\u00e7enko bel\u0259 yaz\u0131b.\u00a0 \u201cM\u0259nb\u0259nin s\u00f6zl\u0259rin\u0259 g\u00f6r\u0259, Moskvada g\u0259l\u0259n h\u0259ft\u0259 qeyri-r\u0259smi missiya il\u0259 Bak\u0131ya ged\u0259c\u0259k n\u00fcmay\u0259nd\u0259 hey\u0259ti formala\u015f\u0131r. M\u0259qs\u0259d iki \u00f6lk\u0259 aras\u0131ndak\u0131 yaranm\u0131\u015f g\u0259rginliyi h\u0259ll etm\u0259kdir\u201d dey\u0259,\u00a0&hellip;","_links":{"self":[{"href":"https:\/\/arantv.az\/index.php?rest_route=\/wp\/v2\/posts\/814577"}],"collection":[{"href":"https:\/\/arantv.az\/index.php?rest_route=\/wp\/v2\/posts"}],"about":[{"href":"https:\/\/arantv.az\/index.php?rest_route=\/wp\/v2\/types\/post"}],"author":[{"embeddable":true,"href":"https:\/\/arantv.az\/index.php?rest_route=\/wp\/v2\/users\/2"}],"replies":[{"embeddable":true,"href":"https:\/\/arantv.az\/index.php?rest_route=%2Fwp%2Fv2%2Fcomments&post=814577"}],"version-history":[{"count":1,"href":"https:\/\/arantv.az\/index.php?rest_route=\/wp\/v2\/posts\/814577\/revisions"}],"predecessor-version":[{"id":814579,"href":"https:\/\/arantv.az\/index.php?rest_route=\/wp\/v2\/posts\/814577\/revisions\/814579"}],"wp:featuredmedia":[{"embeddable":true,"href":"https:\/\/arantv.az\/index.php?rest_route=\/wp\/v2\/media\/814578"}],"wp:attachment":[{"href":"https:\/\/arantv.az\/index.php?rest_route=%2Fwp%2Fv2%2Fmedia&parent=814577"}],"wp:term":[{"taxonomy":"category","embeddable":true,"href":"https:\/\/arantv.az\/index.php?rest_route=%2Fwp%2Fv2%2Fcategories&post=814577"},{"taxonomy":"post_tag","embeddable":true,"href":"https:\/\/arantv.az\/index.php?rest_route=%2Fwp%2Fv2%2Ftags&post=814577"}],"curies":[{"name":"wp","href":"https:\/\/api.w.org\/{rel}","templated":true}]}}