{"id":814600,"date":"2025-07-06T20:16:47","date_gmt":"2025-07-06T16:16:47","guid":{"rendered":"https:\/\/arantv.az\/?p=814600"},"modified":"2025-07-06T20:16:47","modified_gmt":"2025-07-06T16:16:47","slug":"eco-17-ci-zirv%c9%99-gorusu-t%c9%99skilatin-qlobal-t%c9%99hdidl%c9%99r%c9%99-cavab-ver%c9%99-bil%c9%99c%c9%99k-guc%c9%99-cevrildiyini-gost%c9%99rdi","status":"publish","type":"post","link":"https:\/\/arantv.az\/?p=814600","title":{"rendered":"ECO 17-ci Zirv\u0259 g\u00f6r\u00fc\u015f\u00fc t\u0259\u015fkilat\u0131n qlobal t\u0259hdidl\u0259r\u0259 cavab ver\u0259 bil\u0259c\u0259k g\u00fcc\u0259 \u00e7evrildiyini g\u00f6st\u0259rdi"},"content":{"rendered":"<p>Xank\u0259ndind\u0259 \u0130qtisadi \u018fm\u0259kda\u015fl\u0131q T\u0259\u015fkilat\u0131n\u0131n (ECO) 17-ci Zirv\u0259 g\u00f6r\u00fc\u015f\u00fc regionda yeni g\u00fcc m\u0259rk\u0259zinin formala\u015fd\u0131\u011f\u0131n\u0131 g\u00f6st\u0259rdi. N\u0259z\u0259r\u0259 \u00e7atd\u0131rmaq laz\u0131md\u0131r ki, t\u0259\u015fkilat iqtisadi \u0259m\u0259kda\u015fl\u0131q mahiyy\u0259ti da\u015f\u0131sa da, h\u0259r halda ayd\u0131nd\u0131r ki, siyasi m\u00fcnasib\u0259tl\u0259r qaydas\u0131nda olmayanda faydal\u0131 iqtisadi \u0259m\u0259kda\u015fl\u0131qdan s\u00f6hb\u0259t bel\u0259 ged\u0259 bilm\u0259z. ECO \u00fczv\u00fc olan d\u00f6vl\u0259tl\u0259rin m\u00fcnasib\u0259tl\u0259rind\u0259 konsensusu m\u00fcmk\u00fcn olmayan problem yoxdur. H\u0259r halda co\u011frafi m\u0259kan\u0131n geosiyasi v\u0259ziyy\u0259ti region d\u00f6vl\u0259tl\u0259rini milli maraqlar namin\u0259 konfrantasiyadan \u00e7\u0259kindirir. Tarixi inki\u015faf m\u0259rh\u0259l\u0259sinin indiki d\u00f6vr\u00fcnd\u0259, d\u00fcnyada g\u0259rgin geosiyasi prosesl\u0259rin v\u0259 alovlu m\u00fcnaqi\u015f\u0259l\u0259rin davam etdiyi d\u00f6n\u0259md\u0259 k\u0259skin m\u00fcnasib\u0259t regionun he\u00e7 bir d\u00f6vl\u0259tin\u0259 laz\u0131m deyil.<\/p>\n<p>Az\u0259rbaycan Prezidenti \u0130lham \u018fliyevin diplomatik add\u0131mlar\u0131n\u0131n n\u0259tic\u0259si olaraq ECO-nun 17-ci Zirv\u0259 g\u00f6r\u00fc\u015f\u00fcn\u00fcn Xank\u0259ndind\u0259 ke\u00e7irilm\u0259si \u00fczv d\u00f6vl\u0259tl\u0259rin daha s\u0131x siyasi konsolidas\u0131n\u0131 g\u00f6st\u0259rdi. ECO \u00fczvl\u0259rinin m\u00fcs\u0259lman \u00f6lk\u0259l\u0259ri olmas\u0131, xalqlar\u0131n is\u0259 \u00e7ox yax\u0131n milli-m\u0259n\u0259vi d\u0259y\u0259rl\u0259r\u0259 sahib olmalar\u0131, t\u0259\u015fkilat\u0131n siyasi v\u0259hd\u0259tinin \u0259sas\u0131n\u0131 t\u0259\u015fkil edir.<\/p>\n<p>ECO-nun ke\u00e7mi\u015f Ba\u015f katibi Halil \u0130brahim Ak\u00e7a bildirib ki, t\u0259\u015fkilat daxilind\u0259 ist\u0259r nazirl\u0259rin, ist\u0259rs\u0259 d\u0259 d\u00f6vl\u0259t ba\u015f\u00e7\u0131lar\u0131n\u0131n ke\u00e7irdiyi toplant\u0131larda m\u00fczakir\u0259 olunan m\u0259s\u0259l\u0259y\u0259 dair (texniki m\u0259s\u0259l\u0259l\u0259ri n\u0259z\u0259r\u0259 almadan) m\u00fcnasib\u0259t eyni olur. Bu fakt\u0131n \u00f6z\u00fc tarixi, m\u0259d\u0259ni, dini v\u0259 milli mentalitet bax\u0131m\u0131ndan yax\u0131n olan \u00f6lk\u0259l\u0259rin siyasi v\u0259 h\u0259rbi birliyin\u0259 stimul verir. Ke\u00e7mi\u015f Ba\u015f katibi h\u0259l\u0259 2016-ci ild\u0259 Tehranda ke\u00e7iril\u0259n ECO Nazirl\u0259r \u015euras\u0131n\u0131n iclas\u0131nda deyib ki, \u201czamanla ECO g\u00fccl\u00fc regional t\u0259\u015fkilata \u00e7evril\u0259c\u0259k\u201d.<\/p>\n<p>M\u00fcasir d\u00f6vr\u00fcm\u00fcz\u00fcn \u201cBazar iqtisadiyyat\u0131\u201d iqtisadi modelinin m\u00fc\u0259llifi, g\u00f6rk\u0259mli iqtisad\u00e7\u0131 alim Adam Smitin n\u0259z\u0259riyy\u0259sin\u0259 \u0259sas\u0259n \u201ciqtisadi s\u0259b\u0259bin dikt\u0259si il\u0259 siyasi yax\u0131nla\u015fma z\u0259rur\u0259t\u0259 \u00e7evrilir\u201d. M\u00fcasir d\u00fcnyam\u0131zda c\u0259r\u0259yan ed\u0259n siyasi prosesl\u0259r alimin n\u0259z\u0259riyy\u0259sinin do\u011fru oldu\u011funu g\u00f6st\u0259rir. Siyasi m\u00fcnasib\u0259tl\u0259r s\u0259m\u0259r\u0259li iqtisadi \u0259m\u0259kda\u015fl\u0131\u011f\u0131n t\u0259m\u0259lidir. M\u0259s\u0259l\u0259y\u0259 bu aspektd\u0259n yana\u015fd\u0131qda qeyd etm\u0259k laz\u0131md\u0131r ki, Az\u0259rbaycan ECO \u00fczvl\u0259ri olan M\u0259rk\u0259zi Asiya respublikalar\u0131 il\u0259 m\u00fcnasib\u0259tl\u0259rinin y\u00fcks\u0259k s\u0259viyy\u0259d\u0259 olmas\u0131n\u0131n n\u0259tic\u0259sidir ki, d\u0259y\u0259ri 1 milyard avro h\u0259cmind\u0259 olan Transx\u0259z\u0259r fiber-optik \u00f6t\u00fcr\u00fcc\u00fc kabel x\u0259tt, Transx\u0259z\u0259r Beyn\u0259lxalq N\u0259qliyyat Mar\u015frutu, \u015e\u0259rq-Q\u0259rb n\u0259qliyyat d\u0259hlizl\u0259ri kimi beyn\u0259lxalq \u0259h\u0259miyy\u0259tli layih\u0259l\u0259ri u\u011furla icra edirl\u0259r.<\/p>\n<p>ECO-nun 17-ci Zirv\u0259 Sammitinin Erm\u0259nistan\u0131n i\u015f\u011fal\u0131ndan azad edil\u0259n Xank\u0259ndind\u0259 ke\u00e7irilm\u0259si d\u0259 siyasi mahiyy\u0259t\u0259 malikdir. \u00dczv d\u00f6vl\u0259tl\u0259rin r\u0259hb\u0259rl\u0259rinin burada i\u015ftirak\u0131 onu dem\u0259y\u0259 \u0259sas verir ki, b\u00fct\u00fcn \u00fczvl\u0259r Az\u0259rbaycan\u0131n \u0259razi b\u00fct\u00f6vl\u00fcy\u00fcn\u00fc d\u0259st\u0259kl\u0259yir, ona h\u00f6rm\u0259tl\u0259 yana\u015f\u0131rlar. Bu amill\u0259r t\u0259\u015fkilat daxilind\u0259 siyasi m\u00fctt\u0259fiqliyin formala\u015fd\u0131\u011f\u0131n\u0131n g\u00f6st\u0259ricisidir.<\/p>\n<p>Onu da qeyd etm\u0259k laz\u0131md\u0131r ki, ECO \u00f6lk\u0259l\u0259rinin \u0259halisi ifrat Q\u0259rb demokratiyas\u0131n\u0131 birm\u0259nal\u0131 q\u0259bul etmirl\u0259r. Milli \u0259xlaqi d\u0259y\u0259rl\u0259r bu c\u0259miyy\u0259tl\u0259rd\u0259 \u00e7ox d\u0259rin k\u00f6k sald\u0131\u011f\u0131 \u00fc\u00e7\u00fcn demokratiyan\u0131n bir s\u0131ra c\u0259h\u0259tl\u0259rind\u0259n tamamil\u0259 imtina edirl\u0259r.<\/p>\n<p>Bu \u00f6lk\u0259l\u0259r tarix\u0259n Sasanil\u0259r, S\u0259lc\u00fcqlar, Monqol, Rus imperiyalar\u0131n\u0131n, \u018fr\u0259b xilaf\u0259tinin t\u0259rkibind\u0259 ya\u015fay\u0131blar. Buna baxmayaraq m\u00fcbariz\u0259l\u0259r yolu il\u0259 vahid xalq kimi \u00f6zl\u0259rini qoruyub saxlay\u0131blar. Tarixi inki\u015faf prosesind\u0259 m\u00fcst\u0259qil d\u00f6vl\u0259tl\u0259r\u0259 \u00e7evril\u0259n bu \u00f6lk\u0259l\u0259r bir-biril\u0259ri il\u0259 \u0259laq\u0259l\u0259r yarad\u0131blar. M\u0259rk\u0259zi Asiya respublikalar\u0131 il\u0259 Az\u0259rbaycan aras\u0131nda \u0259laq\u0259l\u0259r h\u0259l\u0259 SSR\u0130 d\u00f6vr\u00fcnd\u0259 yaran\u0131b.<\/p>\n<p>Pakistanl\u0131 politoloq, beyn\u0259lxalq siyas\u0259t v\u0259 t\u0259hl\u00fck\u0259sizlik m\u0259s\u0259l\u0259l\u0259ri \u00fczr\u0259 ekspert \u018fdb\u00fcl R\u0259hman Bilal qeyd edib ki, \u201cECO-nun \u00e7ox b\u00f6y\u00fck potensial\u0131 var. Qlobal arenada ba\u015f ver\u0259nl\u0259r t\u0259\u015fkilat \u00fczvl\u0259rind\u0259n vahid m\u00f6vqenin v\u0259 siyasi kapital\u0131n formala\u015fmas\u0131n\u0131 t\u0259l\u0259b edir\u201d. Onun fikrinc\u0259 ECO \u00f6lk\u0259l\u0259rinin co\u011frafi yax\u0131nl\u0131\u011f\u0131 iqtisadi, siyasi v\u0259 h\u0259rbi \u0259m\u0259kda\u015fl\u0131q \u00fc\u00e7\u00fcn \u0259lveri\u015fli \u015f\u0259rait yarad\u0131b.<\/p>\n<p>Ankara Universitetinin professoru To\u011frul \u0130smail ECO \u2013nun Xank\u0259ndind\u0259 ke\u00e7iril\u0259n Zirv\u0259 g\u00f6r\u00fc\u015f\u00fcn\u00fcn yekunlar\u0131n\u0131 \u015f\u0259rh ed\u0259r\u0259k bildirib ki, t\u0259\u015fkilata \u00fczv olan d\u00f6vl\u0259tl\u0259rin Avropa il\u0259 \u00c7in aras\u0131nda yerl\u0259\u015fm\u0259si onlar\u0131n iqtisadi inki\u015faf\u0131na t\u0259kan verm\u0259kl\u0259 yana\u015f\u0131 siyasi birliyinin d\u0259 t\u0259zah\u00fcr\u00fcd\u00fcr.<\/p>\n<p>Professor qeyd edir ki, 2000-ci ild\u0259n ba\u015flayaraq Az\u0259rbaycan\u0131n infrastruktur layih\u0259l\u0259ri h\u0259yata ke\u00e7irm\u0259si \u00fczv d\u00f6vl\u0259tl\u0259ri \u00f6z\u00fcn\u0259 c\u0259lb edib. Bu layih\u0259l\u0259rd\u0259n M\u0259rk\u0259zi Asiya respublikalar\u0131 il\u0259 yana\u015f\u0131 Pakistan, \u018ffqan\u0131stan v\u0259 \u0130ran da istifad\u0259 edib d\u00fcnya iqtisadiyyat\u0131na inteqrasiya oluna bil\u0259rl\u0259r ki, bu da d\u00f6vl\u0259tl\u0259rin siyasi yax\u0131nla\u015fmas\u0131n\u0131 \u015f\u0259rtl\u0259ndirir.<\/p>\n<p>ECO-nun Xank\u0259ndi Zirv\u0259 g\u00f6r\u00fc\u015f\u00fc Az\u0259rbaycan\u0131n 44 g\u00fcnl\u00fck V\u0259t\u0259n m\u00fcharib\u0259sind\u0259 \u0259ld\u0259 etdiyi q\u0259l\u0259b\u0259ni v\u0259 regionda yaratd\u0131\u011f\u0131 yeni siyasi reall\u0131qlar\u0131 h\u0259zm ed\u0259 bilm\u0259y\u0259n v\u0259 regionda dominantl\u0131\u011fa \u00e7al\u0131\u015fan q\u00fcvv\u0259l\u0259r d\u0259 siyasi mesaj oldu.<\/p>\n<p>Rusiyada f\u0259aliyy\u0259t g\u00f6st\u0259r\u0259n Milli T\u0259dqiqatlar Universitetinin (Ali iqtisadiyyat m\u0259kt\u0259bi) d\u00fcnya iqtisadiyyat\u0131 v\u0259 siyas\u0259ti fak\u00fclt\u0259sinin dekan m\u00fcavini Andrey Suzdaltsev ECO-nun Xank\u0259ndi Zir\u0259 g\u00f6r\u00fc\u015f\u00fc bar\u0259d\u0259 \u201cSvabodnaya pressa\u201d (SP) sayt\u0131na m\u00fcsahib\u0259sind\u0259 bildirib ki, \u201cindiki m\u0259qamda \u00fczv d\u00f6vl\u0259tl\u0259rin r\u0259hb\u0259rl\u0259rinin i\u015f\u011faldan azad edilmi\u015f Xank\u0259ndin\u0259 g\u0259lm\u0259si onu dem\u0259y\u0259 \u0259sas verir ki, onlar birm\u0259nal\u0131 olaraq Az\u0259rbaycan\u0131 d\u0259st\u0259kl\u0259yirl\u0259r\u201d.<\/p>\n<p>SP \u2013da d\u0259rc olunan materialda Az\u0259rbaycan\u0131n iqtisadi u\u011furlar\u0131- \u00fcmumi daxili m\u0259hsulun 4,1 faiz artaraq 74,3 milyard dollara \u00e7atmas\u0131, Avropan\u0131n 12 d\u00f6vl\u0259tin\u0259 t\u0259bii qaz ixrac etm\u0259si v\u0259 dig\u0259r g\u00f6st\u0259ricil\u0259ri qeyd olunur v\u0259 n\u0259z\u0259r\u0259 \u00e7atd\u0131r\u0131l\u0131r ki, bu g\u00fcn Az\u0259rbaycan\u0131n silahl\u0131 q\u00fcvv\u0259l\u0259ri ke\u00e7mi\u015f SSR\u0130 m\u0259kan\u0131nda \u0259n g\u00fccl\u00fc ordudur.<\/p>\n<p>Yuxar\u0131da deyil\u0259nl\u0259r ECO-nun C\u0259nubi Qafqaz\u0131n lider d\u00f6vl\u0259ti Az\u0259rbaycan\u0131n \u0259traf\u0131nda olmas\u0131 mesaj\u0131 verildi.<\/p>\n<p>\u018fl-F\u0259rabi ad\u0131na Qazax\u0131stan Milli Universitetinin \u015f\u0259rq\u015f\u00fcnas-eksperti Albina Muratbekova deyib \u201cAz\u0259rbaycan f\u0259al xarici siyas\u0259t apararaq son onillikl\u0259rd\u0259 C\u0259nubi Qafqazda flaqmana \u00e7evrilib. ECO-unun 17-ci Zirv\u0259 g\u00f6r\u00fc\u015f\u00fc Az\u0259rbaycan\u0131n region v\u0259 qlobal xarakterli t\u0259\u015f\u0259bb\u00fcsl\u0259rd\u0259 apar\u0131c\u0131 rol oynad\u0131\u011f\u0131n\u0131 ortaya qoyur\u201d.<\/p>\n<p>Ekspertin fikrinc\u0259 r\u0259smi Bak\u0131 Xank\u0259ndi Zirv\u0259 g\u00f6r\u00fc\u015f\u00fcnd\u0259 \u00f6z \u0259laq\u0259l\u0259ri il\u0259 yana\u015f\u0131 dig\u0259r ECO d\u00f6vl\u0259tl\u0259rinin d\u0259 biri-biril\u0259ri il\u0259 \u0259laq\u0259l\u0259rini geni\u015fl\u0259ndirm\u0259k \u00fc\u00e7\u00fcn dialoq ortam\u0131 yaratd\u0131 ki, bu da t\u0259\u015fkilat daxili siyasi v\u0259 iqtisadi inteqrasiyan\u0131 g\u00fccl\u0259ndirdi. Az\u0259rbaycan ECO H\u0259ft\u0259si ke\u00e7irm\u0259kl\u0259 ilk d\u0259f\u0259 olaraq \u00fczv d\u00f6vl\u0259tl\u0259rin g\u0259ncl\u0259rini, qad\u0131nlar\u0131n\u0131, i\u015f adamlar\u0131n\u0131 bir araya g\u0259tirdi.<\/p>\n<p>Zirv\u0259 g\u00f6r\u00fc\u015f\u00fcnd\u0259 Az\u0259rbaycan Prezidenti \u0130lham \u018fliyev \u00e7\u0131x\u0131\u015f ed\u0259r\u0259k \u00f6lk\u0259mizin iqtisadi potensial\u0131n\u0131 ortaya qoyaraq daha s\u0131x iqtisadi v\u0259 siyasi \u0259m\u0259kda\u015fl\u0131q \u00fc\u00e7\u00fcn a\u00e7\u0131q oldu\u011funu b\u0259yan etdi. T\u0259\u015fkilatda n\u00fcv\u0259 silah\u0131na malik Pakistan\u0131n, d\u00fcnya siyas\u0259tinin f\u0259al aktoru olan T\u00fcrkiy\u0259nin, enerji resurslar\u0131 il\u0259 z\u0259ngin \u0130ran\u0131n t\u0259msil olunmalar\u0131 onu q\u00fcdr\u0259tli edir, n\u00fcfuzunu art\u0131r\u0131r v\u0259 \u0259n ba\u015fl\u0131cas\u0131 is\u0259 verdiyi q\u0259rarlara h\u00f6rm\u0259tl\u0259 yana\u015f\u0131lmas\u0131n\u0131 t\u0259min edir.<\/p>\n<p>Bel\u0259likl\u0259 ECO-nun Xank\u0259ndid\u0259 ke\u00e7iril\u0259n 17-ci Zirv\u0259 g\u00f6r\u00fc\u015f\u00fcn\u00fcn n\u0259tic\u0259l\u0259ri haqq\u0131nda dan\u0131\u015fark\u0259n 3 \u0259sas amili qeyd etm\u0259k laz\u0131md\u0131r. Birinci ECO regional t\u0259\u015fkilatdan qlobal siyas\u0259t\u0259 \u0259sasl\u0131 t\u0259sir ed\u0259 bil\u0259c\u0259k quruma \u00e7evrilir. \u0130kinci, bu transformasiyada Az\u0259rbaycan\u0131n rolu dan\u0131lmazd\u0131r v\u0259 \u00f6lk\u0259miz C\u0259nubi Qafqazda liderliyini t\u0259sdiq etdi. \u00dc\u00e7\u00fcnc\u00fc, Az\u0259rbaycan\u0131n s\u00fclh\u0259, mehriban qon\u015fulu\u011fa, iqtisadi v\u0259 siyasi \u0259m\u0259kda\u015fl\u0131\u011fa y\u00f6n\u0259lmi\u015f siyas\u0259ti \u00fczv d\u00f6vl\u0259tl\u0259r t\u0259r\u0259find\u0259n birm\u0259nal\u0131 olaraq d\u0259st\u0259kl\u0259nir. Az\u0259rbaycan g\u0259l\u0259c\u0259yi \u00fc\u00e7\u00fcn iqtisadi inki\u015faf v\u0259 siyasi z\u0259man\u0259ti t\u0259min edir. T\u0259\u015fkilat qlobal t\u0259hdidl\u0259r\u0259 cavab ver\u0259c\u0259k imkana malik olan g\u00fcc\u0259 \u00e7evrilir.<\/p>\n<p>AZ\u018fRTAC<\/p>\n","protected":false},"excerpt":{"rendered":"<p>Xank\u0259ndind\u0259 \u0130qtisadi \u018fm\u0259kda\u015fl\u0131q T\u0259\u015fkilat\u0131n\u0131n (ECO) 17-ci Zirv\u0259 g\u00f6r\u00fc\u015f\u00fc regionda yeni g\u00fcc m\u0259rk\u0259zinin formala\u015fd\u0131\u011f\u0131n\u0131 g\u00f6st\u0259rdi. N\u0259z\u0259r\u0259 \u00e7atd\u0131rmaq laz\u0131md\u0131r ki, t\u0259\u015fkilat iqtisadi \u0259m\u0259kda\u015fl\u0131q mahiyy\u0259ti da\u015f\u0131sa da, h\u0259r halda ayd\u0131nd\u0131r ki, siyasi m\u00fcnasib\u0259tl\u0259r qaydas\u0131nda olmayanda faydal\u0131 iqtisadi \u0259m\u0259kda\u015fl\u0131qdan s\u00f6hb\u0259t bel\u0259 ged\u0259 bilm\u0259z. ECO \u00fczv\u00fc olan d\u00f6vl\u0259tl\u0259rin m\u00fcnasib\u0259tl\u0259rind\u0259 konsensusu m\u00fcmk\u00fcn olmayan problem yoxdur. H\u0259r halda co\u011frafi m\u0259kan\u0131n geosiyasi v\u0259ziyy\u0259ti region d\u00f6vl\u0259tl\u0259rini milli maraqlar namin\u0259 konfrantasiyadan \u00e7\u0259kindirir. Tarixi inki\u015faf m\u0259rh\u0259l\u0259sinin indiki d\u00f6vr\u00fcnd\u0259, d\u00fcnyada g\u0259rgin geosiyasi prosesl\u0259rin v\u0259 alovlu m\u00fcnaqi\u015f\u0259l\u0259rin davam etdiyi d\u00f6n\u0259md\u0259 k\u0259skin m\u00fcnasib\u0259t regionun he\u00e7 bir d\u00f6vl\u0259tin\u0259 laz\u0131m deyil. Az\u0259rbaycan Prezidenti \u0130lham \u018fliyevin diplomatik&hellip;<\/p>\n","protected":false},"author":2,"featured_media":814601,"comment_status":"closed","ping_status":"closed","sticky":false,"template":"","format":"standard","meta":{"om_disable_all_campaigns":false,"_monsterinsights_skip_tracking":false,"_monsterinsights_sitenote_active":false,"_monsterinsights_sitenote_note":"","_monsterinsights_sitenote_category":0},"categories":[19],"tags":[],"aioseo_notices":[],"gutentor_comment":0,"rttpg_featured_image_url":{"full":["https:\/\/arantv.az\/wp-content\/uploads\/2025\/07\/9f564fef175179900663168941510506504.jpg",975,540,false],"landscape":["https:\/\/arantv.az\/wp-content\/uploads\/2025\/07\/9f564fef175179900663168941510506504.jpg",975,540,false],"portraits":["https:\/\/arantv.az\/wp-content\/uploads\/2025\/07\/9f564fef175179900663168941510506504.jpg",975,540,false],"thumbnail":["https:\/\/arantv.az\/wp-content\/uploads\/2025\/07\/9f564fef175179900663168941510506504-500x280.jpg",500,280,true],"medium":["https:\/\/arantv.az\/wp-content\/uploads\/2025\/07\/9f564fef175179900663168941510506504-660x365.jpg",660,365,true],"large":["https:\/\/arantv.az\/wp-content\/uploads\/2025\/07\/9f564fef175179900663168941510506504-840x465.jpg",640,354,true],"1536x1536":["https:\/\/arantv.az\/wp-content\/uploads\/2025\/07\/9f564fef175179900663168941510506504.jpg",975,540,false],"2048x2048":["https:\/\/arantv.az\/wp-content\/uploads\/2025\/07\/9f564fef175179900663168941510506504.jpg",975,540,false],"post-thumbnail":["https:\/\/arantv.az\/wp-content\/uploads\/2025\/07\/9f564fef175179900663168941510506504-240x172.jpg",240,172,true],"advps-thumb-one":["https:\/\/arantv.az\/wp-content\/uploads\/2025\/07\/9f564fef175179900663168941510506504.jpg",975,540,false]},"rttpg_author":{"display_name":"V\u00fcsal Rafiqo\u011flu","author_link":"https:\/\/arantv.az\/?author=2"},"rttpg_comment":0,"rttpg_category":"<a href=\"https:\/\/arantv.az\/?cat=19\" rel=\"category\">G\u00fcnd\u0259m<\/a>","rttpg_excerpt":"Xank\u0259ndind\u0259 \u0130qtisadi \u018fm\u0259kda\u015fl\u0131q T\u0259\u015fkilat\u0131n\u0131n (ECO) 17-ci Zirv\u0259 g\u00f6r\u00fc\u015f\u00fc regionda yeni g\u00fcc m\u0259rk\u0259zinin formala\u015fd\u0131\u011f\u0131n\u0131 g\u00f6st\u0259rdi. N\u0259z\u0259r\u0259 \u00e7atd\u0131rmaq laz\u0131md\u0131r ki, t\u0259\u015fkilat iqtisadi \u0259m\u0259kda\u015fl\u0131q mahiyy\u0259ti da\u015f\u0131sa da, h\u0259r halda ayd\u0131nd\u0131r ki, siyasi m\u00fcnasib\u0259tl\u0259r qaydas\u0131nda olmayanda faydal\u0131 iqtisadi \u0259m\u0259kda\u015fl\u0131qdan s\u00f6hb\u0259t bel\u0259 ged\u0259 bilm\u0259z. ECO \u00fczv\u00fc olan d\u00f6vl\u0259tl\u0259rin m\u00fcnasib\u0259tl\u0259rind\u0259 konsensusu m\u00fcmk\u00fcn olmayan problem yoxdur. H\u0259r halda co\u011frafi m\u0259kan\u0131n geosiyasi v\u0259ziyy\u0259ti&hellip;","_links":{"self":[{"href":"https:\/\/arantv.az\/index.php?rest_route=\/wp\/v2\/posts\/814600"}],"collection":[{"href":"https:\/\/arantv.az\/index.php?rest_route=\/wp\/v2\/posts"}],"about":[{"href":"https:\/\/arantv.az\/index.php?rest_route=\/wp\/v2\/types\/post"}],"author":[{"embeddable":true,"href":"https:\/\/arantv.az\/index.php?rest_route=\/wp\/v2\/users\/2"}],"replies":[{"embeddable":true,"href":"https:\/\/arantv.az\/index.php?rest_route=%2Fwp%2Fv2%2Fcomments&post=814600"}],"version-history":[{"count":1,"href":"https:\/\/arantv.az\/index.php?rest_route=\/wp\/v2\/posts\/814600\/revisions"}],"predecessor-version":[{"id":814602,"href":"https:\/\/arantv.az\/index.php?rest_route=\/wp\/v2\/posts\/814600\/revisions\/814602"}],"wp:featuredmedia":[{"embeddable":true,"href":"https:\/\/arantv.az\/index.php?rest_route=\/wp\/v2\/media\/814601"}],"wp:attachment":[{"href":"https:\/\/arantv.az\/index.php?rest_route=%2Fwp%2Fv2%2Fmedia&parent=814600"}],"wp:term":[{"taxonomy":"category","embeddable":true,"href":"https:\/\/arantv.az\/index.php?rest_route=%2Fwp%2Fv2%2Fcategories&post=814600"},{"taxonomy":"post_tag","embeddable":true,"href":"https:\/\/arantv.az\/index.php?rest_route=%2Fwp%2Fv2%2Ftags&post=814600"}],"curies":[{"name":"wp","href":"https:\/\/api.w.org\/{rel}","templated":true}]}}